{"id":15423,"date":"2021-12-17T11:44:57","date_gmt":"2021-12-17T10:44:57","guid":{"rendered":"https:\/\/www.abf.eu\/albino\/?p=15423"},"modified":"2024-03-13T15:44:57","modified_gmt":"2024-03-13T14:44:57","slug":"corso-termoidraulico","status":"publish","type":"post","link":"https:\/\/www.abf.eu\/albino\/corso-termoidraulico\/","title":{"rendered":"TERMOIDRAULICI CERCASI, A RISCHIO IL CAMBIO GENERAZIONALE"},"content":{"rendered":"\n<h3 class=\"wp-block-heading\">Tra i vari profili professionali che il mercato del lavoro bergamasco richiede c&#8217;\u00e8 quello termoidraulico. Moltissime aziende locali faticano a trovare giovani ragazzi formati o da formare alla professione.<\/h3>\n\n\n\n<p><\/p>\n\n\n\n<h4 class=\"wp-block-heading\">La situazione attuale<\/h4>\n\n\n\n<p>Ad oggi possiamo affermare che nei nostri territori il mercato del lavoro, dopo aver attraversato faticosamente le prime ondate della pandemia, \u00e8 in ripresa, soprattutto per quei settori che, trainati dall\u2019edilizia, sono stati ingaggiati dalla maxi manovra delle ristrutturazioni sovvenzionate da bonus governativi.<\/p>\n\n\n\n<p>Tra i vari profili professionali richiesti \u00e8 meritevole di menzione quello <strong>termoidraulico<\/strong>, che rappresenta una fetta di mercato del lavoro aperta, dove ci sono moltissime aziende locali che faticano a trovare giovani ragazzi formati o da formare alla professione.<\/p>\n\n\n\n<p>Da diverso tempo per\u00f2 le giovani generazioni prediligono altri profili professionali per svariate motivazioni, che hanno sicuramente radici nei messaggi veicolati dalla societ\u00e0 e che riflettono la scarsa considerazione attribuita al lavoro manuale, quasi a dire che mani e mente possano essere due cose scollegate e di diverso valore.<\/p>\n\n\n\n<figure class=\"wp-block-image size-full\"><img loading=\"lazy\" decoding=\"async\" width=\"1000\" height=\"667\" src=\"https:\/\/www.abf.eu\/albino\/wp-content\/uploads\/sites\/4\/2021\/12\/termoidraulica-1.jpg\" alt=\"immagine macchinario termoidraulico\" class=\"wp-image-15597\" srcset=\"https:\/\/www.abf.eu\/albino\/wp-content\/uploads\/sites\/4\/2021\/12\/termoidraulica-1.jpg 1000w, https:\/\/www.abf.eu\/albino\/wp-content\/uploads\/sites\/4\/2021\/12\/termoidraulica-1-300x200.jpg 300w, https:\/\/www.abf.eu\/albino\/wp-content\/uploads\/sites\/4\/2021\/12\/termoidraulica-1-768x512.jpg 768w, https:\/\/www.abf.eu\/albino\/wp-content\/uploads\/sites\/4\/2021\/12\/termoidraulica-1-600x400.jpg 600w\" sizes=\"auto, (max-width: 1000px) 100vw, 1000px\" \/><\/figure>\n\n\n\n<h4 class=\"wp-block-heading\">Possibili soluzioni<\/h4>\n\n\n\n<p>Proprio per questo motivo \u00e8 nato un tavolo di lavoro con il <strong><a href=\"https:\/\/www.consorziocaib.it\/\">CAIB<\/a><\/strong>, <strong>Consorzio Artigiani Idraulici di Bergamo<\/strong>, con l\u2019obiettivo di garantire un buon cambio generazionale e continuare a coltivare le competenze legate alla professione termoidraulica.<br>Le due realt\u00e0 si sono cos\u00ec riunite lo scorso ottobre per rendere operativa l\u2019opportunit\u00e0 offerta dal bando<strong> <a href=\"https:\/\/www.bandi.regione.lombardia.it\/procedimenti\/new\/bandi\/bandi\/istruzione-formazione-lavoro\/lavoro-occupazione\/garanzia-giovani-fase-ii-formazione-rafforzata-RLE12020015702\">Garanzia Giovani Formazione Rafforzata<\/a><\/strong>, un finanziamento pubblico dedicato ai giovani <strong>NEET<\/strong>.<br>Per Neet si intendono i ragazzi che non studiano e nemmeno lavorano, faticando cos\u00ec ad inserirsi nel contesto produttivo per diverse motivazioni.<\/p>\n\n\n\n<div class=\"wp-block-image\"><figure class=\"aligncenter size-large is-resized\"><img loading=\"lazy\" decoding=\"async\" src=\"https:\/\/www.abf.eu\/albino\/wp-content\/uploads\/sites\/4\/2021\/12\/logo-caib.jpg\" alt=\"\" class=\"wp-image-15426\" width=\"250\" height=\"250\" srcset=\"https:\/\/www.abf.eu\/albino\/wp-content\/uploads\/sites\/4\/2021\/12\/logo-caib.jpg 1000w, https:\/\/www.abf.eu\/albino\/wp-content\/uploads\/sites\/4\/2021\/12\/logo-caib-300x300.jpg 300w, https:\/\/www.abf.eu\/albino\/wp-content\/uploads\/sites\/4\/2021\/12\/logo-caib-150x150.jpg 150w, https:\/\/www.abf.eu\/albino\/wp-content\/uploads\/sites\/4\/2021\/12\/logo-caib-768x768.jpg 768w, https:\/\/www.abf.eu\/albino\/wp-content\/uploads\/sites\/4\/2021\/12\/logo-caib-180x180.jpg 180w, https:\/\/www.abf.eu\/albino\/wp-content\/uploads\/sites\/4\/2021\/12\/logo-caib-400x400.jpg 400w\" sizes=\"auto, (max-width: 250px) 100vw, 250px\" \/><figcaption>Logo c.a.i.b.<\/figcaption><\/figure><\/div>\n\n\n\n<p>Garanzia Giovani Formazione Rafforzata \u00e8 una delle tante opportunit\u00e0 per le persone disoccupate, potendo usufruire di formazione mirata all\u2019inserimento lavorativo senza spese.<br>In particolare questo bando, dedicato ai <strong>giovani disoccupati dai 16 ai 29 anni<\/strong>, \u00e8 stato cos\u00ec interpretato dal tavolo di lavoro: offrire una formazione tecnica di <strong>70 ore<\/strong> in aula e in azienda nell\u2019ambito termoidraulico a partire da fine <strong>febbraio 2022<\/strong>.<br>Il percorso formativo dar\u00e0 la possibilit\u00e0 di apprendere l\u2019ABC di ci\u00f2 che si dovrebbe sapere prima di lavorare come termoidraulici. Il bando prevede che al termine della formazione &#8211; che durer\u00e0 6 settimane circa &#8211; i partecipanti siano inseriti in un percorso di <strong><a href=\"https:\/\/www.abf.eu\/tirocinio-extracurricolare\/\">tirocinio extracurriculare<\/a><\/strong> di massimo sei mesi &#8211; retribuito .<br>Il tirocinio in un\u2019azienda termoidraulica rappresenta l\u2019opportunit\u00e0 di sperimentare le competenze apprese a livello teorico e costruirsi il proprio bagaglio di competenze pratiche e tecnico professionali attraverso una metodologia di apprendimento <strong>on the job<\/strong>.<br>Questa opportunit\u00e0 non solo permetter\u00e0 alle aziende di formare giovane manodopera specializzata che si qualificher\u00e0 attraverso il lavoro, ma sar\u00e0 l\u2019occasione per molti giovani di dimostrare che mente e mano sono una sola unit\u00e0 inscindibile.<br>Diventare un termoidraulico specializzato significa acquisire molte competenze anche attraverso le proprie abilit\u00e0 e conoscenze. Tale profilo, infatti, si intreccia in ambiti diversi come quello elettrico, edile e meccanico.<br>La co-progettazione condivisa con CAIB si pone l\u2019obiettivo di poter quindi formare dei giovani interessati all\u2019ambito termoidraulico, per avviarli prontamente a questo lavoro nelle proprie aziende artigiane.<\/p>\n\n\n\n<figure class=\"wp-block-image size-full\"><img loading=\"lazy\" decoding=\"async\" width=\"1000\" height=\"667\" src=\"https:\/\/www.abf.eu\/albino\/wp-content\/uploads\/sites\/4\/2021\/12\/idraulica-2.jpg\" alt=\"immagine idraulica\" class=\"wp-image-15604\" srcset=\"https:\/\/www.abf.eu\/albino\/wp-content\/uploads\/sites\/4\/2021\/12\/idraulica-2.jpg 1000w, https:\/\/www.abf.eu\/albino\/wp-content\/uploads\/sites\/4\/2021\/12\/idraulica-2-300x200.jpg 300w, https:\/\/www.abf.eu\/albino\/wp-content\/uploads\/sites\/4\/2021\/12\/idraulica-2-768x512.jpg 768w, https:\/\/www.abf.eu\/albino\/wp-content\/uploads\/sites\/4\/2021\/12\/idraulica-2-600x400.jpg 600w\" sizes=\"auto, (max-width: 1000px) 100vw, 1000px\" \/><\/figure>\n\n\n\n<h4 class=\"wp-block-heading\">Conclusioni<\/h4>\n\n\n\n<p>Rimpolpare l\u2019organico del settore con nuovi addetti potr\u00e0 assicurare alla societ\u00e0 i servizi utili e necessari, permettendo al settore di proseguire la propria evoluzione dentro le nuove sfide del mondo contemporaneo.<br>E\u2019 il tentativo di restituire la giusta dignit\u00e0 ai lavori manuali, questo lo possiamo affermare in quanto osservatorio. Ogni giorno raccogliamo storie di persone che necessitano d\u2019imparare non solo grazie ai libri, ma soprattutto attraverso la pratica professionale, trovando in questo modo la loro collocazione, il loro posto nel mondo e raccogliendo tante soddisfazioni anche a livello economico. Lanciamo quindi un appello affinch\u00e9 i giovani possano cogliere e sfruttare questa opportunit\u00e0!<\/p>\n\n\n\n<h4 class=\"wp-block-heading\">Info e prenotazioni<\/h4>\n\n\n\n<p>Se vuoi iscriverti al corso o avere ulteriori informazioni <a href=\"https:\/\/www.abf.eu\/albino\/corsi\/corso-base-termoidraulico\/\">clicca qui<\/a>, oppure non esitare a contattarci scrivendo a lavoro.albino@abf.eu<\/p>\n","protected":false},"excerpt":{"rendered":"<p>Tra i vari profili professionali che il mercato del lavoro<\/p>\n","protected":false},"author":42,"featured_media":15425,"comment_status":"open","ping_status":"open","sticky":false,"template":"","format":"standard","meta":{"footnotes":""},"categories":[117],"tags":[],"class_list":["post-15423","post","type-post","status-publish","format-standard","has-post-thumbnail","hentry","category-news"],"yoast_head":"<!-- This site is optimized with the Yoast SEO plugin v25.8 - https:\/\/yoast.com\/wordpress\/plugins\/seo\/ -->\n<title>TERMOIDRAULICI CERCASI, A RISCHIO IL CAMBIO GENERAZIONALE - Albino<\/title>\n<meta name=\"description\" content=\"Tra i vari profili professionali che il mercato del lavoro bergamasco richiede c&#039;\u00e8 quello termoidraulico. Moltissime aziende locali faticano a trovare giovani ragazzi formati o da formare alla professione.\" \/>\n<meta name=\"robots\" content=\"index, follow, max-snippet:-1, max-image-preview:large, max-video-preview:-1\" \/>\n<link rel=\"canonical\" href=\"https:\/\/www.abf.eu\/albino\/corso-termoidraulico\/\" \/>\n<meta property=\"og:locale\" content=\"it_IT\" \/>\n<meta property=\"og:type\" content=\"article\" \/>\n<meta property=\"og:title\" content=\"TERMOIDRAULICI CERCASI, A RISCHIO IL CAMBIO GENERAZIONALE - Albino\" \/>\n<meta property=\"og:description\" content=\"Tra i vari profili professionali che il mercato del lavoro bergamasco richiede c&#039;\u00e8 quello termoidraulico. Moltissime aziende locali faticano a trovare giovani ragazzi formati o da formare alla professione.\" \/>\n<meta property=\"og:url\" content=\"https:\/\/www.abf.eu\/albino\/corso-termoidraulico\/\" \/>\n<meta property=\"og:site_name\" content=\"Albino\" \/>\n<meta property=\"article:published_time\" content=\"2021-12-17T10:44:57+00:00\" \/>\n<meta property=\"article:modified_time\" content=\"2024-03-13T14:44:57+00:00\" \/>\n<meta property=\"og:image\" content=\"https:\/\/www.abf.eu\/albino\/wp-content\/uploads\/sites\/4\/2021\/12\/ABF-termoidraulico.jpg\" \/>\n\t<meta property=\"og:image:width\" content=\"1440\" \/>\n\t<meta property=\"og:image:height\" content=\"960\" \/>\n\t<meta property=\"og:image:type\" content=\"image\/jpeg\" \/>\n<meta name=\"author\" content=\"silviomanara\" \/>\n<meta name=\"twitter:card\" content=\"summary_large_image\" \/>\n<meta name=\"twitter:label1\" content=\"Scritto da\" \/>\n\t<meta name=\"twitter:data1\" content=\"silviomanara\" \/>\n\t<meta name=\"twitter:label2\" content=\"Tempo di lettura stimato\" \/>\n\t<meta name=\"twitter:data2\" content=\"5 minuti\" \/>\n<script type=\"application\/ld+json\" class=\"yoast-schema-graph\">{\"@context\":\"https:\/\/schema.org\",\"@graph\":[{\"@type\":\"WebPage\",\"@id\":\"https:\/\/www.abf.eu\/albino\/corso-termoidraulico\/\",\"url\":\"https:\/\/www.abf.eu\/albino\/corso-termoidraulico\/\",\"name\":\"TERMOIDRAULICI CERCASI, A RISCHIO IL CAMBIO GENERAZIONALE - Albino\",\"isPartOf\":{\"@id\":\"https:\/\/www.abf.eu\/albino\/#website\"},\"primaryImageOfPage\":{\"@id\":\"https:\/\/www.abf.eu\/albino\/corso-termoidraulico\/#primaryimage\"},\"image\":{\"@id\":\"https:\/\/www.abf.eu\/albino\/corso-termoidraulico\/#primaryimage\"},\"thumbnailUrl\":\"https:\/\/www.abf.eu\/albino\/wp-content\/uploads\/sites\/4\/2021\/12\/ABF-termoidraulico.jpg\",\"datePublished\":\"2021-12-17T10:44:57+00:00\",\"dateModified\":\"2024-03-13T14:44:57+00:00\",\"author\":{\"@id\":\"https:\/\/www.abf.eu\/albino\/#\/schema\/person\/823514f3c08934143019a7ed4269fd4a\"},\"description\":\"Tra i vari profili professionali che il mercato del lavoro bergamasco richiede c'\u00e8 quello termoidraulico. Moltissime aziende locali faticano a trovare giovani ragazzi formati o da formare alla professione.\",\"breadcrumb\":{\"@id\":\"https:\/\/www.abf.eu\/albino\/corso-termoidraulico\/#breadcrumb\"},\"inLanguage\":\"it-IT\",\"potentialAction\":[{\"@type\":\"ReadAction\",\"target\":[\"https:\/\/www.abf.eu\/albino\/corso-termoidraulico\/\"]}]},{\"@type\":\"ImageObject\",\"inLanguage\":\"it-IT\",\"@id\":\"https:\/\/www.abf.eu\/albino\/corso-termoidraulico\/#primaryimage\",\"url\":\"https:\/\/www.abf.eu\/albino\/wp-content\/uploads\/sites\/4\/2021\/12\/ABF-termoidraulico.jpg\",\"contentUrl\":\"https:\/\/www.abf.eu\/albino\/wp-content\/uploads\/sites\/4\/2021\/12\/ABF-termoidraulico.jpg\",\"width\":1440,\"height\":960},{\"@type\":\"BreadcrumbList\",\"@id\":\"https:\/\/www.abf.eu\/albino\/corso-termoidraulico\/#breadcrumb\",\"itemListElement\":[{\"@type\":\"ListItem\",\"position\":1,\"name\":\"Home\",\"item\":\"https:\/\/www.abf.eu\/albino\/\"},{\"@type\":\"ListItem\",\"position\":2,\"name\":\"TERMOIDRAULICI CERCASI, A RISCHIO IL CAMBIO GENERAZIONALE\"}]},{\"@type\":\"WebSite\",\"@id\":\"https:\/\/www.abf.eu\/albino\/#website\",\"url\":\"https:\/\/www.abf.eu\/albino\/\",\"name\":\"Albino\",\"description\":\"Ecco un altro sito Abf siti\",\"potentialAction\":[{\"@type\":\"SearchAction\",\"target\":{\"@type\":\"EntryPoint\",\"urlTemplate\":\"https:\/\/www.abf.eu\/albino\/?s={search_term_string}\"},\"query-input\":{\"@type\":\"PropertyValueSpecification\",\"valueRequired\":true,\"valueName\":\"search_term_string\"}}],\"inLanguage\":\"it-IT\"},{\"@type\":\"Person\",\"@id\":\"https:\/\/www.abf.eu\/albino\/#\/schema\/person\/823514f3c08934143019a7ed4269fd4a\",\"name\":\"silviomanara\",\"image\":{\"@type\":\"ImageObject\",\"inLanguage\":\"it-IT\",\"@id\":\"https:\/\/www.abf.eu\/albino\/#\/schema\/person\/image\/\",\"url\":\"https:\/\/secure.gravatar.com\/avatar\/759328cea34ad04a76b5ef79b4762a04a0a34debdd01566eec8dde81e43fdef4?s=96&d=mm&r=g\",\"contentUrl\":\"https:\/\/secure.gravatar.com\/avatar\/759328cea34ad04a76b5ef79b4762a04a0a34debdd01566eec8dde81e43fdef4?s=96&d=mm&r=g\",\"caption\":\"silviomanara\"},\"url\":\"https:\/\/www.abf.eu\/albino\/author\/silviomanara\/\"}]}<\/script>\n<!-- \/ Yoast SEO plugin. -->","yoast_head_json":{"title":"TERMOIDRAULICI CERCASI, A RISCHIO IL CAMBIO GENERAZIONALE - Albino","description":"Tra i vari profili professionali che il mercato del lavoro bergamasco richiede c'\u00e8 quello termoidraulico. Moltissime aziende locali faticano a trovare giovani ragazzi formati o da formare alla professione.","robots":{"index":"index","follow":"follow","max-snippet":"max-snippet:-1","max-image-preview":"max-image-preview:large","max-video-preview":"max-video-preview:-1"},"canonical":"https:\/\/www.abf.eu\/albino\/corso-termoidraulico\/","og_locale":"it_IT","og_type":"article","og_title":"TERMOIDRAULICI CERCASI, A RISCHIO IL CAMBIO GENERAZIONALE - Albino","og_description":"Tra i vari profili professionali che il mercato del lavoro bergamasco richiede c'\u00e8 quello termoidraulico. Moltissime aziende locali faticano a trovare giovani ragazzi formati o da formare alla professione.","og_url":"https:\/\/www.abf.eu\/albino\/corso-termoidraulico\/","og_site_name":"Albino","article_published_time":"2021-12-17T10:44:57+00:00","article_modified_time":"2024-03-13T14:44:57+00:00","og_image":[{"width":1440,"height":960,"url":"https:\/\/www.abf.eu\/albino\/wp-content\/uploads\/sites\/4\/2021\/12\/ABF-termoidraulico.jpg","type":"image\/jpeg"}],"author":"silviomanara","twitter_card":"summary_large_image","twitter_misc":{"Scritto da":"silviomanara","Tempo di lettura stimato":"5 minuti"},"schema":{"@context":"https:\/\/schema.org","@graph":[{"@type":"WebPage","@id":"https:\/\/www.abf.eu\/albino\/corso-termoidraulico\/","url":"https:\/\/www.abf.eu\/albino\/corso-termoidraulico\/","name":"TERMOIDRAULICI CERCASI, A RISCHIO IL CAMBIO GENERAZIONALE - Albino","isPartOf":{"@id":"https:\/\/www.abf.eu\/albino\/#website"},"primaryImageOfPage":{"@id":"https:\/\/www.abf.eu\/albino\/corso-termoidraulico\/#primaryimage"},"image":{"@id":"https:\/\/www.abf.eu\/albino\/corso-termoidraulico\/#primaryimage"},"thumbnailUrl":"https:\/\/www.abf.eu\/albino\/wp-content\/uploads\/sites\/4\/2021\/12\/ABF-termoidraulico.jpg","datePublished":"2021-12-17T10:44:57+00:00","dateModified":"2024-03-13T14:44:57+00:00","author":{"@id":"https:\/\/www.abf.eu\/albino\/#\/schema\/person\/823514f3c08934143019a7ed4269fd4a"},"description":"Tra i vari profili professionali che il mercato del lavoro bergamasco richiede c'\u00e8 quello termoidraulico. Moltissime aziende locali faticano a trovare giovani ragazzi formati o da formare alla professione.","breadcrumb":{"@id":"https:\/\/www.abf.eu\/albino\/corso-termoidraulico\/#breadcrumb"},"inLanguage":"it-IT","potentialAction":[{"@type":"ReadAction","target":["https:\/\/www.abf.eu\/albino\/corso-termoidraulico\/"]}]},{"@type":"ImageObject","inLanguage":"it-IT","@id":"https:\/\/www.abf.eu\/albino\/corso-termoidraulico\/#primaryimage","url":"https:\/\/www.abf.eu\/albino\/wp-content\/uploads\/sites\/4\/2021\/12\/ABF-termoidraulico.jpg","contentUrl":"https:\/\/www.abf.eu\/albino\/wp-content\/uploads\/sites\/4\/2021\/12\/ABF-termoidraulico.jpg","width":1440,"height":960},{"@type":"BreadcrumbList","@id":"https:\/\/www.abf.eu\/albino\/corso-termoidraulico\/#breadcrumb","itemListElement":[{"@type":"ListItem","position":1,"name":"Home","item":"https:\/\/www.abf.eu\/albino\/"},{"@type":"ListItem","position":2,"name":"TERMOIDRAULICI CERCASI, A RISCHIO IL CAMBIO GENERAZIONALE"}]},{"@type":"WebSite","@id":"https:\/\/www.abf.eu\/albino\/#website","url":"https:\/\/www.abf.eu\/albino\/","name":"Albino","description":"Ecco un altro sito Abf siti","potentialAction":[{"@type":"SearchAction","target":{"@type":"EntryPoint","urlTemplate":"https:\/\/www.abf.eu\/albino\/?s={search_term_string}"},"query-input":{"@type":"PropertyValueSpecification","valueRequired":true,"valueName":"search_term_string"}}],"inLanguage":"it-IT"},{"@type":"Person","@id":"https:\/\/www.abf.eu\/albino\/#\/schema\/person\/823514f3c08934143019a7ed4269fd4a","name":"silviomanara","image":{"@type":"ImageObject","inLanguage":"it-IT","@id":"https:\/\/www.abf.eu\/albino\/#\/schema\/person\/image\/","url":"https:\/\/secure.gravatar.com\/avatar\/759328cea34ad04a76b5ef79b4762a04a0a34debdd01566eec8dde81e43fdef4?s=96&d=mm&r=g","contentUrl":"https:\/\/secure.gravatar.com\/avatar\/759328cea34ad04a76b5ef79b4762a04a0a34debdd01566eec8dde81e43fdef4?s=96&d=mm&r=g","caption":"silviomanara"},"url":"https:\/\/www.abf.eu\/albino\/author\/silviomanara\/"}]}},"_links":{"self":[{"href":"https:\/\/www.abf.eu\/albino\/wp-json\/wp\/v2\/posts\/15423","targetHints":{"allow":["GET"]}}],"collection":[{"href":"https:\/\/www.abf.eu\/albino\/wp-json\/wp\/v2\/posts"}],"about":[{"href":"https:\/\/www.abf.eu\/albino\/wp-json\/wp\/v2\/types\/post"}],"author":[{"embeddable":true,"href":"https:\/\/www.abf.eu\/albino\/wp-json\/wp\/v2\/users\/42"}],"replies":[{"embeddable":true,"href":"https:\/\/www.abf.eu\/albino\/wp-json\/wp\/v2\/comments?post=15423"}],"version-history":[{"count":17,"href":"https:\/\/www.abf.eu\/albino\/wp-json\/wp\/v2\/posts\/15423\/revisions"}],"predecessor-version":[{"id":15690,"href":"https:\/\/www.abf.eu\/albino\/wp-json\/wp\/v2\/posts\/15423\/revisions\/15690"}],"wp:featuredmedia":[{"embeddable":true,"href":"https:\/\/www.abf.eu\/albino\/wp-json\/wp\/v2\/media\/15425"}],"wp:attachment":[{"href":"https:\/\/www.abf.eu\/albino\/wp-json\/wp\/v2\/media?parent=15423"}],"wp:term":[{"taxonomy":"category","embeddable":true,"href":"https:\/\/www.abf.eu\/albino\/wp-json\/wp\/v2\/categories?post=15423"},{"taxonomy":"post_tag","embeddable":true,"href":"https:\/\/www.abf.eu\/albino\/wp-json\/wp\/v2\/tags?post=15423"}],"curies":[{"name":"wp","href":"https:\/\/api.w.org\/{rel}","templated":true}]}}