{"id":15489,"date":"2022-03-09T17:12:08","date_gmt":"2022-03-09T16:12:08","guid":{"rendered":"https:\/\/www.abf.eu\/albino\/?p=15489"},"modified":"2022-07-25T10:25:20","modified_gmt":"2022-07-25T08:25:20","slug":"corso-base-termoidraulico","status":"publish","type":"post","link":"https:\/\/www.abf.eu\/albino\/corso-base-termoidraulico\/","title":{"rendered":"Il nuovo corso base per termoidraulici \u00e8 finalmente iniziato!"},"content":{"rendered":"\n<h3 class=\"wp-block-heading\">ABF insieme a C.A.I.B. annuncia con entusiasmo l&#8217;inizio del corso base per termoidraulici, tra i profili professionali pi\u00f9 richiesti nel territorio bergamasco e fortemente voluto da entrambe le parti. Un esempio di collaborazione fondamentale tra scuola e aziende.<\/h3>\n\n\n\n<div class=\"wp-block-group\"><div class=\"wp-block-group__inner-container is-layout-flow wp-block-group-is-layout-flow\">\n<div class=\"wp-block-columns is-layout-flex wp-container-core-columns-is-layout-9d6595d7 wp-block-columns-is-layout-flex\">\n<div class=\"wp-block-column is-layout-flow wp-block-column-is-layout-flow\">\n<div class=\"wp-block-image\"><figure class=\"aligncenter size-medium\"><img loading=\"lazy\" decoding=\"async\" width=\"284\" height=\"300\" src=\"https:\/\/www.abf.eu\/albino\/wp-content\/uploads\/sites\/4\/2022\/03\/ABF_logo_ufficiale-pulito-ai-284x300.jpg\" alt=\"\" class=\"wp-image-15508\" srcset=\"https:\/\/www.abf.eu\/albino\/wp-content\/uploads\/sites\/4\/2022\/03\/ABF_logo_ufficiale-pulito-ai-284x300.jpg 284w, https:\/\/www.abf.eu\/albino\/wp-content\/uploads\/sites\/4\/2022\/03\/ABF_logo_ufficiale-pulito-ai-378x400.jpg 378w, https:\/\/www.abf.eu\/albino\/wp-content\/uploads\/sites\/4\/2022\/03\/ABF_logo_ufficiale-pulito-ai.jpg 738w\" sizes=\"auto, (max-width: 284px) 100vw, 284px\" \/><\/figure><\/div>\n<\/div>\n\n\n\n<div class=\"wp-block-column is-layout-flow wp-block-column-is-layout-flow\">\n<div class=\"wp-block-image\"><figure class=\"aligncenter size-medium\"><img loading=\"lazy\" decoding=\"async\" width=\"300\" height=\"300\" src=\"https:\/\/www.abf.eu\/albino\/wp-content\/uploads\/sites\/4\/2022\/03\/logo-caib-300x300.jpg\" alt=\"\" class=\"wp-image-15506\" srcset=\"https:\/\/www.abf.eu\/albino\/wp-content\/uploads\/sites\/4\/2022\/03\/logo-caib-300x300.jpg 300w, https:\/\/www.abf.eu\/albino\/wp-content\/uploads\/sites\/4\/2022\/03\/logo-caib-150x150.jpg 150w, https:\/\/www.abf.eu\/albino\/wp-content\/uploads\/sites\/4\/2022\/03\/logo-caib-768x768.jpg 768w, https:\/\/www.abf.eu\/albino\/wp-content\/uploads\/sites\/4\/2022\/03\/logo-caib-180x180.jpg 180w, https:\/\/www.abf.eu\/albino\/wp-content\/uploads\/sites\/4\/2022\/03\/logo-caib-400x400.jpg 400w, https:\/\/www.abf.eu\/albino\/wp-content\/uploads\/sites\/4\/2022\/03\/logo-caib.jpg 1000w\" sizes=\"auto, (max-width: 300px) 100vw, 300px\" \/><\/figure><\/div>\n<\/div>\n<\/div>\n<\/div><\/div>\n\n\n\n<h4 class=\"wp-block-heading\">Caratteristiche generali<\/h4>\n\n\n\n<p>Dopo alcuni mesi di intenso lavoro tra l&#8217;ufficio dei <strong>Servizi al Lavoro di ABF Albino<\/strong> e il <strong>C.A.I.B.<\/strong> (Consorzio Artigiani Installatori Idraulici Bergamaschi) possiamo annunciare l&#8217;inizio del corso per termoidraulici, che former\u00e0 7 ragazzi tra i 17 e i 22 anni, residenti in diversi paesi della bergamasca. Gli aspiranti lavoratori sono stati selezionati dopo una serie di colloqui con la nostra referente del progetto, <strong>Dott.ssa Stefania Pezzotta<\/strong>, che ha valutato motivazioni ed interessi di ognuno dei candidati.<\/p>\n\n\n\n<p>Il percorso prevede infatti non solo la partecipazione al corso della durata di 70 ore, ma anche l&#8217;attivazione di un <a href=\"https:\/\/www.abf.eu\/tirocinio-extracurricolare\/\" target=\"_blank\" rel=\"noreferrer noopener\">tirocinio extracurriculare<\/a> di 6 mesi con alcune aziende del consorzio, che si sono rese disponibili ad ospitare gli allievi. Questo dar\u00e0 l&#8217;opportunit\u00e0 di sperimentare le competenze apprese a livello teorico e costruirsi il proprio bagaglio di competenze pratiche e tecnico professionali attraverso una metodologia di apprendimento <strong>on the job<\/strong>. Al termine del tirocinio i ragazzi avranno la possibilit\u00e0 di continuare l&#8217;esperienza in azienda con un contratto di <strong>Apprendistato Professionalizzante<\/strong>. L&#8217;obiettivo finale del corso, oltre all&#8217;acquisizione delle competenze, \u00e8 quindi quello di far entrare definitivamente nel <strong>mondo del lavoro<\/strong> questi ragazzi.<\/p>\n\n\n\n<p>Tale progetto \u00e8 finanziato attraverso <strong><a href=\"https:\/\/www.abf.eu\/garanzia-giovani\/\" target=\"_blank\" rel=\"noreferrer noopener\">Garanzia Giovani<\/a> Formazione Rafforzata<\/strong>, un bando dedicato ai giovani disoccupati dai 16 ai 29 anni con difficolt\u00e0 ad inserirsi nel mercato del lavoro che finanzia percorsi di formazione e di tirocinio in azienda, per qualificare o riconvertire il profilo professionale dei giovani <strong>NEET <\/strong>(Not in Education, Employment or Training).<\/p>\n\n\n\n<figure class=\"wp-block-image size-full is-style-default\"><img loading=\"lazy\" decoding=\"async\" width=\"1000\" height=\"667\" src=\"https:\/\/www.abf.eu\/albino\/wp-content\/uploads\/sites\/4\/2022\/03\/termoidraulico.jpg\" alt=\"immagine termoidraulico\" class=\"wp-image-15534\" srcset=\"https:\/\/www.abf.eu\/albino\/wp-content\/uploads\/sites\/4\/2022\/03\/termoidraulico.jpg 1000w, https:\/\/www.abf.eu\/albino\/wp-content\/uploads\/sites\/4\/2022\/03\/termoidraulico-300x200.jpg 300w, https:\/\/www.abf.eu\/albino\/wp-content\/uploads\/sites\/4\/2022\/03\/termoidraulico-768x512.jpg 768w, https:\/\/www.abf.eu\/albino\/wp-content\/uploads\/sites\/4\/2022\/03\/termoidraulico-600x400.jpg 600w\" sizes=\"auto, (max-width: 1000px) 100vw, 1000px\" \/><\/figure>\n\n\n\n<h4 class=\"wp-block-heading\">Struttura del progetto<\/h4>\n\n\n\n<p>La progettazione condivisa con C.A.I.B. prevede non solo un corso teorico tenuto dal <strong>Prof. Ugo De Leidi<\/strong>, ma anche visite aziendali ed ai cantieri in attivit\u00e0, affinch\u00e9 gli allievi possano gi\u00e0 toccare con mano ci\u00f2 che sar\u00e0 l&#8217;ambiente nel quale andranno a svolgere il tirocinio extracurriculare. In particolare, oltre alle lezioni che si terranno 2 volte a settimana, ci saranno diversi momenti che affiancheranno la parte prettamente teorica:<\/p>\n\n\n\n<ul class=\"wp-block-list\"><li>Visita presso un magazzino idraulico<\/li><li>Visita al cantiere<\/li><li>Incontro tra le aziende e gli allievi presso la sede C.A.I.B.<\/li><li>Serata formativa per i Tutor aziendali<\/li><\/ul>\n\n\n\n<p>Nel percorso formativo verranno affrontate le seguenti tematiche:<\/p>\n\n\n\n<ul class=\"wp-block-list\"><li>Normativa dell&#8217;impiantistica civile ed industriale e&nbsp;tutela della salute e sicurezza dei lavoratori;<\/li><li>Nozioni di termotecnica, Elementi di Termologia, Temperatura e calore;<\/li><li>Propriet\u00e0 termomeccaniche dei materiali di interesse dei sistemi solari;<\/li><li>Costruzione, montaggio e saldatura tubi;<\/li><li>Tecniche di montaggio impianti di riscaldamento;<\/li><li>Procedure per la manutenzione ordinaria degli impianti;<\/li><li>Applicazione delle tecniche per il montaggio di impianti termo-sanitari;<\/li><li>Procedure per la diagnosi e sostituzione di componenti di impianti sanitari.<\/li><\/ul>\n\n\n\n<p>Al termine del corso verr\u00e0 rilasciato un <strong>Attestato di Competenza Regionale<\/strong>, previo il superamento di un test teorico e pratico. Il percorso prevede inoltre 16 ore per la <strong>sicurezza dei lavoratori<\/strong>, alla fine delle quali verr\u00e0 rilasciato l&#8217;<strong>attestato<\/strong> secondo la normativa vigente.<\/p>\n\n\n\n<figure class=\"wp-block-image size-full\"><img loading=\"lazy\" decoding=\"async\" width=\"1000\" height=\"667\" src=\"https:\/\/www.abf.eu\/albino\/wp-content\/uploads\/sites\/4\/2022\/03\/termoidraulici.jpg\" alt=\"macchinario termoidraulica\" class=\"wp-image-15577\" srcset=\"https:\/\/www.abf.eu\/albino\/wp-content\/uploads\/sites\/4\/2022\/03\/termoidraulici.jpg 1000w, https:\/\/www.abf.eu\/albino\/wp-content\/uploads\/sites\/4\/2022\/03\/termoidraulici-300x200.jpg 300w, https:\/\/www.abf.eu\/albino\/wp-content\/uploads\/sites\/4\/2022\/03\/termoidraulici-768x512.jpg 768w, https:\/\/www.abf.eu\/albino\/wp-content\/uploads\/sites\/4\/2022\/03\/termoidraulici-600x400.jpg 600w\" sizes=\"auto, (max-width: 1000px) 100vw, 1000px\" \/><\/figure>\n\n\n\n<h4 class=\"wp-block-heading\">Conclusioni<\/h4>\n\n\n\n<p>L&#8217;obiettivo di questo progetto, oltre a dare un&#8217;opportunit\u00e0 formativa e lavorativa a diversi ragazzi, \u00e8&nbsp; quello di poterlo replicare successivamente per rispondere al bisogno sociale rilevato dalle aziende.<\/p>\n\n\n\n<p>Ci auguriamo che la proficua collaborazione possa continuare con l\u2019obiettivo di valorizzare una nobile professione che negli anni si \u00e8 trasformata diventando sempre pi\u00f9 complessa,&nbsp;nutrendosi di competenze derivanti anche da altri settori professionali. <\/p>\n\n\n\n<p>Un ringraziamento particolare al consorzio <strong>C.A.I.B.<\/strong> senza il quale non avremmo avuto la possibilit\u00e0 di costruire un percorso di questo tipo, pratico ed efficace.<\/p>\n\n\n\n<h4 class=\"wp-block-heading\">Info e prenotazioni<\/h4>\n\n\n\n<p>Per avere ulteriori informazioni riguardo ai prossimi progetti consulta la <a href=\"https:\/\/www.abf.eu\/albino\/\" target=\"_blank\" rel=\"noreferrer noopener\">sezione del nostro sito<\/a> e scrivici a lavoro.albino@abf.eu oppure chiamaci allo 035 760022. Saremo lieti di rispondere ad ogni domanda o esigenza.<\/p>\n\n\n\n<p><a href=\"https:\/\/www.abf.eu\/albino\/corso-termoidraulico\/\" target=\"_blank\" rel=\"noreferrer noopener\">TERMOIDRAULICI CERCASI, A RISCHIO IL CAMBIO GENERAZIONALE<\/a><\/p>\n","protected":false},"excerpt":{"rendered":"<p>ABF insieme a C.A.I.B. annuncia con entusiasmo l&#8217;inizio del corso<\/p>\n","protected":false},"author":42,"featured_media":15500,"comment_status":"open","ping_status":"open","sticky":false,"template":"","format":"standard","meta":{"footnotes":""},"categories":[117],"tags":[],"class_list":["post-15489","post","type-post","status-publish","format-standard","has-post-thumbnail","hentry","category-news"],"yoast_head":"<!-- This site is optimized with the Yoast SEO plugin v25.8 - https:\/\/yoast.com\/wordpress\/plugins\/seo\/ -->\n<title>Il nuovo corso base per termoidraulici \u00e8 finalmente iniziato! - Albino<\/title>\n<meta name=\"description\" content=\"ABF insieme a C.A.I.B. annuncia con entusiasmo l&#039;inizio del corso base per termoidraulici, tra i profili professionali pi\u00f9 richiesti nel territorio bergamasco e fortemente voluto da entrambe le parti. Un esempio di collaborazione fondamentale tra scuola e aziende.\" \/>\n<meta name=\"robots\" content=\"index, follow, max-snippet:-1, max-image-preview:large, max-video-preview:-1\" \/>\n<link rel=\"canonical\" href=\"https:\/\/www.abf.eu\/albino\/corso-base-termoidraulico\/\" \/>\n<meta property=\"og:locale\" content=\"it_IT\" \/>\n<meta property=\"og:type\" content=\"article\" \/>\n<meta property=\"og:title\" content=\"Il nuovo corso base per termoidraulici \u00e8 finalmente iniziato! - Albino\" \/>\n<meta property=\"og:description\" content=\"ABF insieme a C.A.I.B. annuncia con entusiasmo l&#039;inizio del corso base per termoidraulici, tra i profili professionali pi\u00f9 richiesti nel territorio bergamasco e fortemente voluto da entrambe le parti. Un esempio di collaborazione fondamentale tra scuola e aziende.\" \/>\n<meta property=\"og:url\" content=\"https:\/\/www.abf.eu\/albino\/corso-base-termoidraulico\/\" \/>\n<meta property=\"og:site_name\" content=\"Albino\" \/>\n<meta property=\"article:published_time\" content=\"2022-03-09T16:12:08+00:00\" \/>\n<meta property=\"article:modified_time\" content=\"2022-07-25T08:25:20+00:00\" \/>\n<meta property=\"og:image\" content=\"https:\/\/www.abf.eu\/albino\/wp-content\/uploads\/sites\/4\/2022\/03\/abf-albino-termoidraulico-scaled.jpg\" \/>\n\t<meta property=\"og:image:width\" content=\"2560\" \/>\n\t<meta property=\"og:image:height\" content=\"1707\" \/>\n\t<meta property=\"og:image:type\" content=\"image\/jpeg\" \/>\n<meta name=\"author\" content=\"silviomanara\" \/>\n<meta name=\"twitter:card\" content=\"summary_large_image\" \/>\n<meta name=\"twitter:label1\" content=\"Scritto da\" \/>\n\t<meta name=\"twitter:data1\" content=\"silviomanara\" \/>\n\t<meta name=\"twitter:label2\" content=\"Tempo di lettura stimato\" \/>\n\t<meta name=\"twitter:data2\" content=\"5 minuti\" \/>\n<script type=\"application\/ld+json\" class=\"yoast-schema-graph\">{\"@context\":\"https:\/\/schema.org\",\"@graph\":[{\"@type\":\"WebPage\",\"@id\":\"https:\/\/www.abf.eu\/albino\/corso-base-termoidraulico\/\",\"url\":\"https:\/\/www.abf.eu\/albino\/corso-base-termoidraulico\/\",\"name\":\"Il nuovo corso base per termoidraulici \u00e8 finalmente iniziato! - Albino\",\"isPartOf\":{\"@id\":\"https:\/\/www.abf.eu\/albino\/#website\"},\"primaryImageOfPage\":{\"@id\":\"https:\/\/www.abf.eu\/albino\/corso-base-termoidraulico\/#primaryimage\"},\"image\":{\"@id\":\"https:\/\/www.abf.eu\/albino\/corso-base-termoidraulico\/#primaryimage\"},\"thumbnailUrl\":\"https:\/\/www.abf.eu\/albino\/wp-content\/uploads\/sites\/4\/2022\/03\/abf-albino-termoidraulico-scaled.jpg\",\"datePublished\":\"2022-03-09T16:12:08+00:00\",\"dateModified\":\"2022-07-25T08:25:20+00:00\",\"author\":{\"@id\":\"https:\/\/www.abf.eu\/albino\/#\/schema\/person\/823514f3c08934143019a7ed4269fd4a\"},\"description\":\"ABF insieme a C.A.I.B. annuncia con entusiasmo l'inizio del corso base per termoidraulici, tra i profili professionali pi\u00f9 richiesti nel territorio bergamasco e fortemente voluto da entrambe le parti. Un esempio di collaborazione fondamentale tra scuola e aziende.\",\"breadcrumb\":{\"@id\":\"https:\/\/www.abf.eu\/albino\/corso-base-termoidraulico\/#breadcrumb\"},\"inLanguage\":\"it-IT\",\"potentialAction\":[{\"@type\":\"ReadAction\",\"target\":[\"https:\/\/www.abf.eu\/albino\/corso-base-termoidraulico\/\"]}]},{\"@type\":\"ImageObject\",\"inLanguage\":\"it-IT\",\"@id\":\"https:\/\/www.abf.eu\/albino\/corso-base-termoidraulico\/#primaryimage\",\"url\":\"https:\/\/www.abf.eu\/albino\/wp-content\/uploads\/sites\/4\/2022\/03\/abf-albino-termoidraulico-scaled.jpg\",\"contentUrl\":\"https:\/\/www.abf.eu\/albino\/wp-content\/uploads\/sites\/4\/2022\/03\/abf-albino-termoidraulico-scaled.jpg\",\"width\":2560,\"height\":1707},{\"@type\":\"BreadcrumbList\",\"@id\":\"https:\/\/www.abf.eu\/albino\/corso-base-termoidraulico\/#breadcrumb\",\"itemListElement\":[{\"@type\":\"ListItem\",\"position\":1,\"name\":\"Home\",\"item\":\"https:\/\/www.abf.eu\/albino\/\"},{\"@type\":\"ListItem\",\"position\":2,\"name\":\"Il nuovo corso base per termoidraulici \u00e8 finalmente iniziato!\"}]},{\"@type\":\"WebSite\",\"@id\":\"https:\/\/www.abf.eu\/albino\/#website\",\"url\":\"https:\/\/www.abf.eu\/albino\/\",\"name\":\"Albino\",\"description\":\"Ecco un altro sito Abf siti\",\"potentialAction\":[{\"@type\":\"SearchAction\",\"target\":{\"@type\":\"EntryPoint\",\"urlTemplate\":\"https:\/\/www.abf.eu\/albino\/?s={search_term_string}\"},\"query-input\":{\"@type\":\"PropertyValueSpecification\",\"valueRequired\":true,\"valueName\":\"search_term_string\"}}],\"inLanguage\":\"it-IT\"},{\"@type\":\"Person\",\"@id\":\"https:\/\/www.abf.eu\/albino\/#\/schema\/person\/823514f3c08934143019a7ed4269fd4a\",\"name\":\"silviomanara\",\"image\":{\"@type\":\"ImageObject\",\"inLanguage\":\"it-IT\",\"@id\":\"https:\/\/www.abf.eu\/albino\/#\/schema\/person\/image\/\",\"url\":\"https:\/\/secure.gravatar.com\/avatar\/759328cea34ad04a76b5ef79b4762a04a0a34debdd01566eec8dde81e43fdef4?s=96&d=mm&r=g\",\"contentUrl\":\"https:\/\/secure.gravatar.com\/avatar\/759328cea34ad04a76b5ef79b4762a04a0a34debdd01566eec8dde81e43fdef4?s=96&d=mm&r=g\",\"caption\":\"silviomanara\"},\"url\":\"https:\/\/www.abf.eu\/albino\/author\/silviomanara\/\"}]}<\/script>\n<!-- \/ Yoast SEO plugin. -->","yoast_head_json":{"title":"Il nuovo corso base per termoidraulici \u00e8 finalmente iniziato! - Albino","description":"ABF insieme a C.A.I.B. annuncia con entusiasmo l'inizio del corso base per termoidraulici, tra i profili professionali pi\u00f9 richiesti nel territorio bergamasco e fortemente voluto da entrambe le parti. Un esempio di collaborazione fondamentale tra scuola e aziende.","robots":{"index":"index","follow":"follow","max-snippet":"max-snippet:-1","max-image-preview":"max-image-preview:large","max-video-preview":"max-video-preview:-1"},"canonical":"https:\/\/www.abf.eu\/albino\/corso-base-termoidraulico\/","og_locale":"it_IT","og_type":"article","og_title":"Il nuovo corso base per termoidraulici \u00e8 finalmente iniziato! - Albino","og_description":"ABF insieme a C.A.I.B. annuncia con entusiasmo l'inizio del corso base per termoidraulici, tra i profili professionali pi\u00f9 richiesti nel territorio bergamasco e fortemente voluto da entrambe le parti. Un esempio di collaborazione fondamentale tra scuola e aziende.","og_url":"https:\/\/www.abf.eu\/albino\/corso-base-termoidraulico\/","og_site_name":"Albino","article_published_time":"2022-03-09T16:12:08+00:00","article_modified_time":"2022-07-25T08:25:20+00:00","og_image":[{"width":2560,"height":1707,"url":"https:\/\/www.abf.eu\/albino\/wp-content\/uploads\/sites\/4\/2022\/03\/abf-albino-termoidraulico-scaled.jpg","type":"image\/jpeg"}],"author":"silviomanara","twitter_card":"summary_large_image","twitter_misc":{"Scritto da":"silviomanara","Tempo di lettura stimato":"5 minuti"},"schema":{"@context":"https:\/\/schema.org","@graph":[{"@type":"WebPage","@id":"https:\/\/www.abf.eu\/albino\/corso-base-termoidraulico\/","url":"https:\/\/www.abf.eu\/albino\/corso-base-termoidraulico\/","name":"Il nuovo corso base per termoidraulici \u00e8 finalmente iniziato! - Albino","isPartOf":{"@id":"https:\/\/www.abf.eu\/albino\/#website"},"primaryImageOfPage":{"@id":"https:\/\/www.abf.eu\/albino\/corso-base-termoidraulico\/#primaryimage"},"image":{"@id":"https:\/\/www.abf.eu\/albino\/corso-base-termoidraulico\/#primaryimage"},"thumbnailUrl":"https:\/\/www.abf.eu\/albino\/wp-content\/uploads\/sites\/4\/2022\/03\/abf-albino-termoidraulico-scaled.jpg","datePublished":"2022-03-09T16:12:08+00:00","dateModified":"2022-07-25T08:25:20+00:00","author":{"@id":"https:\/\/www.abf.eu\/albino\/#\/schema\/person\/823514f3c08934143019a7ed4269fd4a"},"description":"ABF insieme a C.A.I.B. annuncia con entusiasmo l'inizio del corso base per termoidraulici, tra i profili professionali pi\u00f9 richiesti nel territorio bergamasco e fortemente voluto da entrambe le parti. Un esempio di collaborazione fondamentale tra scuola e aziende.","breadcrumb":{"@id":"https:\/\/www.abf.eu\/albino\/corso-base-termoidraulico\/#breadcrumb"},"inLanguage":"it-IT","potentialAction":[{"@type":"ReadAction","target":["https:\/\/www.abf.eu\/albino\/corso-base-termoidraulico\/"]}]},{"@type":"ImageObject","inLanguage":"it-IT","@id":"https:\/\/www.abf.eu\/albino\/corso-base-termoidraulico\/#primaryimage","url":"https:\/\/www.abf.eu\/albino\/wp-content\/uploads\/sites\/4\/2022\/03\/abf-albino-termoidraulico-scaled.jpg","contentUrl":"https:\/\/www.abf.eu\/albino\/wp-content\/uploads\/sites\/4\/2022\/03\/abf-albino-termoidraulico-scaled.jpg","width":2560,"height":1707},{"@type":"BreadcrumbList","@id":"https:\/\/www.abf.eu\/albino\/corso-base-termoidraulico\/#breadcrumb","itemListElement":[{"@type":"ListItem","position":1,"name":"Home","item":"https:\/\/www.abf.eu\/albino\/"},{"@type":"ListItem","position":2,"name":"Il nuovo corso base per termoidraulici \u00e8 finalmente iniziato!"}]},{"@type":"WebSite","@id":"https:\/\/www.abf.eu\/albino\/#website","url":"https:\/\/www.abf.eu\/albino\/","name":"Albino","description":"Ecco un altro sito Abf siti","potentialAction":[{"@type":"SearchAction","target":{"@type":"EntryPoint","urlTemplate":"https:\/\/www.abf.eu\/albino\/?s={search_term_string}"},"query-input":{"@type":"PropertyValueSpecification","valueRequired":true,"valueName":"search_term_string"}}],"inLanguage":"it-IT"},{"@type":"Person","@id":"https:\/\/www.abf.eu\/albino\/#\/schema\/person\/823514f3c08934143019a7ed4269fd4a","name":"silviomanara","image":{"@type":"ImageObject","inLanguage":"it-IT","@id":"https:\/\/www.abf.eu\/albino\/#\/schema\/person\/image\/","url":"https:\/\/secure.gravatar.com\/avatar\/759328cea34ad04a76b5ef79b4762a04a0a34debdd01566eec8dde81e43fdef4?s=96&d=mm&r=g","contentUrl":"https:\/\/secure.gravatar.com\/avatar\/759328cea34ad04a76b5ef79b4762a04a0a34debdd01566eec8dde81e43fdef4?s=96&d=mm&r=g","caption":"silviomanara"},"url":"https:\/\/www.abf.eu\/albino\/author\/silviomanara\/"}]}},"_links":{"self":[{"href":"https:\/\/www.abf.eu\/albino\/wp-json\/wp\/v2\/posts\/15489","targetHints":{"allow":["GET"]}}],"collection":[{"href":"https:\/\/www.abf.eu\/albino\/wp-json\/wp\/v2\/posts"}],"about":[{"href":"https:\/\/www.abf.eu\/albino\/wp-json\/wp\/v2\/types\/post"}],"author":[{"embeddable":true,"href":"https:\/\/www.abf.eu\/albino\/wp-json\/wp\/v2\/users\/42"}],"replies":[{"embeddable":true,"href":"https:\/\/www.abf.eu\/albino\/wp-json\/wp\/v2\/comments?post=15489"}],"version-history":[{"count":20,"href":"https:\/\/www.abf.eu\/albino\/wp-json\/wp\/v2\/posts\/15489\/revisions"}],"predecessor-version":[{"id":15695,"href":"https:\/\/www.abf.eu\/albino\/wp-json\/wp\/v2\/posts\/15489\/revisions\/15695"}],"wp:featuredmedia":[{"embeddable":true,"href":"https:\/\/www.abf.eu\/albino\/wp-json\/wp\/v2\/media\/15500"}],"wp:attachment":[{"href":"https:\/\/www.abf.eu\/albino\/wp-json\/wp\/v2\/media?parent=15489"}],"wp:term":[{"taxonomy":"category","embeddable":true,"href":"https:\/\/www.abf.eu\/albino\/wp-json\/wp\/v2\/categories?post=15489"},{"taxonomy":"post_tag","embeddable":true,"href":"https:\/\/www.abf.eu\/albino\/wp-json\/wp\/v2\/tags?post=15489"}],"curies":[{"name":"wp","href":"https:\/\/api.w.org\/{rel}","templated":true}]}}