{"id":15975,"date":"2022-11-28T15:21:22","date_gmt":"2022-11-28T14:21:22","guid":{"rendered":"https:\/\/www.abf.eu\/albino\/?p=15975"},"modified":"2022-11-28T15:21:22","modified_gmt":"2022-11-28T14:21:22","slug":"operatore-meccatronico-albino","status":"publish","type":"post","link":"https:\/\/www.abf.eu\/albino\/operatore-meccatronico-albino\/","title":{"rendered":"Novit\u00e0 per l&#8217;Anno Formativo 2023\/24: Operatore Meccatronico ad ABF Albino"},"content":{"rendered":"\n<h3 class=\"wp-block-heading\">In avvio il corso per Operatore Meccatronico ad Albino<\/h3>\n\n\n\n<h5 class=\"wp-block-heading\">Operatore Meccatronico: una professione articolata e complessa che richiede molte competenze, ma che al tempo stesso \u00e8 molto richiesta dalle aziende del territorio.<\/h5>\n\n\n\n<p>Se sei curioso, se hai l\u2019abitudine di montare e smontare tutto ci\u00f2 che \u00e8 meccanico o elettronico per sapere come \u00e8 fatto e come si muove e se ti piace lavorare con le mani, allora questo pu\u00f2 essere il percorso che fa per te.<\/p>\n\n\n\n<p>Chi sceglie questa scuola al termine del terzo anno assume la qualifica di <strong><em>OPERATORE MECCANICO &#8211; Installazione e cablaggio di componenti elettrici, elettronici e fluidici<\/em><\/strong>. Gi\u00e0 dal nome si capisce che il percorso \u00e8 articolato e il professionista che si forma sa gestire diverse discipline.<\/p>\n\n\n\n<h5 class=\"wp-block-heading\"><strong>Cosa studia un Operatore Meccatronico ad Albino?<\/strong><\/h5>\n\n\n\n<p>Il corso prevede una formazione di base completa con materie indispensabili e trasversali come: italiano, inglese, matematica, storia e geografia, educazione fisica, religione e informatica. A queste discipline si affiancano quelle tecnico-professionali e di settore: <strong>laboratorio meccanico e impianti<\/strong>, <strong>tecnologia e disegno<\/strong>, <strong>oleodinamica e pneumatica<\/strong>, organizzazione aziendale e marketing e sicurezza.<\/p>\n\n\n\n<p>Naturalmente anche questo corso, come tutti gli altri in ABF, sono centrati sulla filosofia del <em>learning-by-doing <\/em>ossia \u201capprendere facendo\u201d. Grazie a questo approccio gli studenti acquisiscono conoscenze attraverso l\u2019osservazione e l\u2019esperienza collegando quindi teoria e pratica, in aula, ma soprattutto in <strong>nuovi laboratori attrezzati <\/strong>che ti permetteranno di fare esperienza.<\/p>\n\n\n\n<p><strong>Esempi delle discipline<\/strong><\/p>\n\n\n\n<ul class=\"wp-block-list\"><li><strong>Informatica <\/strong>ed <strong>elettronica <\/strong>si uniscono e si comincia in prima con i <strong>kit per l\u2019elettronica di Arduino e Micro:bit<\/strong> per arrivare poi negli anni successivi a programmare <strong>braccia robotiche<\/strong> e <strong>PLC<\/strong>.<\/li><li><strong>Disegno <\/strong>ti permette di disegnare pezzi meccanici in 3d con software professionali (come <em>Inventor <\/em>o <em>Fusion<\/em>) e poi realizzerai il tuo componente in laboratorio dopo aver tagliato e saldato i pezzi di ferro che ti servono e magari avendo prima realizzato un prototipo con la <strong>stampa 3d<\/strong>.<\/li><li>La <strong>matematica <\/strong>e l\u2019<strong>inglese<\/strong> diventano la base per fare interagire i componenti oleodinamici o elettrici in laboratorio conoscendone le regole fisiche che ne azionano il movimento e leggendo le spiegazioni tecniche che spesso sono in ingese.<\/li><li>L\u2019<strong>italiano<\/strong>? \u2026beh \u00e8 come la <strong>sicurezza<\/strong>: INDISPENSABILE!<\/li><\/ul>\n\n\n\n<h5 class=\"wp-block-heading\"><strong>Cosa diventer\u00f2 al termine del percorso?<\/strong><\/h5>\n\n\n\n<p>Alla fine del terzo anno, o magari alla fine del quarto se vorrai specializzarti e diventare TECNICO per l\u2019AUTOMAZIONE INDUSTRIALE, potrai lavorare nel <strong>mondo della robotica e della tecnologia industriale<\/strong>, potrai assemblare macchinari, sviluppare automazioni o fare manutenzioni e riparazioni.<\/p>\n\n\n\n<p>In realt\u00e0 comincerai a farlo gi\u00e0 dal secondo anno perch\u00e9 un\u2019altra caratteristica dei corsi di formazione professionale sono gli <strong>stage<\/strong>. <strong>Un totale di mille ore di tirocinio<\/strong> durante l&#8217;intero percorso, distribuite in questo modo: 300 ore in seconda, altrettante in terza e 400 in quarta sono le ore che passerai in azienda ogni anno. Quest\u2019esperienza ti permetter\u00e0 di toccare con mano quanto studiato e sperimentato in laboratorio e applicare nel mondo reale le tue conoscenze.<\/p>\n\n\n\n<blockquote class=\"wp-block-quote is-layout-flow wp-block-quote-is-layout-flow\"><p>Imparare facendo \u00e8 la mission di ABF: alle ore settimanali di laboratorio si aggiungono ben 1000 ore di tirocinio presso aziende convenzionate e selezionate, gi\u00e0 a partire dal secondo anno.<\/p><\/blockquote>\n\n\n\n<p>Se volessimo semplificare potremmo dire che alla fine del percorso di studi un operatore meccatronico deve:<\/p>\n\n\n\n<ul class=\"wp-block-list\"><li>Effettuare l\u2019installazione dei componenti meccatronici di varie tipologie e il relativo cablaggio, sulla base della documentazione tecnica ricevuta collaborando alla fase di avvio, taratura e regolazione dei singoli componenti.<\/li><li>Eseguire il montaggio dei componenti su singole macchine o interi impianti produttivi.<\/li><li>Eseguire i collegamenti fluidici e\/o elettrici dei componenti meccatronici secondo lo schema funzionale.<\/li><li>Interpretare i disegni tecnici di particolari e complessivi meccanici, fasi costruttive e specifiche tecniche di produzione.<\/li><li>Eseguire la saldatura dei componenti meccanici costituenti il manufatto rispettando le specifiche tecniche di progetto.<\/li><li>Conoscere le procedure per la verifica funzionale di un gruppo meccanico e tecniche di ricerca malfunzionamenti.<\/li><li>Conoscere gli standard qualitativi nella realizzazione delle lavorazioni e assemblaggi meccanici.<\/li><\/ul>\n\n\n\n<p><em>Se ti interessa il cablaggio e il montaggio, se il mondo delle automazioni ti piace, se hai voglia di entrare in un settore in forte crescita, vieni a trovarci! Ti stiamo aspettando!<\/em><\/p>\n\n\n\n<p>Iscriviti ai nostri Open Day e scopri il tuo futuro&#8230; robotico!<\/p>\n\n\n\n<div id=\"linkcontent-block_6384c33ca252b\" class=\"link-content \">\n    <a class='animated-arrow font-weight-bold' href='https:\/\/bit.ly\/opendayABF' target=\"_blank\">\n        <span class='the-arrow -left'>\n            <span class='shaft'><\/span>\n        <\/span>\n        <span class='main'>\n            <span class='text'>Iscriviti ai nostri Open Day<\/span>\n            <span class='the-arrow -right'>\n                <span class='shaft'><\/span>\n            <\/span>\n        <\/span>\n    <\/a>\n<\/div>\n\n\n","protected":false},"excerpt":{"rendered":"<p>In avvio il corso per Operatore Meccatronico ad Albino Operatore<\/p>\n","protected":false},"author":31,"featured_media":15967,"comment_status":"open","ping_status":"open","sticky":false,"template":"","format":"standard","meta":{"footnotes":""},"categories":[1],"tags":[],"class_list":["post-15975","post","type-post","status-publish","format-standard","has-post-thumbnail","hentry","category-senza-categoria"],"yoast_head":"<!-- This site is optimized with the Yoast SEO plugin v25.8 - https:\/\/yoast.com\/wordpress\/plugins\/seo\/ -->\n<title>Novit\u00e0 per l&#039;Anno Formativo 2023\/24: Operatore Meccatronico ad ABF Albino - Albino<\/title>\n<meta name=\"description\" content=\"A partire dall&#039;anno formativo 2023\/2024 partir\u00e0 il corso di Operatore Meccatronico ad Albino: scopri di pi\u00f9 e vieni ai nostri Open Day.\" \/>\n<meta name=\"robots\" content=\"index, follow, max-snippet:-1, max-image-preview:large, max-video-preview:-1\" \/>\n<link rel=\"canonical\" href=\"https:\/\/www.abf.eu\/albino\/operatore-meccatronico-albino\/\" \/>\n<meta property=\"og:locale\" content=\"it_IT\" \/>\n<meta property=\"og:type\" content=\"article\" \/>\n<meta property=\"og:title\" content=\"Novit\u00e0 per l&#039;Anno Formativo 2023\/24: Operatore Meccatronico ad ABF Albino - Albino\" \/>\n<meta property=\"og:description\" content=\"A partire dall&#039;anno formativo 2023\/2024 partir\u00e0 il corso di Operatore Meccatronico ad Albino: scopri di pi\u00f9 e vieni ai nostri Open Day.\" \/>\n<meta property=\"og:url\" content=\"https:\/\/www.abf.eu\/albino\/operatore-meccatronico-albino\/\" \/>\n<meta property=\"og:site_name\" content=\"Albino\" \/>\n<meta property=\"article:published_time\" content=\"2022-11-28T14:21:22+00:00\" \/>\n<meta property=\"og:image\" content=\"https:\/\/www.abf.eu\/albino\/wp-content\/uploads\/sites\/4\/2022\/11\/Percorso-formativo-Settore-Meccatronico.gif\" \/>\n\t<meta property=\"og:image:width\" content=\"600\" \/>\n\t<meta property=\"og:image:height\" content=\"370\" \/>\n\t<meta property=\"og:image:type\" content=\"image\/gif\" \/>\n<meta name=\"author\" content=\"danilocaccia\" \/>\n<meta name=\"twitter:card\" content=\"summary_large_image\" \/>\n<meta name=\"twitter:label1\" content=\"Scritto da\" \/>\n\t<meta name=\"twitter:data1\" content=\"danilocaccia\" \/>\n\t<meta name=\"twitter:label2\" content=\"Tempo di lettura stimato\" \/>\n\t<meta name=\"twitter:data2\" content=\"4 minuti\" \/>\n<script type=\"application\/ld+json\" class=\"yoast-schema-graph\">{\"@context\":\"https:\/\/schema.org\",\"@graph\":[{\"@type\":\"WebPage\",\"@id\":\"https:\/\/www.abf.eu\/albino\/operatore-meccatronico-albino\/\",\"url\":\"https:\/\/www.abf.eu\/albino\/operatore-meccatronico-albino\/\",\"name\":\"Novit\u00e0 per l'Anno Formativo 2023\/24: Operatore Meccatronico ad ABF Albino - Albino\",\"isPartOf\":{\"@id\":\"https:\/\/www.abf.eu\/albino\/#website\"},\"primaryImageOfPage\":{\"@id\":\"https:\/\/www.abf.eu\/albino\/operatore-meccatronico-albino\/#primaryimage\"},\"image\":{\"@id\":\"https:\/\/www.abf.eu\/albino\/operatore-meccatronico-albino\/#primaryimage\"},\"thumbnailUrl\":\"https:\/\/www.abf.eu\/albino\/wp-content\/uploads\/sites\/4\/2022\/11\/Percorso-formativo-Settore-Meccatronico.gif\",\"datePublished\":\"2022-11-28T14:21:22+00:00\",\"author\":{\"@id\":\"https:\/\/www.abf.eu\/albino\/#\/schema\/person\/8a78d772811de95e251d66b4d5491f76\"},\"description\":\"A partire dall'anno formativo 2023\/2024 partir\u00e0 il corso di Operatore Meccatronico ad Albino: scopri di pi\u00f9 e vieni ai nostri Open Day.\",\"breadcrumb\":{\"@id\":\"https:\/\/www.abf.eu\/albino\/operatore-meccatronico-albino\/#breadcrumb\"},\"inLanguage\":\"it-IT\",\"potentialAction\":[{\"@type\":\"ReadAction\",\"target\":[\"https:\/\/www.abf.eu\/albino\/operatore-meccatronico-albino\/\"]}]},{\"@type\":\"ImageObject\",\"inLanguage\":\"it-IT\",\"@id\":\"https:\/\/www.abf.eu\/albino\/operatore-meccatronico-albino\/#primaryimage\",\"url\":\"https:\/\/www.abf.eu\/albino\/wp-content\/uploads\/sites\/4\/2022\/11\/Percorso-formativo-Settore-Meccatronico.gif\",\"contentUrl\":\"https:\/\/www.abf.eu\/albino\/wp-content\/uploads\/sites\/4\/2022\/11\/Percorso-formativo-Settore-Meccatronico.gif\",\"width\":600,\"height\":370,\"caption\":\"Operatore Meccatronico in ABF Albino\"},{\"@type\":\"BreadcrumbList\",\"@id\":\"https:\/\/www.abf.eu\/albino\/operatore-meccatronico-albino\/#breadcrumb\",\"itemListElement\":[{\"@type\":\"ListItem\",\"position\":1,\"name\":\"Home\",\"item\":\"https:\/\/www.abf.eu\/albino\/\"},{\"@type\":\"ListItem\",\"position\":2,\"name\":\"Novit\u00e0 per l&#8217;Anno Formativo 2023\/24: Operatore Meccatronico ad ABF Albino\"}]},{\"@type\":\"WebSite\",\"@id\":\"https:\/\/www.abf.eu\/albino\/#website\",\"url\":\"https:\/\/www.abf.eu\/albino\/\",\"name\":\"Albino\",\"description\":\"Ecco un altro sito Abf siti\",\"potentialAction\":[{\"@type\":\"SearchAction\",\"target\":{\"@type\":\"EntryPoint\",\"urlTemplate\":\"https:\/\/www.abf.eu\/albino\/?s={search_term_string}\"},\"query-input\":{\"@type\":\"PropertyValueSpecification\",\"valueRequired\":true,\"valueName\":\"search_term_string\"}}],\"inLanguage\":\"it-IT\"},{\"@type\":\"Person\",\"@id\":\"https:\/\/www.abf.eu\/albino\/#\/schema\/person\/8a78d772811de95e251d66b4d5491f76\",\"name\":\"danilocaccia\",\"image\":{\"@type\":\"ImageObject\",\"inLanguage\":\"it-IT\",\"@id\":\"https:\/\/www.abf.eu\/albino\/#\/schema\/person\/image\/\",\"url\":\"https:\/\/secure.gravatar.com\/avatar\/d87f496e2092d70f0bc729633c0c70a56c54c4f8ce3eefdacc36b91c04c2e1c0?s=96&d=mm&r=g\",\"contentUrl\":\"https:\/\/secure.gravatar.com\/avatar\/d87f496e2092d70f0bc729633c0c70a56c54c4f8ce3eefdacc36b91c04c2e1c0?s=96&d=mm&r=g\",\"caption\":\"danilocaccia\"},\"sameAs\":[\"https:\/\/www.linkedin.com\/in\/danilocaccia\/\"],\"url\":\"https:\/\/www.abf.eu\/albino\/author\/danilocaccia\/\"}]}<\/script>\n<!-- \/ Yoast SEO plugin. -->","yoast_head_json":{"title":"Novit\u00e0 per l'Anno Formativo 2023\/24: Operatore Meccatronico ad ABF Albino - Albino","description":"A partire dall'anno formativo 2023\/2024 partir\u00e0 il corso di Operatore Meccatronico ad Albino: scopri di pi\u00f9 e vieni ai nostri Open Day.","robots":{"index":"index","follow":"follow","max-snippet":"max-snippet:-1","max-image-preview":"max-image-preview:large","max-video-preview":"max-video-preview:-1"},"canonical":"https:\/\/www.abf.eu\/albino\/operatore-meccatronico-albino\/","og_locale":"it_IT","og_type":"article","og_title":"Novit\u00e0 per l'Anno Formativo 2023\/24: Operatore Meccatronico ad ABF Albino - Albino","og_description":"A partire dall'anno formativo 2023\/2024 partir\u00e0 il corso di Operatore Meccatronico ad Albino: scopri di pi\u00f9 e vieni ai nostri Open Day.","og_url":"https:\/\/www.abf.eu\/albino\/operatore-meccatronico-albino\/","og_site_name":"Albino","article_published_time":"2022-11-28T14:21:22+00:00","og_image":[{"width":600,"height":370,"url":"https:\/\/www.abf.eu\/albino\/wp-content\/uploads\/sites\/4\/2022\/11\/Percorso-formativo-Settore-Meccatronico.gif","type":"image\/gif"}],"author":"danilocaccia","twitter_card":"summary_large_image","twitter_misc":{"Scritto da":"danilocaccia","Tempo di lettura stimato":"4 minuti"},"schema":{"@context":"https:\/\/schema.org","@graph":[{"@type":"WebPage","@id":"https:\/\/www.abf.eu\/albino\/operatore-meccatronico-albino\/","url":"https:\/\/www.abf.eu\/albino\/operatore-meccatronico-albino\/","name":"Novit\u00e0 per l'Anno Formativo 2023\/24: Operatore Meccatronico ad ABF Albino - Albino","isPartOf":{"@id":"https:\/\/www.abf.eu\/albino\/#website"},"primaryImageOfPage":{"@id":"https:\/\/www.abf.eu\/albino\/operatore-meccatronico-albino\/#primaryimage"},"image":{"@id":"https:\/\/www.abf.eu\/albino\/operatore-meccatronico-albino\/#primaryimage"},"thumbnailUrl":"https:\/\/www.abf.eu\/albino\/wp-content\/uploads\/sites\/4\/2022\/11\/Percorso-formativo-Settore-Meccatronico.gif","datePublished":"2022-11-28T14:21:22+00:00","author":{"@id":"https:\/\/www.abf.eu\/albino\/#\/schema\/person\/8a78d772811de95e251d66b4d5491f76"},"description":"A partire dall'anno formativo 2023\/2024 partir\u00e0 il corso di Operatore Meccatronico ad Albino: scopri di pi\u00f9 e vieni ai nostri Open Day.","breadcrumb":{"@id":"https:\/\/www.abf.eu\/albino\/operatore-meccatronico-albino\/#breadcrumb"},"inLanguage":"it-IT","potentialAction":[{"@type":"ReadAction","target":["https:\/\/www.abf.eu\/albino\/operatore-meccatronico-albino\/"]}]},{"@type":"ImageObject","inLanguage":"it-IT","@id":"https:\/\/www.abf.eu\/albino\/operatore-meccatronico-albino\/#primaryimage","url":"https:\/\/www.abf.eu\/albino\/wp-content\/uploads\/sites\/4\/2022\/11\/Percorso-formativo-Settore-Meccatronico.gif","contentUrl":"https:\/\/www.abf.eu\/albino\/wp-content\/uploads\/sites\/4\/2022\/11\/Percorso-formativo-Settore-Meccatronico.gif","width":600,"height":370,"caption":"Operatore Meccatronico in ABF Albino"},{"@type":"BreadcrumbList","@id":"https:\/\/www.abf.eu\/albino\/operatore-meccatronico-albino\/#breadcrumb","itemListElement":[{"@type":"ListItem","position":1,"name":"Home","item":"https:\/\/www.abf.eu\/albino\/"},{"@type":"ListItem","position":2,"name":"Novit\u00e0 per l&#8217;Anno Formativo 2023\/24: Operatore Meccatronico ad ABF Albino"}]},{"@type":"WebSite","@id":"https:\/\/www.abf.eu\/albino\/#website","url":"https:\/\/www.abf.eu\/albino\/","name":"Albino","description":"Ecco un altro sito Abf siti","potentialAction":[{"@type":"SearchAction","target":{"@type":"EntryPoint","urlTemplate":"https:\/\/www.abf.eu\/albino\/?s={search_term_string}"},"query-input":{"@type":"PropertyValueSpecification","valueRequired":true,"valueName":"search_term_string"}}],"inLanguage":"it-IT"},{"@type":"Person","@id":"https:\/\/www.abf.eu\/albino\/#\/schema\/person\/8a78d772811de95e251d66b4d5491f76","name":"danilocaccia","image":{"@type":"ImageObject","inLanguage":"it-IT","@id":"https:\/\/www.abf.eu\/albino\/#\/schema\/person\/image\/","url":"https:\/\/secure.gravatar.com\/avatar\/d87f496e2092d70f0bc729633c0c70a56c54c4f8ce3eefdacc36b91c04c2e1c0?s=96&d=mm&r=g","contentUrl":"https:\/\/secure.gravatar.com\/avatar\/d87f496e2092d70f0bc729633c0c70a56c54c4f8ce3eefdacc36b91c04c2e1c0?s=96&d=mm&r=g","caption":"danilocaccia"},"sameAs":["https:\/\/www.linkedin.com\/in\/danilocaccia\/"],"url":"https:\/\/www.abf.eu\/albino\/author\/danilocaccia\/"}]}},"_links":{"self":[{"href":"https:\/\/www.abf.eu\/albino\/wp-json\/wp\/v2\/posts\/15975","targetHints":{"allow":["GET"]}}],"collection":[{"href":"https:\/\/www.abf.eu\/albino\/wp-json\/wp\/v2\/posts"}],"about":[{"href":"https:\/\/www.abf.eu\/albino\/wp-json\/wp\/v2\/types\/post"}],"author":[{"embeddable":true,"href":"https:\/\/www.abf.eu\/albino\/wp-json\/wp\/v2\/users\/31"}],"replies":[{"embeddable":true,"href":"https:\/\/www.abf.eu\/albino\/wp-json\/wp\/v2\/comments?post=15975"}],"version-history":[{"count":5,"href":"https:\/\/www.abf.eu\/albino\/wp-json\/wp\/v2\/posts\/15975\/revisions"}],"predecessor-version":[{"id":15980,"href":"https:\/\/www.abf.eu\/albino\/wp-json\/wp\/v2\/posts\/15975\/revisions\/15980"}],"wp:featuredmedia":[{"embeddable":true,"href":"https:\/\/www.abf.eu\/albino\/wp-json\/wp\/v2\/media\/15967"}],"wp:attachment":[{"href":"https:\/\/www.abf.eu\/albino\/wp-json\/wp\/v2\/media?parent=15975"}],"wp:term":[{"taxonomy":"category","embeddable":true,"href":"https:\/\/www.abf.eu\/albino\/wp-json\/wp\/v2\/categories?post=15975"},{"taxonomy":"post_tag","embeddable":true,"href":"https:\/\/www.abf.eu\/albino\/wp-json\/wp\/v2\/tags?post=15975"}],"curies":[{"name":"wp","href":"https:\/\/api.w.org\/{rel}","templated":true}]}}