{"id":16122,"date":"2023-03-03T20:47:33","date_gmt":"2023-03-03T19:47:33","guid":{"rendered":"https:\/\/www.abf.eu\/albino\/?p=16122"},"modified":"2023-03-03T20:47:34","modified_gmt":"2023-03-03T19:47:34","slug":"falegn-abilita-progetto-di-falegnameria-per-il-ppd","status":"publish","type":"post","link":"https:\/\/www.abf.eu\/albino\/falegn-abilita-progetto-di-falegnameria-per-il-ppd\/","title":{"rendered":"Falegn-abilit\u00e0, progetto di falegnameria per il PPD"},"content":{"rendered":"\n<h3 class=\"wp-block-heading\">I ragazzi del PPD riqualificano le panchine in legno del Comune di Albino<\/h3>\n\n\n\n<h5 class=\"wp-block-heading\">La conferenza stampa presso ABF Albino<\/h5>\n\n\n\n<p>Il Comune di Albino ha presentato il progetto &#8220;<strong><em>Falegn-abilit\u00e0<\/em><\/strong>&#8220;, rivolto ai ragazzi dei Percorsi PPD presso la sede di ABF. Il progetto prevede la rimozione delle panchine in legno presenti presso il Comune e la riqualifica delle stesse presso il laboratorio di falegnameria del PPD di Albino.<\/p>\n\n\n\n<p>La conferenza stampa, organizzata presso la sede di ABF, ha visto la partecipazione di numerose autorit\u00e0, tra cui il Sindaco di Albino Fabio Terzi, la Ministra disabilit\u00e0 Alessandra Locatelli, il Responsabile Politiche Giovanili di Albino Alessandra Alborghetti, il rappresentante di ABF Gianluca Fiorina, il volontario Leva Civica Regionale Vincenzo De Martino, Giuseppe Farina di ATS Bergamo, l&#8217;Onorevole Rebecca Frassini, Giorgia Gandossi, Consigliere Delegato Politiche Giovanili Provincia di BG, e Piccinini Manuel, Consigliere Delegato Politiche Giovanili.<\/p>\n\n\n\n<h5 class=\"wp-block-heading\">I percorsi personalizzati di ABF Albino<\/h5>\n\n\n\n<p>Tra le proposte dell&#8217;offerta formativa di ABF Albino, troviamo i <a href=\"https:\/\/www.abf.eu\/percorsi-personalizzati-disabilita\/\">percorsi personalizzati per disabili (PPD)<\/a>, un&#8217;attivit\u00e0 dedicata a fornire supporto e sviluppo delle capacit\u00e0 dei ragazzi e ragazze disabili. ABF, nelle sue sedi, ha attivi diversi percorsi di questo tipo che coinvolgono circa un centinaio di allievi.<\/p>\n\n\n\n<p>I PPD sono un percorso personalizzato di attivit\u00e0 che viene creato per ogni ragazzo o ragazza in base alle loro esigenze specifiche. Il percorso pu\u00f2 includere attivit\u00e0 come attivit\u00e0 fisica, giochi, arti e mestieri e altro ancora, ed \u00e8 pensato per aiutare i partecipanti a sviluppare abilit\u00e0 sociali, fisiche e cognitive.<\/p>\n\n\n\n<p>I laboratori e i corsi offerti da ABF Albino includono diverse discipline, tra cui la falegnameria, la meccanica, l&#8217;elettronica, l&#8217;informatica e altro ancora. Grazie alle attivit\u00e0 pratiche svolte nei laboratori, gli studenti hanno l&#8217;opportunit\u00e0 di acquisire competenze pratiche e sviluppare la loro creativit\u00e0.<\/p>\n\n\n\n<p>Tra i laboratori offerti da ABF Albino, vi \u00e8 anche quello di falegnameria, nel quale i partecipanti imparano a lavorare con il legno e a creare oggetti utili e decorativi. <\/p>\n\n\n\n<h5 class=\"wp-block-heading\">Il progetto &#8220;Falegn-abilit\u00e0&#8221;<\/h5>\n\n\n\n<p>Il progetto &#8220;Falegn-abilit\u00e0&#8221; \u00e8 nato dalla collaborazione tra il Comune di Albino e ABF. Il progetto prevede la rimozione delle panchine in legno presenti presso il Comune e la riqualifica delle stesse ad opera dei ragazzi dei Percorsi PPD. Questo consentir\u00e0 loro di acquisire competenze in falegnameria e di creare oggetti utili per la comunit\u00e0. Non \u00e8 escluso che questo sia solo il primo degli interventi di questo tipo proposti dagli enti coinvolti.<\/p>\n\n\n\n<p>Grazie alla formazione inclusiva, i ragazzi possono apprendere una professione e sentirsi parte integrante della comunit\u00e0 cittadina.<\/p>\n\n\n\n<p>La convenzione tra gli enti coinvolti prevede il coinvolgimento di numerose istituzioni, come oratori, scuole, cooperative e associazioni che si occupano di disabilit\u00e0. Il progetto si inserisce in una pi\u00f9 ampia rete di collaborazioni e relazioni tra i vari enti del territorio.<\/p>\n\n\n\n<p>Il progetto &#8220;Falegn-abilit\u00e0&#8221; rappresenta un&#8217;opportunit\u00e0 unica per i giovani del PPD, che possono mettere in campo le loro competenze e creativit\u00e0 per creare oggetti utili per la comunit\u00e0 e acquisire competenze professionali.<\/p>\n\n\n\n<figure class=\"wp-block-image size-full\"><img loading=\"lazy\" decoding=\"async\" width=\"1000\" height=\"666\" src=\"https:\/\/www.abf.eu\/albino\/wp-content\/uploads\/sites\/4\/2023\/03\/falegnabilita-1-1.png\" alt=\"\" class=\"wp-image-16129\" srcset=\"https:\/\/www.abf.eu\/albino\/wp-content\/uploads\/sites\/4\/2023\/03\/falegnabilita-1-1.png 1000w, https:\/\/www.abf.eu\/albino\/wp-content\/uploads\/sites\/4\/2023\/03\/falegnabilita-1-1-300x200.png 300w, https:\/\/www.abf.eu\/albino\/wp-content\/uploads\/sites\/4\/2023\/03\/falegnabilita-1-1-768x511.png 768w, https:\/\/www.abf.eu\/albino\/wp-content\/uploads\/sites\/4\/2023\/03\/falegnabilita-1-1-600x400.png 600w\" sizes=\"auto, (max-width: 1000px) 100vw, 1000px\" \/><\/figure>\n\n\n\n<h5 class=\"wp-block-heading\">Le dichiarazioni delle autorit\u00e0 presenti<\/h5>\n\n\n\n<p>Durante la conferenza stampa, sono state espresse numerose dichiarazioni da parte delle autorit\u00e0 presenti che si sono dimostrate entusiaste per la rete e per gli obiettivi che il progetto si prefigge.<\/p>\n\n\n\n<p>Il sindaco <strong>Fabio Terzi<\/strong> ha sottolineato l&#8217;importanza della presenza sul territorio di un Centro di Formazione Professionale come quello che ABF ha ad Albino. Il progetto &#8220;Falegn-abilit\u00e0&#8221; rappresenta un&#8217;ulteriore testimonianza della volont\u00e0 del Comune di Albino di creare relazioni e progetti per i giovani del territorio. Il ruolo del Comune e il valore della rete \u00e8 stato sottolineato anche da <strong>Alessandra Alborghett<\/strong>i, Responsabile delle Politiche Giovanili di Albino, che non ha mancato di evidenziare come &#8220;<em>il tavolo di lavoro delle politiche giovanili \u00e8 una opportunit\u00e0 che permette di mettere in relazione enti formativi, centri aggregativi e enti istituzionali, per il benessere dei ragazzi del territorio<\/em>&#8220;.<\/p>\n\n\n\n<p>Il Responsabile di Sede, <strong>Gianluca Fiorina<\/strong>, ha poi evidenziato la presenza di una rete molto sviluppata nella scuola e nella disabilit\u00e0 nella Val Seriana, giudicandola &#8220;<em>una risorsa importante per promuovere progetti come &#8216;Falegn-abilit\u00e0&#8217;. Il coinvolgimento della scuola e di un ente come ABF non si ferma alla fase di formazione professionale, ma \u00e8 caratterizzato anche dall&#8217;impegno nella creazione di un futuro gratificante per i giovani con disabilit\u00e0, anche attraverso il loro inserimento lavorativo<\/em>&#8220;.<\/p>\n\n\n\n<p>Durante la conferenza stampa anche il Ministro per le Disabilit\u00e0, <strong>Alessandra Locatelli<\/strong>, ha voluto lasciare un proprio messaggio per promuovere con entusiasmo il progetto &#8220;<em>Falegn-abilit\u00e0<\/em>&#8220;, una grande opportunit\u00e0 per i ragazzi con disabilit\u00e0, che offre loro la possibilit\u00e0 di acquisire competenze professionali e di sentirsi parte attiva della comunit\u00e0 secondo i parametri della cittadinanza attiva.<\/p>\n\n\n\n<p><strong>Vincenzo De Martino<\/strong> e <strong>Laura Mazzucchi<\/strong>, come Volontari della Leva Civica Regionale, hanno avuto parte attiva nella collaborazione e nella relazione con i ragazzi. De Martino ha voluto evidenziare la centralit\u00e0 del ruolo dei ragazzi, non tanto per le loro difficolt\u00e0 &#8220;<em>ma per la loro capacit\u00e0 di mettere in campo le competenze che stanno sviluppando e che con orgoglio vengono messe a disposizione della comunit\u00e0<\/em>&#8220;.<\/p>\n\n\n\n<p>Anche ATS, attraverso le parole di <strong>Giuseppe Farina<\/strong>, Educatore Professionale Servizio Disabilit\u00e0, ha sottolineato come la disabilit\u00e0 oggi sia un concetto in evoluzione, un risultato dell&#8217;interazione tra persone con difficolt\u00e0 e barriere comportamentali e ambientali, quindi riconosciuta come un concetto relazionale.<\/p>\n\n\n\n<p>Presente anche l&#8217;Onorevole <strong>Rebecca Frassini<\/strong>, che ha espresso il suo apprezzamento per la scelta del nome del progetto e per come questa iniziativa rappresenti un esempio di come debba funzionare un territorio, con una rete tra enti capillare e collaborativa.<\/p>\n\n\n\n<p>Chiude la serie di interventi <strong>Piccinini Manuel<\/strong>, Consigliere Delegato Politiche Giovanili, ha espresso la sua soddisfazione per la nascita del progetto &#8220;Falegn-abilit\u00e0&#8221; e ha evidenziato l&#8217;importanza di ragionare sul concetto di stakeholder per imbastire relazioni finalizzate a confronti sulle politiche giovanili.<\/p>\n\n\n\n<p>Le dichiarazioni delle autorit\u00e0 presenti dimostrano come il progetto &#8220;Falegn-abilit\u00e0&#8221; rappresenti un&#8217;opportunit\u00e0 unica per i giovani dei percorsi PPD e come la collaborazione tra enti e istituzioni sia fondamentale per la creazione di progetti inclusivi e per la valorizzazione delle competenze individuali. Le dichiarazioni dei rappresentanti delle istituzioni evidenziano anche l&#8217;importanza del tavolo politiche giovanili come opportunit\u00e0 di lavoro e di collaborazione tra enti formativi, aggregativi e istituzionali per il benessere dei giovani del territorio.<\/p>\n\n\n\n<p>&#8220;Falegn-abilit\u00e0&#8221; \u00e8 un&#8217;importante testimonianza della volont\u00e0 del Comune di Albino di creare relazioni e progetti per i giovani del territorio, offrendo loro opportunit\u00e0 di formazione e di inclusione sociale.<\/p>\n\n\n\n<p><\/p>\n","protected":false},"excerpt":{"rendered":"<p>I ragazzi del PPD riqualificano le panchine in legno del<\/p>\n","protected":false},"author":31,"featured_media":16126,"comment_status":"open","ping_status":"open","sticky":false,"template":"","format":"standard","meta":{"footnotes":""},"categories":[1],"tags":[],"class_list":["post-16122","post","type-post","status-publish","format-standard","has-post-thumbnail","hentry","category-senza-categoria"],"yoast_head":"<!-- This site is optimized with the Yoast SEO plugin v25.8 - https:\/\/yoast.com\/wordpress\/plugins\/seo\/ -->\n<title>Falegn-abilit\u00e0, progetto di falegnameria per il PPD - Albino<\/title>\n<meta name=\"description\" content=\"Il Comune di Albino ha presentato il progetto &quot;Falegn-abilit\u00e0&quot;, rivolto ai ragazzi dei Percorsi PPD presso la sede di ABF.\" \/>\n<meta name=\"robots\" content=\"index, follow, max-snippet:-1, max-image-preview:large, max-video-preview:-1\" \/>\n<link rel=\"canonical\" href=\"https:\/\/www.abf.eu\/albino\/falegn-abilita-progetto-di-falegnameria-per-il-ppd\/\" \/>\n<meta property=\"og:locale\" content=\"it_IT\" \/>\n<meta property=\"og:type\" content=\"article\" \/>\n<meta property=\"og:title\" content=\"Falegn-abilit\u00e0, progetto di falegnameria per il PPD - Albino\" \/>\n<meta property=\"og:description\" content=\"Il Comune di Albino ha presentato il progetto &quot;Falegn-abilit\u00e0&quot;, rivolto ai ragazzi dei Percorsi PPD presso la sede di ABF.\" \/>\n<meta property=\"og:url\" content=\"https:\/\/www.abf.eu\/albino\/falegn-abilita-progetto-di-falegnameria-per-il-ppd\/\" \/>\n<meta property=\"og:site_name\" content=\"Albino\" \/>\n<meta property=\"article:published_time\" content=\"2023-03-03T19:47:33+00:00\" \/>\n<meta property=\"article:modified_time\" content=\"2023-03-03T19:47:34+00:00\" \/>\n<meta property=\"og:image\" content=\"https:\/\/www.abf.eu\/albino\/wp-content\/uploads\/sites\/4\/2023\/03\/falegnabilita.png\" \/>\n\t<meta property=\"og:image:width\" content=\"1000\" \/>\n\t<meta property=\"og:image:height\" content=\"666\" \/>\n\t<meta property=\"og:image:type\" content=\"image\/png\" \/>\n<meta name=\"author\" content=\"danilocaccia\" \/>\n<meta name=\"twitter:card\" content=\"summary_large_image\" \/>\n<meta name=\"twitter:label1\" content=\"Scritto da\" \/>\n\t<meta name=\"twitter:data1\" content=\"danilocaccia\" \/>\n\t<meta name=\"twitter:label2\" content=\"Tempo di lettura stimato\" \/>\n\t<meta name=\"twitter:data2\" content=\"6 minuti\" \/>\n<script type=\"application\/ld+json\" class=\"yoast-schema-graph\">{\"@context\":\"https:\/\/schema.org\",\"@graph\":[{\"@type\":\"WebPage\",\"@id\":\"https:\/\/www.abf.eu\/albino\/falegn-abilita-progetto-di-falegnameria-per-il-ppd\/\",\"url\":\"https:\/\/www.abf.eu\/albino\/falegn-abilita-progetto-di-falegnameria-per-il-ppd\/\",\"name\":\"Falegn-abilit\u00e0, progetto di falegnameria per il PPD - Albino\",\"isPartOf\":{\"@id\":\"https:\/\/www.abf.eu\/albino\/#website\"},\"primaryImageOfPage\":{\"@id\":\"https:\/\/www.abf.eu\/albino\/falegn-abilita-progetto-di-falegnameria-per-il-ppd\/#primaryimage\"},\"image\":{\"@id\":\"https:\/\/www.abf.eu\/albino\/falegn-abilita-progetto-di-falegnameria-per-il-ppd\/#primaryimage\"},\"thumbnailUrl\":\"https:\/\/www.abf.eu\/albino\/wp-content\/uploads\/sites\/4\/2023\/03\/falegnabilita.png\",\"datePublished\":\"2023-03-03T19:47:33+00:00\",\"dateModified\":\"2023-03-03T19:47:34+00:00\",\"author\":{\"@id\":\"https:\/\/www.abf.eu\/albino\/#\/schema\/person\/8a78d772811de95e251d66b4d5491f76\"},\"description\":\"Il Comune di Albino ha presentato il progetto \\\"Falegn-abilit\u00e0\\\", rivolto ai ragazzi dei Percorsi PPD presso la sede di ABF.\",\"breadcrumb\":{\"@id\":\"https:\/\/www.abf.eu\/albino\/falegn-abilita-progetto-di-falegnameria-per-il-ppd\/#breadcrumb\"},\"inLanguage\":\"it-IT\",\"potentialAction\":[{\"@type\":\"ReadAction\",\"target\":[\"https:\/\/www.abf.eu\/albino\/falegn-abilita-progetto-di-falegnameria-per-il-ppd\/\"]}]},{\"@type\":\"ImageObject\",\"inLanguage\":\"it-IT\",\"@id\":\"https:\/\/www.abf.eu\/albino\/falegn-abilita-progetto-di-falegnameria-per-il-ppd\/#primaryimage\",\"url\":\"https:\/\/www.abf.eu\/albino\/wp-content\/uploads\/sites\/4\/2023\/03\/falegnabilita.png\",\"contentUrl\":\"https:\/\/www.abf.eu\/albino\/wp-content\/uploads\/sites\/4\/2023\/03\/falegnabilita.png\",\"width\":1000,\"height\":666,\"caption\":\"falegn-abilit\u00e0\"},{\"@type\":\"BreadcrumbList\",\"@id\":\"https:\/\/www.abf.eu\/albino\/falegn-abilita-progetto-di-falegnameria-per-il-ppd\/#breadcrumb\",\"itemListElement\":[{\"@type\":\"ListItem\",\"position\":1,\"name\":\"Home\",\"item\":\"https:\/\/www.abf.eu\/albino\/\"},{\"@type\":\"ListItem\",\"position\":2,\"name\":\"Falegn-abilit\u00e0, progetto di falegnameria per il PPD\"}]},{\"@type\":\"WebSite\",\"@id\":\"https:\/\/www.abf.eu\/albino\/#website\",\"url\":\"https:\/\/www.abf.eu\/albino\/\",\"name\":\"Albino\",\"description\":\"Ecco un altro sito Abf siti\",\"potentialAction\":[{\"@type\":\"SearchAction\",\"target\":{\"@type\":\"EntryPoint\",\"urlTemplate\":\"https:\/\/www.abf.eu\/albino\/?s={search_term_string}\"},\"query-input\":{\"@type\":\"PropertyValueSpecification\",\"valueRequired\":true,\"valueName\":\"search_term_string\"}}],\"inLanguage\":\"it-IT\"},{\"@type\":\"Person\",\"@id\":\"https:\/\/www.abf.eu\/albino\/#\/schema\/person\/8a78d772811de95e251d66b4d5491f76\",\"name\":\"danilocaccia\",\"image\":{\"@type\":\"ImageObject\",\"inLanguage\":\"it-IT\",\"@id\":\"https:\/\/www.abf.eu\/albino\/#\/schema\/person\/image\/\",\"url\":\"https:\/\/secure.gravatar.com\/avatar\/d87f496e2092d70f0bc729633c0c70a56c54c4f8ce3eefdacc36b91c04c2e1c0?s=96&d=mm&r=g\",\"contentUrl\":\"https:\/\/secure.gravatar.com\/avatar\/d87f496e2092d70f0bc729633c0c70a56c54c4f8ce3eefdacc36b91c04c2e1c0?s=96&d=mm&r=g\",\"caption\":\"danilocaccia\"},\"sameAs\":[\"https:\/\/www.linkedin.com\/in\/danilocaccia\/\"],\"url\":\"https:\/\/www.abf.eu\/albino\/author\/danilocaccia\/\"}]}<\/script>\n<!-- \/ Yoast SEO plugin. -->","yoast_head_json":{"title":"Falegn-abilit\u00e0, progetto di falegnameria per il PPD - Albino","description":"Il Comune di Albino ha presentato il progetto \"Falegn-abilit\u00e0\", rivolto ai ragazzi dei Percorsi PPD presso la sede di ABF.","robots":{"index":"index","follow":"follow","max-snippet":"max-snippet:-1","max-image-preview":"max-image-preview:large","max-video-preview":"max-video-preview:-1"},"canonical":"https:\/\/www.abf.eu\/albino\/falegn-abilita-progetto-di-falegnameria-per-il-ppd\/","og_locale":"it_IT","og_type":"article","og_title":"Falegn-abilit\u00e0, progetto di falegnameria per il PPD - Albino","og_description":"Il Comune di Albino ha presentato il progetto \"Falegn-abilit\u00e0\", rivolto ai ragazzi dei Percorsi PPD presso la sede di ABF.","og_url":"https:\/\/www.abf.eu\/albino\/falegn-abilita-progetto-di-falegnameria-per-il-ppd\/","og_site_name":"Albino","article_published_time":"2023-03-03T19:47:33+00:00","article_modified_time":"2023-03-03T19:47:34+00:00","og_image":[{"width":1000,"height":666,"url":"https:\/\/www.abf.eu\/albino\/wp-content\/uploads\/sites\/4\/2023\/03\/falegnabilita.png","type":"image\/png"}],"author":"danilocaccia","twitter_card":"summary_large_image","twitter_misc":{"Scritto da":"danilocaccia","Tempo di lettura stimato":"6 minuti"},"schema":{"@context":"https:\/\/schema.org","@graph":[{"@type":"WebPage","@id":"https:\/\/www.abf.eu\/albino\/falegn-abilita-progetto-di-falegnameria-per-il-ppd\/","url":"https:\/\/www.abf.eu\/albino\/falegn-abilita-progetto-di-falegnameria-per-il-ppd\/","name":"Falegn-abilit\u00e0, progetto di falegnameria per il PPD - Albino","isPartOf":{"@id":"https:\/\/www.abf.eu\/albino\/#website"},"primaryImageOfPage":{"@id":"https:\/\/www.abf.eu\/albino\/falegn-abilita-progetto-di-falegnameria-per-il-ppd\/#primaryimage"},"image":{"@id":"https:\/\/www.abf.eu\/albino\/falegn-abilita-progetto-di-falegnameria-per-il-ppd\/#primaryimage"},"thumbnailUrl":"https:\/\/www.abf.eu\/albino\/wp-content\/uploads\/sites\/4\/2023\/03\/falegnabilita.png","datePublished":"2023-03-03T19:47:33+00:00","dateModified":"2023-03-03T19:47:34+00:00","author":{"@id":"https:\/\/www.abf.eu\/albino\/#\/schema\/person\/8a78d772811de95e251d66b4d5491f76"},"description":"Il Comune di Albino ha presentato il progetto \"Falegn-abilit\u00e0\", rivolto ai ragazzi dei Percorsi PPD presso la sede di ABF.","breadcrumb":{"@id":"https:\/\/www.abf.eu\/albino\/falegn-abilita-progetto-di-falegnameria-per-il-ppd\/#breadcrumb"},"inLanguage":"it-IT","potentialAction":[{"@type":"ReadAction","target":["https:\/\/www.abf.eu\/albino\/falegn-abilita-progetto-di-falegnameria-per-il-ppd\/"]}]},{"@type":"ImageObject","inLanguage":"it-IT","@id":"https:\/\/www.abf.eu\/albino\/falegn-abilita-progetto-di-falegnameria-per-il-ppd\/#primaryimage","url":"https:\/\/www.abf.eu\/albino\/wp-content\/uploads\/sites\/4\/2023\/03\/falegnabilita.png","contentUrl":"https:\/\/www.abf.eu\/albino\/wp-content\/uploads\/sites\/4\/2023\/03\/falegnabilita.png","width":1000,"height":666,"caption":"falegn-abilit\u00e0"},{"@type":"BreadcrumbList","@id":"https:\/\/www.abf.eu\/albino\/falegn-abilita-progetto-di-falegnameria-per-il-ppd\/#breadcrumb","itemListElement":[{"@type":"ListItem","position":1,"name":"Home","item":"https:\/\/www.abf.eu\/albino\/"},{"@type":"ListItem","position":2,"name":"Falegn-abilit\u00e0, progetto di falegnameria per il PPD"}]},{"@type":"WebSite","@id":"https:\/\/www.abf.eu\/albino\/#website","url":"https:\/\/www.abf.eu\/albino\/","name":"Albino","description":"Ecco un altro sito Abf siti","potentialAction":[{"@type":"SearchAction","target":{"@type":"EntryPoint","urlTemplate":"https:\/\/www.abf.eu\/albino\/?s={search_term_string}"},"query-input":{"@type":"PropertyValueSpecification","valueRequired":true,"valueName":"search_term_string"}}],"inLanguage":"it-IT"},{"@type":"Person","@id":"https:\/\/www.abf.eu\/albino\/#\/schema\/person\/8a78d772811de95e251d66b4d5491f76","name":"danilocaccia","image":{"@type":"ImageObject","inLanguage":"it-IT","@id":"https:\/\/www.abf.eu\/albino\/#\/schema\/person\/image\/","url":"https:\/\/secure.gravatar.com\/avatar\/d87f496e2092d70f0bc729633c0c70a56c54c4f8ce3eefdacc36b91c04c2e1c0?s=96&d=mm&r=g","contentUrl":"https:\/\/secure.gravatar.com\/avatar\/d87f496e2092d70f0bc729633c0c70a56c54c4f8ce3eefdacc36b91c04c2e1c0?s=96&d=mm&r=g","caption":"danilocaccia"},"sameAs":["https:\/\/www.linkedin.com\/in\/danilocaccia\/"],"url":"https:\/\/www.abf.eu\/albino\/author\/danilocaccia\/"}]}},"_links":{"self":[{"href":"https:\/\/www.abf.eu\/albino\/wp-json\/wp\/v2\/posts\/16122","targetHints":{"allow":["GET"]}}],"collection":[{"href":"https:\/\/www.abf.eu\/albino\/wp-json\/wp\/v2\/posts"}],"about":[{"href":"https:\/\/www.abf.eu\/albino\/wp-json\/wp\/v2\/types\/post"}],"author":[{"embeddable":true,"href":"https:\/\/www.abf.eu\/albino\/wp-json\/wp\/v2\/users\/31"}],"replies":[{"embeddable":true,"href":"https:\/\/www.abf.eu\/albino\/wp-json\/wp\/v2\/comments?post=16122"}],"version-history":[{"count":7,"href":"https:\/\/www.abf.eu\/albino\/wp-json\/wp\/v2\/posts\/16122\/revisions"}],"predecessor-version":[{"id":16135,"href":"https:\/\/www.abf.eu\/albino\/wp-json\/wp\/v2\/posts\/16122\/revisions\/16135"}],"wp:featuredmedia":[{"embeddable":true,"href":"https:\/\/www.abf.eu\/albino\/wp-json\/wp\/v2\/media\/16126"}],"wp:attachment":[{"href":"https:\/\/www.abf.eu\/albino\/wp-json\/wp\/v2\/media?parent=16122"}],"wp:term":[{"taxonomy":"category","embeddable":true,"href":"https:\/\/www.abf.eu\/albino\/wp-json\/wp\/v2\/categories?post=16122"},{"taxonomy":"post_tag","embeddable":true,"href":"https:\/\/www.abf.eu\/albino\/wp-json\/wp\/v2\/tags?post=16122"}],"curies":[{"name":"wp","href":"https:\/\/api.w.org\/{rel}","templated":true}]}}