{"id":17106,"date":"2026-04-15T08:04:44","date_gmt":"2026-04-15T06:04:44","guid":{"rendered":"https:\/\/www.abf.eu\/albino\/?p=17106"},"modified":"2026-04-15T08:53:56","modified_gmt":"2026-04-15T06:53:56","slug":"open-night","status":"publish","type":"post","link":"https:\/\/www.abf.eu\/albino\/open-night\/","title":{"rendered":"Open Night in ABF Albino &#8211; 11 maggio"},"content":{"rendered":"\n<h3 class=\"wp-block-heading\">Quattro percorsi formativi&#8230; tutti in una serata!<\/h3>\n\n\n\n<h5 class=\"wp-block-heading\">Partecipa all&#8217;Open Night di primavera per conoscere le opportunit\u00e0 formative di ABF Albino<\/h5>\n\n\n\n<p>La sede di ABF Albino apre le sue porte per un Open Night, un evento serale pensato per esplorare i percorsi di formazione professionale offerti. L&#8217;incontro si terr\u00e0 <strong>luned\u00ec 11 maggio, dalle 19:30 alle 21:30<\/strong>, presso la sede di via Padre Dehon Leon 1\/A.<\/p>\n\n\n\n<h5 class=\"wp-block-heading\">Un tour nei nostri laboratori<\/h5>\n\n\n\n<p>Durante l&#8217;Open Night, gli ospiti potranno visitare i nostri laboratori, osservando da vicino le attrezzature e le tecniche utilizzate nei corsi. I docenti di laboratorio e gli studenti saranno presenti per mostrare con competenza le abilit\u00e0 acquisite nei vari ambiti formativi. Tra i laboratori visitabili, vi sono quelli di:<\/p>\n\n\n\n<ul class=\"wp-block-list\">\n<li><strong>Acconciatura<\/strong><\/li>\n\n\n\n<li><strong>Estetica<\/strong><\/li>\n\n\n\n<li><strong>Elettrico<\/strong><\/li>\n\n\n\n<li><strong>Meccatronico<\/strong><\/li>\n<\/ul>\n\n\n\n<p>Questa occasione permetter\u00e0 ai partecipanti di comprendere meglio i percorsi formativi e le prospettive professionali offerte dai nostri corsi.<\/p>\n\n\n\n<p>La fascia oraria dell&#8217;Open Night \u00e8 stata scelta per consentire la partecipazione anche ai <strong>genitori lavoratori<\/strong>, che avranno cos\u00ec la possibilit\u00e0 di incontrare i docenti e porre loro qualsiasi domanda riguardante i percorsi formativi. Questo momento di dialogo diretto con il corpo docente \u00e8 prezioso per chiarire dubbi e ricevere informazioni dettagliate.<\/p>\n\n\n\n<h5 class=\"wp-block-heading\">Prenota la tua visita<\/h5>\n\n\n\n<p>La partecipazione all&#8217;Open Night \u00e8 gratuita, ma \u00e8 necessaria la prenotazione. Per iscriversi, \u00e8 sufficiente inviare una mail a Elena Mutti all&#8217;indirizzo <a href=\"mailto:elena.mutti@abf.eu?subject=Prenotazione Open Night 19 maggio&amp;body=Buongiorno. Vorrei iscrivere mio figlio NOME E COGNOME al Open Night di luned\u00ec 19 maggio. Sar\u00e0 accompagnato da NUMERO accompagnatori. Grazie mille!\">elena.mutti@abf.eu<\/a>. Sar\u00e0 un&#8217;occasione per scoprire i nostri corsi e per parlare direttamente con i docenti e gli studenti, ottenendo informazioni preziose per il tuo futuro formativo e professionale.<\/p>\n\n\n\n<div id=\"linkcontent-block_664707bfcae80\" class=\"link-content \">\n    <a class='animated-arrow font-weight-bold' href='mailto:elena.mutti@abf.eu?subject=Prenotazione Open Night 19 maggio&#038;body=Buongiorno. Vorrei iscrivere mio figlio NOME E COGNOME al Open Night di luned\u00ec 19 maggio. Sar\u00e0 accompagnato da NUMERO accompagnatori. Grazie mille!' target=\"_blank\">\n        <span class='the-arrow -left'>\n            <span class='shaft'><\/span>\n        <\/span>\n        <span class='main'>\n            <span class='text'>Iscriviti all&#8217;Open Night del 11 maggio<\/span>\n            <span class='the-arrow -right'>\n                <span class='shaft'><\/span>\n            <\/span>\n        <\/span>\n    <\/a>\n<\/div>\n\n\n\n\n\n<hr class=\"wp-block-separator has-alpha-channel-opacity\"\/>\n","protected":false},"excerpt":{"rendered":"<p>Quattro percorsi formativi&#8230; tutti in una serata! Partecipa all&#8217;Open Night<\/p>\n","protected":false},"author":31,"featured_media":20367,"comment_status":"open","ping_status":"open","sticky":false,"template":"","format":"standard","meta":{"footnotes":""},"categories":[1],"tags":[],"class_list":["post-17106","post","type-post","status-publish","format-standard","has-post-thumbnail","hentry","category-senza-categoria"],"yoast_head":"<!-- This site is optimized with the Yoast SEO plugin v25.8 - https:\/\/yoast.com\/wordpress\/plugins\/seo\/ -->\n<title>Open Night in ABF Albino - 11 maggio - Albino<\/title>\n<meta name=\"description\" content=\"Partecipa alla nostra open night il 19 maggio, dalle 19:30 alle 21:30, per esplorare i percorsi di formazione professionale offerti.\" \/>\n<meta name=\"robots\" content=\"index, follow, max-snippet:-1, max-image-preview:large, max-video-preview:-1\" \/>\n<link rel=\"canonical\" href=\"https:\/\/www.abf.eu\/albino\/open-night\/\" \/>\n<meta property=\"og:locale\" content=\"it_IT\" \/>\n<meta property=\"og:type\" content=\"article\" \/>\n<meta property=\"og:title\" content=\"Open Night in ABF Albino - 11 maggio - Albino\" \/>\n<meta property=\"og:description\" content=\"Partecipa alla nostra open night il 19 maggio, dalle 19:30 alle 21:30, per esplorare i percorsi di formazione professionale offerti.\" \/>\n<meta property=\"og:url\" content=\"https:\/\/www.abf.eu\/albino\/open-night\/\" \/>\n<meta property=\"og:site_name\" content=\"Albino\" \/>\n<meta property=\"article:published_time\" content=\"2026-04-15T06:04:44+00:00\" \/>\n<meta property=\"article:modified_time\" content=\"2026-04-15T06:53:56+00:00\" \/>\n<meta property=\"og:image\" content=\"https:\/\/www.abf.eu\/albino\/wp-content\/uploads\/sites\/4\/2026\/04\/Open-night.png\" \/>\n\t<meta property=\"og:image:width\" content=\"1000\" \/>\n\t<meta property=\"og:image:height\" content=\"666\" \/>\n\t<meta property=\"og:image:type\" content=\"image\/png\" \/>\n<meta name=\"author\" content=\"danilocaccia\" \/>\n<meta name=\"twitter:card\" content=\"summary_large_image\" \/>\n<meta name=\"twitter:label1\" content=\"Scritto da\" \/>\n\t<meta name=\"twitter:data1\" content=\"danilocaccia\" \/>\n\t<meta name=\"twitter:label2\" content=\"Tempo di lettura stimato\" \/>\n\t<meta name=\"twitter:data2\" content=\"2 minuti\" \/>\n<script type=\"application\/ld+json\" class=\"yoast-schema-graph\">{\"@context\":\"https:\/\/schema.org\",\"@graph\":[{\"@type\":\"WebPage\",\"@id\":\"https:\/\/www.abf.eu\/albino\/open-night\/\",\"url\":\"https:\/\/www.abf.eu\/albino\/open-night\/\",\"name\":\"Open Night in ABF Albino - 11 maggio - Albino\",\"isPartOf\":{\"@id\":\"https:\/\/www.abf.eu\/albino\/#website\"},\"primaryImageOfPage\":{\"@id\":\"https:\/\/www.abf.eu\/albino\/open-night\/#primaryimage\"},\"image\":{\"@id\":\"https:\/\/www.abf.eu\/albino\/open-night\/#primaryimage\"},\"thumbnailUrl\":\"https:\/\/www.abf.eu\/albino\/wp-content\/uploads\/sites\/4\/2026\/04\/Open-night.png\",\"datePublished\":\"2026-04-15T06:04:44+00:00\",\"dateModified\":\"2026-04-15T06:53:56+00:00\",\"author\":{\"@id\":\"https:\/\/www.abf.eu\/albino\/#\/schema\/person\/8a78d772811de95e251d66b4d5491f76\"},\"description\":\"Partecipa alla nostra open night il 19 maggio, dalle 19:30 alle 21:30, per esplorare i percorsi di formazione professionale offerti.\",\"breadcrumb\":{\"@id\":\"https:\/\/www.abf.eu\/albino\/open-night\/#breadcrumb\"},\"inLanguage\":\"it-IT\",\"potentialAction\":[{\"@type\":\"ReadAction\",\"target\":[\"https:\/\/www.abf.eu\/albino\/open-night\/\"]}]},{\"@type\":\"ImageObject\",\"inLanguage\":\"it-IT\",\"@id\":\"https:\/\/www.abf.eu\/albino\/open-night\/#primaryimage\",\"url\":\"https:\/\/www.abf.eu\/albino\/wp-content\/uploads\/sites\/4\/2026\/04\/Open-night.png\",\"contentUrl\":\"https:\/\/www.abf.eu\/albino\/wp-content\/uploads\/sites\/4\/2026\/04\/Open-night.png\",\"width\":1000,\"height\":666},{\"@type\":\"BreadcrumbList\",\"@id\":\"https:\/\/www.abf.eu\/albino\/open-night\/#breadcrumb\",\"itemListElement\":[{\"@type\":\"ListItem\",\"position\":1,\"name\":\"Home\",\"item\":\"https:\/\/www.abf.eu\/albino\/\"},{\"@type\":\"ListItem\",\"position\":2,\"name\":\"Open Night in ABF Albino &#8211; 11 maggio\"}]},{\"@type\":\"WebSite\",\"@id\":\"https:\/\/www.abf.eu\/albino\/#website\",\"url\":\"https:\/\/www.abf.eu\/albino\/\",\"name\":\"Albino\",\"description\":\"Ecco un altro sito Abf siti\",\"potentialAction\":[{\"@type\":\"SearchAction\",\"target\":{\"@type\":\"EntryPoint\",\"urlTemplate\":\"https:\/\/www.abf.eu\/albino\/?s={search_term_string}\"},\"query-input\":{\"@type\":\"PropertyValueSpecification\",\"valueRequired\":true,\"valueName\":\"search_term_string\"}}],\"inLanguage\":\"it-IT\"},{\"@type\":\"Person\",\"@id\":\"https:\/\/www.abf.eu\/albino\/#\/schema\/person\/8a78d772811de95e251d66b4d5491f76\",\"name\":\"danilocaccia\",\"image\":{\"@type\":\"ImageObject\",\"inLanguage\":\"it-IT\",\"@id\":\"https:\/\/www.abf.eu\/albino\/#\/schema\/person\/image\/\",\"url\":\"https:\/\/secure.gravatar.com\/avatar\/d87f496e2092d70f0bc729633c0c70a56c54c4f8ce3eefdacc36b91c04c2e1c0?s=96&d=mm&r=g\",\"contentUrl\":\"https:\/\/secure.gravatar.com\/avatar\/d87f496e2092d70f0bc729633c0c70a56c54c4f8ce3eefdacc36b91c04c2e1c0?s=96&d=mm&r=g\",\"caption\":\"danilocaccia\"},\"sameAs\":[\"https:\/\/www.linkedin.com\/in\/danilocaccia\/\"],\"url\":\"https:\/\/www.abf.eu\/albino\/author\/danilocaccia\/\"}]}<\/script>\n<!-- \/ Yoast SEO plugin. -->","yoast_head_json":{"title":"Open Night in ABF Albino - 11 maggio - Albino","description":"Partecipa alla nostra open night il 19 maggio, dalle 19:30 alle 21:30, per esplorare i percorsi di formazione professionale offerti.","robots":{"index":"index","follow":"follow","max-snippet":"max-snippet:-1","max-image-preview":"max-image-preview:large","max-video-preview":"max-video-preview:-1"},"canonical":"https:\/\/www.abf.eu\/albino\/open-night\/","og_locale":"it_IT","og_type":"article","og_title":"Open Night in ABF Albino - 11 maggio - Albino","og_description":"Partecipa alla nostra open night il 19 maggio, dalle 19:30 alle 21:30, per esplorare i percorsi di formazione professionale offerti.","og_url":"https:\/\/www.abf.eu\/albino\/open-night\/","og_site_name":"Albino","article_published_time":"2026-04-15T06:04:44+00:00","article_modified_time":"2026-04-15T06:53:56+00:00","og_image":[{"width":1000,"height":666,"url":"https:\/\/www.abf.eu\/albino\/wp-content\/uploads\/sites\/4\/2026\/04\/Open-night.png","type":"image\/png"}],"author":"danilocaccia","twitter_card":"summary_large_image","twitter_misc":{"Scritto da":"danilocaccia","Tempo di lettura stimato":"2 minuti"},"schema":{"@context":"https:\/\/schema.org","@graph":[{"@type":"WebPage","@id":"https:\/\/www.abf.eu\/albino\/open-night\/","url":"https:\/\/www.abf.eu\/albino\/open-night\/","name":"Open Night in ABF Albino - 11 maggio - Albino","isPartOf":{"@id":"https:\/\/www.abf.eu\/albino\/#website"},"primaryImageOfPage":{"@id":"https:\/\/www.abf.eu\/albino\/open-night\/#primaryimage"},"image":{"@id":"https:\/\/www.abf.eu\/albino\/open-night\/#primaryimage"},"thumbnailUrl":"https:\/\/www.abf.eu\/albino\/wp-content\/uploads\/sites\/4\/2026\/04\/Open-night.png","datePublished":"2026-04-15T06:04:44+00:00","dateModified":"2026-04-15T06:53:56+00:00","author":{"@id":"https:\/\/www.abf.eu\/albino\/#\/schema\/person\/8a78d772811de95e251d66b4d5491f76"},"description":"Partecipa alla nostra open night il 19 maggio, dalle 19:30 alle 21:30, per esplorare i percorsi di formazione professionale offerti.","breadcrumb":{"@id":"https:\/\/www.abf.eu\/albino\/open-night\/#breadcrumb"},"inLanguage":"it-IT","potentialAction":[{"@type":"ReadAction","target":["https:\/\/www.abf.eu\/albino\/open-night\/"]}]},{"@type":"ImageObject","inLanguage":"it-IT","@id":"https:\/\/www.abf.eu\/albino\/open-night\/#primaryimage","url":"https:\/\/www.abf.eu\/albino\/wp-content\/uploads\/sites\/4\/2026\/04\/Open-night.png","contentUrl":"https:\/\/www.abf.eu\/albino\/wp-content\/uploads\/sites\/4\/2026\/04\/Open-night.png","width":1000,"height":666},{"@type":"BreadcrumbList","@id":"https:\/\/www.abf.eu\/albino\/open-night\/#breadcrumb","itemListElement":[{"@type":"ListItem","position":1,"name":"Home","item":"https:\/\/www.abf.eu\/albino\/"},{"@type":"ListItem","position":2,"name":"Open Night in ABF Albino &#8211; 11 maggio"}]},{"@type":"WebSite","@id":"https:\/\/www.abf.eu\/albino\/#website","url":"https:\/\/www.abf.eu\/albino\/","name":"Albino","description":"Ecco un altro sito Abf siti","potentialAction":[{"@type":"SearchAction","target":{"@type":"EntryPoint","urlTemplate":"https:\/\/www.abf.eu\/albino\/?s={search_term_string}"},"query-input":{"@type":"PropertyValueSpecification","valueRequired":true,"valueName":"search_term_string"}}],"inLanguage":"it-IT"},{"@type":"Person","@id":"https:\/\/www.abf.eu\/albino\/#\/schema\/person\/8a78d772811de95e251d66b4d5491f76","name":"danilocaccia","image":{"@type":"ImageObject","inLanguage":"it-IT","@id":"https:\/\/www.abf.eu\/albino\/#\/schema\/person\/image\/","url":"https:\/\/secure.gravatar.com\/avatar\/d87f496e2092d70f0bc729633c0c70a56c54c4f8ce3eefdacc36b91c04c2e1c0?s=96&d=mm&r=g","contentUrl":"https:\/\/secure.gravatar.com\/avatar\/d87f496e2092d70f0bc729633c0c70a56c54c4f8ce3eefdacc36b91c04c2e1c0?s=96&d=mm&r=g","caption":"danilocaccia"},"sameAs":["https:\/\/www.linkedin.com\/in\/danilocaccia\/"],"url":"https:\/\/www.abf.eu\/albino\/author\/danilocaccia\/"}]}},"_links":{"self":[{"href":"https:\/\/www.abf.eu\/albino\/wp-json\/wp\/v2\/posts\/17106","targetHints":{"allow":["GET"]}}],"collection":[{"href":"https:\/\/www.abf.eu\/albino\/wp-json\/wp\/v2\/posts"}],"about":[{"href":"https:\/\/www.abf.eu\/albino\/wp-json\/wp\/v2\/types\/post"}],"author":[{"embeddable":true,"href":"https:\/\/www.abf.eu\/albino\/wp-json\/wp\/v2\/users\/31"}],"replies":[{"embeddable":true,"href":"https:\/\/www.abf.eu\/albino\/wp-json\/wp\/v2\/comments?post=17106"}],"version-history":[{"count":26,"href":"https:\/\/www.abf.eu\/albino\/wp-json\/wp\/v2\/posts\/17106\/revisions"}],"predecessor-version":[{"id":20369,"href":"https:\/\/www.abf.eu\/albino\/wp-json\/wp\/v2\/posts\/17106\/revisions\/20369"}],"wp:featuredmedia":[{"embeddable":true,"href":"https:\/\/www.abf.eu\/albino\/wp-json\/wp\/v2\/media\/20367"}],"wp:attachment":[{"href":"https:\/\/www.abf.eu\/albino\/wp-json\/wp\/v2\/media?parent=17106"}],"wp:term":[{"taxonomy":"category","embeddable":true,"href":"https:\/\/www.abf.eu\/albino\/wp-json\/wp\/v2\/categories?post=17106"},{"taxonomy":"post_tag","embeddable":true,"href":"https:\/\/www.abf.eu\/albino\/wp-json\/wp\/v2\/tags?post=17106"}],"curies":[{"name":"wp","href":"https:\/\/api.w.org\/{rel}","templated":true}]}}