{"id":19071,"date":"2025-04-08T10:30:00","date_gmt":"2025-04-08T08:30:00","guid":{"rendered":"https:\/\/www.abf.eu\/albino\/?p=19071"},"modified":"2025-04-08T13:39:14","modified_gmt":"2025-04-08T11:39:14","slug":"in-prima-linea","status":"publish","type":"post","link":"https:\/\/www.abf.eu\/albino\/in-prima-linea\/","title":{"rendered":"&#8220;In prima linea&#8221;: ABF a supporto della prevenzione giovanile"},"content":{"rendered":"\n<h3 class=\"wp-block-heading\">Un progetto per prevenire comportamenti a rischio<\/h3>\n\n\n\n<h5 class=\"wp-block-heading\">Rete territoriale per prevenire il disagio giovanile<\/h5>\n\n\n\n<p>ABF Albino aderisce al progetto <strong>&#8220;<a href=\"https:\/\/www.piccoloprincipe.org\/inprimalinea\/\">In prima linea<\/a>&#8220;<\/strong>, promosso da <strong>Piccolo Principe Cooperativa Sociale<\/strong> ed altri enti partner nell\u2019ambito delle iniziative del Programma Regionale, cofinanziato dal Fondo Sociale Europeo Plus.<\/p>\n\n\n\n<p>Il progetto mira a <strong>prevenire comportamenti a rischio<\/strong> tra i giovani, come l\u2019uso di alcol, sostanze psicotrope e il gioco d\u2019azzardo, e a <strong>ridurre i rischi sociali, sanitari e legali<\/strong> associati a tali comportamenti. Inoltre, si propone di <strong>intercettare precocemente situazioni di disagio sociale<\/strong> che potrebbero condurre i giovani verso percorsi di marginalit\u00e0.<\/p>\n\n\n\n<h5 class=\"wp-block-heading\">Formazione per i docenti<\/h5>\n\n\n\n<p>Consapevole del proprio ruolo educativo, <strong>ABF ha partecipato attivamente a una serie di interventi formativi rivolti ai docenti<\/strong>. Durante gli incontri, i formatori hanno illustrato:<\/p>\n\n\n\n<ul class=\"wp-block-list\">\n<li>le principali sostanze e i relativi effetti;<\/li>\n\n\n\n<li>i fattori di rischio e di protezione che influenzano i comportamenti giovanili;<\/li>\n\n\n\n<li>le possibili strategie di prevenzione da adottare in ambito scolastico.<\/li>\n<\/ul>\n\n\n\n<p>L\u2019obiettivo principale \u00e8 stato quello di <strong>rafforzare la capacit\u00e0 degli educatori di leggere i segnali di disagio<\/strong> e di attivarsi in rete per costruire un ambiente scolastico pi\u00f9 sicuro e attento. I docenti diventano cos\u00ec vere e proprie <em>sentinelle di comunit\u00e0<\/em>, capaci di intercettare fragilit\u00e0 e avviare percorsi di supporto.<\/p>\n\n\n\n<figure class=\"wp-block-image size-full\"><img loading=\"lazy\" decoding=\"async\" width=\"1000\" height=\"666\" src=\"https:\/\/www.abf.eu\/albino\/wp-content\/uploads\/sites\/4\/2025\/04\/4.png\" alt=\"\" class=\"wp-image-19108\" srcset=\"https:\/\/www.abf.eu\/albino\/wp-content\/uploads\/sites\/4\/2025\/04\/4.png 1000w, https:\/\/www.abf.eu\/albino\/wp-content\/uploads\/sites\/4\/2025\/04\/4-300x200.png 300w, https:\/\/www.abf.eu\/albino\/wp-content\/uploads\/sites\/4\/2025\/04\/4-768x511.png 768w, https:\/\/www.abf.eu\/albino\/wp-content\/uploads\/sites\/4\/2025\/04\/4-600x400.png 600w\" sizes=\"auto, (max-width: 1000px) 100vw, 1000px\" \/><\/figure>\n\n\n\n<h5 class=\"wp-block-heading\">Alcol, sostanze, gioco d&#8217;azzardo: la sfida educativa degli adulti<\/h5>\n\n\n\n<p>All&#8217;interno del progetto, <strong>ABF Albino ha deciso di coinvolgere anche le famiglie<\/strong> in un percorso informativo rivolto ai genitori delle classi prime e seconde: <strong>\u201cAlcol, sostanze, gioco d\u2019azzardo: la sfida educativa degli adulti\u201d<\/strong>. Il primo incontro si \u00e8 tenuto <strong>mercoled\u00ec 26 marzo 2025<\/strong> presso l\u2019Aula Magna della sede. Relatori della serata sono stati <strong>Gilberto Giudici<\/strong>, direttore della Cooperativa Piccolo Principe, insieme a <strong>Lorenza Belotti<\/strong> ed <strong>Elisa Carobbio<\/strong>. Oltre al tema delle dipendenze, si \u00e8 parlato di <strong>genitorialit\u00e0, responsabilit\u00e0 e autorevolezza<\/strong>: aspetti fondamentali per accompagnare i ragazzi nella crescita.<\/p>\n\n\n\n<p>La partecipazione \u00e8 stata numerosa e attenta, segnale chiaro di quanto questi temi siano sentiti e condivisi.<\/p>\n\n\n\n<figure class=\"wp-block-image size-full\"><img loading=\"lazy\" decoding=\"async\" width=\"1000\" height=\"666\" src=\"https:\/\/www.abf.eu\/albino\/wp-content\/uploads\/sites\/4\/2025\/04\/3.png\" alt=\"\" class=\"wp-image-19107\" srcset=\"https:\/\/www.abf.eu\/albino\/wp-content\/uploads\/sites\/4\/2025\/04\/3.png 1000w, https:\/\/www.abf.eu\/albino\/wp-content\/uploads\/sites\/4\/2025\/04\/3-300x200.png 300w, https:\/\/www.abf.eu\/albino\/wp-content\/uploads\/sites\/4\/2025\/04\/3-768x511.png 768w, https:\/\/www.abf.eu\/albino\/wp-content\/uploads\/sites\/4\/2025\/04\/3-600x400.png 600w\" sizes=\"auto, (max-width: 1000px) 100vw, 1000px\" \/><\/figure>\n\n\n\n<p>Il <strong>secondo incontro \u00e8 previsto per gioved\u00ec 10 aprile 2025<\/strong>, sempre alle ore 20:30, nella sede di ABF Albino. La partecipazione \u00e8 aperta anche a chi non ha preso parte alla prima serata.<\/p>\n","protected":false},"excerpt":{"rendered":"<p>Un progetto per prevenire comportamenti a rischio Rete territoriale per<\/p>\n","protected":false},"author":61,"featured_media":19105,"comment_status":"open","ping_status":"open","sticky":false,"template":"","format":"standard","meta":{"footnotes":""},"categories":[1],"tags":[],"class_list":["post-19071","post","type-post","status-publish","format-standard","has-post-thumbnail","hentry","category-senza-categoria"],"yoast_head":"<!-- This site is optimized with the Yoast SEO plugin v25.8 - https:\/\/yoast.com\/wordpress\/plugins\/seo\/ -->\n<title>&quot;In prima linea&quot;: ABF a supporto della prevenzione giovanile - Albino<\/title>\n<meta name=\"description\" content=\"ABF Albino aderisce al progetto &quot;In prima linea&quot; per prevenire comportamenti a rischio tra i giovani e a ridurre i rischi sociali e sanitari.\" \/>\n<meta name=\"robots\" content=\"index, follow, max-snippet:-1, max-image-preview:large, max-video-preview:-1\" \/>\n<link rel=\"canonical\" href=\"https:\/\/www.abf.eu\/albino\/in-prima-linea\/\" \/>\n<meta property=\"og:locale\" content=\"it_IT\" \/>\n<meta property=\"og:type\" content=\"article\" \/>\n<meta property=\"og:title\" content=\"&quot;In prima linea&quot;: ABF a supporto della prevenzione giovanile - Albino\" \/>\n<meta property=\"og:description\" content=\"ABF Albino aderisce al progetto &quot;In prima linea&quot; per prevenire comportamenti a rischio tra i giovani e a ridurre i rischi sociali e sanitari.\" \/>\n<meta property=\"og:url\" content=\"https:\/\/www.abf.eu\/albino\/in-prima-linea\/\" \/>\n<meta property=\"og:site_name\" content=\"Albino\" \/>\n<meta property=\"article:published_time\" content=\"2025-04-08T08:30:00+00:00\" \/>\n<meta property=\"article:modified_time\" content=\"2025-04-08T11:39:14+00:00\" \/>\n<meta property=\"og:image\" content=\"https:\/\/www.abf.eu\/albino\/wp-content\/uploads\/sites\/4\/2025\/04\/1.png\" \/>\n\t<meta property=\"og:image:width\" content=\"1000\" \/>\n\t<meta property=\"og:image:height\" content=\"666\" \/>\n\t<meta property=\"og:image:type\" content=\"image\/png\" \/>\n<meta name=\"author\" content=\"giadabrembilla\" \/>\n<meta name=\"twitter:card\" content=\"summary_large_image\" \/>\n<meta name=\"twitter:label1\" content=\"Scritto da\" \/>\n\t<meta name=\"twitter:data1\" content=\"giadabrembilla\" \/>\n\t<meta name=\"twitter:label2\" content=\"Tempo di lettura stimato\" \/>\n\t<meta name=\"twitter:data2\" content=\"3 minuti\" \/>\n<script type=\"application\/ld+json\" class=\"yoast-schema-graph\">{\"@context\":\"https:\/\/schema.org\",\"@graph\":[{\"@type\":\"WebPage\",\"@id\":\"https:\/\/www.abf.eu\/albino\/in-prima-linea\/\",\"url\":\"https:\/\/www.abf.eu\/albino\/in-prima-linea\/\",\"name\":\"\\\"In prima linea\\\": ABF a supporto della prevenzione giovanile - Albino\",\"isPartOf\":{\"@id\":\"https:\/\/www.abf.eu\/albino\/#website\"},\"primaryImageOfPage\":{\"@id\":\"https:\/\/www.abf.eu\/albino\/in-prima-linea\/#primaryimage\"},\"image\":{\"@id\":\"https:\/\/www.abf.eu\/albino\/in-prima-linea\/#primaryimage\"},\"thumbnailUrl\":\"https:\/\/www.abf.eu\/albino\/wp-content\/uploads\/sites\/4\/2025\/04\/1.png\",\"datePublished\":\"2025-04-08T08:30:00+00:00\",\"dateModified\":\"2025-04-08T11:39:14+00:00\",\"author\":{\"@id\":\"https:\/\/www.abf.eu\/albino\/#\/schema\/person\/0daf58404dacb015e5a8d3000f24219b\"},\"description\":\"ABF Albino aderisce al progetto \\\"In prima linea\\\" per prevenire comportamenti a rischio tra i giovani e a ridurre i rischi sociali e sanitari.\",\"breadcrumb\":{\"@id\":\"https:\/\/www.abf.eu\/albino\/in-prima-linea\/#breadcrumb\"},\"inLanguage\":\"it-IT\",\"potentialAction\":[{\"@type\":\"ReadAction\",\"target\":[\"https:\/\/www.abf.eu\/albino\/in-prima-linea\/\"]}]},{\"@type\":\"ImageObject\",\"inLanguage\":\"it-IT\",\"@id\":\"https:\/\/www.abf.eu\/albino\/in-prima-linea\/#primaryimage\",\"url\":\"https:\/\/www.abf.eu\/albino\/wp-content\/uploads\/sites\/4\/2025\/04\/1.png\",\"contentUrl\":\"https:\/\/www.abf.eu\/albino\/wp-content\/uploads\/sites\/4\/2025\/04\/1.png\",\"width\":1000,\"height\":666},{\"@type\":\"BreadcrumbList\",\"@id\":\"https:\/\/www.abf.eu\/albino\/in-prima-linea\/#breadcrumb\",\"itemListElement\":[{\"@type\":\"ListItem\",\"position\":1,\"name\":\"Home\",\"item\":\"https:\/\/www.abf.eu\/albino\/\"},{\"@type\":\"ListItem\",\"position\":2,\"name\":\"&#8220;In prima linea&#8221;: ABF a supporto della prevenzione giovanile\"}]},{\"@type\":\"WebSite\",\"@id\":\"https:\/\/www.abf.eu\/albino\/#website\",\"url\":\"https:\/\/www.abf.eu\/albino\/\",\"name\":\"Albino\",\"description\":\"Ecco un altro sito Abf siti\",\"potentialAction\":[{\"@type\":\"SearchAction\",\"target\":{\"@type\":\"EntryPoint\",\"urlTemplate\":\"https:\/\/www.abf.eu\/albino\/?s={search_term_string}\"},\"query-input\":{\"@type\":\"PropertyValueSpecification\",\"valueRequired\":true,\"valueName\":\"search_term_string\"}}],\"inLanguage\":\"it-IT\"},{\"@type\":\"Person\",\"@id\":\"https:\/\/www.abf.eu\/albino\/#\/schema\/person\/0daf58404dacb015e5a8d3000f24219b\",\"name\":\"giadabrembilla\",\"image\":{\"@type\":\"ImageObject\",\"inLanguage\":\"it-IT\",\"@id\":\"https:\/\/www.abf.eu\/albino\/#\/schema\/person\/image\/\",\"url\":\"https:\/\/secure.gravatar.com\/avatar\/11deae43922794eea4da2521866db72e0b94af2824c985037486ebe200326260?s=96&d=mm&r=g\",\"contentUrl\":\"https:\/\/secure.gravatar.com\/avatar\/11deae43922794eea4da2521866db72e0b94af2824c985037486ebe200326260?s=96&d=mm&r=g\",\"caption\":\"giadabrembilla\"},\"url\":\"https:\/\/www.abf.eu\/albino\/author\/giadabrembilla\/\"}]}<\/script>\n<!-- \/ Yoast SEO plugin. -->","yoast_head_json":{"title":"\"In prima linea\": ABF a supporto della prevenzione giovanile - Albino","description":"ABF Albino aderisce al progetto \"In prima linea\" per prevenire comportamenti a rischio tra i giovani e a ridurre i rischi sociali e sanitari.","robots":{"index":"index","follow":"follow","max-snippet":"max-snippet:-1","max-image-preview":"max-image-preview:large","max-video-preview":"max-video-preview:-1"},"canonical":"https:\/\/www.abf.eu\/albino\/in-prima-linea\/","og_locale":"it_IT","og_type":"article","og_title":"\"In prima linea\": ABF a supporto della prevenzione giovanile - Albino","og_description":"ABF Albino aderisce al progetto \"In prima linea\" per prevenire comportamenti a rischio tra i giovani e a ridurre i rischi sociali e sanitari.","og_url":"https:\/\/www.abf.eu\/albino\/in-prima-linea\/","og_site_name":"Albino","article_published_time":"2025-04-08T08:30:00+00:00","article_modified_time":"2025-04-08T11:39:14+00:00","og_image":[{"width":1000,"height":666,"url":"https:\/\/www.abf.eu\/albino\/wp-content\/uploads\/sites\/4\/2025\/04\/1.png","type":"image\/png"}],"author":"giadabrembilla","twitter_card":"summary_large_image","twitter_misc":{"Scritto da":"giadabrembilla","Tempo di lettura stimato":"3 minuti"},"schema":{"@context":"https:\/\/schema.org","@graph":[{"@type":"WebPage","@id":"https:\/\/www.abf.eu\/albino\/in-prima-linea\/","url":"https:\/\/www.abf.eu\/albino\/in-prima-linea\/","name":"\"In prima linea\": ABF a supporto della prevenzione giovanile - Albino","isPartOf":{"@id":"https:\/\/www.abf.eu\/albino\/#website"},"primaryImageOfPage":{"@id":"https:\/\/www.abf.eu\/albino\/in-prima-linea\/#primaryimage"},"image":{"@id":"https:\/\/www.abf.eu\/albino\/in-prima-linea\/#primaryimage"},"thumbnailUrl":"https:\/\/www.abf.eu\/albino\/wp-content\/uploads\/sites\/4\/2025\/04\/1.png","datePublished":"2025-04-08T08:30:00+00:00","dateModified":"2025-04-08T11:39:14+00:00","author":{"@id":"https:\/\/www.abf.eu\/albino\/#\/schema\/person\/0daf58404dacb015e5a8d3000f24219b"},"description":"ABF Albino aderisce al progetto \"In prima linea\" per prevenire comportamenti a rischio tra i giovani e a ridurre i rischi sociali e sanitari.","breadcrumb":{"@id":"https:\/\/www.abf.eu\/albino\/in-prima-linea\/#breadcrumb"},"inLanguage":"it-IT","potentialAction":[{"@type":"ReadAction","target":["https:\/\/www.abf.eu\/albino\/in-prima-linea\/"]}]},{"@type":"ImageObject","inLanguage":"it-IT","@id":"https:\/\/www.abf.eu\/albino\/in-prima-linea\/#primaryimage","url":"https:\/\/www.abf.eu\/albino\/wp-content\/uploads\/sites\/4\/2025\/04\/1.png","contentUrl":"https:\/\/www.abf.eu\/albino\/wp-content\/uploads\/sites\/4\/2025\/04\/1.png","width":1000,"height":666},{"@type":"BreadcrumbList","@id":"https:\/\/www.abf.eu\/albino\/in-prima-linea\/#breadcrumb","itemListElement":[{"@type":"ListItem","position":1,"name":"Home","item":"https:\/\/www.abf.eu\/albino\/"},{"@type":"ListItem","position":2,"name":"&#8220;In prima linea&#8221;: ABF a supporto della prevenzione giovanile"}]},{"@type":"WebSite","@id":"https:\/\/www.abf.eu\/albino\/#website","url":"https:\/\/www.abf.eu\/albino\/","name":"Albino","description":"Ecco un altro sito Abf siti","potentialAction":[{"@type":"SearchAction","target":{"@type":"EntryPoint","urlTemplate":"https:\/\/www.abf.eu\/albino\/?s={search_term_string}"},"query-input":{"@type":"PropertyValueSpecification","valueRequired":true,"valueName":"search_term_string"}}],"inLanguage":"it-IT"},{"@type":"Person","@id":"https:\/\/www.abf.eu\/albino\/#\/schema\/person\/0daf58404dacb015e5a8d3000f24219b","name":"giadabrembilla","image":{"@type":"ImageObject","inLanguage":"it-IT","@id":"https:\/\/www.abf.eu\/albino\/#\/schema\/person\/image\/","url":"https:\/\/secure.gravatar.com\/avatar\/11deae43922794eea4da2521866db72e0b94af2824c985037486ebe200326260?s=96&d=mm&r=g","contentUrl":"https:\/\/secure.gravatar.com\/avatar\/11deae43922794eea4da2521866db72e0b94af2824c985037486ebe200326260?s=96&d=mm&r=g","caption":"giadabrembilla"},"url":"https:\/\/www.abf.eu\/albino\/author\/giadabrembilla\/"}]}},"_links":{"self":[{"href":"https:\/\/www.abf.eu\/albino\/wp-json\/wp\/v2\/posts\/19071","targetHints":{"allow":["GET"]}}],"collection":[{"href":"https:\/\/www.abf.eu\/albino\/wp-json\/wp\/v2\/posts"}],"about":[{"href":"https:\/\/www.abf.eu\/albino\/wp-json\/wp\/v2\/types\/post"}],"author":[{"embeddable":true,"href":"https:\/\/www.abf.eu\/albino\/wp-json\/wp\/v2\/users\/61"}],"replies":[{"embeddable":true,"href":"https:\/\/www.abf.eu\/albino\/wp-json\/wp\/v2\/comments?post=19071"}],"version-history":[{"count":8,"href":"https:\/\/www.abf.eu\/albino\/wp-json\/wp\/v2\/posts\/19071\/revisions"}],"predecessor-version":[{"id":19109,"href":"https:\/\/www.abf.eu\/albino\/wp-json\/wp\/v2\/posts\/19071\/revisions\/19109"}],"wp:featuredmedia":[{"embeddable":true,"href":"https:\/\/www.abf.eu\/albino\/wp-json\/wp\/v2\/media\/19105"}],"wp:attachment":[{"href":"https:\/\/www.abf.eu\/albino\/wp-json\/wp\/v2\/media?parent=19071"}],"wp:term":[{"taxonomy":"category","embeddable":true,"href":"https:\/\/www.abf.eu\/albino\/wp-json\/wp\/v2\/categories?post=19071"},{"taxonomy":"post_tag","embeddable":true,"href":"https:\/\/www.abf.eu\/albino\/wp-json\/wp\/v2\/tags?post=19071"}],"curies":[{"name":"wp","href":"https:\/\/api.w.org\/{rel}","templated":true}]}}