{"id":14880,"date":"2020-11-13T17:29:39","date_gmt":"2020-11-13T16:29:39","guid":{"rendered":"https:\/\/www.abf.eu\/bergamo\/?p=14880"},"modified":"2020-11-13T21:09:32","modified_gmt":"2020-11-13T20:09:32","slug":"operatore-informatico-novita-20-21","status":"publish","type":"post","link":"https:\/\/www.abf.eu\/bergamo\/operatore-informatico-novita-20-21\/","title":{"rendered":"Operatore Informatico &#8211; Novit\u00e0 20\/21"},"content":{"rendered":"\n<p>L&#8217;Anno Formativo 2020\/2021 porter\u00e0 con s\u00e9 una grande novit\u00e0 per il nostro Centro: sar\u00e0 infatti attivato il nuovo corso triennale di Operatore informatico, rivolto ai ragazzi in uscita dalla terza media.<\/p>\n\n\n\n<p>Il corso nasce dall&#8217;esigenza di rispondere alla <strong>crescente richiesta del mercato del lavoro di figure specializzate nell&#8217;uso di internet e del computer<\/strong>, dando cos\u00ec l&#8217;opportunit\u00e0 di cogliere le numerose possibilit\u00e0 di impiego nel settore.<\/p>\n\n\n\n<p>I ragazzi impareranno a <strong>sviluppare e gestire i prodotti e i servizi informatici<\/strong>, acquisendo le competenze relative al supporto operativo ai sistemi, alle reti e alle soluzioni di data management, a installare, configurare e utilizzare supporti informatici hardware e software tipici dell\u2019office automatione della comunicazione digitale. Eseguiranno la <strong>manutenzione ordinaria e straordinaria di sistemi, reti, dispositivi e terminali utenti<\/strong>, individuando anomalie e problemi di funzionamento. <\/p>\n\n\n\n<p>PER APPROFONDIRE:<\/p>\n\n\n\n<div id=\"linkcontent-block_5faee69a505d3\" class=\"link-content \">\n    <a class='animated-arrow font-weight-bold' href='https:\/\/www.abf.eu\/bergamo\/corsi\/operatore-informatico\/' >\n        <span class='the-arrow -left'>\n            <span class='shaft'><\/span>\n        <\/span>\n        <span class='main'>\n            <span class='text'>Scheda corso Operatore informatico<\/span>\n            <span class='the-arrow -right'>\n                <span class='shaft'><\/span>\n            <\/span>\n        <\/span>\n    <\/a>\n<\/div>\n\n\n\n\n\n<div style=\"height:30px\" aria-hidden=\"true\" class=\"wp-block-spacer\"><\/div>\n\n\n\n<div style=\"height:30px\" aria-hidden=\"true\" class=\"wp-block-spacer\"><\/div>\n","protected":false},"excerpt":{"rendered":"<p>L&#8217;Anno Formativo 2020\/2021 porter\u00e0 con s\u00e9 una grande novit\u00e0 per<\/p>\n","protected":false},"author":35,"featured_media":14891,"comment_status":"closed","ping_status":"closed","sticky":false,"template":"","format":"standard","meta":{"footnotes":""},"categories":[120],"tags":[],"class_list":["post-14880","post","type-post","status-publish","format-standard","has-post-thumbnail","hentry","category-news"],"yoast_head":"<!-- This site is optimized with the Yoast SEO plugin v25.8 - https:\/\/yoast.com\/wordpress\/plugins\/seo\/ -->\n<title>Operatore Informatico - Novit\u00e0 20\/21 - Bergamo<\/title>\n<meta name=\"robots\" content=\"index, follow, max-snippet:-1, max-image-preview:large, max-video-preview:-1\" \/>\n<link rel=\"canonical\" href=\"https:\/\/www.abf.eu\/bergamo\/operatore-informatico-novita-20-21\/\" \/>\n<meta property=\"og:locale\" content=\"it_IT\" \/>\n<meta property=\"og:type\" content=\"article\" \/>\n<meta property=\"og:title\" content=\"Operatore Informatico - Novit\u00e0 20\/21 - Bergamo\" \/>\n<meta property=\"og:description\" content=\"L&#8217;Anno Formativo 2020\/2021 porter\u00e0 con s\u00e9 una grande novit\u00e0 per\" \/>\n<meta property=\"og:url\" content=\"https:\/\/www.abf.eu\/bergamo\/operatore-informatico-novita-20-21\/\" \/>\n<meta property=\"og:site_name\" content=\"Bergamo\" \/>\n<meta property=\"article:published_time\" content=\"2020-11-13T16:29:39+00:00\" \/>\n<meta property=\"article:modified_time\" content=\"2020-11-13T20:09:32+00:00\" \/>\n<meta property=\"og:image\" content=\"https:\/\/www.abf.eu\/bergamo\/wp-content\/uploads\/sites\/3\/2020\/11\/ABF-corso-informatica.jpg\" \/>\n\t<meta property=\"og:image:width\" content=\"1440\" \/>\n\t<meta property=\"og:image:height\" content=\"960\" \/>\n\t<meta property=\"og:image:type\" content=\"image\/jpeg\" \/>\n<meta name=\"twitter:card\" content=\"summary_large_image\" \/>\n<meta name=\"twitter:label1\" content=\"Scritto da\" \/>\n\t<meta name=\"twitter:data1\" content=\"\" \/>\n\t<meta name=\"twitter:label2\" content=\"Tempo di lettura stimato\" \/>\n\t<meta name=\"twitter:data2\" content=\"1 minuto\" \/>\n<script type=\"application\/ld+json\" class=\"yoast-schema-graph\">{\"@context\":\"https:\/\/schema.org\",\"@graph\":[{\"@type\":\"WebPage\",\"@id\":\"https:\/\/www.abf.eu\/bergamo\/operatore-informatico-novita-20-21\/\",\"url\":\"https:\/\/www.abf.eu\/bergamo\/operatore-informatico-novita-20-21\/\",\"name\":\"Operatore Informatico - Novit\u00e0 20\/21 - Bergamo\",\"isPartOf\":{\"@id\":\"https:\/\/www.abf.eu\/bergamo\/#website\"},\"primaryImageOfPage\":{\"@id\":\"https:\/\/www.abf.eu\/bergamo\/operatore-informatico-novita-20-21\/#primaryimage\"},\"image\":{\"@id\":\"https:\/\/www.abf.eu\/bergamo\/operatore-informatico-novita-20-21\/#primaryimage\"},\"thumbnailUrl\":\"https:\/\/www.abf.eu\/bergamo\/wp-content\/uploads\/sites\/3\/2020\/11\/ABF-corso-informatica.jpg\",\"datePublished\":\"2020-11-13T16:29:39+00:00\",\"dateModified\":\"2020-11-13T20:09:32+00:00\",\"author\":{\"@id\":\"\"},\"breadcrumb\":{\"@id\":\"https:\/\/www.abf.eu\/bergamo\/operatore-informatico-novita-20-21\/#breadcrumb\"},\"inLanguage\":\"it-IT\",\"potentialAction\":[{\"@type\":\"ReadAction\",\"target\":[\"https:\/\/www.abf.eu\/bergamo\/operatore-informatico-novita-20-21\/\"]}]},{\"@type\":\"ImageObject\",\"inLanguage\":\"it-IT\",\"@id\":\"https:\/\/www.abf.eu\/bergamo\/operatore-informatico-novita-20-21\/#primaryimage\",\"url\":\"https:\/\/www.abf.eu\/bergamo\/wp-content\/uploads\/sites\/3\/2020\/11\/ABF-corso-informatica.jpg\",\"contentUrl\":\"https:\/\/www.abf.eu\/bergamo\/wp-content\/uploads\/sites\/3\/2020\/11\/ABF-corso-informatica.jpg\",\"width\":1440,\"height\":960},{\"@type\":\"BreadcrumbList\",\"@id\":\"https:\/\/www.abf.eu\/bergamo\/operatore-informatico-novita-20-21\/#breadcrumb\",\"itemListElement\":[{\"@type\":\"ListItem\",\"position\":1,\"name\":\"Home\",\"item\":\"https:\/\/www.abf.eu\/bergamo\/\"},{\"@type\":\"ListItem\",\"position\":2,\"name\":\"Operatore Informatico &#8211; Novit\u00e0 20\/21\"}]},{\"@type\":\"WebSite\",\"@id\":\"https:\/\/www.abf.eu\/bergamo\/#website\",\"url\":\"https:\/\/www.abf.eu\/bergamo\/\",\"name\":\"Bergamo\",\"description\":\"Ecco un altro sito Abf siti\",\"potentialAction\":[{\"@type\":\"SearchAction\",\"target\":{\"@type\":\"EntryPoint\",\"urlTemplate\":\"https:\/\/www.abf.eu\/bergamo\/?s={search_term_string}\"},\"query-input\":{\"@type\":\"PropertyValueSpecification\",\"valueRequired\":true,\"valueName\":\"search_term_string\"}}],\"inLanguage\":\"it-IT\"},{\"@type\":\"Person\",\"@id\":\"\",\"url\":\"https:\/\/www.abf.eu\/bergamo\/author\/\"}]}<\/script>\n<!-- \/ Yoast SEO plugin. -->","yoast_head_json":{"title":"Operatore Informatico - Novit\u00e0 20\/21 - Bergamo","robots":{"index":"index","follow":"follow","max-snippet":"max-snippet:-1","max-image-preview":"max-image-preview:large","max-video-preview":"max-video-preview:-1"},"canonical":"https:\/\/www.abf.eu\/bergamo\/operatore-informatico-novita-20-21\/","og_locale":"it_IT","og_type":"article","og_title":"Operatore Informatico - Novit\u00e0 20\/21 - Bergamo","og_description":"L&#8217;Anno Formativo 2020\/2021 porter\u00e0 con s\u00e9 una grande novit\u00e0 per","og_url":"https:\/\/www.abf.eu\/bergamo\/operatore-informatico-novita-20-21\/","og_site_name":"Bergamo","article_published_time":"2020-11-13T16:29:39+00:00","article_modified_time":"2020-11-13T20:09:32+00:00","og_image":[{"width":1440,"height":960,"url":"https:\/\/www.abf.eu\/bergamo\/wp-content\/uploads\/sites\/3\/2020\/11\/ABF-corso-informatica.jpg","type":"image\/jpeg"}],"twitter_card":"summary_large_image","twitter_misc":{"Scritto da":"","Tempo di lettura stimato":"1 minuto"},"schema":{"@context":"https:\/\/schema.org","@graph":[{"@type":"WebPage","@id":"https:\/\/www.abf.eu\/bergamo\/operatore-informatico-novita-20-21\/","url":"https:\/\/www.abf.eu\/bergamo\/operatore-informatico-novita-20-21\/","name":"Operatore Informatico - Novit\u00e0 20\/21 - Bergamo","isPartOf":{"@id":"https:\/\/www.abf.eu\/bergamo\/#website"},"primaryImageOfPage":{"@id":"https:\/\/www.abf.eu\/bergamo\/operatore-informatico-novita-20-21\/#primaryimage"},"image":{"@id":"https:\/\/www.abf.eu\/bergamo\/operatore-informatico-novita-20-21\/#primaryimage"},"thumbnailUrl":"https:\/\/www.abf.eu\/bergamo\/wp-content\/uploads\/sites\/3\/2020\/11\/ABF-corso-informatica.jpg","datePublished":"2020-11-13T16:29:39+00:00","dateModified":"2020-11-13T20:09:32+00:00","author":{"@id":""},"breadcrumb":{"@id":"https:\/\/www.abf.eu\/bergamo\/operatore-informatico-novita-20-21\/#breadcrumb"},"inLanguage":"it-IT","potentialAction":[{"@type":"ReadAction","target":["https:\/\/www.abf.eu\/bergamo\/operatore-informatico-novita-20-21\/"]}]},{"@type":"ImageObject","inLanguage":"it-IT","@id":"https:\/\/www.abf.eu\/bergamo\/operatore-informatico-novita-20-21\/#primaryimage","url":"https:\/\/www.abf.eu\/bergamo\/wp-content\/uploads\/sites\/3\/2020\/11\/ABF-corso-informatica.jpg","contentUrl":"https:\/\/www.abf.eu\/bergamo\/wp-content\/uploads\/sites\/3\/2020\/11\/ABF-corso-informatica.jpg","width":1440,"height":960},{"@type":"BreadcrumbList","@id":"https:\/\/www.abf.eu\/bergamo\/operatore-informatico-novita-20-21\/#breadcrumb","itemListElement":[{"@type":"ListItem","position":1,"name":"Home","item":"https:\/\/www.abf.eu\/bergamo\/"},{"@type":"ListItem","position":2,"name":"Operatore Informatico &#8211; Novit\u00e0 20\/21"}]},{"@type":"WebSite","@id":"https:\/\/www.abf.eu\/bergamo\/#website","url":"https:\/\/www.abf.eu\/bergamo\/","name":"Bergamo","description":"Ecco un altro sito Abf siti","potentialAction":[{"@type":"SearchAction","target":{"@type":"EntryPoint","urlTemplate":"https:\/\/www.abf.eu\/bergamo\/?s={search_term_string}"},"query-input":{"@type":"PropertyValueSpecification","valueRequired":true,"valueName":"search_term_string"}}],"inLanguage":"it-IT"},{"@type":"Person","@id":"","url":"https:\/\/www.abf.eu\/bergamo\/author\/"}]}},"_links":{"self":[{"href":"https:\/\/www.abf.eu\/bergamo\/wp-json\/wp\/v2\/posts\/14880","targetHints":{"allow":["GET"]}}],"collection":[{"href":"https:\/\/www.abf.eu\/bergamo\/wp-json\/wp\/v2\/posts"}],"about":[{"href":"https:\/\/www.abf.eu\/bergamo\/wp-json\/wp\/v2\/types\/post"}],"author":[{"embeddable":true,"href":"https:\/\/www.abf.eu\/bergamo\/wp-json\/wp\/v2\/users\/35"}],"replies":[{"embeddable":true,"href":"https:\/\/www.abf.eu\/bergamo\/wp-json\/wp\/v2\/comments?post=14880"}],"version-history":[{"count":13,"href":"https:\/\/www.abf.eu\/bergamo\/wp-json\/wp\/v2\/posts\/14880\/revisions"}],"predecessor-version":[{"id":14914,"href":"https:\/\/www.abf.eu\/bergamo\/wp-json\/wp\/v2\/posts\/14880\/revisions\/14914"}],"wp:featuredmedia":[{"embeddable":true,"href":"https:\/\/www.abf.eu\/bergamo\/wp-json\/wp\/v2\/media\/14891"}],"wp:attachment":[{"href":"https:\/\/www.abf.eu\/bergamo\/wp-json\/wp\/v2\/media?parent=14880"}],"wp:term":[{"taxonomy":"category","embeddable":true,"href":"https:\/\/www.abf.eu\/bergamo\/wp-json\/wp\/v2\/categories?post=14880"},{"taxonomy":"post_tag","embeddable":true,"href":"https:\/\/www.abf.eu\/bergamo\/wp-json\/wp\/v2\/tags?post=14880"}],"curies":[{"name":"wp","href":"https:\/\/api.w.org\/{rel}","templated":true}]}}