{"id":15754,"date":"2021-04-21T14:49:02","date_gmt":"2021-04-21T12:49:02","guid":{"rendered":"https:\/\/www.abf.eu\/bergamo\/?p=15754"},"modified":"2021-04-21T14:55:24","modified_gmt":"2021-04-21T12:55:24","slug":"posso-offrirle-un-caffe","status":"publish","type":"post","link":"https:\/\/www.abf.eu\/bergamo\/posso-offrirle-un-caffe\/","title":{"rendered":"Posso offrirle un caff\u00e8 ?"},"content":{"rendered":"\n<p>All\u2019interno della Casa Circondariale di Bergamo, dedicata a don Fausto Resmini, le persone in detenzione hanno iniziato un nuovo percorso.<br>Grazie all\u2019appoggio di Inner Wheel Bergamo \u00e8 stato realizzato un corso di caffetteria e latte art, che ABF organizza e gestisce.<br>I detenuti stanno imparando, in questi mesi, come stare dietro il bancone di un bar e rispondere alle richieste del cliente, a riprova della dimensione costruttiva che la pena contiene. Questo breve percorso formativo ha l\u2019obiettivo di far acquisire una professionalit\u00e0 e diventare veri artisti di espresso, cappuccino e molto altro. Le attivit\u00e0 sono sostanzialmente pratiche, volte ad apprendere le tecniche di preparazione del caff\u00e8 espresso, la preparazione e decorazione del cappuccino e di altre bevande a base di caff\u00e8. Il laboratorio favorisce l\u2019apprendimento di competenze tecniche e manualit\u00e0 e valorizza l\u2019eccellenza del servizio.<br>Il corso vede la partecipazione di una decina di persone in detenzione, presenti un giorno alla settimana per tre mesi.<br>L\u2019attivit\u00e0 formativa si muove su precisi contenuti:<br>&#8211; conoscenza della pianta del caff\u00e8: origine, coltivazione, lavorazione e difetti;<br>&#8211; processo di tostatura;<br>&#8211; espresso italiano e parametri di estrazione;<br>&#8211; miscela, macinadosatore, macchina da caff\u00e8;<br>&#8211; tecniche di montatura del latte;<br>&#8211; cappuccino;<br>&#8211; tecniche di decorazione con il caff\u00e8 e la cioccolata;<br>&#8211; realizzazione di decori sul cappuccino;<br>&#8211; realizzazione di caff\u00e8 spritz, bicerin, marocchino e caff\u00e8 greco;<br>&#8211; latte art: design complessi (doppia foglia, doppio e triplo cuore, drago, cigno, farfalla).<\/p>\n\n\n\n<p>In previsione del termine della pena questo tipo di percorso \u00e8 importante per avere un\u2019opportunit\u00e0 di lavoro, riducendo il rischio di ritrovarsi soli e disoccupati: \u00e8 la possibilit\u00e0 concreta di costruzione di un profilo professionale e , con esso, di un ruolo sociale positivo.<br>La Direzione del carcere ha accolto con entusiasmo la proposta, resasi possibile grazie al sostegno di Inner Wheel Bergamo (che ha donato le economie e le attrezzature necessarie) e alla responsabilit\u00e0 sociale di Impresa di Azienda Bergamasca Formazione, che come parte del territorio intende rendersi risorsa per la casa circondariale, che ne \u00e8 parte.<\/p>\n","protected":false},"excerpt":{"rendered":"<p>All\u2019interno della Casa Circondariale di Bergamo, dedicata a don Fausto<\/p>\n","protected":false},"author":35,"featured_media":15755,"comment_status":"closed","ping_status":"closed","sticky":false,"template":"","format":"standard","meta":{"footnotes":""},"categories":[120,1],"tags":[],"class_list":["post-15754","post","type-post","status-publish","format-standard","has-post-thumbnail","hentry","category-news","category-senza-categoria"],"yoast_head":"<!-- This site is optimized with the Yoast SEO plugin v25.8 - https:\/\/yoast.com\/wordpress\/plugins\/seo\/ -->\n<title>Posso offrirle un caff\u00e8 ? - Bergamo<\/title>\n<meta name=\"robots\" content=\"index, follow, max-snippet:-1, max-image-preview:large, max-video-preview:-1\" \/>\n<link rel=\"canonical\" href=\"https:\/\/www.abf.eu\/bergamo\/posso-offrirle-un-caffe\/\" \/>\n<meta property=\"og:locale\" content=\"it_IT\" \/>\n<meta property=\"og:type\" content=\"article\" \/>\n<meta property=\"og:title\" content=\"Posso offrirle un caff\u00e8 ? - Bergamo\" \/>\n<meta property=\"og:description\" content=\"All\u2019interno della Casa Circondariale di Bergamo, dedicata a don Fausto\" \/>\n<meta property=\"og:url\" content=\"https:\/\/www.abf.eu\/bergamo\/posso-offrirle-un-caffe\/\" \/>\n<meta property=\"og:site_name\" content=\"Bergamo\" \/>\n<meta property=\"article:published_time\" content=\"2021-04-21T12:49:02+00:00\" \/>\n<meta property=\"article:modified_time\" content=\"2021-04-21T12:55:24+00:00\" \/>\n<meta property=\"og:image\" content=\"https:\/\/www.abf.eu\/bergamo\/wp-content\/uploads\/sites\/3\/2021\/04\/ABF-cucina-e-ristorazione-10.jpg\" \/>\n\t<meta property=\"og:image:width\" content=\"1440\" \/>\n\t<meta property=\"og:image:height\" content=\"960\" \/>\n\t<meta property=\"og:image:type\" content=\"image\/jpeg\" \/>\n<meta name=\"twitter:card\" content=\"summary_large_image\" \/>\n<meta name=\"twitter:label1\" content=\"Scritto da\" \/>\n\t<meta name=\"twitter:data1\" content=\"\" \/>\n\t<meta name=\"twitter:label2\" content=\"Tempo di lettura stimato\" \/>\n\t<meta name=\"twitter:data2\" content=\"2 minuti\" \/>\n<script type=\"application\/ld+json\" class=\"yoast-schema-graph\">{\"@context\":\"https:\/\/schema.org\",\"@graph\":[{\"@type\":\"WebPage\",\"@id\":\"https:\/\/www.abf.eu\/bergamo\/posso-offrirle-un-caffe\/\",\"url\":\"https:\/\/www.abf.eu\/bergamo\/posso-offrirle-un-caffe\/\",\"name\":\"Posso offrirle un caff\u00e8 ? - Bergamo\",\"isPartOf\":{\"@id\":\"https:\/\/www.abf.eu\/bergamo\/#website\"},\"primaryImageOfPage\":{\"@id\":\"https:\/\/www.abf.eu\/bergamo\/posso-offrirle-un-caffe\/#primaryimage\"},\"image\":{\"@id\":\"https:\/\/www.abf.eu\/bergamo\/posso-offrirle-un-caffe\/#primaryimage\"},\"thumbnailUrl\":\"https:\/\/www.abf.eu\/bergamo\/wp-content\/uploads\/sites\/3\/2021\/04\/ABF-cucina-e-ristorazione-10.jpg\",\"datePublished\":\"2021-04-21T12:49:02+00:00\",\"dateModified\":\"2021-04-21T12:55:24+00:00\",\"author\":{\"@id\":\"\"},\"breadcrumb\":{\"@id\":\"https:\/\/www.abf.eu\/bergamo\/posso-offrirle-un-caffe\/#breadcrumb\"},\"inLanguage\":\"it-IT\",\"potentialAction\":[{\"@type\":\"ReadAction\",\"target\":[\"https:\/\/www.abf.eu\/bergamo\/posso-offrirle-un-caffe\/\"]}]},{\"@type\":\"ImageObject\",\"inLanguage\":\"it-IT\",\"@id\":\"https:\/\/www.abf.eu\/bergamo\/posso-offrirle-un-caffe\/#primaryimage\",\"url\":\"https:\/\/www.abf.eu\/bergamo\/wp-content\/uploads\/sites\/3\/2021\/04\/ABF-cucina-e-ristorazione-10.jpg\",\"contentUrl\":\"https:\/\/www.abf.eu\/bergamo\/wp-content\/uploads\/sites\/3\/2021\/04\/ABF-cucina-e-ristorazione-10.jpg\",\"width\":1440,\"height\":960},{\"@type\":\"BreadcrumbList\",\"@id\":\"https:\/\/www.abf.eu\/bergamo\/posso-offrirle-un-caffe\/#breadcrumb\",\"itemListElement\":[{\"@type\":\"ListItem\",\"position\":1,\"name\":\"Home\",\"item\":\"https:\/\/www.abf.eu\/bergamo\/\"},{\"@type\":\"ListItem\",\"position\":2,\"name\":\"Posso offrirle un caff\u00e8 ?\"}]},{\"@type\":\"WebSite\",\"@id\":\"https:\/\/www.abf.eu\/bergamo\/#website\",\"url\":\"https:\/\/www.abf.eu\/bergamo\/\",\"name\":\"Bergamo\",\"description\":\"Ecco un altro sito Abf siti\",\"potentialAction\":[{\"@type\":\"SearchAction\",\"target\":{\"@type\":\"EntryPoint\",\"urlTemplate\":\"https:\/\/www.abf.eu\/bergamo\/?s={search_term_string}\"},\"query-input\":{\"@type\":\"PropertyValueSpecification\",\"valueRequired\":true,\"valueName\":\"search_term_string\"}}],\"inLanguage\":\"it-IT\"},{\"@type\":\"Person\",\"@id\":\"\",\"url\":\"https:\/\/www.abf.eu\/bergamo\/author\/\"}]}<\/script>\n<!-- \/ Yoast SEO plugin. -->","yoast_head_json":{"title":"Posso offrirle un caff\u00e8 ? - Bergamo","robots":{"index":"index","follow":"follow","max-snippet":"max-snippet:-1","max-image-preview":"max-image-preview:large","max-video-preview":"max-video-preview:-1"},"canonical":"https:\/\/www.abf.eu\/bergamo\/posso-offrirle-un-caffe\/","og_locale":"it_IT","og_type":"article","og_title":"Posso offrirle un caff\u00e8 ? - Bergamo","og_description":"All\u2019interno della Casa Circondariale di Bergamo, dedicata a don Fausto","og_url":"https:\/\/www.abf.eu\/bergamo\/posso-offrirle-un-caffe\/","og_site_name":"Bergamo","article_published_time":"2021-04-21T12:49:02+00:00","article_modified_time":"2021-04-21T12:55:24+00:00","og_image":[{"width":1440,"height":960,"url":"https:\/\/www.abf.eu\/bergamo\/wp-content\/uploads\/sites\/3\/2021\/04\/ABF-cucina-e-ristorazione-10.jpg","type":"image\/jpeg"}],"twitter_card":"summary_large_image","twitter_misc":{"Scritto da":"","Tempo di lettura stimato":"2 minuti"},"schema":{"@context":"https:\/\/schema.org","@graph":[{"@type":"WebPage","@id":"https:\/\/www.abf.eu\/bergamo\/posso-offrirle-un-caffe\/","url":"https:\/\/www.abf.eu\/bergamo\/posso-offrirle-un-caffe\/","name":"Posso offrirle un caff\u00e8 ? - Bergamo","isPartOf":{"@id":"https:\/\/www.abf.eu\/bergamo\/#website"},"primaryImageOfPage":{"@id":"https:\/\/www.abf.eu\/bergamo\/posso-offrirle-un-caffe\/#primaryimage"},"image":{"@id":"https:\/\/www.abf.eu\/bergamo\/posso-offrirle-un-caffe\/#primaryimage"},"thumbnailUrl":"https:\/\/www.abf.eu\/bergamo\/wp-content\/uploads\/sites\/3\/2021\/04\/ABF-cucina-e-ristorazione-10.jpg","datePublished":"2021-04-21T12:49:02+00:00","dateModified":"2021-04-21T12:55:24+00:00","author":{"@id":""},"breadcrumb":{"@id":"https:\/\/www.abf.eu\/bergamo\/posso-offrirle-un-caffe\/#breadcrumb"},"inLanguage":"it-IT","potentialAction":[{"@type":"ReadAction","target":["https:\/\/www.abf.eu\/bergamo\/posso-offrirle-un-caffe\/"]}]},{"@type":"ImageObject","inLanguage":"it-IT","@id":"https:\/\/www.abf.eu\/bergamo\/posso-offrirle-un-caffe\/#primaryimage","url":"https:\/\/www.abf.eu\/bergamo\/wp-content\/uploads\/sites\/3\/2021\/04\/ABF-cucina-e-ristorazione-10.jpg","contentUrl":"https:\/\/www.abf.eu\/bergamo\/wp-content\/uploads\/sites\/3\/2021\/04\/ABF-cucina-e-ristorazione-10.jpg","width":1440,"height":960},{"@type":"BreadcrumbList","@id":"https:\/\/www.abf.eu\/bergamo\/posso-offrirle-un-caffe\/#breadcrumb","itemListElement":[{"@type":"ListItem","position":1,"name":"Home","item":"https:\/\/www.abf.eu\/bergamo\/"},{"@type":"ListItem","position":2,"name":"Posso offrirle un caff\u00e8 ?"}]},{"@type":"WebSite","@id":"https:\/\/www.abf.eu\/bergamo\/#website","url":"https:\/\/www.abf.eu\/bergamo\/","name":"Bergamo","description":"Ecco un altro sito Abf siti","potentialAction":[{"@type":"SearchAction","target":{"@type":"EntryPoint","urlTemplate":"https:\/\/www.abf.eu\/bergamo\/?s={search_term_string}"},"query-input":{"@type":"PropertyValueSpecification","valueRequired":true,"valueName":"search_term_string"}}],"inLanguage":"it-IT"},{"@type":"Person","@id":"","url":"https:\/\/www.abf.eu\/bergamo\/author\/"}]}},"_links":{"self":[{"href":"https:\/\/www.abf.eu\/bergamo\/wp-json\/wp\/v2\/posts\/15754","targetHints":{"allow":["GET"]}}],"collection":[{"href":"https:\/\/www.abf.eu\/bergamo\/wp-json\/wp\/v2\/posts"}],"about":[{"href":"https:\/\/www.abf.eu\/bergamo\/wp-json\/wp\/v2\/types\/post"}],"author":[{"embeddable":true,"href":"https:\/\/www.abf.eu\/bergamo\/wp-json\/wp\/v2\/users\/35"}],"replies":[{"embeddable":true,"href":"https:\/\/www.abf.eu\/bergamo\/wp-json\/wp\/v2\/comments?post=15754"}],"version-history":[{"count":7,"href":"https:\/\/www.abf.eu\/bergamo\/wp-json\/wp\/v2\/posts\/15754\/revisions"}],"predecessor-version":[{"id":15763,"href":"https:\/\/www.abf.eu\/bergamo\/wp-json\/wp\/v2\/posts\/15754\/revisions\/15763"}],"wp:featuredmedia":[{"embeddable":true,"href":"https:\/\/www.abf.eu\/bergamo\/wp-json\/wp\/v2\/media\/15755"}],"wp:attachment":[{"href":"https:\/\/www.abf.eu\/bergamo\/wp-json\/wp\/v2\/media?parent=15754"}],"wp:term":[{"taxonomy":"category","embeddable":true,"href":"https:\/\/www.abf.eu\/bergamo\/wp-json\/wp\/v2\/categories?post=15754"},{"taxonomy":"post_tag","embeddable":true,"href":"https:\/\/www.abf.eu\/bergamo\/wp-json\/wp\/v2\/tags?post=15754"}],"curies":[{"name":"wp","href":"https:\/\/api.w.org\/{rel}","templated":true}]}}