{"id":17438,"date":"2022-04-26T12:17:00","date_gmt":"2022-04-26T10:17:00","guid":{"rendered":"https:\/\/www.abf.eu\/bergamo\/?p=17438"},"modified":"2022-05-04T12:18:19","modified_gmt":"2022-05-04T10:18:19","slug":"da-bullo-ad-educatore-la-testimonianza-di-daniel-zaccaro","status":"publish","type":"post","link":"https:\/\/www.abf.eu\/bergamo\/da-bullo-ad-educatore-la-testimonianza-di-daniel-zaccaro\/","title":{"rendered":"Da bullo ad educatore: la testimonianza di Daniel Zaccaro"},"content":{"rendered":"\n<h2 class=\"has-text-align-left wp-block-heading\">Incontro formativo sull\u2019importanza delle relazioni e su come queste possono migliorare la nostra vita.<\/h2>\n\n\n\n<p><\/p>\n\n\n\n<figure class=\"wp-block-image size-large\"><img loading=\"lazy\" decoding=\"async\" width=\"1024\" height=\"683\" src=\"https:\/\/www.abf.eu\/bergamo\/wp-content\/uploads\/sites\/3\/2022\/05\/IMG-20220426-WA0007-1024x683.jpg\" alt=\"\" class=\"wp-image-17466\" \/><\/figure>\n\n\n\n<p>Grazie alla testimonianza di Daniel i ragazzi delle classi 1^I e 1^L hanno discusso di tematiche riguardanti il riscatto sociale e la possibilit\u00e0 di avere un seconda possibilit\u00e0.<\/p>\n\n\n\n<p>Daniel ha 28 anni, \u00e8 nato e cresciuto a Quarto Oggiaro, periferia nord-ovest di Milano. \u00c8 stato bullo ed \u00e8 stato anche processato per alcuni reati. Ha sbagliato e ha scontato la sua pena vivendo l\u2019esperienza del carcere.<\/p>\n\n\n\n<p>I ragazzi hanno potuto confrontarsi con una figura come Daniel, che di vita vissuta \u00e8 un maestro. I temi affrontati sono stati molteplici; gli studenti hanno dimostrato un forte interesse nei confronti di Daniel, che ha parlato della sua adolescenza, del rapporto con la famiglia e delle scelte sbagliate che l&#8217;hanno fatto finire in carcere. <\/p>\n\n\n\n<p>Ad insegnargli il valore della solidariet\u00e0 e della vera libert\u00e0 \u00e8 stato don Claudio Burgio, che ha immaginato per lui un futuro diverso. <a href=\"https:\/\/www.kayros.it\/\">Kayr\u00f2s<\/a>, fondata dal sacerdote, \u00e8 una comunit\u00e0 di accoglienza per minori e servizi educativi per adolescenti, dove&nbsp;Daniel ha iniziato a&nbsp;mettere a fuoco una meta che lo ha reso un uomo migliore e pi\u00f9 responsabile.<\/p>\n\n\n\n<p>Con l&#8217;aiuto di educatrici, psicologhe e grazie alla sua grande forza di volont\u00e0 \u00e8 riuscito ad ottenere il diploma. Giungendo nel 2020 alla laurea diventando Dottore in Scienze dell\u2019Educazione. Da allora lavora come educatore e visita diverse scuole per raccontare la sua esperienza di vita.<strong>&nbsp;<\/strong>L\u2019autore Andrea Franzoso ha raccolto la sua testimonianza nel libro: &#8220;<em>Ero un bullo, La vera storia di Daniel Zaccaro<\/em>&#8220;.<\/p>\n\n\n\n<p>La giornata si \u00e8 conclusa con l&#8217;apericena offerta da ABF Bergamo, preparata dai ragazzi della cucina e servita dai ragazzi della sala bar.<\/p>\n\n\n\n<figure class=\"wp-block-image size-large\"><img loading=\"lazy\" decoding=\"async\" width=\"1024\" height=\"683\" src=\"https:\/\/www.abf.eu\/bergamo\/wp-content\/uploads\/sites\/3\/2022\/05\/IMG_20220426_205510-1024x683.jpg\" alt=\"\" class=\"wp-image-17467\" \/><\/figure>\n\n\n\n<p><\/p>\n\n\n\n<h4 class=\"wp-block-heading\"><\/h4>\n\n\n\n<p><\/p>\n","protected":false},"excerpt":{"rendered":"<p>Incontro formativo sull\u2019importanza delle relazioni e su come queste possono<\/p>\n","protected":false},"author":35,"featured_media":17469,"comment_status":"closed","ping_status":"closed","sticky":false,"template":"","format":"standard","meta":{"footnotes":""},"categories":[1],"tags":[],"class_list":["post-17438","post","type-post","status-publish","format-standard","has-post-thumbnail","hentry","category-senza-categoria"],"yoast_head":"<!-- This site is optimized with the Yoast SEO plugin v25.8 - https:\/\/yoast.com\/wordpress\/plugins\/seo\/ -->\n<title>Da bullo ad educatore: la testimonianza di Daniel Zaccaro - Bergamo<\/title>\n<meta name=\"description\" content=\"Testimonianza di Daniel Zaccaro: un esempio di redenzione e di come nella vita si possa avere una seconda possibilit\u00e0.\" \/>\n<meta name=\"robots\" content=\"index, follow, max-snippet:-1, max-image-preview:large, max-video-preview:-1\" \/>\n<link rel=\"canonical\" href=\"https:\/\/www.abf.eu\/bergamo\/da-bullo-ad-educatore-la-testimonianza-di-daniel-zaccaro\/\" \/>\n<meta property=\"og:locale\" content=\"it_IT\" \/>\n<meta property=\"og:type\" content=\"article\" \/>\n<meta property=\"og:title\" content=\"Da bullo ad educatore: la testimonianza di Daniel Zaccaro - Bergamo\" \/>\n<meta property=\"og:description\" content=\"Testimonianza di Daniel Zaccaro: un esempio di redenzione e di come nella vita si possa avere una seconda possibilit\u00e0.\" \/>\n<meta property=\"og:url\" content=\"https:\/\/www.abf.eu\/bergamo\/da-bullo-ad-educatore-la-testimonianza-di-daniel-zaccaro\/\" \/>\n<meta property=\"og:site_name\" content=\"Bergamo\" \/>\n<meta property=\"article:published_time\" content=\"2022-04-26T10:17:00+00:00\" \/>\n<meta property=\"article:modified_time\" content=\"2022-05-04T10:18:19+00:00\" \/>\n<meta property=\"og:image\" content=\"https:\/\/www.abf.eu\/bergamo\/wp-content\/uploads\/sites\/3\/2022\/05\/IMG-20220426-WA0006-1-1.jpg\" \/>\n\t<meta property=\"og:image:width\" content=\"1600\" \/>\n\t<meta property=\"og:image:height\" content=\"1067\" \/>\n\t<meta property=\"og:image:type\" content=\"image\/jpeg\" \/>\n<meta name=\"twitter:card\" content=\"summary_large_image\" \/>\n<meta name=\"twitter:label1\" content=\"Scritto da\" \/>\n\t<meta name=\"twitter:data1\" content=\"\" \/>\n\t<meta name=\"twitter:label2\" content=\"Tempo di lettura stimato\" \/>\n\t<meta name=\"twitter:data2\" content=\"2 minuti\" \/>\n<script type=\"application\/ld+json\" class=\"yoast-schema-graph\">{\"@context\":\"https:\/\/schema.org\",\"@graph\":[{\"@type\":\"WebPage\",\"@id\":\"https:\/\/www.abf.eu\/bergamo\/da-bullo-ad-educatore-la-testimonianza-di-daniel-zaccaro\/\",\"url\":\"https:\/\/www.abf.eu\/bergamo\/da-bullo-ad-educatore-la-testimonianza-di-daniel-zaccaro\/\",\"name\":\"Da bullo ad educatore: la testimonianza di Daniel Zaccaro - Bergamo\",\"isPartOf\":{\"@id\":\"https:\/\/www.abf.eu\/bergamo\/#website\"},\"primaryImageOfPage\":{\"@id\":\"https:\/\/www.abf.eu\/bergamo\/da-bullo-ad-educatore-la-testimonianza-di-daniel-zaccaro\/#primaryimage\"},\"image\":{\"@id\":\"https:\/\/www.abf.eu\/bergamo\/da-bullo-ad-educatore-la-testimonianza-di-daniel-zaccaro\/#primaryimage\"},\"thumbnailUrl\":\"https:\/\/www.abf.eu\/bergamo\/wp-content\/uploads\/sites\/3\/2022\/05\/IMG-20220426-WA0006-1-1-e1659364833807.jpg\",\"datePublished\":\"2022-04-26T10:17:00+00:00\",\"dateModified\":\"2022-05-04T10:18:19+00:00\",\"author\":{\"@id\":\"\"},\"description\":\"Testimonianza di Daniel Zaccaro: un esempio di redenzione e di come nella vita si possa avere una seconda possibilit\u00e0.\",\"breadcrumb\":{\"@id\":\"https:\/\/www.abf.eu\/bergamo\/da-bullo-ad-educatore-la-testimonianza-di-daniel-zaccaro\/#breadcrumb\"},\"inLanguage\":\"it-IT\",\"potentialAction\":[{\"@type\":\"ReadAction\",\"target\":[\"https:\/\/www.abf.eu\/bergamo\/da-bullo-ad-educatore-la-testimonianza-di-daniel-zaccaro\/\"]}]},{\"@type\":\"ImageObject\",\"inLanguage\":\"it-IT\",\"@id\":\"https:\/\/www.abf.eu\/bergamo\/da-bullo-ad-educatore-la-testimonianza-di-daniel-zaccaro\/#primaryimage\",\"url\":\"https:\/\/www.abf.eu\/bergamo\/wp-content\/uploads\/sites\/3\/2022\/05\/IMG-20220426-WA0006-1-1-e1659364833807.jpg\",\"contentUrl\":\"https:\/\/www.abf.eu\/bergamo\/wp-content\/uploads\/sites\/3\/2022\/05\/IMG-20220426-WA0006-1-1-e1659364833807.jpg\",\"width\":1000,\"height\":667,\"caption\":\"Momento di confronto su tematiche sociali con Daniel Zaccaro\"},{\"@type\":\"BreadcrumbList\",\"@id\":\"https:\/\/www.abf.eu\/bergamo\/da-bullo-ad-educatore-la-testimonianza-di-daniel-zaccaro\/#breadcrumb\",\"itemListElement\":[{\"@type\":\"ListItem\",\"position\":1,\"name\":\"Home\",\"item\":\"https:\/\/www.abf.eu\/bergamo\/\"},{\"@type\":\"ListItem\",\"position\":2,\"name\":\"Da bullo ad educatore: la testimonianza di Daniel Zaccaro\"}]},{\"@type\":\"WebSite\",\"@id\":\"https:\/\/www.abf.eu\/bergamo\/#website\",\"url\":\"https:\/\/www.abf.eu\/bergamo\/\",\"name\":\"Bergamo\",\"description\":\"Ecco un altro sito Abf siti\",\"potentialAction\":[{\"@type\":\"SearchAction\",\"target\":{\"@type\":\"EntryPoint\",\"urlTemplate\":\"https:\/\/www.abf.eu\/bergamo\/?s={search_term_string}\"},\"query-input\":{\"@type\":\"PropertyValueSpecification\",\"valueRequired\":true,\"valueName\":\"search_term_string\"}}],\"inLanguage\":\"it-IT\"},{\"@type\":\"Person\",\"@id\":\"\",\"url\":\"https:\/\/www.abf.eu\/bergamo\/author\/\"}]}<\/script>\n<!-- \/ Yoast SEO plugin. -->","yoast_head_json":{"title":"Da bullo ad educatore: la testimonianza di Daniel Zaccaro - Bergamo","description":"Testimonianza di Daniel Zaccaro: un esempio di redenzione e di come nella vita si possa avere una seconda possibilit\u00e0.","robots":{"index":"index","follow":"follow","max-snippet":"max-snippet:-1","max-image-preview":"max-image-preview:large","max-video-preview":"max-video-preview:-1"},"canonical":"https:\/\/www.abf.eu\/bergamo\/da-bullo-ad-educatore-la-testimonianza-di-daniel-zaccaro\/","og_locale":"it_IT","og_type":"article","og_title":"Da bullo ad educatore: la testimonianza di Daniel Zaccaro - Bergamo","og_description":"Testimonianza di Daniel Zaccaro: un esempio di redenzione e di come nella vita si possa avere una seconda possibilit\u00e0.","og_url":"https:\/\/www.abf.eu\/bergamo\/da-bullo-ad-educatore-la-testimonianza-di-daniel-zaccaro\/","og_site_name":"Bergamo","article_published_time":"2022-04-26T10:17:00+00:00","article_modified_time":"2022-05-04T10:18:19+00:00","og_image":[{"width":1600,"height":1067,"url":"https:\/\/www.abf.eu\/bergamo\/wp-content\/uploads\/sites\/3\/2022\/05\/IMG-20220426-WA0006-1-1.jpg","type":"image\/jpeg"}],"twitter_card":"summary_large_image","twitter_misc":{"Scritto da":"","Tempo di lettura stimato":"2 minuti"},"schema":{"@context":"https:\/\/schema.org","@graph":[{"@type":"WebPage","@id":"https:\/\/www.abf.eu\/bergamo\/da-bullo-ad-educatore-la-testimonianza-di-daniel-zaccaro\/","url":"https:\/\/www.abf.eu\/bergamo\/da-bullo-ad-educatore-la-testimonianza-di-daniel-zaccaro\/","name":"Da bullo ad educatore: la testimonianza di Daniel Zaccaro - Bergamo","isPartOf":{"@id":"https:\/\/www.abf.eu\/bergamo\/#website"},"primaryImageOfPage":{"@id":"https:\/\/www.abf.eu\/bergamo\/da-bullo-ad-educatore-la-testimonianza-di-daniel-zaccaro\/#primaryimage"},"image":{"@id":"https:\/\/www.abf.eu\/bergamo\/da-bullo-ad-educatore-la-testimonianza-di-daniel-zaccaro\/#primaryimage"},"thumbnailUrl":"https:\/\/www.abf.eu\/bergamo\/wp-content\/uploads\/sites\/3\/2022\/05\/IMG-20220426-WA0006-1-1-e1659364833807.jpg","datePublished":"2022-04-26T10:17:00+00:00","dateModified":"2022-05-04T10:18:19+00:00","author":{"@id":""},"description":"Testimonianza di Daniel Zaccaro: un esempio di redenzione e di come nella vita si possa avere una seconda possibilit\u00e0.","breadcrumb":{"@id":"https:\/\/www.abf.eu\/bergamo\/da-bullo-ad-educatore-la-testimonianza-di-daniel-zaccaro\/#breadcrumb"},"inLanguage":"it-IT","potentialAction":[{"@type":"ReadAction","target":["https:\/\/www.abf.eu\/bergamo\/da-bullo-ad-educatore-la-testimonianza-di-daniel-zaccaro\/"]}]},{"@type":"ImageObject","inLanguage":"it-IT","@id":"https:\/\/www.abf.eu\/bergamo\/da-bullo-ad-educatore-la-testimonianza-di-daniel-zaccaro\/#primaryimage","url":"https:\/\/www.abf.eu\/bergamo\/wp-content\/uploads\/sites\/3\/2022\/05\/IMG-20220426-WA0006-1-1-e1659364833807.jpg","contentUrl":"https:\/\/www.abf.eu\/bergamo\/wp-content\/uploads\/sites\/3\/2022\/05\/IMG-20220426-WA0006-1-1-e1659364833807.jpg","width":1000,"height":667,"caption":"Momento di confronto su tematiche sociali con Daniel Zaccaro"},{"@type":"BreadcrumbList","@id":"https:\/\/www.abf.eu\/bergamo\/da-bullo-ad-educatore-la-testimonianza-di-daniel-zaccaro\/#breadcrumb","itemListElement":[{"@type":"ListItem","position":1,"name":"Home","item":"https:\/\/www.abf.eu\/bergamo\/"},{"@type":"ListItem","position":2,"name":"Da bullo ad educatore: la testimonianza di Daniel Zaccaro"}]},{"@type":"WebSite","@id":"https:\/\/www.abf.eu\/bergamo\/#website","url":"https:\/\/www.abf.eu\/bergamo\/","name":"Bergamo","description":"Ecco un altro sito Abf siti","potentialAction":[{"@type":"SearchAction","target":{"@type":"EntryPoint","urlTemplate":"https:\/\/www.abf.eu\/bergamo\/?s={search_term_string}"},"query-input":{"@type":"PropertyValueSpecification","valueRequired":true,"valueName":"search_term_string"}}],"inLanguage":"it-IT"},{"@type":"Person","@id":"","url":"https:\/\/www.abf.eu\/bergamo\/author\/"}]}},"_links":{"self":[{"href":"https:\/\/www.abf.eu\/bergamo\/wp-json\/wp\/v2\/posts\/17438","targetHints":{"allow":["GET"]}}],"collection":[{"href":"https:\/\/www.abf.eu\/bergamo\/wp-json\/wp\/v2\/posts"}],"about":[{"href":"https:\/\/www.abf.eu\/bergamo\/wp-json\/wp\/v2\/types\/post"}],"author":[{"embeddable":true,"href":"https:\/\/www.abf.eu\/bergamo\/wp-json\/wp\/v2\/users\/35"}],"replies":[{"embeddable":true,"href":"https:\/\/www.abf.eu\/bergamo\/wp-json\/wp\/v2\/comments?post=17438"}],"version-history":[{"count":36,"href":"https:\/\/www.abf.eu\/bergamo\/wp-json\/wp\/v2\/posts\/17438\/revisions"}],"predecessor-version":[{"id":17645,"href":"https:\/\/www.abf.eu\/bergamo\/wp-json\/wp\/v2\/posts\/17438\/revisions\/17645"}],"wp:featuredmedia":[{"embeddable":true,"href":"https:\/\/www.abf.eu\/bergamo\/wp-json\/wp\/v2\/media\/17469"}],"wp:attachment":[{"href":"https:\/\/www.abf.eu\/bergamo\/wp-json\/wp\/v2\/media?parent=17438"}],"wp:term":[{"taxonomy":"category","embeddable":true,"href":"https:\/\/www.abf.eu\/bergamo\/wp-json\/wp\/v2\/categories?post=17438"},{"taxonomy":"post_tag","embeddable":true,"href":"https:\/\/www.abf.eu\/bergamo\/wp-json\/wp\/v2\/tags?post=17438"}],"curies":[{"name":"wp","href":"https:\/\/api.w.org\/{rel}","templated":true}]}}