{"id":20102,"date":"2024-01-17T12:16:40","date_gmt":"2024-01-17T11:16:40","guid":{"rendered":"https:\/\/www.abf.eu\/bergamo\/?p=20102"},"modified":"2024-01-17T12:16:41","modified_gmt":"2024-01-17T11:16:41","slug":"operatore-informatico-in-abf","status":"publish","type":"post","link":"https:\/\/www.abf.eu\/bergamo\/operatore-informatico-in-abf\/","title":{"rendered":"Operatore informatico in ABF: la parola ai protagonisti"},"content":{"rendered":"\n<h3 class=\"wp-block-heading\">Se anche tu pensi che l&#8217;informatica rappresenti il futuro del mondo, sei nel posto giusto!<\/h3>\n\n\n\n<h5 class=\"wp-block-heading\">Chi \u00e8 l&#8217;operatore informatico?<\/h5>\n\n\n\n<p>L&#8217;<strong>operatore informatico<\/strong> \u00e8 una figura professionale specializzata nello sviluppo e nella gestione di prodotti e servizi informatici. Possiede le competenze per utilizzare strumenti di base e le conoscenze necessarie per svolgere diverse attivit\u00e0, come il supporto ai sistemi e alle reti, la gestione dei dati e l&#8217;installazione e configurazione di dispositivi informatici hardware e software comuni nell&#8217;ambito dell&#8217;ufficio e della comunicazione digitale. Inoltre, effettua anche la manutenzione regolare e straordinaria di sistemi, reti e dispositivi.<\/p>\n\n\n\n<h5 class=\"wp-block-heading\">Cosa studia un operatore informatico?<\/h5>\n\n\n\n<p>In ABF avrai modo di spaziare tra diverse aree disciplinari, tra cui:<\/p>\n\n\n\n<ul class=\"wp-block-list\">\n<li>elettronica;<\/li>\n\n\n\n<li>Informatica Tecnico Professionale;<\/li>\n\n\n\n<li>laboratorio reti\/sistemi;<\/li>\n\n\n\n<li>programmazione e database.<\/li>\n<\/ul>\n\n\n\n<p>Inoltre, avrai l&#8217;opportunit\u00e0 di testare le tue competenze sul campo grazie alle ore di alternanza scuola-lavoro.<\/p>\n\n\n\n<p>Le diverse aree disciplinari ti permetteranno di coltivare la tua curiosit\u00e0 e creativit\u00e0 e di imparare tutti i segreti del settore informatico, partendo dalle basi!<\/p>\n\n\n\n<p>Alcune parole dei nostri ragazzi in merito al percorso di operatore informatico:<\/p>\n\n\n\n<blockquote class=\"wp-block-quote is-layout-flow wp-block-quote-is-layout-flow\">\n<p>&#8220;La mia materia preferita \u00e8 programmazione, mi piace perch\u00e9 riesco a esprimere la mia creativit\u00e0.&#8221;<\/p>\n<cite>Michelangelo, 2\u00b0 anno operatore informatico<\/cite><\/blockquote>\n\n\n\n<blockquote class=\"wp-block-quote is-layout-flow wp-block-quote-is-layout-flow\">\n<p>&#8220;Durante la lezioni di programmazione e database programmiamo dei siti web e lavoriamo anche sulla loro estetica. Vediamo vari codici tra cui HTML e CSS.&#8221;<\/p>\n<cite>Ibrahim, 2\u00b0 anno operatore informatico<\/cite><\/blockquote>\n\n\n\n<blockquote class=\"wp-block-quote is-layout-flow wp-block-quote-is-layout-flow\">\n<p>&#8220;Lo stage mi ha permesso di mettere in pratica le cose che ho appreso durante il percorso scolastico.&#8221;<\/p>\n\n\n\n<p>&#8220;Consiglio molto questa scuola perch\u00e9 \u00e8 molto pratica e la pratica consente anche di sviluppare, inconsapevolmente, la teoria.&#8221;<\/p>\n<cite>Sofia, 3\u00b0 anno operatore informatico<\/cite><\/blockquote>\n\n\n\n<h5 class=\"wp-block-heading\">Parola ai nostri allievi!<\/h5>\n\n\n\n<p>Per spiegare al meglio le attivit\u00e0 che vengono svolte a scuola, abbiamo deciso di intervistare alcuni dei nostri allievi che frequentano questo percorso. Saranno loro a illustrarti il settore informatico e a parlarti della loro esperienza in ABF! <strong>Premi play&nbsp;<\/strong>sul video qui sotto.<\/p>\n\n\n\n<figure class=\"wp-block-embed is-type-video is-provider-youtube wp-block-embed-youtube wp-embed-aspect-16-9 wp-has-aspect-ratio\"><div class=\"wp-block-embed__wrapper\">\n<iframe loading=\"lazy\" title=\"Operatore informatico in ABF - La parola ai protagonisti\" width=\"500\" height=\"281\" src=\"https:\/\/www.youtube.com\/embed\/58GQsz3Ue-8?feature=oembed\" frameborder=\"0\" allow=\"accelerometer; autoplay; clipboard-write; encrypted-media; gyroscope; picture-in-picture; web-share\" referrerpolicy=\"strict-origin-when-cross-origin\" allowfullscreen><\/iframe>\n<\/div><\/figure>\n\n\n\n<div style=\"height:30px\" aria-hidden=\"true\" class=\"wp-block-spacer\"><\/div>\n\n\n\n<p>Se dopo aver sentito i racconti dei ragazzi sogni anche tu di diventare un informatico inside, scopri di pi\u00f9 sulla nostra\u00a0<a href=\"https:\/\/www.abf.eu\/bergamo\/corsi\/operatore-informatico\/\" target=\"_blank\" rel=\"noreferrer noopener\"><strong>pagina\u00a0dedicata<\/strong><\/a>!<\/p>\n","protected":false},"excerpt":{"rendered":"<p>Se anche tu pensi che l&#8217;informatica rappresenti il futuro del<\/p>\n","protected":false},"author":60,"featured_media":20134,"comment_status":"closed","ping_status":"closed","sticky":false,"template":"","format":"standard","meta":{"footnotes":""},"categories":[1],"tags":[],"class_list":["post-20102","post","type-post","status-publish","format-standard","has-post-thumbnail","hentry","category-senza-categoria"],"yoast_head":"<!-- This site is optimized with the Yoast SEO plugin v25.8 - https:\/\/yoast.com\/wordpress\/plugins\/seo\/ -->\n<title>Operatore informatico in ABF: la parola ai protagonisti - Bergamo<\/title>\n<meta name=\"description\" content=\"Gli allievi del percorso di operatore informatico ci illustrano le attivit\u00e0 svolte e ci parlano della loro esperienza in ABF!\" \/>\n<meta name=\"robots\" content=\"index, follow, max-snippet:-1, max-image-preview:large, max-video-preview:-1\" \/>\n<link rel=\"canonical\" href=\"https:\/\/www.abf.eu\/bergamo\/operatore-informatico-in-abf\/\" \/>\n<meta property=\"og:locale\" content=\"it_IT\" \/>\n<meta property=\"og:type\" content=\"article\" \/>\n<meta property=\"og:title\" content=\"Operatore informatico in ABF: la parola ai protagonisti - Bergamo\" \/>\n<meta property=\"og:description\" content=\"Gli allievi del percorso di operatore informatico ci illustrano le attivit\u00e0 svolte e ci parlano della loro esperienza in ABF!\" \/>\n<meta property=\"og:url\" content=\"https:\/\/www.abf.eu\/bergamo\/operatore-informatico-in-abf\/\" \/>\n<meta property=\"og:site_name\" content=\"Bergamo\" \/>\n<meta property=\"article:published_time\" content=\"2024-01-17T11:16:40+00:00\" \/>\n<meta property=\"article:modified_time\" content=\"2024-01-17T11:16:41+00:00\" \/>\n<meta property=\"og:image\" content=\"https:\/\/www.abf.eu\/bergamo\/wp-content\/uploads\/sites\/3\/2024\/01\/54D2EC77-2DFA-4870-970A-6CA88EFEE0D2.png\" \/>\n\t<meta property=\"og:image:width\" content=\"1000\" \/>\n\t<meta property=\"og:image:height\" content=\"666\" \/>\n\t<meta property=\"og:image:type\" content=\"image\/png\" \/>\n<meta name=\"author\" content=\"comunicazione\" \/>\n<meta name=\"twitter:card\" content=\"summary_large_image\" \/>\n<meta name=\"twitter:label1\" content=\"Scritto da\" \/>\n\t<meta name=\"twitter:data1\" content=\"comunicazione\" \/>\n\t<meta name=\"twitter:label2\" content=\"Tempo di lettura stimato\" \/>\n\t<meta name=\"twitter:data2\" content=\"2 minuti\" \/>\n<script type=\"application\/ld+json\" class=\"yoast-schema-graph\">{\"@context\":\"https:\/\/schema.org\",\"@graph\":[{\"@type\":\"WebPage\",\"@id\":\"https:\/\/www.abf.eu\/bergamo\/operatore-informatico-in-abf\/\",\"url\":\"https:\/\/www.abf.eu\/bergamo\/operatore-informatico-in-abf\/\",\"name\":\"Operatore informatico in ABF: la parola ai protagonisti - Bergamo\",\"isPartOf\":{\"@id\":\"https:\/\/www.abf.eu\/bergamo\/#website\"},\"primaryImageOfPage\":{\"@id\":\"https:\/\/www.abf.eu\/bergamo\/operatore-informatico-in-abf\/#primaryimage\"},\"image\":{\"@id\":\"https:\/\/www.abf.eu\/bergamo\/operatore-informatico-in-abf\/#primaryimage\"},\"thumbnailUrl\":\"https:\/\/www.abf.eu\/bergamo\/wp-content\/uploads\/sites\/3\/2024\/01\/54D2EC77-2DFA-4870-970A-6CA88EFEE0D2.png\",\"datePublished\":\"2024-01-17T11:16:40+00:00\",\"dateModified\":\"2024-01-17T11:16:41+00:00\",\"author\":{\"@id\":\"https:\/\/www.abf.eu\/bergamo\/#\/schema\/person\/fba29fdd25ac883d91d01aac3a0d4b27\"},\"description\":\"Gli allievi del percorso di operatore informatico ci illustrano le attivit\u00e0 svolte e ci parlano della loro esperienza in ABF!\",\"breadcrumb\":{\"@id\":\"https:\/\/www.abf.eu\/bergamo\/operatore-informatico-in-abf\/#breadcrumb\"},\"inLanguage\":\"it-IT\",\"potentialAction\":[{\"@type\":\"ReadAction\",\"target\":[\"https:\/\/www.abf.eu\/bergamo\/operatore-informatico-in-abf\/\"]}]},{\"@type\":\"ImageObject\",\"inLanguage\":\"it-IT\",\"@id\":\"https:\/\/www.abf.eu\/bergamo\/operatore-informatico-in-abf\/#primaryimage\",\"url\":\"https:\/\/www.abf.eu\/bergamo\/wp-content\/uploads\/sites\/3\/2024\/01\/54D2EC77-2DFA-4870-970A-6CA88EFEE0D2.png\",\"contentUrl\":\"https:\/\/www.abf.eu\/bergamo\/wp-content\/uploads\/sites\/3\/2024\/01\/54D2EC77-2DFA-4870-970A-6CA88EFEE0D2.png\",\"width\":1000,\"height\":666},{\"@type\":\"BreadcrumbList\",\"@id\":\"https:\/\/www.abf.eu\/bergamo\/operatore-informatico-in-abf\/#breadcrumb\",\"itemListElement\":[{\"@type\":\"ListItem\",\"position\":1,\"name\":\"Home\",\"item\":\"https:\/\/www.abf.eu\/bergamo\/\"},{\"@type\":\"ListItem\",\"position\":2,\"name\":\"Operatore informatico in ABF: la parola ai protagonisti\"}]},{\"@type\":\"WebSite\",\"@id\":\"https:\/\/www.abf.eu\/bergamo\/#website\",\"url\":\"https:\/\/www.abf.eu\/bergamo\/\",\"name\":\"Bergamo\",\"description\":\"Ecco un altro sito Abf siti\",\"potentialAction\":[{\"@type\":\"SearchAction\",\"target\":{\"@type\":\"EntryPoint\",\"urlTemplate\":\"https:\/\/www.abf.eu\/bergamo\/?s={search_term_string}\"},\"query-input\":{\"@type\":\"PropertyValueSpecification\",\"valueRequired\":true,\"valueName\":\"search_term_string\"}}],\"inLanguage\":\"it-IT\"},{\"@type\":\"Person\",\"@id\":\"https:\/\/www.abf.eu\/bergamo\/#\/schema\/person\/fba29fdd25ac883d91d01aac3a0d4b27\",\"name\":\"comunicazione\",\"image\":{\"@type\":\"ImageObject\",\"inLanguage\":\"it-IT\",\"@id\":\"https:\/\/www.abf.eu\/bergamo\/#\/schema\/person\/image\/\",\"url\":\"https:\/\/secure.gravatar.com\/avatar\/445d3edd207d3c273c1713623b756ae97548765fd51b7e026d88829d477e9bad?s=96&d=mm&r=g\",\"contentUrl\":\"https:\/\/secure.gravatar.com\/avatar\/445d3edd207d3c273c1713623b756ae97548765fd51b7e026d88829d477e9bad?s=96&d=mm&r=g\",\"caption\":\"comunicazione\"},\"url\":\"https:\/\/www.abf.eu\/bergamo\/author\/comunicazione\/\"}]}<\/script>\n<!-- \/ Yoast SEO plugin. -->","yoast_head_json":{"title":"Operatore informatico in ABF: la parola ai protagonisti - Bergamo","description":"Gli allievi del percorso di operatore informatico ci illustrano le attivit\u00e0 svolte e ci parlano della loro esperienza in ABF!","robots":{"index":"index","follow":"follow","max-snippet":"max-snippet:-1","max-image-preview":"max-image-preview:large","max-video-preview":"max-video-preview:-1"},"canonical":"https:\/\/www.abf.eu\/bergamo\/operatore-informatico-in-abf\/","og_locale":"it_IT","og_type":"article","og_title":"Operatore informatico in ABF: la parola ai protagonisti - Bergamo","og_description":"Gli allievi del percorso di operatore informatico ci illustrano le attivit\u00e0 svolte e ci parlano della loro esperienza in ABF!","og_url":"https:\/\/www.abf.eu\/bergamo\/operatore-informatico-in-abf\/","og_site_name":"Bergamo","article_published_time":"2024-01-17T11:16:40+00:00","article_modified_time":"2024-01-17T11:16:41+00:00","og_image":[{"width":1000,"height":666,"url":"https:\/\/www.abf.eu\/bergamo\/wp-content\/uploads\/sites\/3\/2024\/01\/54D2EC77-2DFA-4870-970A-6CA88EFEE0D2.png","type":"image\/png"}],"author":"comunicazione","twitter_card":"summary_large_image","twitter_misc":{"Scritto da":"comunicazione","Tempo di lettura stimato":"2 minuti"},"schema":{"@context":"https:\/\/schema.org","@graph":[{"@type":"WebPage","@id":"https:\/\/www.abf.eu\/bergamo\/operatore-informatico-in-abf\/","url":"https:\/\/www.abf.eu\/bergamo\/operatore-informatico-in-abf\/","name":"Operatore informatico in ABF: la parola ai protagonisti - Bergamo","isPartOf":{"@id":"https:\/\/www.abf.eu\/bergamo\/#website"},"primaryImageOfPage":{"@id":"https:\/\/www.abf.eu\/bergamo\/operatore-informatico-in-abf\/#primaryimage"},"image":{"@id":"https:\/\/www.abf.eu\/bergamo\/operatore-informatico-in-abf\/#primaryimage"},"thumbnailUrl":"https:\/\/www.abf.eu\/bergamo\/wp-content\/uploads\/sites\/3\/2024\/01\/54D2EC77-2DFA-4870-970A-6CA88EFEE0D2.png","datePublished":"2024-01-17T11:16:40+00:00","dateModified":"2024-01-17T11:16:41+00:00","author":{"@id":"https:\/\/www.abf.eu\/bergamo\/#\/schema\/person\/fba29fdd25ac883d91d01aac3a0d4b27"},"description":"Gli allievi del percorso di operatore informatico ci illustrano le attivit\u00e0 svolte e ci parlano della loro esperienza in ABF!","breadcrumb":{"@id":"https:\/\/www.abf.eu\/bergamo\/operatore-informatico-in-abf\/#breadcrumb"},"inLanguage":"it-IT","potentialAction":[{"@type":"ReadAction","target":["https:\/\/www.abf.eu\/bergamo\/operatore-informatico-in-abf\/"]}]},{"@type":"ImageObject","inLanguage":"it-IT","@id":"https:\/\/www.abf.eu\/bergamo\/operatore-informatico-in-abf\/#primaryimage","url":"https:\/\/www.abf.eu\/bergamo\/wp-content\/uploads\/sites\/3\/2024\/01\/54D2EC77-2DFA-4870-970A-6CA88EFEE0D2.png","contentUrl":"https:\/\/www.abf.eu\/bergamo\/wp-content\/uploads\/sites\/3\/2024\/01\/54D2EC77-2DFA-4870-970A-6CA88EFEE0D2.png","width":1000,"height":666},{"@type":"BreadcrumbList","@id":"https:\/\/www.abf.eu\/bergamo\/operatore-informatico-in-abf\/#breadcrumb","itemListElement":[{"@type":"ListItem","position":1,"name":"Home","item":"https:\/\/www.abf.eu\/bergamo\/"},{"@type":"ListItem","position":2,"name":"Operatore informatico in ABF: la parola ai protagonisti"}]},{"@type":"WebSite","@id":"https:\/\/www.abf.eu\/bergamo\/#website","url":"https:\/\/www.abf.eu\/bergamo\/","name":"Bergamo","description":"Ecco un altro sito Abf siti","potentialAction":[{"@type":"SearchAction","target":{"@type":"EntryPoint","urlTemplate":"https:\/\/www.abf.eu\/bergamo\/?s={search_term_string}"},"query-input":{"@type":"PropertyValueSpecification","valueRequired":true,"valueName":"search_term_string"}}],"inLanguage":"it-IT"},{"@type":"Person","@id":"https:\/\/www.abf.eu\/bergamo\/#\/schema\/person\/fba29fdd25ac883d91d01aac3a0d4b27","name":"comunicazione","image":{"@type":"ImageObject","inLanguage":"it-IT","@id":"https:\/\/www.abf.eu\/bergamo\/#\/schema\/person\/image\/","url":"https:\/\/secure.gravatar.com\/avatar\/445d3edd207d3c273c1713623b756ae97548765fd51b7e026d88829d477e9bad?s=96&d=mm&r=g","contentUrl":"https:\/\/secure.gravatar.com\/avatar\/445d3edd207d3c273c1713623b756ae97548765fd51b7e026d88829d477e9bad?s=96&d=mm&r=g","caption":"comunicazione"},"url":"https:\/\/www.abf.eu\/bergamo\/author\/comunicazione\/"}]}},"_links":{"self":[{"href":"https:\/\/www.abf.eu\/bergamo\/wp-json\/wp\/v2\/posts\/20102","targetHints":{"allow":["GET"]}}],"collection":[{"href":"https:\/\/www.abf.eu\/bergamo\/wp-json\/wp\/v2\/posts"}],"about":[{"href":"https:\/\/www.abf.eu\/bergamo\/wp-json\/wp\/v2\/types\/post"}],"author":[{"embeddable":true,"href":"https:\/\/www.abf.eu\/bergamo\/wp-json\/wp\/v2\/users\/60"}],"replies":[{"embeddable":true,"href":"https:\/\/www.abf.eu\/bergamo\/wp-json\/wp\/v2\/comments?post=20102"}],"version-history":[{"count":29,"href":"https:\/\/www.abf.eu\/bergamo\/wp-json\/wp\/v2\/posts\/20102\/revisions"}],"predecessor-version":[{"id":20155,"href":"https:\/\/www.abf.eu\/bergamo\/wp-json\/wp\/v2\/posts\/20102\/revisions\/20155"}],"wp:featuredmedia":[{"embeddable":true,"href":"https:\/\/www.abf.eu\/bergamo\/wp-json\/wp\/v2\/media\/20134"}],"wp:attachment":[{"href":"https:\/\/www.abf.eu\/bergamo\/wp-json\/wp\/v2\/media?parent=20102"}],"wp:term":[{"taxonomy":"category","embeddable":true,"href":"https:\/\/www.abf.eu\/bergamo\/wp-json\/wp\/v2\/categories?post=20102"},{"taxonomy":"post_tag","embeddable":true,"href":"https:\/\/www.abf.eu\/bergamo\/wp-json\/wp\/v2\/tags?post=20102"}],"curies":[{"name":"wp","href":"https:\/\/api.w.org\/{rel}","templated":true}]}}