{"id":20278,"date":"2024-03-07T12:33:33","date_gmt":"2024-03-07T11:33:33","guid":{"rendered":"https:\/\/www.abf.eu\/bergamo\/?p=20278"},"modified":"2024-03-07T13:35:10","modified_gmt":"2024-03-07T12:35:10","slug":"mondo-barber","status":"publish","type":"post","link":"https:\/\/www.abf.eu\/bergamo\/mondo-barber\/","title":{"rendered":"I segreti del mondo barber"},"content":{"rendered":"\n<h3 class=\"wp-block-heading\">Tre giornate all&#8217;insegna dell&#8217;hairstyling maschile<\/h3>\n\n\n\n<p>Gli allievi del quarto anno di acconciatura delle sedi di Bergamo e Albino hanno frequentato un corso di taglio maschile e <em>barber<\/em>, tenuto da Alex Lamera e il suo collaboratore Luca, ex alunno di ABF. Alex \u00e8 il titolare del salone &#8220;<em>Acconciature black &#8211; out<\/em>&#8221; da circa 30 anni e ha insegnato per pi\u00f9 di 15 anni proprio presso la nostra sede. In questi incontri sono subito emerse la sua <strong>esperienza<\/strong> nel settore, la sua <strong>professionalit\u00e0<\/strong> e <strong>manualit\u00e0<\/strong>.<\/p>\n\n\n\n<h5 class=\"wp-block-heading\">Il primo incontro<\/h5>\n\n\n\n<p>Il primo incontro inizia con una <strong>digressione storica <\/strong>sul lavoro del barbiere, da intendere come l\u2019addetto al taglio dei capelli, alla rasatura della barba e allo <em>shampooing <\/em>specifico. Le prime tracce della professione sono state rinvenute in Egitto, tuttavia il primo <em>barber shop <\/em>cos\u00ec come lo conosciamo nasce a Londra. <br>Si narra che, nei primi tempi, per segnalare la presenza di un salone, venivano riposte fuori dal negozio delle bende sporche di sangue su un bastone, pratica che venne poi vietata. L\u2019origine del palo del barbiere nasce proprio a seguito di questa leggenda: il colore <strong>rosso<\/strong> si dice rappresenti il sangue arterioso, il <strong>blu<\/strong> quello venoso mentre il <strong>bianco<\/strong> le bende.<\/p>\n\n\n\n<h5 class=\"wp-block-heading\">Il mestiere e il protocollo<\/h5>\n\n\n\n<p>Dopo un excursus sulla storia del lavoro del barbiere, si passa all\u2019analisi del mestiere vero e proprio e alla spiegazione del <strong>protocollo<\/strong>.  La prima consulenza \u00e8 cruciale per arrivare alla piena conoscenza del cliente, studiando le sue abitudini e la forma del viso al fine di valorizzarlo al meglio. <\/p>\n\n\n\n<p>Il protocollo si compone di varie <strong>domande<\/strong>, vediamone degli esempi:<\/p>\n\n\n\n<ul class=\"wp-block-list\">\n<li>Come vorresti vederti oggi? <\/li>\n\n\n\n<li>Hai una foto di quello che ti piacerebbe realizzare?<\/li>\n\n\n\n<li>Quale servizio desideri effettuare?<\/li>\n\n\n\n<li>Quanto dedichi alla cura dei tuoi capelli?<\/li>\n\n\n\n<li>Quante volte a settimana li lavi?<\/li>\n\n\n\n<li>Quali prodotti utilizzi?<\/li>\n<\/ul>\n\n\n\n<figure class=\"wp-block-image size-full\"><img loading=\"lazy\" decoding=\"async\" width=\"1000\" height=\"666\" src=\"https:\/\/www.abf.eu\/bergamo\/wp-content\/uploads\/sites\/3\/2024\/03\/Progetto-senza-titolo-2.png\" alt=\"\" class=\"wp-image-20477\" srcset=\"https:\/\/www.abf.eu\/bergamo\/wp-content\/uploads\/sites\/3\/2024\/03\/Progetto-senza-titolo-2.png 1000w, https:\/\/www.abf.eu\/bergamo\/wp-content\/uploads\/sites\/3\/2024\/03\/Progetto-senza-titolo-2-300x200.png 300w, https:\/\/www.abf.eu\/bergamo\/wp-content\/uploads\/sites\/3\/2024\/03\/Progetto-senza-titolo-2-768x511.png 768w, https:\/\/www.abf.eu\/bergamo\/wp-content\/uploads\/sites\/3\/2024\/03\/Progetto-senza-titolo-2-600x400.png 600w\" sizes=\"auto, (max-width: 1000px) 100vw, 1000px\" \/><\/figure>\n\n\n\n<h5 class=\"wp-block-heading\">L\u2019importanza dell&#8217;attrezzatura e della moda<\/h5>\n\n\n\n<p>Come in tutti i lavori, per eseguire un servizio, \u00e8 fondamentale la piena conoscenza dell\u2019<strong>attrezzatura<\/strong>.  I ragazzi hanno quindi assistito ad un\u2019accurata analisi dei principali attrezzi da usare, come: clipper, trimmer, lametta e rasoio. Non dimentichiamo ovviamente le forbici a lama piena, che permettono di dare un taglio netto e le forbici a denti, che servono invece per andare a sfoltire il capello.<\/p>\n\n\n\n<p>Successivamente, durante l\u2019incontro, i ragazzi hanno appreso i principali <strong>tagli di tendenza<\/strong>. Un parrucchiere deve assolutamente conoscerli per restare al passo con i tempi, soprattutto nel mondo di oggi dove foto e video sono alla portata di tutti.<\/p>\n\n\n\n<h5 class=\"wp-block-heading\">Parola d\u2019ordine: pratica<\/h5>\n\n\n\n<p>Durante le ultime ore del primo incontro gli allievi hanno assistito ad una <strong>dimostrazione pratica<\/strong> di taglio maschile e rasatura della barba su due modelli. Alex e Luca hanno infatti mostrato ai ragazzi le tecniche spiegate precedentemente, svelando i trucchi del mestiere e dispensando consigli. Questo corso vuole infatti rendere maggiormente abili e consapevoli i nostri alunni sul taglio maschile e su tutto quello che riguarda il mondo <em>barber<\/em>.<\/p>\n\n\n\n<figure class=\"wp-block-image size-full\"><img loading=\"lazy\" decoding=\"async\" width=\"1000\" height=\"666\" src=\"https:\/\/www.abf.eu\/bergamo\/wp-content\/uploads\/sites\/3\/2024\/03\/Progetto-senza-titolo-1.png\" alt=\"\" class=\"wp-image-20476\" srcset=\"https:\/\/www.abf.eu\/bergamo\/wp-content\/uploads\/sites\/3\/2024\/03\/Progetto-senza-titolo-1.png 1000w, https:\/\/www.abf.eu\/bergamo\/wp-content\/uploads\/sites\/3\/2024\/03\/Progetto-senza-titolo-1-300x200.png 300w, https:\/\/www.abf.eu\/bergamo\/wp-content\/uploads\/sites\/3\/2024\/03\/Progetto-senza-titolo-1-768x511.png 768w, https:\/\/www.abf.eu\/bergamo\/wp-content\/uploads\/sites\/3\/2024\/03\/Progetto-senza-titolo-1-600x400.png 600w\" sizes=\"auto, (max-width: 1000px) 100vw, 1000px\" \/><\/figure>\n\n\n\n<hr class=\"wp-block-separator has-alpha-channel-opacity\" \/>\n\n\n\n<h5 class=\"wp-block-heading\"><br>Il secondo incontro <\/h5>\n\n\n\n<p>Il secondo incontro comincia ancora una volta con una breve i<strong>ntroduzione teorica<\/strong>, incentrata su quello che Alex ha definito come &#8220;<em>il rituale della barba<\/em>&#8220;, ovvero tutto ci\u00f2 che concerne non solo il taglio, ma anche la cura e il trattamento della barba. Dalla teoria si \u00e8 passati alla pratica, che ha avuto inizio con la spiegazione di tutto ci\u00f2 che riguarda la vendita dei prodotti e la fidelizzazione del cliente.<\/p>\n\n\n\n<h5 class=\"wp-block-heading\">La fidelizzazione <\/h5>\n\n\n\n<p>Nell&#8217;ambito della gestione di un&#8217;attivit\u00e0 commerciale, come un salone, \u00e8 importante fare in modo che il cliente si senta a proprio agio, sia accolto nella maniera corretta e gli vengano forniti consigli adeguati al trattamento dei propri capelli e della barba. L&#8217;attenzione alle esigenze del cliente, gi\u00e0 accennata nel corso del primo incontro, diventa cruciale quando si parla di <strong>fidelizzazione<\/strong>: un buon barbiere non deve essere solo abile ed esperto nel proprio lavoro, ma deve anche saper consigliare i prodotti adeguati per ogni tipo di capello.<\/p>\n\n\n\n<p>Altro importante aspetto per una corretta fidelizzazione \u00e8 il <strong>benessere<\/strong> del cliente: nel corso della dimostrazione pratica infatti, Alex ha mostrato agli allievi l&#8217;importanza di assicurarsi frequentemente che il cliente si senta a proprio agio, che non provi fastidio e che sia soddisfatto del processo.<\/p>\n\n\n\n<h5 class=\"wp-block-heading\">La dimostrazione pratica<\/h5>\n\n\n\n<p>La seconda parte dell&#8217;incontro si \u00e8 concentrata sulla pratica, che come nel primo incontro \u00e8 servita per mostrare ai ragazzi la tecnica di taglio, la corretta applicazione dei prodotti pre e post rasatura e il buon uso degli strumenti.<\/p>\n\n\n\n<p>Il taglio da uomo \u00e8 infatti molto <strong>complesso<\/strong>, soprattutto per via dei lineamenti del volto maschile: l&#8217;esperienza e l&#8217;allenamento sono quindi fondamentali per la realizzazione di un taglio perfetto. Per questi motivi, la dimostrazione pratica \u00e8 stata eseguita grazie alla partecipazione di un <strong>modello<\/strong>, che ha fornito al docente una perfetta &#8220;<em>tela bianca<\/em>&#8221; per mostrare agli allievi come effettuare un lavoro preciso e degno di un barbiere professionista. <\/p>\n\n\n\n<figure class=\"wp-block-image size-full\"><img loading=\"lazy\" decoding=\"async\" width=\"1000\" height=\"666\" src=\"https:\/\/www.abf.eu\/bergamo\/wp-content\/uploads\/sites\/3\/2024\/03\/albino1.png\" alt=\"\" class=\"wp-image-20521\" srcset=\"https:\/\/www.abf.eu\/bergamo\/wp-content\/uploads\/sites\/3\/2024\/03\/albino1.png 1000w, https:\/\/www.abf.eu\/bergamo\/wp-content\/uploads\/sites\/3\/2024\/03\/albino1-300x200.png 300w, https:\/\/www.abf.eu\/bergamo\/wp-content\/uploads\/sites\/3\/2024\/03\/albino1-768x511.png 768w, https:\/\/www.abf.eu\/bergamo\/wp-content\/uploads\/sites\/3\/2024\/03\/albino1-600x400.png 600w\" sizes=\"auto, (max-width: 1000px) 100vw, 1000px\" \/><\/figure>\n\n\n\n<h5 class=\"wp-block-heading\">La rasatura della barba in 5 punti fondamentali<\/h5>\n\n\n\n<p>Nel corso della dimostrazione, Alex ha mostrato come ci sian<strong>o fondamentalmente 5 punti fondamentali <\/strong>per ottenere una perfetta rasatura:<\/p>\n\n\n\n<ul class=\"wp-block-list\">\n<li>Applicare un <strong>tonificante<\/strong>, che ha il compito di ammorbidire la barba, tonificare e preparare la pelle a una rasatura perfetta, in modo da non lasciare imperfezioni o causare fastidiose irritazioni.<\/li>\n\n\n\n<li>Approfondire le <strong>esigenze <\/strong>del cliente, \u00e8 importante non solo per garantire il suo benessere, ma anche per capire quale lunghezza e sfumatura vorrebbe ottenere a servizio ultimato. In questa fase va studiata anche la forma della barba.<\/li>\n\n\n\n<li>Iniziare la <strong>rasatura<\/strong>, in cui vanno valutati attentamente quali strumenti utilizzare.<\/li>\n\n\n\n<li>Eseguire la <strong>finitura<\/strong> della barba e si risolvere eventuali imperfezioni.<\/li>\n\n\n\n<li>Applicare i<strong> prodotti<\/strong> specifici per il post-rasatura, come i lenitivi per la pelle, che sono importanti per evitare irritazioni. L&#8217;ultimo prodotto da applicare \u00e8 l&#8217;olio per la barba.<\/li>\n<\/ul>\n\n\n\n<p>Avere cura del cliente e assicurarsi il suo <strong>benessere <\/strong>\u00e8 importante sia dal punto di vista della fidelizzazione, sia dal punto di vista dell&#8217;immagine del salone, che come primo scopo deve avere sempre la cura della persona. Un cliente soddisfatto \u00e8 un cliente fidelizzato; ancora una volta, l&#8217;enfasi non va tanto sul taglio in s\u00e9, ma sulla tecnica e sull&#8217;attenzione ai dettagli. <\/p>\n\n\n\n<figure class=\"wp-block-image size-full\"><img loading=\"lazy\" decoding=\"async\" width=\"1000\" height=\"666\" src=\"https:\/\/www.abf.eu\/bergamo\/wp-content\/uploads\/sites\/3\/2024\/03\/1.png\" alt=\"\" class=\"wp-image-20466\" srcset=\"https:\/\/www.abf.eu\/bergamo\/wp-content\/uploads\/sites\/3\/2024\/03\/1.png 1000w, https:\/\/www.abf.eu\/bergamo\/wp-content\/uploads\/sites\/3\/2024\/03\/1-300x200.png 300w, https:\/\/www.abf.eu\/bergamo\/wp-content\/uploads\/sites\/3\/2024\/03\/1-768x511.png 768w, https:\/\/www.abf.eu\/bergamo\/wp-content\/uploads\/sites\/3\/2024\/03\/1-600x400.png 600w\" sizes=\"auto, (max-width: 1000px) 100vw, 1000px\" \/><\/figure>\n\n\n\n<h5 class=\"wp-block-heading\">Il taglio dei capelli<\/h5>\n\n\n\n<p>Dopo aver approfondito la rasatura della barba, la seconda parte dell&#8217;incontro si \u00e8 concentrata sul <strong>taglio dei capelli<\/strong>. Anche in questo caso, il docente si \u00e8 servito di un modello, mostrando ai ragazzi 6 passi fondamentali per realizzare un taglio perfetto.<\/p>\n\n\n\n<ul class=\"wp-block-list\">\n<li>La prima fase \u00e8 quella della <strong>consulenza <\/strong>pre &#8211; taglio. In questa fase bisogna analizzare la forma del volto, la cute e il capello ed \u00e8 anche importante consigliare quali prodotti applicare, proponendone l&#8217;acquisto.<\/li>\n\n\n\n<li>A questo punto inizia la <strong>preparazione <\/strong>al taglio, che consiste nel prelavaggio e nell&#8217;applicazione (direttamente sulla cute o su una salvietta) dei prodotti adatti al tipo di cute e di capello.<\/li>\n\n\n\n<li>Successivamente si pu\u00f2 iniziare ad <strong>eseguire il taglio<\/strong>, valutando quale <strong>tecnica <\/strong>utilizzare in relazione al tipo di capello e all&#8217;acconciatura che il cliente desidera.<\/li>\n\n\n\n<li>Dopo il taglio arriva la fase del <strong>risciacquo<\/strong>, che va fatto con uno shampoo specifico, importante come tutti gli altri prodotti.<\/li>\n\n\n\n<li>Al risciacquo segue <strong>l&#8217;asciugatura<\/strong>, anch&#8217;essa pensata per rispondere alle esigenze del cliente.<\/li>\n\n\n\n<li>L&#8217;ultima fase del servizio \u00e8 il &#8220;<em><strong>finish<\/strong><\/em>&#8220;, che vede l&#8217;ultima applicazione di prodotti per la piega, come la cera o la lacca, il gel o delle polverine specifiche.<\/li>\n<\/ul>\n\n\n\n<figure class=\"wp-block-image size-full\"><img loading=\"lazy\" decoding=\"async\" width=\"1000\" height=\"666\" src=\"https:\/\/www.abf.eu\/bergamo\/wp-content\/uploads\/sites\/3\/2024\/03\/2-1.png\" alt=\"\" class=\"wp-image-20467\" srcset=\"https:\/\/www.abf.eu\/bergamo\/wp-content\/uploads\/sites\/3\/2024\/03\/2-1.png 1000w, https:\/\/www.abf.eu\/bergamo\/wp-content\/uploads\/sites\/3\/2024\/03\/2-1-300x200.png 300w, https:\/\/www.abf.eu\/bergamo\/wp-content\/uploads\/sites\/3\/2024\/03\/2-1-768x511.png 768w, https:\/\/www.abf.eu\/bergamo\/wp-content\/uploads\/sites\/3\/2024\/03\/2-1-600x400.png 600w\" sizes=\"auto, (max-width: 1000px) 100vw, 1000px\" \/><\/figure>\n\n\n\n<hr class=\"wp-block-separator has-alpha-channel-opacity\" \/>\n\n\n\n<h5 class=\"wp-block-heading\">Il terzo incontro<\/h5>\n\n\n\n<p>Nel corso del terzo e ultimo incontro, \u00e8 arrivato il momento della <strong>verifica<\/strong>: i ragazzi hanno avuto la possibilit\u00e0 di realizzare un taglio di capelli sia sulle testine, sia su alcuni modelli che si sono messi a disposizione per permettere ai nostri allievi di dimostrare ci\u00f2 che hanno imparato. <\/p>\n\n\n\n<h5 class=\"wp-block-heading\">La scheda cliente e l&#8217;anamnesi<\/h5>\n\n\n\n<p>Durante le lezioni, i professori hanno spiegato come compilare una &#8220;<strong>scheda cliente<\/strong>&#8220;, che \u00e8 stata il primo passo della verifica: la scheda riporta alcune informazioni sul cliente e rappresenta una sorta di <strong>database <\/strong>che permetter\u00e0 al <em>barber <\/em>di tenere traccia dei servizi eseguiti in precedenza, consentendogli di &#8220;prevedere&#8221; i trattamenti successivi. Inoltre, la scheda rappresenta un importante strumento per eseguire <strong>l&#8217;anamnesi<\/strong>, che permette al barbiere di confrontare i risultati, capire cosa piace al cliente e capire quale sia lo stato di salute del capello. <\/p>\n\n\n\n<p>Un&#8217;altra funzionalit\u00e0 della scheda \u00e8 aiutare lo <em>stylist <\/em>a capire quali <strong>prodotti <\/strong>consigliare al cliente in base al suo tipo di capello, alle sue esigenze e alla sua <strong>quotidianit\u00e0<\/strong>. Chi fa attivit\u00e0 sportiva ad esempio, si laver\u00e0 i capelli pi\u00f9 spesso di chi non la fa, e pertanto saranno necessari prodotti diversi e specifici per il caso, che senza la scheda cliente sarebbero difficili da consigliare. <\/p>\n\n\n\n<figure class=\"wp-block-image size-full\"><img loading=\"lazy\" decoding=\"async\" width=\"1000\" height=\"666\" src=\"https:\/\/www.abf.eu\/bergamo\/wp-content\/uploads\/sites\/3\/2024\/03\/3-1.png\" alt=\"\" class=\"wp-image-20470\" srcset=\"https:\/\/www.abf.eu\/bergamo\/wp-content\/uploads\/sites\/3\/2024\/03\/3-1.png 1000w, https:\/\/www.abf.eu\/bergamo\/wp-content\/uploads\/sites\/3\/2024\/03\/3-1-300x200.png 300w, https:\/\/www.abf.eu\/bergamo\/wp-content\/uploads\/sites\/3\/2024\/03\/3-1-768x511.png 768w, https:\/\/www.abf.eu\/bergamo\/wp-content\/uploads\/sites\/3\/2024\/03\/3-1-600x400.png 600w\" sizes=\"auto, (max-width: 1000px) 100vw, 1000px\" \/><\/figure>\n\n\n\n<h5 class=\"wp-block-heading\">Il progetto e il taglio<\/h5>\n\n\n\n<p>Alex evidenzia l&#8217;importanza di redigere un <strong>progetto<\/strong> per affrontare al meglio la verifica, creando una sorta di disegno in cui sono rappresentati la forma del volto del modello e il taglio che poi i ragazzi andranno a realizzare.<\/p>\n\n\n\n<p>Dopo aver stilato la scheda cliente e aver creato il progetto, ogni allievo \u00e8 passato alla fase del <strong>taglio<\/strong>, seguendo tutti i passi spiegati dal docente nel corso dei precedenti incontri e sfruttando quanto imparato durante le lezioni offerte da ABF. <\/p>\n\n\n\n<p>Cos\u00ec terminano questi tre incontri, che hanno permesso ai ragazzi di avvicinarsi al mondo dell&#8217;hairstyling da uomo. <\/p>\n\n\n\n<figure class=\"wp-block-image size-full\"><img loading=\"lazy\" decoding=\"async\" width=\"1000\" height=\"666\" src=\"https:\/\/www.abf.eu\/bergamo\/wp-content\/uploads\/sites\/3\/2024\/03\/4-1.png\" alt=\"\" class=\"wp-image-20468\" srcset=\"https:\/\/www.abf.eu\/bergamo\/wp-content\/uploads\/sites\/3\/2024\/03\/4-1.png 1000w, https:\/\/www.abf.eu\/bergamo\/wp-content\/uploads\/sites\/3\/2024\/03\/4-1-300x200.png 300w, https:\/\/www.abf.eu\/bergamo\/wp-content\/uploads\/sites\/3\/2024\/03\/4-1-768x511.png 768w, https:\/\/www.abf.eu\/bergamo\/wp-content\/uploads\/sites\/3\/2024\/03\/4-1-600x400.png 600w\" sizes=\"auto, (max-width: 1000px) 100vw, 1000px\" \/><\/figure>\n","protected":false},"excerpt":{"rendered":"<p>Tre giornate all&#8217;insegna dell&#8217;hairstyling maschile Gli allievi del quarto anno<\/p>\n","protected":false},"author":51,"featured_media":20482,"comment_status":"closed","ping_status":"closed","sticky":false,"template":"","format":"standard","meta":{"footnotes":""},"categories":[1],"tags":[],"class_list":["post-20278","post","type-post","status-publish","format-standard","has-post-thumbnail","hentry","category-senza-categoria"],"yoast_head":"<!-- This site is optimized with the Yoast SEO plugin v25.8 - https:\/\/yoast.com\/wordpress\/plugins\/seo\/ -->\n<title>I segreti del mondo barber - Bergamo<\/title>\n<meta name=\"description\" content=\"I nostri allievi del quarto anno hanno frequentato un corso di taglio maschile e barber, avente un modulo composto da tre diversi incontri.\" \/>\n<meta name=\"robots\" content=\"index, follow, max-snippet:-1, max-image-preview:large, max-video-preview:-1\" \/>\n<link rel=\"canonical\" href=\"https:\/\/www.abf.eu\/bergamo\/mondo-barber\/\" \/>\n<meta property=\"og:locale\" content=\"it_IT\" \/>\n<meta property=\"og:type\" content=\"article\" \/>\n<meta property=\"og:title\" content=\"I segreti del mondo barber - Bergamo\" \/>\n<meta property=\"og:description\" content=\"I nostri allievi del quarto anno hanno frequentato un corso di taglio maschile e barber, avente un modulo composto da tre diversi incontri.\" \/>\n<meta property=\"og:url\" content=\"https:\/\/www.abf.eu\/bergamo\/mondo-barber\/\" \/>\n<meta property=\"og:site_name\" content=\"Bergamo\" \/>\n<meta property=\"article:published_time\" content=\"2024-03-07T11:33:33+00:00\" \/>\n<meta property=\"article:modified_time\" content=\"2024-03-07T12:35:10+00:00\" \/>\n<meta property=\"og:image\" content=\"https:\/\/www.abf.eu\/bergamo\/wp-content\/uploads\/sites\/3\/2024\/03\/Progetto-senza-titolo-2-1.png\" \/>\n\t<meta property=\"og:image:width\" content=\"1000\" \/>\n\t<meta property=\"og:image:height\" content=\"666\" \/>\n\t<meta property=\"og:image:type\" content=\"image\/png\" \/>\n<meta name=\"author\" content=\"abfeditorbergamo\" \/>\n<meta name=\"twitter:card\" content=\"summary_large_image\" \/>\n<meta name=\"twitter:label1\" content=\"Scritto da\" \/>\n\t<meta name=\"twitter:data1\" content=\"abfeditorbergamo\" \/>\n\t<meta name=\"twitter:label2\" content=\"Tempo di lettura stimato\" \/>\n\t<meta name=\"twitter:data2\" content=\"10 minuti\" \/>\n<script type=\"application\/ld+json\" class=\"yoast-schema-graph\">{\"@context\":\"https:\/\/schema.org\",\"@graph\":[{\"@type\":\"WebPage\",\"@id\":\"https:\/\/www.abf.eu\/bergamo\/mondo-barber\/\",\"url\":\"https:\/\/www.abf.eu\/bergamo\/mondo-barber\/\",\"name\":\"I segreti del mondo barber - Bergamo\",\"isPartOf\":{\"@id\":\"https:\/\/www.abf.eu\/bergamo\/#website\"},\"primaryImageOfPage\":{\"@id\":\"https:\/\/www.abf.eu\/bergamo\/mondo-barber\/#primaryimage\"},\"image\":{\"@id\":\"https:\/\/www.abf.eu\/bergamo\/mondo-barber\/#primaryimage\"},\"thumbnailUrl\":\"https:\/\/www.abf.eu\/bergamo\/wp-content\/uploads\/sites\/3\/2024\/03\/Progetto-senza-titolo-2-1.png\",\"datePublished\":\"2024-03-07T11:33:33+00:00\",\"dateModified\":\"2024-03-07T12:35:10+00:00\",\"author\":{\"@id\":\"https:\/\/www.abf.eu\/bergamo\/#\/schema\/person\/733fcc9b2aa7db4ab75b711dbb7e9d72\"},\"description\":\"I nostri allievi del quarto anno hanno frequentato un corso di taglio maschile e barber, avente un modulo composto da tre diversi incontri.\",\"breadcrumb\":{\"@id\":\"https:\/\/www.abf.eu\/bergamo\/mondo-barber\/#breadcrumb\"},\"inLanguage\":\"it-IT\",\"potentialAction\":[{\"@type\":\"ReadAction\",\"target\":[\"https:\/\/www.abf.eu\/bergamo\/mondo-barber\/\"]}]},{\"@type\":\"ImageObject\",\"inLanguage\":\"it-IT\",\"@id\":\"https:\/\/www.abf.eu\/bergamo\/mondo-barber\/#primaryimage\",\"url\":\"https:\/\/www.abf.eu\/bergamo\/wp-content\/uploads\/sites\/3\/2024\/03\/Progetto-senza-titolo-2-1.png\",\"contentUrl\":\"https:\/\/www.abf.eu\/bergamo\/wp-content\/uploads\/sites\/3\/2024\/03\/Progetto-senza-titolo-2-1.png\",\"width\":1000,\"height\":666},{\"@type\":\"BreadcrumbList\",\"@id\":\"https:\/\/www.abf.eu\/bergamo\/mondo-barber\/#breadcrumb\",\"itemListElement\":[{\"@type\":\"ListItem\",\"position\":1,\"name\":\"Home\",\"item\":\"https:\/\/www.abf.eu\/bergamo\/\"},{\"@type\":\"ListItem\",\"position\":2,\"name\":\"I segreti del mondo barber\"}]},{\"@type\":\"WebSite\",\"@id\":\"https:\/\/www.abf.eu\/bergamo\/#website\",\"url\":\"https:\/\/www.abf.eu\/bergamo\/\",\"name\":\"Bergamo\",\"description\":\"Ecco un altro sito Abf siti\",\"potentialAction\":[{\"@type\":\"SearchAction\",\"target\":{\"@type\":\"EntryPoint\",\"urlTemplate\":\"https:\/\/www.abf.eu\/bergamo\/?s={search_term_string}\"},\"query-input\":{\"@type\":\"PropertyValueSpecification\",\"valueRequired\":true,\"valueName\":\"search_term_string\"}}],\"inLanguage\":\"it-IT\"},{\"@type\":\"Person\",\"@id\":\"https:\/\/www.abf.eu\/bergamo\/#\/schema\/person\/733fcc9b2aa7db4ab75b711dbb7e9d72\",\"name\":\"abfeditorbergamo\",\"image\":{\"@type\":\"ImageObject\",\"inLanguage\":\"it-IT\",\"@id\":\"https:\/\/www.abf.eu\/bergamo\/#\/schema\/person\/image\/\",\"url\":\"https:\/\/secure.gravatar.com\/avatar\/797d0808d9794214af0739444d3876e2c3a8d4fd0484d816db81be9524ea3c62?s=96&d=mm&r=g\",\"contentUrl\":\"https:\/\/secure.gravatar.com\/avatar\/797d0808d9794214af0739444d3876e2c3a8d4fd0484d816db81be9524ea3c62?s=96&d=mm&r=g\",\"caption\":\"abfeditorbergamo\"},\"url\":\"https:\/\/www.abf.eu\/bergamo\/author\/abfeditorbergamo\/\"}]}<\/script>\n<!-- \/ Yoast SEO plugin. -->","yoast_head_json":{"title":"I segreti del mondo barber - Bergamo","description":"I nostri allievi del quarto anno hanno frequentato un corso di taglio maschile e barber, avente un modulo composto da tre diversi incontri.","robots":{"index":"index","follow":"follow","max-snippet":"max-snippet:-1","max-image-preview":"max-image-preview:large","max-video-preview":"max-video-preview:-1"},"canonical":"https:\/\/www.abf.eu\/bergamo\/mondo-barber\/","og_locale":"it_IT","og_type":"article","og_title":"I segreti del mondo barber - Bergamo","og_description":"I nostri allievi del quarto anno hanno frequentato un corso di taglio maschile e barber, avente un modulo composto da tre diversi incontri.","og_url":"https:\/\/www.abf.eu\/bergamo\/mondo-barber\/","og_site_name":"Bergamo","article_published_time":"2024-03-07T11:33:33+00:00","article_modified_time":"2024-03-07T12:35:10+00:00","og_image":[{"width":1000,"height":666,"url":"https:\/\/www.abf.eu\/bergamo\/wp-content\/uploads\/sites\/3\/2024\/03\/Progetto-senza-titolo-2-1.png","type":"image\/png"}],"author":"abfeditorbergamo","twitter_card":"summary_large_image","twitter_misc":{"Scritto da":"abfeditorbergamo","Tempo di lettura stimato":"10 minuti"},"schema":{"@context":"https:\/\/schema.org","@graph":[{"@type":"WebPage","@id":"https:\/\/www.abf.eu\/bergamo\/mondo-barber\/","url":"https:\/\/www.abf.eu\/bergamo\/mondo-barber\/","name":"I segreti del mondo barber - Bergamo","isPartOf":{"@id":"https:\/\/www.abf.eu\/bergamo\/#website"},"primaryImageOfPage":{"@id":"https:\/\/www.abf.eu\/bergamo\/mondo-barber\/#primaryimage"},"image":{"@id":"https:\/\/www.abf.eu\/bergamo\/mondo-barber\/#primaryimage"},"thumbnailUrl":"https:\/\/www.abf.eu\/bergamo\/wp-content\/uploads\/sites\/3\/2024\/03\/Progetto-senza-titolo-2-1.png","datePublished":"2024-03-07T11:33:33+00:00","dateModified":"2024-03-07T12:35:10+00:00","author":{"@id":"https:\/\/www.abf.eu\/bergamo\/#\/schema\/person\/733fcc9b2aa7db4ab75b711dbb7e9d72"},"description":"I nostri allievi del quarto anno hanno frequentato un corso di taglio maschile e barber, avente un modulo composto da tre diversi incontri.","breadcrumb":{"@id":"https:\/\/www.abf.eu\/bergamo\/mondo-barber\/#breadcrumb"},"inLanguage":"it-IT","potentialAction":[{"@type":"ReadAction","target":["https:\/\/www.abf.eu\/bergamo\/mondo-barber\/"]}]},{"@type":"ImageObject","inLanguage":"it-IT","@id":"https:\/\/www.abf.eu\/bergamo\/mondo-barber\/#primaryimage","url":"https:\/\/www.abf.eu\/bergamo\/wp-content\/uploads\/sites\/3\/2024\/03\/Progetto-senza-titolo-2-1.png","contentUrl":"https:\/\/www.abf.eu\/bergamo\/wp-content\/uploads\/sites\/3\/2024\/03\/Progetto-senza-titolo-2-1.png","width":1000,"height":666},{"@type":"BreadcrumbList","@id":"https:\/\/www.abf.eu\/bergamo\/mondo-barber\/#breadcrumb","itemListElement":[{"@type":"ListItem","position":1,"name":"Home","item":"https:\/\/www.abf.eu\/bergamo\/"},{"@type":"ListItem","position":2,"name":"I segreti del mondo barber"}]},{"@type":"WebSite","@id":"https:\/\/www.abf.eu\/bergamo\/#website","url":"https:\/\/www.abf.eu\/bergamo\/","name":"Bergamo","description":"Ecco un altro sito Abf siti","potentialAction":[{"@type":"SearchAction","target":{"@type":"EntryPoint","urlTemplate":"https:\/\/www.abf.eu\/bergamo\/?s={search_term_string}"},"query-input":{"@type":"PropertyValueSpecification","valueRequired":true,"valueName":"search_term_string"}}],"inLanguage":"it-IT"},{"@type":"Person","@id":"https:\/\/www.abf.eu\/bergamo\/#\/schema\/person\/733fcc9b2aa7db4ab75b711dbb7e9d72","name":"abfeditorbergamo","image":{"@type":"ImageObject","inLanguage":"it-IT","@id":"https:\/\/www.abf.eu\/bergamo\/#\/schema\/person\/image\/","url":"https:\/\/secure.gravatar.com\/avatar\/797d0808d9794214af0739444d3876e2c3a8d4fd0484d816db81be9524ea3c62?s=96&d=mm&r=g","contentUrl":"https:\/\/secure.gravatar.com\/avatar\/797d0808d9794214af0739444d3876e2c3a8d4fd0484d816db81be9524ea3c62?s=96&d=mm&r=g","caption":"abfeditorbergamo"},"url":"https:\/\/www.abf.eu\/bergamo\/author\/abfeditorbergamo\/"}]}},"_links":{"self":[{"href":"https:\/\/www.abf.eu\/bergamo\/wp-json\/wp\/v2\/posts\/20278","targetHints":{"allow":["GET"]}}],"collection":[{"href":"https:\/\/www.abf.eu\/bergamo\/wp-json\/wp\/v2\/posts"}],"about":[{"href":"https:\/\/www.abf.eu\/bergamo\/wp-json\/wp\/v2\/types\/post"}],"author":[{"embeddable":true,"href":"https:\/\/www.abf.eu\/bergamo\/wp-json\/wp\/v2\/users\/51"}],"replies":[{"embeddable":true,"href":"https:\/\/www.abf.eu\/bergamo\/wp-json\/wp\/v2\/comments?post=20278"}],"version-history":[{"count":50,"href":"https:\/\/www.abf.eu\/bergamo\/wp-json\/wp\/v2\/posts\/20278\/revisions"}],"predecessor-version":[{"id":20540,"href":"https:\/\/www.abf.eu\/bergamo\/wp-json\/wp\/v2\/posts\/20278\/revisions\/20540"}],"wp:featuredmedia":[{"embeddable":true,"href":"https:\/\/www.abf.eu\/bergamo\/wp-json\/wp\/v2\/media\/20482"}],"wp:attachment":[{"href":"https:\/\/www.abf.eu\/bergamo\/wp-json\/wp\/v2\/media?parent=20278"}],"wp:term":[{"taxonomy":"category","embeddable":true,"href":"https:\/\/www.abf.eu\/bergamo\/wp-json\/wp\/v2\/categories?post=20278"},{"taxonomy":"post_tag","embeddable":true,"href":"https:\/\/www.abf.eu\/bergamo\/wp-json\/wp\/v2\/tags?post=20278"}],"curies":[{"name":"wp","href":"https:\/\/api.w.org\/{rel}","templated":true}]}}