{"id":20371,"date":"2024-10-29T14:01:07","date_gmt":"2024-10-29T13:01:07","guid":{"rendered":"https:\/\/www.abf.eu\/bergamo\/?p=20371"},"modified":"2024-11-05T15:34:27","modified_gmt":"2024-11-05T14:34:27","slug":"continua-il-gusto-dell-inclusione","status":"publish","type":"post","link":"https:\/\/www.abf.eu\/bergamo\/continua-il-gusto-dell-inclusione\/","title":{"rendered":"Il gusto dell&#8217;inclusione"},"content":{"rendered":"\n<h3 class=\"wp-block-heading\">Proseguono le serate gestite dai ragazzi del PPD presso il Bopo di Ponteranica<\/h3>\n\n\n\n<p>Bopo rinnova la fiducia nei confronti dei nostri allievi dopo l&#8217;incredibile successo delle serate dello scorso anno durante le quali i ragazzi dei percorsi personalizzati di ABF Bergamo hanno gestito la cucina e il servizio.<\/p>\n\n\n\n<p><strong>L&#8217;esperienza formativa proseguir\u00e0 per tutto il mese di Novembre 2024.<\/strong><\/p>\n\n\n\n<hr class=\"wp-block-separator has-alpha-channel-opacity\"\/>\n\n\n\n<div id=\"linkcontent-block_65e58698aeda9\" class=\"link-content \">\n    <a class='animated-arrow font-weight-bold' href='https:\/\/www.abf.eu\/bergamo\/il-gusto-dell-inclusione\/' target=\"_blank\">\n        <span class='the-arrow -left'>\n            <span class='shaft'><\/span>\n        <\/span>\n        <span class='main'>\n            <span class='text'>Leggi la news dedicata a &#8220;Il gusto dell&#8217;inclusione&#8221;<\/span>\n            <span class='the-arrow -right'>\n                <span class='shaft'><\/span>\n            <\/span>\n        <\/span>\n    <\/a>\n<\/div>\n\n\n\n\n\n<hr class=\"wp-block-separator has-alpha-channel-opacity\"\/>\n\n\n\n<div style=\"height:15px\" aria-hidden=\"true\" class=\"wp-block-spacer\"><\/div>\n\n\n\n<h5 class=\"wp-block-heading\">Inclusivi per natura<\/h5>\n\n\n\n<p>Il motto di Bopo \u00e8 &#8220;inclusivi per natura&#8221;: il locale, infatti, collabora con Alchimia coop. sociale&nbsp;e&nbsp;Lavorare Insieme coop. sociale per creare un&#8217;unione tra iniziative di carattere commerciale e <strong>iniziative di carattere sociale<\/strong>. <\/p>\n\n\n\n<p>Nella scelta di essere inclusivi \u00e8 nata la convenzione con ABF Bergamo. Il Bopo rappresenta una palestra di vita per costruire un ponte tra i ragazzi e il loro futuro, consentendo l&#8217;inserimento lavorativo degli allievi del PPD in luoghi pi\u00f9 o meno protetti. <\/p>\n\n\n\n<blockquote class=\"wp-block-quote is-layout-flow wp-block-quote-is-layout-flow\">\n<p>&#8220;\u00c8 nostro dovere sensibilizzare il territorio, gli esercenti, le aziende, i ristoranti e i bar sul tema dell&#8217;inclusione che per noi \u00e8 un tema molto importante e soprattutto lo \u00e8 per i ragazzi perch\u00e9 permette loro di sperimentare e mettersi alla prova nell&#8217;ambito lavorativo.&#8221;<\/p>\n<cite>Benedetta Bettoni, docente di ABF Bergamo<\/cite><\/blockquote>\n\n\n\n<h5 class=\"wp-block-heading\">L&#8217;esperienza di Michele<\/h5>\n\n\n\n<p>Michele Esposito \u00e8 stato uno dei sei ragazzi che, sotto la guida dello chef Auriemma, ha partecipato all&#8217;esperienza formativa presso il Bopo e continuer\u00e0 a partecipare anche alle prossime serate &#8220;Il gusto dell&#8217;inclusione&#8221;. <\/p>\n\n\n\n<p>Michele \u00e8 un allievo dei percorsi personalizzati che frequenta il laboratorio di cucina, il suo sogno \u00e8 quello di diventare un cuoco!<\/p>\n\n\n\n<blockquote class=\"wp-block-quote is-layout-flow wp-block-quote-is-layout-flow\">\n<p>&#8220;Al Bopo, durante la serata dell&#8217;1 Febbraio, sono stato in cucina con lo chef e alcuni miei compagni e abbiamo preparato i piatti proposti nel men\u00f9. Ho avuto l&#8217;opportunit\u00e0, per la prima volta, di sperimentare come chef fuori dalla scuola, ero molto emozionato.<\/p>\n\n\n\n<p>In cucina i piatti sono tornati vuoti, il men\u00f9 \u00e8 piaciuto molto ed \u00e8 andato tutto bene, per le prossime volte dobbiamo tornare pi\u00f9 carichi che mai!&#8221;<\/p>\n<cite>Michele Esposito, allievo di ABF Bergamo<\/cite><\/blockquote>\n\n\n\n<h5 class=\"wp-block-heading\">Cene a base di inclusione: i men\u00f9<\/h5>\n\n\n\n<p>Se anche voi non vedete l&#8217;ora di assaporare le deliziose cene preparate dai nostri ragazzi, vi daremo un piccolo assaggio mostrandovi i men\u00f9 delle prossime serate!<\/p>\n\n\n\n<h5 class=\"wp-block-heading\">Men\u00f9 del mese di novembre<\/h5>\n\n\n\n<p><strong>Gioved\u00ec 7 novembre<\/strong> <strong>&#8211; Giochiamo coi nomi<\/strong><\/p>\n\n\n\n<ul class=\"wp-block-list\">\n<li>Ris-Zocchero (il risotto che si crede un pizzocchero)<\/li>\n\n\n\n<li>Uccellini scappati \u2026.. per davvero (involtino di melanzana gratinato)<\/li>\n\n\n\n<li>Nido di spinaci e tortino di patate<\/li>\n\n\n\n<li>Grecamis\u00f9 (yogurt greco, caff\u00e8, Cacao)<\/li>\n<\/ul>\n\n\n\n<div style=\"height:10px\" aria-hidden=\"true\" class=\"wp-block-spacer\"><\/div>\n\n\n\n<div id=\"linkcontent-block_672a2c3130eff\" class=\"link-content \">\n    <a class='animated-arrow font-weight-bold' href='https:\/\/www.abf.eu\/bergamo\/wp-content\/uploads\/sites\/3\/2024\/10\/Locandina-07_11.png' target=\"_blank\">\n        <span class='the-arrow -left'>\n            <span class='shaft'><\/span>\n        <\/span>\n        <span class='main'>\n            <span class='text'>Scarica la locandina della serata!<\/span>\n            <span class='the-arrow -right'>\n                <span class='shaft'><\/span>\n            <\/span>\n        <\/span>\n    <\/a>\n<\/div>\n\n\n\n\n\n<hr class=\"wp-block-separator has-alpha-channel-opacity\"\/>\n\n\n\n<p><strong>Gioved\u00ec 14 novembre<\/strong> <strong>&#8211; Il mare&#8230; dentro<\/strong><\/p>\n\n\n\n<ul class=\"wp-block-list\">\n<li>Guazzetto di tubetti allo scorfano<\/li>\n\n\n\n<li>Filetto di ombrina in crosta di sale<\/li>\n\n\n\n<li>Mousselline di patate alla clorofilla<\/li>\n\n\n\n<li>Chips di sedano rapa<\/li>\n\n\n\n<li>Pasticciotto Leccese<\/li>\n<\/ul>\n\n\n\n<div style=\"height:10px\" aria-hidden=\"true\" class=\"wp-block-spacer\"><\/div>\n\n\n\n<div id=\"linkcontent-block_672a2c8030f00\" class=\"link-content \">\n    <a class='animated-arrow font-weight-bold' href='https:\/\/www.abf.eu\/bergamo\/wp-content\/uploads\/sites\/3\/2024\/10\/Locandina-07_11.png' target=\"_blank\">\n        <span class='the-arrow -left'>\n            <span class='shaft'><\/span>\n        <\/span>\n        <span class='main'>\n            <span class='text'>Scarica la locandina della serata!<\/span>\n            <span class='the-arrow -right'>\n                <span class='shaft'><\/span>\n            <\/span>\n        <\/span>\n    <\/a>\n<\/div>\n\n\n\n\n\n<hr class=\"wp-block-separator has-alpha-channel-opacity\"\/>\n\n\n\n<p><strong>Gioved\u00ec 21 novembre &#8211; Dal Po in gi\u00f9<\/strong><\/p>\n\n\n\n<ul class=\"wp-block-list\">\n<li>Zuppa pavese con l\u2019uovo perfetto<\/li>\n\n\n\n<li>Cima di vitello al cavolo nero<\/li>\n\n\n\n<li>Patate fondenti<\/li>\n\n\n\n<li>Cheesecake ai marroni<\/li>\n<\/ul>\n\n\n\n<div style=\"height:10px\" aria-hidden=\"true\" class=\"wp-block-spacer\"><\/div>\n\n\n\n<div id=\"linkcontent-block_672a2c8430f01\" class=\"link-content \">\n    <a class='animated-arrow font-weight-bold' href='https:\/\/www.abf.eu\/bergamo\/wp-content\/uploads\/sites\/3\/2024\/10\/Locandina-07_11.png' target=\"_blank\">\n        <span class='the-arrow -left'>\n            <span class='shaft'><\/span>\n        <\/span>\n        <span class='main'>\n            <span class='text'>Scarica la locandina della serata!<\/span>\n            <span class='the-arrow -right'>\n                <span class='shaft'><\/span>\n            <\/span>\n        <\/span>\n    <\/a>\n<\/div>\n\n\n\n\n\n<hr class=\"wp-block-separator has-alpha-channel-opacity\"\/>\n\n\n\n<p><strong>Gioved\u00ec 28 novembre &#8211; Dal Po in su<\/strong><\/p>\n\n\n\n<ul class=\"wp-block-list\">\n<li>Lasagnette alla zucca e crescenza<\/li>\n\n\n\n<li>Capello del prete, lingua e cotechino con salsa verde, maionese e cren<\/li>\n\n\n\n<li>Giardiniera tiepida, patate schiacciate al prezzemolo<\/li>\n\n\n\n<li>Strudel di mele in pasta fillo<\/li>\n<\/ul>\n\n\n\n<div style=\"height:10px\" aria-hidden=\"true\" class=\"wp-block-spacer\"><\/div>\n\n\n\n<div id=\"linkcontent-block_672a2c8830f02\" class=\"link-content \">\n    <a class='animated-arrow font-weight-bold' href='https:\/\/www.abf.eu\/bergamo\/wp-content\/uploads\/sites\/3\/2024\/10\/Locandina-07_11.png' target=\"_blank\">\n        <span class='the-arrow -left'>\n            <span class='shaft'><\/span>\n        <\/span>\n        <span class='main'>\n            <span class='text'>Scarica la locandina della serata!<\/span>\n            <span class='the-arrow -right'>\n                <span class='shaft'><\/span>\n            <\/span>\n        <\/span>\n    <\/a>\n<\/div>\n\n\n\n\n\n<hr class=\"wp-block-separator has-alpha-channel-opacity\"\/>\n\n\n\n<p><strong>I posti stanno andando a ruba, non esitate a prenotare!<\/strong><\/p>\n","protected":false},"excerpt":{"rendered":"<p>Proseguono le serate gestite dai ragazzi del PPD presso il<\/p>\n","protected":false},"author":61,"featured_media":23142,"comment_status":"closed","ping_status":"closed","sticky":false,"template":"","format":"standard","meta":{"footnotes":""},"categories":[1],"tags":[],"class_list":["post-20371","post","type-post","status-publish","format-standard","has-post-thumbnail","hentry","category-senza-categoria"],"yoast_head":"<!-- This site is optimized with the Yoast SEO plugin v25.8 - https:\/\/yoast.com\/wordpress\/plugins\/seo\/ -->\n<title>Il gusto dell&#039;inclusione - Bergamo<\/title>\n<meta name=\"description\" content=\"Dopo il successo delle serate &quot;Il gusto dell&#039;inclusione&quot; dell&#039;1, del 15 e del 29 febbraio proseguono le serate gestite dal PPD presso il Bopo.\" \/>\n<meta name=\"robots\" content=\"index, follow, max-snippet:-1, max-image-preview:large, max-video-preview:-1\" \/>\n<link rel=\"canonical\" href=\"https:\/\/www.abf.eu\/bergamo\/continua-il-gusto-dell-inclusione\/\" \/>\n<meta property=\"og:locale\" content=\"it_IT\" \/>\n<meta property=\"og:type\" content=\"article\" \/>\n<meta property=\"og:title\" content=\"Il gusto dell&#039;inclusione - Bergamo\" \/>\n<meta property=\"og:description\" content=\"Dopo il successo delle serate &quot;Il gusto dell&#039;inclusione&quot; dell&#039;1, del 15 e del 29 febbraio proseguono le serate gestite dal PPD presso il Bopo.\" \/>\n<meta property=\"og:url\" content=\"https:\/\/www.abf.eu\/bergamo\/continua-il-gusto-dell-inclusione\/\" \/>\n<meta property=\"og:site_name\" content=\"Bergamo\" \/>\n<meta property=\"article:published_time\" content=\"2024-10-29T13:01:07+00:00\" \/>\n<meta property=\"article:modified_time\" content=\"2024-11-05T14:34:27+00:00\" \/>\n<meta property=\"og:image\" content=\"https:\/\/www.abf.eu\/bergamo\/wp-content\/uploads\/sites\/3\/2024\/03\/Il-gusto-dellinclusione.png\" \/>\n\t<meta property=\"og:image:width\" content=\"1000\" \/>\n\t<meta property=\"og:image:height\" content=\"666\" \/>\n\t<meta property=\"og:image:type\" content=\"image\/png\" \/>\n<meta name=\"author\" content=\"giadabrembilla\" \/>\n<meta name=\"twitter:card\" content=\"summary_large_image\" \/>\n<meta name=\"twitter:label1\" content=\"Scritto da\" \/>\n\t<meta name=\"twitter:data1\" content=\"giadabrembilla\" \/>\n\t<meta name=\"twitter:label2\" content=\"Tempo di lettura stimato\" \/>\n\t<meta name=\"twitter:data2\" content=\"3 minuti\" \/>\n<script type=\"application\/ld+json\" class=\"yoast-schema-graph\">{\"@context\":\"https:\/\/schema.org\",\"@graph\":[{\"@type\":\"WebPage\",\"@id\":\"https:\/\/www.abf.eu\/bergamo\/continua-il-gusto-dell-inclusione\/\",\"url\":\"https:\/\/www.abf.eu\/bergamo\/continua-il-gusto-dell-inclusione\/\",\"name\":\"Il gusto dell'inclusione - Bergamo\",\"isPartOf\":{\"@id\":\"https:\/\/www.abf.eu\/bergamo\/#website\"},\"primaryImageOfPage\":{\"@id\":\"https:\/\/www.abf.eu\/bergamo\/continua-il-gusto-dell-inclusione\/#primaryimage\"},\"image\":{\"@id\":\"https:\/\/www.abf.eu\/bergamo\/continua-il-gusto-dell-inclusione\/#primaryimage\"},\"thumbnailUrl\":\"https:\/\/www.abf.eu\/bergamo\/wp-content\/uploads\/sites\/3\/2024\/03\/Il-gusto-dellinclusione.png\",\"datePublished\":\"2024-10-29T13:01:07+00:00\",\"dateModified\":\"2024-11-05T14:34:27+00:00\",\"author\":{\"@id\":\"https:\/\/www.abf.eu\/bergamo\/#\/schema\/person\/0daf58404dacb015e5a8d3000f24219b\"},\"description\":\"Dopo il successo delle serate \\\"Il gusto dell'inclusione\\\" dell'1, del 15 e del 29 febbraio proseguono le serate gestite dal PPD presso il Bopo.\",\"breadcrumb\":{\"@id\":\"https:\/\/www.abf.eu\/bergamo\/continua-il-gusto-dell-inclusione\/#breadcrumb\"},\"inLanguage\":\"it-IT\",\"potentialAction\":[{\"@type\":\"ReadAction\",\"target\":[\"https:\/\/www.abf.eu\/bergamo\/continua-il-gusto-dell-inclusione\/\"]}]},{\"@type\":\"ImageObject\",\"inLanguage\":\"it-IT\",\"@id\":\"https:\/\/www.abf.eu\/bergamo\/continua-il-gusto-dell-inclusione\/#primaryimage\",\"url\":\"https:\/\/www.abf.eu\/bergamo\/wp-content\/uploads\/sites\/3\/2024\/03\/Il-gusto-dellinclusione.png\",\"contentUrl\":\"https:\/\/www.abf.eu\/bergamo\/wp-content\/uploads\/sites\/3\/2024\/03\/Il-gusto-dellinclusione.png\",\"width\":1000,\"height\":666},{\"@type\":\"BreadcrumbList\",\"@id\":\"https:\/\/www.abf.eu\/bergamo\/continua-il-gusto-dell-inclusione\/#breadcrumb\",\"itemListElement\":[{\"@type\":\"ListItem\",\"position\":1,\"name\":\"Home\",\"item\":\"https:\/\/www.abf.eu\/bergamo\/\"},{\"@type\":\"ListItem\",\"position\":2,\"name\":\"Il gusto dell&#8217;inclusione\"}]},{\"@type\":\"WebSite\",\"@id\":\"https:\/\/www.abf.eu\/bergamo\/#website\",\"url\":\"https:\/\/www.abf.eu\/bergamo\/\",\"name\":\"Bergamo\",\"description\":\"Ecco un altro sito Abf siti\",\"potentialAction\":[{\"@type\":\"SearchAction\",\"target\":{\"@type\":\"EntryPoint\",\"urlTemplate\":\"https:\/\/www.abf.eu\/bergamo\/?s={search_term_string}\"},\"query-input\":{\"@type\":\"PropertyValueSpecification\",\"valueRequired\":true,\"valueName\":\"search_term_string\"}}],\"inLanguage\":\"it-IT\"},{\"@type\":\"Person\",\"@id\":\"https:\/\/www.abf.eu\/bergamo\/#\/schema\/person\/0daf58404dacb015e5a8d3000f24219b\",\"name\":\"giadabrembilla\",\"image\":{\"@type\":\"ImageObject\",\"inLanguage\":\"it-IT\",\"@id\":\"https:\/\/www.abf.eu\/bergamo\/#\/schema\/person\/image\/\",\"url\":\"https:\/\/secure.gravatar.com\/avatar\/11deae43922794eea4da2521866db72e0b94af2824c985037486ebe200326260?s=96&d=mm&r=g\",\"contentUrl\":\"https:\/\/secure.gravatar.com\/avatar\/11deae43922794eea4da2521866db72e0b94af2824c985037486ebe200326260?s=96&d=mm&r=g\",\"caption\":\"giadabrembilla\"},\"url\":\"https:\/\/www.abf.eu\/bergamo\/author\/giadabrembilla\/\"}]}<\/script>\n<!-- \/ Yoast SEO plugin. -->","yoast_head_json":{"title":"Il gusto dell'inclusione - Bergamo","description":"Dopo il successo delle serate \"Il gusto dell'inclusione\" dell'1, del 15 e del 29 febbraio proseguono le serate gestite dal PPD presso il Bopo.","robots":{"index":"index","follow":"follow","max-snippet":"max-snippet:-1","max-image-preview":"max-image-preview:large","max-video-preview":"max-video-preview:-1"},"canonical":"https:\/\/www.abf.eu\/bergamo\/continua-il-gusto-dell-inclusione\/","og_locale":"it_IT","og_type":"article","og_title":"Il gusto dell'inclusione - Bergamo","og_description":"Dopo il successo delle serate \"Il gusto dell'inclusione\" dell'1, del 15 e del 29 febbraio proseguono le serate gestite dal PPD presso il Bopo.","og_url":"https:\/\/www.abf.eu\/bergamo\/continua-il-gusto-dell-inclusione\/","og_site_name":"Bergamo","article_published_time":"2024-10-29T13:01:07+00:00","article_modified_time":"2024-11-05T14:34:27+00:00","og_image":[{"width":1000,"height":666,"url":"https:\/\/www.abf.eu\/bergamo\/wp-content\/uploads\/sites\/3\/2024\/03\/Il-gusto-dellinclusione.png","type":"image\/png"}],"author":"giadabrembilla","twitter_card":"summary_large_image","twitter_misc":{"Scritto da":"giadabrembilla","Tempo di lettura stimato":"3 minuti"},"schema":{"@context":"https:\/\/schema.org","@graph":[{"@type":"WebPage","@id":"https:\/\/www.abf.eu\/bergamo\/continua-il-gusto-dell-inclusione\/","url":"https:\/\/www.abf.eu\/bergamo\/continua-il-gusto-dell-inclusione\/","name":"Il gusto dell'inclusione - Bergamo","isPartOf":{"@id":"https:\/\/www.abf.eu\/bergamo\/#website"},"primaryImageOfPage":{"@id":"https:\/\/www.abf.eu\/bergamo\/continua-il-gusto-dell-inclusione\/#primaryimage"},"image":{"@id":"https:\/\/www.abf.eu\/bergamo\/continua-il-gusto-dell-inclusione\/#primaryimage"},"thumbnailUrl":"https:\/\/www.abf.eu\/bergamo\/wp-content\/uploads\/sites\/3\/2024\/03\/Il-gusto-dellinclusione.png","datePublished":"2024-10-29T13:01:07+00:00","dateModified":"2024-11-05T14:34:27+00:00","author":{"@id":"https:\/\/www.abf.eu\/bergamo\/#\/schema\/person\/0daf58404dacb015e5a8d3000f24219b"},"description":"Dopo il successo delle serate \"Il gusto dell'inclusione\" dell'1, del 15 e del 29 febbraio proseguono le serate gestite dal PPD presso il Bopo.","breadcrumb":{"@id":"https:\/\/www.abf.eu\/bergamo\/continua-il-gusto-dell-inclusione\/#breadcrumb"},"inLanguage":"it-IT","potentialAction":[{"@type":"ReadAction","target":["https:\/\/www.abf.eu\/bergamo\/continua-il-gusto-dell-inclusione\/"]}]},{"@type":"ImageObject","inLanguage":"it-IT","@id":"https:\/\/www.abf.eu\/bergamo\/continua-il-gusto-dell-inclusione\/#primaryimage","url":"https:\/\/www.abf.eu\/bergamo\/wp-content\/uploads\/sites\/3\/2024\/03\/Il-gusto-dellinclusione.png","contentUrl":"https:\/\/www.abf.eu\/bergamo\/wp-content\/uploads\/sites\/3\/2024\/03\/Il-gusto-dellinclusione.png","width":1000,"height":666},{"@type":"BreadcrumbList","@id":"https:\/\/www.abf.eu\/bergamo\/continua-il-gusto-dell-inclusione\/#breadcrumb","itemListElement":[{"@type":"ListItem","position":1,"name":"Home","item":"https:\/\/www.abf.eu\/bergamo\/"},{"@type":"ListItem","position":2,"name":"Il gusto dell&#8217;inclusione"}]},{"@type":"WebSite","@id":"https:\/\/www.abf.eu\/bergamo\/#website","url":"https:\/\/www.abf.eu\/bergamo\/","name":"Bergamo","description":"Ecco un altro sito Abf siti","potentialAction":[{"@type":"SearchAction","target":{"@type":"EntryPoint","urlTemplate":"https:\/\/www.abf.eu\/bergamo\/?s={search_term_string}"},"query-input":{"@type":"PropertyValueSpecification","valueRequired":true,"valueName":"search_term_string"}}],"inLanguage":"it-IT"},{"@type":"Person","@id":"https:\/\/www.abf.eu\/bergamo\/#\/schema\/person\/0daf58404dacb015e5a8d3000f24219b","name":"giadabrembilla","image":{"@type":"ImageObject","inLanguage":"it-IT","@id":"https:\/\/www.abf.eu\/bergamo\/#\/schema\/person\/image\/","url":"https:\/\/secure.gravatar.com\/avatar\/11deae43922794eea4da2521866db72e0b94af2824c985037486ebe200326260?s=96&d=mm&r=g","contentUrl":"https:\/\/secure.gravatar.com\/avatar\/11deae43922794eea4da2521866db72e0b94af2824c985037486ebe200326260?s=96&d=mm&r=g","caption":"giadabrembilla"},"url":"https:\/\/www.abf.eu\/bergamo\/author\/giadabrembilla\/"}]}},"_links":{"self":[{"href":"https:\/\/www.abf.eu\/bergamo\/wp-json\/wp\/v2\/posts\/20371","targetHints":{"allow":["GET"]}}],"collection":[{"href":"https:\/\/www.abf.eu\/bergamo\/wp-json\/wp\/v2\/posts"}],"about":[{"href":"https:\/\/www.abf.eu\/bergamo\/wp-json\/wp\/v2\/types\/post"}],"author":[{"embeddable":true,"href":"https:\/\/www.abf.eu\/bergamo\/wp-json\/wp\/v2\/users\/61"}],"replies":[{"embeddable":true,"href":"https:\/\/www.abf.eu\/bergamo\/wp-json\/wp\/v2\/comments?post=20371"}],"version-history":[{"count":82,"href":"https:\/\/www.abf.eu\/bergamo\/wp-json\/wp\/v2\/posts\/20371\/revisions"}],"predecessor-version":[{"id":23173,"href":"https:\/\/www.abf.eu\/bergamo\/wp-json\/wp\/v2\/posts\/20371\/revisions\/23173"}],"wp:featuredmedia":[{"embeddable":true,"href":"https:\/\/www.abf.eu\/bergamo\/wp-json\/wp\/v2\/media\/23142"}],"wp:attachment":[{"href":"https:\/\/www.abf.eu\/bergamo\/wp-json\/wp\/v2\/media?parent=20371"}],"wp:term":[{"taxonomy":"category","embeddable":true,"href":"https:\/\/www.abf.eu\/bergamo\/wp-json\/wp\/v2\/categories?post=20371"},{"taxonomy":"post_tag","embeddable":true,"href":"https:\/\/www.abf.eu\/bergamo\/wp-json\/wp\/v2\/tags?post=20371"}],"curies":[{"name":"wp","href":"https:\/\/api.w.org\/{rel}","templated":true}]}}