{"id":20721,"date":"2024-03-20T15:17:54","date_gmt":"2024-03-20T14:17:54","guid":{"rendered":"https:\/\/www.abf.eu\/bergamo\/?p=20721"},"modified":"2024-03-20T15:33:27","modified_gmt":"2024-03-20T14:33:27","slug":"associazione-libera","status":"publish","type":"post","link":"https:\/\/www.abf.eu\/bergamo\/associazione-libera\/","title":{"rendered":"Un pranzo con l&#8217;associazione Libera"},"content":{"rendered":"\n<h3 class=\"wp-block-heading\">ABF e Libera insieme per sensibilizzare sul tema dell&#8217;antimafia<\/h3>\n\n\n\n<h5 class=\"wp-block-heading\">Un momento di riflessione<\/h5>\n\n\n\n<p>I ragazzi delle classi quarte, marted\u00ec 19 marzo, sono stati coinvolti in un&#8217;iniziativa importante per la cittadinanza: hanno condiviso un pranzo per discutere insieme sul tema della legalit\u00e0, in vista del <strong>21 marzo, Giornata nazionale della Memoria e dell&#8217;impegno in ricordo delle vittime delle mafie<\/strong>. Questo pranzo si contraddistingue in quanto i prodotti utilizzati per la sua preparazione provengono da cooperative che collaborano con <strong>Libera<\/strong>.<\/p>\n\n\n<div class=\"wp-block-image\">\n<figure class=\"aligncenter size-full\"><img loading=\"lazy\" decoding=\"async\" width=\"1000\" height=\"666\" src=\"https:\/\/www.abf.eu\/bergamo\/wp-content\/uploads\/sites\/3\/2024\/03\/Progetto-senza-titolo-5.png\" alt=\"\" class=\"wp-image-20725\" srcset=\"https:\/\/www.abf.eu\/bergamo\/wp-content\/uploads\/sites\/3\/2024\/03\/Progetto-senza-titolo-5.png 1000w, https:\/\/www.abf.eu\/bergamo\/wp-content\/uploads\/sites\/3\/2024\/03\/Progetto-senza-titolo-5-300x200.png 300w, https:\/\/www.abf.eu\/bergamo\/wp-content\/uploads\/sites\/3\/2024\/03\/Progetto-senza-titolo-5-768x511.png 768w, https:\/\/www.abf.eu\/bergamo\/wp-content\/uploads\/sites\/3\/2024\/03\/Progetto-senza-titolo-5-600x400.png 600w\" sizes=\"auto, (max-width: 1000px) 100vw, 1000px\" \/><\/figure><\/div>\n\n\n<div style=\"height:15px\" aria-hidden=\"true\" class=\"wp-block-spacer\"><\/div>\n\n\n\n<h5 class=\"wp-block-heading\">Chi \u00e8 &#8220;Libera&#8221; e perch\u00e9 \u00e8 importante conoscere la sua realt\u00e0?<\/h5>\n\n\n\n<p>Libera \u00e8 un&#8217;associazione di promozione sociale nata nel 1995 da <strong>Don Luigi Ciotti<\/strong>, con l&#8217;intento di sollecitare la societ\u00e0 civile nella lotta alla criminalit\u00e0 organizzata e di contribuire alla creazione di comunit\u00e0 opposte alle mafie stesse.<\/p>\n\n\n\n<p>Un importante risultato ottenuto da Libera nella lotta contro la criminalit\u00e0 \u00e8 <strong>la legge 109<\/strong>, che permette alla societ\u00e0 civile di riappropriarsi degli spazi confiscati alle mafie per creare nuove realt\u00e0. Attualmente, Libera coordina oltre 1600 enti e si impegna attivamente nella promozione di progetti formativi volti a sensibilizzare la coscienza civile.<\/p>\n\n\n\n<h5 class=\"wp-block-heading\">La testimonianza di Alessandro Quinto <\/h5>\n\n\n\n<p>Alessandro Quinto, attualmente insegnante di sostegno presso la sede di ABF Treviglio, \u00e8 stato invitato in qualit\u00e0 di esperto per condividere la sua esperienza come volontario presso l&#8217;associazione Libera. <\/p>\n\n\n\n<p>Durante l&#8217;evento, il prof. Quinto, oltre a raccontare storie di cooperative nate dal sequestro di beni e terreni alle mafie nel nostro territorio, ha riportato alla luce storie dimenticate come quella del piccolo <strong>Gabriele Dod\u00f2<\/strong>, un bambino di undici anni morto durante una lotta tra mafie mentre giocava al parco giochi, o quella di <strong>Graziella Campagna<\/strong>, assassinata per aver visto un&#8217;agenda di contatti appartenente a un mafioso.<\/p>\n\n\n\n<p>I loro nomi, insieme a quelli di molti altri, sono stati tutti registrati all&#8217;interno di &#8220;<a href=\"https:\/\/vivi.libera.it\/it-ricerca_nomi\">Nomi da non dimenticare&#8221;<\/a>, il sito creato da Libera in memoria delle vittime innocenti uccise dalla mafia. All&#8217;interno del sito, la loro memoria \u00e8 <strong>viva<\/strong>: \u00e8 possibile consultarla in ogni momento, scoprire il volto, la storia, le loro passioni e i loro sogni.<\/p>\n\n\n<div class=\"wp-block-image\">\n<figure class=\"aligncenter size-full is-resized\"><img loading=\"lazy\" decoding=\"async\" width=\"1000\" height=\"666\" src=\"https:\/\/www.abf.eu\/bergamo\/wp-content\/uploads\/sites\/3\/2024\/03\/Progetto-senza-titolo-8.png\" alt=\"\" class=\"wp-image-20731\" style=\"width:997px;height:auto\" srcset=\"https:\/\/www.abf.eu\/bergamo\/wp-content\/uploads\/sites\/3\/2024\/03\/Progetto-senza-titolo-8.png 1000w, https:\/\/www.abf.eu\/bergamo\/wp-content\/uploads\/sites\/3\/2024\/03\/Progetto-senza-titolo-8-300x200.png 300w, https:\/\/www.abf.eu\/bergamo\/wp-content\/uploads\/sites\/3\/2024\/03\/Progetto-senza-titolo-8-768x511.png 768w, https:\/\/www.abf.eu\/bergamo\/wp-content\/uploads\/sites\/3\/2024\/03\/Progetto-senza-titolo-8-600x400.png 600w\" sizes=\"auto, (max-width: 1000px) 100vw, 1000px\" \/><\/figure><\/div>\n\n\n<div style=\"height:15px\" aria-hidden=\"true\" class=\"wp-block-spacer\"><\/div>\n\n\n\n<h5 class=\"wp-block-heading\">Il contributo dei nostri allievi<\/h5>\n\n\n\n<p>Per rendere l&#8217;evento ancora pi\u00f9 memorabile,<strong> le classi quarte di cucina, sala bar e pasticceria<\/strong> hanno collaborato insieme con dedizione per preparare il pranzo. <\/p>\n\n\n\n<p>Hanno saputo deliziare gli invitati con piatti semplici ma genuini. La portata principale \u00e8 stata la pasta al sugo, servita in diverse versioni, apprezzata da tutti i commensali. La scelta del condimento non \u00e8 stata casuale; infatti, la passata utilizzata non \u00e8 solo a chilometro zero, ma deriva da <strong>terreni appartenenti a cooperative<\/strong> sostenute da Libera.<\/p>\n\n\n<div class=\"wp-block-image\">\n<figure class=\"aligncenter size-full\"><img loading=\"lazy\" decoding=\"async\" width=\"1000\" height=\"666\" src=\"https:\/\/www.abf.eu\/bergamo\/wp-content\/uploads\/sites\/3\/2024\/03\/Progetto-senza-titolo-3.png\" alt=\"\" class=\"wp-image-20727\" srcset=\"https:\/\/www.abf.eu\/bergamo\/wp-content\/uploads\/sites\/3\/2024\/03\/Progetto-senza-titolo-3.png 1000w, https:\/\/www.abf.eu\/bergamo\/wp-content\/uploads\/sites\/3\/2024\/03\/Progetto-senza-titolo-3-300x200.png 300w, https:\/\/www.abf.eu\/bergamo\/wp-content\/uploads\/sites\/3\/2024\/03\/Progetto-senza-titolo-3-768x511.png 768w, https:\/\/www.abf.eu\/bergamo\/wp-content\/uploads\/sites\/3\/2024\/03\/Progetto-senza-titolo-3-600x400.png 600w\" sizes=\"auto, (max-width: 1000px) 100vw, 1000px\" \/><\/figure><\/div>\n\n\n<p><\/p>\n","protected":false},"excerpt":{"rendered":"<p>ABF e Libera insieme per sensibilizzare sul tema dell&#8217;antimafia Un<\/p>\n","protected":false},"author":51,"featured_media":20726,"comment_status":"closed","ping_status":"closed","sticky":false,"template":"","format":"standard","meta":{"footnotes":""},"categories":[1],"tags":[],"class_list":["post-20721","post","type-post","status-publish","format-standard","has-post-thumbnail","hentry","category-senza-categoria"],"yoast_head":"<!-- This site is optimized with the Yoast SEO plugin v25.8 - https:\/\/yoast.com\/wordpress\/plugins\/seo\/ -->\n<title>Un pranzo con l&#039;associazione Libera - Bergamo<\/title>\n<meta name=\"description\" content=\"I ragazzi di ABF hanno condiviso un pranzo con l&#039;associazione Libera per riflettere insieme sui temi dell&#039;antimafia e di cittadinanza.\" \/>\n<meta name=\"robots\" content=\"index, follow, max-snippet:-1, max-image-preview:large, max-video-preview:-1\" \/>\n<link rel=\"canonical\" href=\"https:\/\/www.abf.eu\/bergamo\/associazione-libera\/\" \/>\n<meta property=\"og:locale\" content=\"it_IT\" \/>\n<meta property=\"og:type\" content=\"article\" \/>\n<meta property=\"og:title\" content=\"Un pranzo con l&#039;associazione Libera - Bergamo\" \/>\n<meta property=\"og:description\" content=\"I ragazzi di ABF hanno condiviso un pranzo con l&#039;associazione Libera per riflettere insieme sui temi dell&#039;antimafia e di cittadinanza.\" \/>\n<meta property=\"og:url\" content=\"https:\/\/www.abf.eu\/bergamo\/associazione-libera\/\" \/>\n<meta property=\"og:site_name\" content=\"Bergamo\" \/>\n<meta property=\"article:published_time\" content=\"2024-03-20T14:17:54+00:00\" \/>\n<meta property=\"article:modified_time\" content=\"2024-03-20T14:33:27+00:00\" \/>\n<meta property=\"og:image\" content=\"https:\/\/www.abf.eu\/bergamo\/wp-content\/uploads\/sites\/3\/2024\/03\/Progetto-senza-titolo-2-2.png\" \/>\n\t<meta property=\"og:image:width\" content=\"1000\" \/>\n\t<meta property=\"og:image:height\" content=\"666\" \/>\n\t<meta property=\"og:image:type\" content=\"image\/png\" \/>\n<meta name=\"author\" content=\"abfeditorbergamo\" \/>\n<meta name=\"twitter:card\" content=\"summary_large_image\" \/>\n<meta name=\"twitter:label1\" content=\"Scritto da\" \/>\n\t<meta name=\"twitter:data1\" content=\"abfeditorbergamo\" \/>\n\t<meta name=\"twitter:label2\" content=\"Tempo di lettura stimato\" \/>\n\t<meta name=\"twitter:data2\" content=\"4 minuti\" \/>\n<script type=\"application\/ld+json\" class=\"yoast-schema-graph\">{\"@context\":\"https:\/\/schema.org\",\"@graph\":[{\"@type\":\"WebPage\",\"@id\":\"https:\/\/www.abf.eu\/bergamo\/associazione-libera\/\",\"url\":\"https:\/\/www.abf.eu\/bergamo\/associazione-libera\/\",\"name\":\"Un pranzo con l'associazione Libera - Bergamo\",\"isPartOf\":{\"@id\":\"https:\/\/www.abf.eu\/bergamo\/#website\"},\"primaryImageOfPage\":{\"@id\":\"https:\/\/www.abf.eu\/bergamo\/associazione-libera\/#primaryimage\"},\"image\":{\"@id\":\"https:\/\/www.abf.eu\/bergamo\/associazione-libera\/#primaryimage\"},\"thumbnailUrl\":\"https:\/\/www.abf.eu\/bergamo\/wp-content\/uploads\/sites\/3\/2024\/03\/Progetto-senza-titolo-2-2.png\",\"datePublished\":\"2024-03-20T14:17:54+00:00\",\"dateModified\":\"2024-03-20T14:33:27+00:00\",\"author\":{\"@id\":\"https:\/\/www.abf.eu\/bergamo\/#\/schema\/person\/733fcc9b2aa7db4ab75b711dbb7e9d72\"},\"description\":\"I ragazzi di ABF hanno condiviso un pranzo con l'associazione Libera per riflettere insieme sui temi dell'antimafia e di cittadinanza.\",\"breadcrumb\":{\"@id\":\"https:\/\/www.abf.eu\/bergamo\/associazione-libera\/#breadcrumb\"},\"inLanguage\":\"it-IT\",\"potentialAction\":[{\"@type\":\"ReadAction\",\"target\":[\"https:\/\/www.abf.eu\/bergamo\/associazione-libera\/\"]}]},{\"@type\":\"ImageObject\",\"inLanguage\":\"it-IT\",\"@id\":\"https:\/\/www.abf.eu\/bergamo\/associazione-libera\/#primaryimage\",\"url\":\"https:\/\/www.abf.eu\/bergamo\/wp-content\/uploads\/sites\/3\/2024\/03\/Progetto-senza-titolo-2-2.png\",\"contentUrl\":\"https:\/\/www.abf.eu\/bergamo\/wp-content\/uploads\/sites\/3\/2024\/03\/Progetto-senza-titolo-2-2.png\",\"width\":1000,\"height\":666},{\"@type\":\"BreadcrumbList\",\"@id\":\"https:\/\/www.abf.eu\/bergamo\/associazione-libera\/#breadcrumb\",\"itemListElement\":[{\"@type\":\"ListItem\",\"position\":1,\"name\":\"Home\",\"item\":\"https:\/\/www.abf.eu\/bergamo\/\"},{\"@type\":\"ListItem\",\"position\":2,\"name\":\"Un pranzo con l&#8217;associazione Libera\"}]},{\"@type\":\"WebSite\",\"@id\":\"https:\/\/www.abf.eu\/bergamo\/#website\",\"url\":\"https:\/\/www.abf.eu\/bergamo\/\",\"name\":\"Bergamo\",\"description\":\"Ecco un altro sito Abf siti\",\"potentialAction\":[{\"@type\":\"SearchAction\",\"target\":{\"@type\":\"EntryPoint\",\"urlTemplate\":\"https:\/\/www.abf.eu\/bergamo\/?s={search_term_string}\"},\"query-input\":{\"@type\":\"PropertyValueSpecification\",\"valueRequired\":true,\"valueName\":\"search_term_string\"}}],\"inLanguage\":\"it-IT\"},{\"@type\":\"Person\",\"@id\":\"https:\/\/www.abf.eu\/bergamo\/#\/schema\/person\/733fcc9b2aa7db4ab75b711dbb7e9d72\",\"name\":\"abfeditorbergamo\",\"image\":{\"@type\":\"ImageObject\",\"inLanguage\":\"it-IT\",\"@id\":\"https:\/\/www.abf.eu\/bergamo\/#\/schema\/person\/image\/\",\"url\":\"https:\/\/secure.gravatar.com\/avatar\/797d0808d9794214af0739444d3876e2c3a8d4fd0484d816db81be9524ea3c62?s=96&d=mm&r=g\",\"contentUrl\":\"https:\/\/secure.gravatar.com\/avatar\/797d0808d9794214af0739444d3876e2c3a8d4fd0484d816db81be9524ea3c62?s=96&d=mm&r=g\",\"caption\":\"abfeditorbergamo\"},\"url\":\"https:\/\/www.abf.eu\/bergamo\/author\/abfeditorbergamo\/\"}]}<\/script>\n<!-- \/ Yoast SEO plugin. -->","yoast_head_json":{"title":"Un pranzo con l'associazione Libera - Bergamo","description":"I ragazzi di ABF hanno condiviso un pranzo con l'associazione Libera per riflettere insieme sui temi dell'antimafia e di cittadinanza.","robots":{"index":"index","follow":"follow","max-snippet":"max-snippet:-1","max-image-preview":"max-image-preview:large","max-video-preview":"max-video-preview:-1"},"canonical":"https:\/\/www.abf.eu\/bergamo\/associazione-libera\/","og_locale":"it_IT","og_type":"article","og_title":"Un pranzo con l'associazione Libera - Bergamo","og_description":"I ragazzi di ABF hanno condiviso un pranzo con l'associazione Libera per riflettere insieme sui temi dell'antimafia e di cittadinanza.","og_url":"https:\/\/www.abf.eu\/bergamo\/associazione-libera\/","og_site_name":"Bergamo","article_published_time":"2024-03-20T14:17:54+00:00","article_modified_time":"2024-03-20T14:33:27+00:00","og_image":[{"width":1000,"height":666,"url":"https:\/\/www.abf.eu\/bergamo\/wp-content\/uploads\/sites\/3\/2024\/03\/Progetto-senza-titolo-2-2.png","type":"image\/png"}],"author":"abfeditorbergamo","twitter_card":"summary_large_image","twitter_misc":{"Scritto da":"abfeditorbergamo","Tempo di lettura stimato":"4 minuti"},"schema":{"@context":"https:\/\/schema.org","@graph":[{"@type":"WebPage","@id":"https:\/\/www.abf.eu\/bergamo\/associazione-libera\/","url":"https:\/\/www.abf.eu\/bergamo\/associazione-libera\/","name":"Un pranzo con l'associazione Libera - Bergamo","isPartOf":{"@id":"https:\/\/www.abf.eu\/bergamo\/#website"},"primaryImageOfPage":{"@id":"https:\/\/www.abf.eu\/bergamo\/associazione-libera\/#primaryimage"},"image":{"@id":"https:\/\/www.abf.eu\/bergamo\/associazione-libera\/#primaryimage"},"thumbnailUrl":"https:\/\/www.abf.eu\/bergamo\/wp-content\/uploads\/sites\/3\/2024\/03\/Progetto-senza-titolo-2-2.png","datePublished":"2024-03-20T14:17:54+00:00","dateModified":"2024-03-20T14:33:27+00:00","author":{"@id":"https:\/\/www.abf.eu\/bergamo\/#\/schema\/person\/733fcc9b2aa7db4ab75b711dbb7e9d72"},"description":"I ragazzi di ABF hanno condiviso un pranzo con l'associazione Libera per riflettere insieme sui temi dell'antimafia e di cittadinanza.","breadcrumb":{"@id":"https:\/\/www.abf.eu\/bergamo\/associazione-libera\/#breadcrumb"},"inLanguage":"it-IT","potentialAction":[{"@type":"ReadAction","target":["https:\/\/www.abf.eu\/bergamo\/associazione-libera\/"]}]},{"@type":"ImageObject","inLanguage":"it-IT","@id":"https:\/\/www.abf.eu\/bergamo\/associazione-libera\/#primaryimage","url":"https:\/\/www.abf.eu\/bergamo\/wp-content\/uploads\/sites\/3\/2024\/03\/Progetto-senza-titolo-2-2.png","contentUrl":"https:\/\/www.abf.eu\/bergamo\/wp-content\/uploads\/sites\/3\/2024\/03\/Progetto-senza-titolo-2-2.png","width":1000,"height":666},{"@type":"BreadcrumbList","@id":"https:\/\/www.abf.eu\/bergamo\/associazione-libera\/#breadcrumb","itemListElement":[{"@type":"ListItem","position":1,"name":"Home","item":"https:\/\/www.abf.eu\/bergamo\/"},{"@type":"ListItem","position":2,"name":"Un pranzo con l&#8217;associazione Libera"}]},{"@type":"WebSite","@id":"https:\/\/www.abf.eu\/bergamo\/#website","url":"https:\/\/www.abf.eu\/bergamo\/","name":"Bergamo","description":"Ecco un altro sito Abf siti","potentialAction":[{"@type":"SearchAction","target":{"@type":"EntryPoint","urlTemplate":"https:\/\/www.abf.eu\/bergamo\/?s={search_term_string}"},"query-input":{"@type":"PropertyValueSpecification","valueRequired":true,"valueName":"search_term_string"}}],"inLanguage":"it-IT"},{"@type":"Person","@id":"https:\/\/www.abf.eu\/bergamo\/#\/schema\/person\/733fcc9b2aa7db4ab75b711dbb7e9d72","name":"abfeditorbergamo","image":{"@type":"ImageObject","inLanguage":"it-IT","@id":"https:\/\/www.abf.eu\/bergamo\/#\/schema\/person\/image\/","url":"https:\/\/secure.gravatar.com\/avatar\/797d0808d9794214af0739444d3876e2c3a8d4fd0484d816db81be9524ea3c62?s=96&d=mm&r=g","contentUrl":"https:\/\/secure.gravatar.com\/avatar\/797d0808d9794214af0739444d3876e2c3a8d4fd0484d816db81be9524ea3c62?s=96&d=mm&r=g","caption":"abfeditorbergamo"},"url":"https:\/\/www.abf.eu\/bergamo\/author\/abfeditorbergamo\/"}]}},"_links":{"self":[{"href":"https:\/\/www.abf.eu\/bergamo\/wp-json\/wp\/v2\/posts\/20721","targetHints":{"allow":["GET"]}}],"collection":[{"href":"https:\/\/www.abf.eu\/bergamo\/wp-json\/wp\/v2\/posts"}],"about":[{"href":"https:\/\/www.abf.eu\/bergamo\/wp-json\/wp\/v2\/types\/post"}],"author":[{"embeddable":true,"href":"https:\/\/www.abf.eu\/bergamo\/wp-json\/wp\/v2\/users\/51"}],"replies":[{"embeddable":true,"href":"https:\/\/www.abf.eu\/bergamo\/wp-json\/wp\/v2\/comments?post=20721"}],"version-history":[{"count":9,"href":"https:\/\/www.abf.eu\/bergamo\/wp-json\/wp\/v2\/posts\/20721\/revisions"}],"predecessor-version":[{"id":20747,"href":"https:\/\/www.abf.eu\/bergamo\/wp-json\/wp\/v2\/posts\/20721\/revisions\/20747"}],"wp:featuredmedia":[{"embeddable":true,"href":"https:\/\/www.abf.eu\/bergamo\/wp-json\/wp\/v2\/media\/20726"}],"wp:attachment":[{"href":"https:\/\/www.abf.eu\/bergamo\/wp-json\/wp\/v2\/media?parent=20721"}],"wp:term":[{"taxonomy":"category","embeddable":true,"href":"https:\/\/www.abf.eu\/bergamo\/wp-json\/wp\/v2\/categories?post=20721"},{"taxonomy":"post_tag","embeddable":true,"href":"https:\/\/www.abf.eu\/bergamo\/wp-json\/wp\/v2\/tags?post=20721"}],"curies":[{"name":"wp","href":"https:\/\/api.w.org\/{rel}","templated":true}]}}