{"id":22104,"date":"2024-09-30T15:49:04","date_gmt":"2024-09-30T13:49:04","guid":{"rendered":"https:\/\/www.abf.eu\/bergamo\/?p=22104"},"modified":"2024-09-30T15:49:37","modified_gmt":"2024-09-30T13:49:37","slug":"progetto-io-sono-qui","status":"publish","type":"post","link":"https:\/\/www.abf.eu\/bergamo\/progetto-io-sono-qui\/","title":{"rendered":"Riportiamo alla luce i ragazzi invisibili"},"content":{"rendered":"\n<h3 class=\"wp-block-heading\">ABF presta attenzione alla salute mentale degli studenti.<\/h3>\n\n\n\n<h5 class=\"wp-block-heading\">I docenti partecipano al progetto &#8220;Io sono qui&#8221; dedicato alla sensibilizzazione sui disagi vissuti dagli adolescenti.<\/h5>\n\n\n\n<p>Nella mattinata del 25 Settembre, presso la nostra sede, si \u00e8 svolto uno dei <strong>tre incontri <\/strong>del progetto &#8220;Io sono qui&#8221;.<\/p>\n\n\n\n<p>Grazie ai rappresentanti dell&#8217;ASST Papa Giovanni XXIII, i docenti di ABF hanno potuto conoscere il progetto e <strong>formarsi<\/strong> per gestire al meglio le <strong>situazioni di disagio<\/strong> che possono colpire gli<strong> adolescenti<\/strong>.<\/p>\n\n\n\n<div style=\"height:20px\" aria-hidden=\"true\" class=\"wp-block-spacer\"><\/div>\n\n\n\n<div style=\"height:20px\" aria-hidden=\"true\" class=\"wp-block-spacer\"><\/div>\n\n\n\n<h5 class=\"wp-block-heading\">Perch\u00e9 partecipiamo a questi interventi?<\/h5>\n\n\n\n<p>ABF riconosce <strong>l&#8217;importanza <\/strong>di questo progetto e <strong>condivide<\/strong> i suoi <strong>valori<\/strong>. Per questi motivi proponiamo ai nostri docenti di partecipare agli interventi con i quali saranno formati a rendersi conto dei possibili problemi che gli adolescenti affrontano durante questa fase della vita.<\/p>\n\n\n\n<p>Essendo consapevoli dei <strong>segnali<\/strong> che indicano un possibile disagio, il nostro personale sar\u00e0 in grado di<strong> intervenire tempestivamente<\/strong>, segnalando la situazione critica e permettendo cos\u00ec al giovane di ricevere il <strong>supporto <\/strong>necessario per affrontare e superare questo momento difficile.<\/p>\n\n\n\n<div style=\"height:20px\" aria-hidden=\"true\" class=\"wp-block-spacer\"><\/div>\n\n\n\n<figure class=\"wp-block-image size-full\"><img loading=\"lazy\" decoding=\"async\" width=\"1000\" height=\"666\" src=\"https:\/\/www.abf.eu\/bergamo\/wp-content\/uploads\/sites\/3\/2024\/09\/Immagini-articoli-2425.png\" alt=\"\" class=\"wp-image-22115\" srcset=\"https:\/\/www.abf.eu\/bergamo\/wp-content\/uploads\/sites\/3\/2024\/09\/Immagini-articoli-2425.png 1000w, https:\/\/www.abf.eu\/bergamo\/wp-content\/uploads\/sites\/3\/2024\/09\/Immagini-articoli-2425-300x200.png 300w, https:\/\/www.abf.eu\/bergamo\/wp-content\/uploads\/sites\/3\/2024\/09\/Immagini-articoli-2425-768x511.png 768w, https:\/\/www.abf.eu\/bergamo\/wp-content\/uploads\/sites\/3\/2024\/09\/Immagini-articoli-2425-600x400.png 600w\" sizes=\"auto, (max-width: 1000px) 100vw, 1000px\" \/><\/figure>\n\n\n\n<div style=\"height:20px\" aria-hidden=\"true\" class=\"wp-block-spacer\"><\/div>\n\n\n\n<h5 class=\"wp-block-heading\">Il progetto &#8220;Io sono qui&#8221;.<\/h5>\n\n\n\n<p>Il progetto \u00e8 rivolto ai cosiddetti <strong>&#8220;giovani invisibili&#8221;<\/strong>: ragazzi di et\u00e0 compresa tra i 13 e i 17 anni il cui <strong>disagio psicologico<\/strong> non viene adeguatamente preso in considerazione dagli adulti di riferimento.<\/p>\n\n\n\n<p>Attraverso una serie di <strong>interventi sul territorio<\/strong>, condotti da esperti qualificati, il progetto mira ad <strong>aiutare<\/strong> questi giovani a <strong>uscire<\/strong> dalla loro situazione critica, <strong>costruendo<\/strong> un <strong>sistema di supporto<\/strong> che non solo li accompagni nel presente, ma che <strong>prevenga<\/strong> anche il riaffiorare del problema in futuro.<\/p>\n\n\n\n<p>Riconoscendo l&#8217;<strong>importanza<\/strong> e l&#8217;<strong>influenza<\/strong> <strong>positiva<\/strong> che questa iniziativa pu\u00f2 avere sulle <strong>nuove generazioni <\/strong>le seguenti realt\u00e0 del nostro territorio hanno scelto di diventare <strong>partner<\/strong> del progetto:<\/p>\n\n\n\n<ul class=\"wp-block-list\">\n<li>il <strong>Consorzio Sol.Co Citt\u00e0 Aperta<\/strong>, capofila del progetto, mette a disposizione reti territoriali e risorse professionali nell&#8217;ambito dell&#8217;educazione.<\/li>\n\n\n\n<li>l&#8217;<strong>Istituto Palazzolo<\/strong>, fornir\u00e0 formazione App SC(hi)ACCIA DCA alle Scuole e attiver\u00e0 laboratori multiespressivi, sensoriali e cooking lab.<\/li>\n\n\n\n<li>l&#8217;<strong>Opera Diocesana Patronato S.Vincenzo<\/strong>, che organizzer\u00e0 laboratori legati &#8220;al fare&#8221; in piccoli gruppi o in momenti individuali di orientamento seguiti da un tutor di riferimento. <\/li>\n\n\n\n<li><strong>ASST Papa Giovanni XXIII<\/strong>, che con la sua Unit\u00e0 Operativa Complessa mette a disposizione uno psicologo per le diverse attivit\u00e0 del progetto. <\/li>\n<\/ul>\n\n\n\n<div style=\"height:20px\" aria-hidden=\"true\" class=\"wp-block-spacer\"><\/div>\n\n\n\n<h5 class=\"wp-block-heading\">Quali sono gli obiettivi del progetto?<\/h5>\n\n\n\n<p>L\u2019iniziativa, parte del bando &#8220;ATTENTA-MENTE&#8221; di Fondazione Cariplo, ha diversi obiettivi da raggiungere. Il primo scopo \u00e8 quello di avviare nei territori <strong>azioni di tipo preventivo<\/strong> e un <strong>modello di intercettazione precoce <\/strong>del bisogno degli adolescenti e pre-adolescenti invisibili.<\/p>\n\n\n\n<p>In seguito si punter\u00e0 a costruire progettualit\u00e0 di presa in carico integrata, di consolidare le competenze sulla <strong>capacit\u00e0 di intercettazione<\/strong> precoce del disagio adolescenziale e sull&#8217;invio ai <strong>servizi di competenza<\/strong>.<\/p>\n\n\n\n<div style=\"height:20px\" aria-hidden=\"true\" class=\"wp-block-spacer\"><\/div>\n\n\n\n<figure class=\"wp-block-image size-full\"><img loading=\"lazy\" decoding=\"async\" width=\"1000\" height=\"666\" src=\"https:\/\/www.abf.eu\/bergamo\/wp-content\/uploads\/sites\/3\/2024\/09\/Immagini-articoli-2425-2.png\" alt=\"\" class=\"wp-image-22178\" srcset=\"https:\/\/www.abf.eu\/bergamo\/wp-content\/uploads\/sites\/3\/2024\/09\/Immagini-articoli-2425-2.png 1000w, https:\/\/www.abf.eu\/bergamo\/wp-content\/uploads\/sites\/3\/2024\/09\/Immagini-articoli-2425-2-300x200.png 300w, https:\/\/www.abf.eu\/bergamo\/wp-content\/uploads\/sites\/3\/2024\/09\/Immagini-articoli-2425-2-768x511.png 768w, https:\/\/www.abf.eu\/bergamo\/wp-content\/uploads\/sites\/3\/2024\/09\/Immagini-articoli-2425-2-600x400.png 600w\" sizes=\"auto, (max-width: 1000px) 100vw, 1000px\" \/><\/figure>\n\n\n\n<div style=\"height:20px\" aria-hidden=\"true\" class=\"wp-block-spacer\"><\/div>\n\n\n\n<h5 class=\"wp-block-heading\">A chi \u00e8 indirizzato? <\/h5>\n\n\n\n<p>I <strong>destinatari <\/strong>a cui \u00e8 rivolta questa iniziativa nelle sue varie fasi sono:<\/p>\n\n\n\n<ul class=\"wp-block-list\">\n<li><strong>Minori<\/strong> tra i 13 e i 17 anni e le <strong>loro famiglie<\/strong>.<\/li>\n\n\n\n<li><strong>Operatori professionali<\/strong> e <strong>stakeholder territoriali<\/strong>.<\/li>\n\n\n\n<li><strong>Scuole <\/strong>e<strong> insegnati<\/strong>.<\/li>\n\n\n\n<li><strong>Istituzioni<\/strong> ed <strong>enti <\/strong>impegnati nella <strong>tutela<\/strong> e <strong>promozione<\/strong> del<strong> benessere dei minori<\/strong>.<\/li>\n\n\n\n<li><strong>Ambiti territoriali<\/strong>. <\/li>\n<\/ul>\n\n\n\n<div style=\"height:20px\" aria-hidden=\"true\" class=\"wp-block-spacer\"><\/div>\n\n\n\n<h5 class=\"wp-block-heading\">Quali azioni verranno messe in pratica?<\/h5>\n\n\n\n<p>Sul territorio inizieranno <strong>diverse azioni<\/strong> volte a raggiungere gli <strong>obiettivi del progetto<\/strong>, queste sono:<\/p>\n\n\n\n<ul class=\"wp-block-list\">\n<li>Promuovere nei territori degli Ambiti <strong>un modello di intercettazione precoce<\/strong><em> <\/em>dei ragazzi invisibili con esordio di disagio.<\/li>\n\n\n\n<li>Presa in carico leggera e follow-up di<em> <\/em><strong>preadolescenti e adolescenti<\/strong><em> <\/em><strong>invisibili<\/strong>.<\/li>\n\n\n\n<li>Attivazione di percorsi formativi <strong>Capacity Building <\/strong>rivolto agli adulti che incontrano e lavorano con preadolescenti e adolescenti.<\/li>\n\n\n\n<li>Potenziamento e diffusione <strong>App SC(Hi)ACCIA DCA<\/strong>.<\/li>\n\n\n\n<li>Presenza di <strong>Case Management specialistico <\/strong>nei servizi residenziali per i progetti individuali dei ragazzi.<\/li>\n\n\n\n<li>Elaborazione di un <strong>protocollo operativo<\/strong> sovra Ambito per la presa in carico integrata di adolescenti fragili.<\/li>\n<\/ul>\n\n\n\n<div style=\"height:20px\" aria-hidden=\"true\" class=\"wp-block-spacer\"><\/div>\n\n\n\n<h5 class=\"wp-block-heading\">Risultati auspicati.<\/h5>\n\n\n\n<p><br>Con questo ambizioso <strong>progetto<\/strong>, si punta a ottenere <strong>numerosi risultati<\/strong>. Tra gli obiettivi principali, vi \u00e8 il <strong>miglioramento<\/strong> della <strong>capacit\u00e0 di identificare<\/strong> e <strong>riconoscere <\/strong>i bisogni dei giovani da parte degli adulti e dei servizi sul territorio, oltre ad <strong>accrescere la consapevolezza<\/strong> riguardo ai servizi di riferimento e alle procedure di segnalazione e invio. Si intende inoltre rafforzare la <strong>capacit\u00e0 di agire<\/strong> in <strong>modo coordinato <\/strong>nell\u2019erogazione dei servizi per gestire le situazioni di disagio, e definire <strong>prassi condivise<\/strong> tra le realt\u00e0 sociosanitarie dei tre Ambiti territoriali per una <strong>presa in carico<\/strong> efficace dei bisogni dei ragazzi.<\/p>\n\n\n\n<div style=\"height:20px\" aria-hidden=\"true\" class=\"wp-block-spacer\"><\/div>\n\n\n\n<h5 class=\"wp-block-heading\">ABF considera molto importante la salute mentale dei giovani e forma il suo personale per affrontare al meglio le situazioni di disagio.  <\/h5>\n\n\n\n<p><\/p>\n","protected":false},"excerpt":{"rendered":"<p>ABF presta attenzione alla salute mentale degli studenti. I docenti<\/p>\n","protected":false},"author":60,"featured_media":22177,"comment_status":"closed","ping_status":"closed","sticky":false,"template":"","format":"standard","meta":{"footnotes":""},"categories":[1],"tags":[],"class_list":["post-22104","post","type-post","status-publish","format-standard","has-post-thumbnail","hentry","category-senza-categoria"],"yoast_head":"<!-- This site is optimized with the Yoast SEO plugin v25.8 - https:\/\/yoast.com\/wordpress\/plugins\/seo\/ -->\n<title>Riportiamo alla luce i ragazzi invisibili - Bergamo<\/title>\n<meta name=\"description\" content=\"ABF prende parte al progetto &quot;Io sono qui&quot;, un&#039;iniziativa nata per aiutare i ragazzi che vivono in condizioni di malessere emotivo\" \/>\n<meta name=\"robots\" content=\"index, follow, max-snippet:-1, max-image-preview:large, max-video-preview:-1\" \/>\n<link rel=\"canonical\" href=\"https:\/\/www.abf.eu\/bergamo\/progetto-io-sono-qui\/\" \/>\n<meta property=\"og:locale\" content=\"it_IT\" \/>\n<meta property=\"og:type\" content=\"article\" \/>\n<meta property=\"og:title\" content=\"Riportiamo alla luce i ragazzi invisibili - Bergamo\" \/>\n<meta property=\"og:description\" content=\"ABF prende parte al progetto &quot;Io sono qui&quot;, un&#039;iniziativa nata per aiutare i ragazzi che vivono in condizioni di malessere emotivo\" \/>\n<meta property=\"og:url\" content=\"https:\/\/www.abf.eu\/bergamo\/progetto-io-sono-qui\/\" \/>\n<meta property=\"og:site_name\" content=\"Bergamo\" \/>\n<meta property=\"article:published_time\" content=\"2024-09-30T13:49:04+00:00\" \/>\n<meta property=\"article:modified_time\" content=\"2024-09-30T13:49:37+00:00\" \/>\n<meta property=\"og:image\" content=\"https:\/\/www.abf.eu\/bergamo\/wp-content\/uploads\/sites\/3\/2024\/09\/Immagini-articoli-2425-1.png\" \/>\n\t<meta property=\"og:image:width\" content=\"1000\" \/>\n\t<meta property=\"og:image:height\" content=\"666\" \/>\n\t<meta property=\"og:image:type\" content=\"image\/png\" \/>\n<meta name=\"author\" content=\"comunicazione\" \/>\n<meta name=\"twitter:card\" content=\"summary_large_image\" \/>\n<meta name=\"twitter:label1\" content=\"Scritto da\" \/>\n\t<meta name=\"twitter:data1\" content=\"comunicazione\" \/>\n\t<meta name=\"twitter:label2\" content=\"Tempo di lettura stimato\" \/>\n\t<meta name=\"twitter:data2\" content=\"5 minuti\" \/>\n<script type=\"application\/ld+json\" class=\"yoast-schema-graph\">{\"@context\":\"https:\/\/schema.org\",\"@graph\":[{\"@type\":\"WebPage\",\"@id\":\"https:\/\/www.abf.eu\/bergamo\/progetto-io-sono-qui\/\",\"url\":\"https:\/\/www.abf.eu\/bergamo\/progetto-io-sono-qui\/\",\"name\":\"Riportiamo alla luce i ragazzi invisibili - Bergamo\",\"isPartOf\":{\"@id\":\"https:\/\/www.abf.eu\/bergamo\/#website\"},\"primaryImageOfPage\":{\"@id\":\"https:\/\/www.abf.eu\/bergamo\/progetto-io-sono-qui\/#primaryimage\"},\"image\":{\"@id\":\"https:\/\/www.abf.eu\/bergamo\/progetto-io-sono-qui\/#primaryimage\"},\"thumbnailUrl\":\"https:\/\/www.abf.eu\/bergamo\/wp-content\/uploads\/sites\/3\/2024\/09\/Immagini-articoli-2425-1.png\",\"datePublished\":\"2024-09-30T13:49:04+00:00\",\"dateModified\":\"2024-09-30T13:49:37+00:00\",\"author\":{\"@id\":\"https:\/\/www.abf.eu\/bergamo\/#\/schema\/person\/fba29fdd25ac883d91d01aac3a0d4b27\"},\"description\":\"ABF prende parte al progetto \\\"Io sono qui\\\", un'iniziativa nata per aiutare i ragazzi che vivono in condizioni di malessere emotivo\",\"breadcrumb\":{\"@id\":\"https:\/\/www.abf.eu\/bergamo\/progetto-io-sono-qui\/#breadcrumb\"},\"inLanguage\":\"it-IT\",\"potentialAction\":[{\"@type\":\"ReadAction\",\"target\":[\"https:\/\/www.abf.eu\/bergamo\/progetto-io-sono-qui\/\"]}]},{\"@type\":\"ImageObject\",\"inLanguage\":\"it-IT\",\"@id\":\"https:\/\/www.abf.eu\/bergamo\/progetto-io-sono-qui\/#primaryimage\",\"url\":\"https:\/\/www.abf.eu\/bergamo\/wp-content\/uploads\/sites\/3\/2024\/09\/Immagini-articoli-2425-1.png\",\"contentUrl\":\"https:\/\/www.abf.eu\/bergamo\/wp-content\/uploads\/sites\/3\/2024\/09\/Immagini-articoli-2425-1.png\",\"width\":1000,\"height\":666},{\"@type\":\"BreadcrumbList\",\"@id\":\"https:\/\/www.abf.eu\/bergamo\/progetto-io-sono-qui\/#breadcrumb\",\"itemListElement\":[{\"@type\":\"ListItem\",\"position\":1,\"name\":\"Home\",\"item\":\"https:\/\/www.abf.eu\/bergamo\/\"},{\"@type\":\"ListItem\",\"position\":2,\"name\":\"Riportiamo alla luce i ragazzi invisibili\"}]},{\"@type\":\"WebSite\",\"@id\":\"https:\/\/www.abf.eu\/bergamo\/#website\",\"url\":\"https:\/\/www.abf.eu\/bergamo\/\",\"name\":\"Bergamo\",\"description\":\"Ecco un altro sito Abf siti\",\"potentialAction\":[{\"@type\":\"SearchAction\",\"target\":{\"@type\":\"EntryPoint\",\"urlTemplate\":\"https:\/\/www.abf.eu\/bergamo\/?s={search_term_string}\"},\"query-input\":{\"@type\":\"PropertyValueSpecification\",\"valueRequired\":true,\"valueName\":\"search_term_string\"}}],\"inLanguage\":\"it-IT\"},{\"@type\":\"Person\",\"@id\":\"https:\/\/www.abf.eu\/bergamo\/#\/schema\/person\/fba29fdd25ac883d91d01aac3a0d4b27\",\"name\":\"comunicazione\",\"image\":{\"@type\":\"ImageObject\",\"inLanguage\":\"it-IT\",\"@id\":\"https:\/\/www.abf.eu\/bergamo\/#\/schema\/person\/image\/\",\"url\":\"https:\/\/secure.gravatar.com\/avatar\/445d3edd207d3c273c1713623b756ae97548765fd51b7e026d88829d477e9bad?s=96&d=mm&r=g\",\"contentUrl\":\"https:\/\/secure.gravatar.com\/avatar\/445d3edd207d3c273c1713623b756ae97548765fd51b7e026d88829d477e9bad?s=96&d=mm&r=g\",\"caption\":\"comunicazione\"},\"url\":\"https:\/\/www.abf.eu\/bergamo\/author\/comunicazione\/\"}]}<\/script>\n<!-- \/ Yoast SEO plugin. -->","yoast_head_json":{"title":"Riportiamo alla luce i ragazzi invisibili - Bergamo","description":"ABF prende parte al progetto \"Io sono qui\", un'iniziativa nata per aiutare i ragazzi che vivono in condizioni di malessere emotivo","robots":{"index":"index","follow":"follow","max-snippet":"max-snippet:-1","max-image-preview":"max-image-preview:large","max-video-preview":"max-video-preview:-1"},"canonical":"https:\/\/www.abf.eu\/bergamo\/progetto-io-sono-qui\/","og_locale":"it_IT","og_type":"article","og_title":"Riportiamo alla luce i ragazzi invisibili - Bergamo","og_description":"ABF prende parte al progetto \"Io sono qui\", un'iniziativa nata per aiutare i ragazzi che vivono in condizioni di malessere emotivo","og_url":"https:\/\/www.abf.eu\/bergamo\/progetto-io-sono-qui\/","og_site_name":"Bergamo","article_published_time":"2024-09-30T13:49:04+00:00","article_modified_time":"2024-09-30T13:49:37+00:00","og_image":[{"width":1000,"height":666,"url":"https:\/\/www.abf.eu\/bergamo\/wp-content\/uploads\/sites\/3\/2024\/09\/Immagini-articoli-2425-1.png","type":"image\/png"}],"author":"comunicazione","twitter_card":"summary_large_image","twitter_misc":{"Scritto da":"comunicazione","Tempo di lettura stimato":"5 minuti"},"schema":{"@context":"https:\/\/schema.org","@graph":[{"@type":"WebPage","@id":"https:\/\/www.abf.eu\/bergamo\/progetto-io-sono-qui\/","url":"https:\/\/www.abf.eu\/bergamo\/progetto-io-sono-qui\/","name":"Riportiamo alla luce i ragazzi invisibili - Bergamo","isPartOf":{"@id":"https:\/\/www.abf.eu\/bergamo\/#website"},"primaryImageOfPage":{"@id":"https:\/\/www.abf.eu\/bergamo\/progetto-io-sono-qui\/#primaryimage"},"image":{"@id":"https:\/\/www.abf.eu\/bergamo\/progetto-io-sono-qui\/#primaryimage"},"thumbnailUrl":"https:\/\/www.abf.eu\/bergamo\/wp-content\/uploads\/sites\/3\/2024\/09\/Immagini-articoli-2425-1.png","datePublished":"2024-09-30T13:49:04+00:00","dateModified":"2024-09-30T13:49:37+00:00","author":{"@id":"https:\/\/www.abf.eu\/bergamo\/#\/schema\/person\/fba29fdd25ac883d91d01aac3a0d4b27"},"description":"ABF prende parte al progetto \"Io sono qui\", un'iniziativa nata per aiutare i ragazzi che vivono in condizioni di malessere emotivo","breadcrumb":{"@id":"https:\/\/www.abf.eu\/bergamo\/progetto-io-sono-qui\/#breadcrumb"},"inLanguage":"it-IT","potentialAction":[{"@type":"ReadAction","target":["https:\/\/www.abf.eu\/bergamo\/progetto-io-sono-qui\/"]}]},{"@type":"ImageObject","inLanguage":"it-IT","@id":"https:\/\/www.abf.eu\/bergamo\/progetto-io-sono-qui\/#primaryimage","url":"https:\/\/www.abf.eu\/bergamo\/wp-content\/uploads\/sites\/3\/2024\/09\/Immagini-articoli-2425-1.png","contentUrl":"https:\/\/www.abf.eu\/bergamo\/wp-content\/uploads\/sites\/3\/2024\/09\/Immagini-articoli-2425-1.png","width":1000,"height":666},{"@type":"BreadcrumbList","@id":"https:\/\/www.abf.eu\/bergamo\/progetto-io-sono-qui\/#breadcrumb","itemListElement":[{"@type":"ListItem","position":1,"name":"Home","item":"https:\/\/www.abf.eu\/bergamo\/"},{"@type":"ListItem","position":2,"name":"Riportiamo alla luce i ragazzi invisibili"}]},{"@type":"WebSite","@id":"https:\/\/www.abf.eu\/bergamo\/#website","url":"https:\/\/www.abf.eu\/bergamo\/","name":"Bergamo","description":"Ecco un altro sito Abf siti","potentialAction":[{"@type":"SearchAction","target":{"@type":"EntryPoint","urlTemplate":"https:\/\/www.abf.eu\/bergamo\/?s={search_term_string}"},"query-input":{"@type":"PropertyValueSpecification","valueRequired":true,"valueName":"search_term_string"}}],"inLanguage":"it-IT"},{"@type":"Person","@id":"https:\/\/www.abf.eu\/bergamo\/#\/schema\/person\/fba29fdd25ac883d91d01aac3a0d4b27","name":"comunicazione","image":{"@type":"ImageObject","inLanguage":"it-IT","@id":"https:\/\/www.abf.eu\/bergamo\/#\/schema\/person\/image\/","url":"https:\/\/secure.gravatar.com\/avatar\/445d3edd207d3c273c1713623b756ae97548765fd51b7e026d88829d477e9bad?s=96&d=mm&r=g","contentUrl":"https:\/\/secure.gravatar.com\/avatar\/445d3edd207d3c273c1713623b756ae97548765fd51b7e026d88829d477e9bad?s=96&d=mm&r=g","caption":"comunicazione"},"url":"https:\/\/www.abf.eu\/bergamo\/author\/comunicazione\/"}]}},"_links":{"self":[{"href":"https:\/\/www.abf.eu\/bergamo\/wp-json\/wp\/v2\/posts\/22104","targetHints":{"allow":["GET"]}}],"collection":[{"href":"https:\/\/www.abf.eu\/bergamo\/wp-json\/wp\/v2\/posts"}],"about":[{"href":"https:\/\/www.abf.eu\/bergamo\/wp-json\/wp\/v2\/types\/post"}],"author":[{"embeddable":true,"href":"https:\/\/www.abf.eu\/bergamo\/wp-json\/wp\/v2\/users\/60"}],"replies":[{"embeddable":true,"href":"https:\/\/www.abf.eu\/bergamo\/wp-json\/wp\/v2\/comments?post=22104"}],"version-history":[{"count":49,"href":"https:\/\/www.abf.eu\/bergamo\/wp-json\/wp\/v2\/posts\/22104\/revisions"}],"predecessor-version":[{"id":22257,"href":"https:\/\/www.abf.eu\/bergamo\/wp-json\/wp\/v2\/posts\/22104\/revisions\/22257"}],"wp:featuredmedia":[{"embeddable":true,"href":"https:\/\/www.abf.eu\/bergamo\/wp-json\/wp\/v2\/media\/22177"}],"wp:attachment":[{"href":"https:\/\/www.abf.eu\/bergamo\/wp-json\/wp\/v2\/media?parent=22104"}],"wp:term":[{"taxonomy":"category","embeddable":true,"href":"https:\/\/www.abf.eu\/bergamo\/wp-json\/wp\/v2\/categories?post=22104"},{"taxonomy":"post_tag","embeddable":true,"href":"https:\/\/www.abf.eu\/bergamo\/wp-json\/wp\/v2\/tags?post=22104"}],"curies":[{"name":"wp","href":"https:\/\/api.w.org\/{rel}","templated":true}]}}