{"id":22975,"date":"2024-10-22T11:42:52","date_gmt":"2024-10-22T09:42:52","guid":{"rendered":"https:\/\/www.abf.eu\/bergamo\/?p=22975"},"modified":"2024-10-22T13:56:39","modified_gmt":"2024-10-22T11:56:39","slug":"pranzo-solidale","status":"publish","type":"post","link":"https:\/\/www.abf.eu\/bergamo\/pranzo-solidale\/","title":{"rendered":"Un pranzo solidale a contrasto della povert\u00e0"},"content":{"rendered":"\n<h3 class=\"wp-block-heading\">I nostri allievi hanno offerto un pasto alle persone in difficolt\u00e0 presso la mensa &#8220;Posto caldo&#8221;<\/h3>\n\n\n\n<h5 class=\"wp-block-heading\">Giornata Internazionale per lo sradicamento della povert\u00e0<\/h5>\n\n\n\n<p>Il <strong>17 ottobre<\/strong> si celebra la <strong>Giornata internazionale per l\u2019eliminazione della povert\u00e0<\/strong>, istituita nel 1987 dal predicatore Joseph Wresinski e riconosciuta ufficialmente nel 1992 dalle Nazioni Unite.<\/p>\n\n\n\n<p>Questa giornata ha lo scopo di <strong>sensibilizzare<\/strong> su un problema che continua a colpire milioni di persone in tutto il mondo, promuovendo la consapevolezza della necessit\u00e0 di sradicare la povert\u00e0 e la miseria e presentare azioni concrete per combatterle.<\/p>\n\n\n\n<h5 class=\"wp-block-heading\">Un pranzo solidale<\/h5>\n\n\n\n<p>Durante questa giornata gli <strong>allievi di 3^C e 4^C<\/strong>, accompagnati dal prof. Auriemma, hanno voluto dare il loro contributo <strong>offrendo un pasto caldo<\/strong> alle persone che vivono situazioni di difficolt\u00e0 presso la mensa &#8220;Posto caldo&#8221; della stazione Autolinee, in supporto alla comunit\u00e0 ESODO.<\/p>\n\n\n\n<p>I nostri allievi si sono impegnati nella preparazione di diverse portate a scuola, all&#8217;interno del laboratorio di cucina, e le hanno successivamente portate alla mensa, occupandosi anche del servizio. Le persone presenti hanno potuto gustare un pranzo &#8220;da chef&#8221;, mentre i ragazzi hanno potuto conoscere da vicino e confrontarsi direttamente con una realt\u00e0 spesso poco conosciuta o ignorata.<\/p>\n\n\n\n<figure class=\"wp-block-image size-full\"><img loading=\"lazy\" decoding=\"async\" width=\"1000\" height=\"666\" src=\"https:\/\/www.abf.eu\/bergamo\/wp-content\/uploads\/sites\/3\/2024\/10\/2.png\" alt=\"\" class=\"wp-image-23021\" srcset=\"https:\/\/www.abf.eu\/bergamo\/wp-content\/uploads\/sites\/3\/2024\/10\/2.png 1000w, https:\/\/www.abf.eu\/bergamo\/wp-content\/uploads\/sites\/3\/2024\/10\/2-300x200.png 300w, https:\/\/www.abf.eu\/bergamo\/wp-content\/uploads\/sites\/3\/2024\/10\/2-768x511.png 768w, https:\/\/www.abf.eu\/bergamo\/wp-content\/uploads\/sites\/3\/2024\/10\/2-600x400.png 600w\" sizes=\"auto, (max-width: 1000px) 100vw, 1000px\" \/><\/figure>\n\n\n\n<blockquote class=\"wp-block-quote is-layout-flow wp-block-quote-is-layout-flow\">\n<p>&#8220;\u00c8 un&#8217;occasione molto importante per i nostri allievi, la stiamo ripetendo da pi\u00f9 anni insieme alla comunit\u00e0 ESODO nella giornata del 17 ottobre. I ragazzi si impegnano sempre tantissimo, per loro \u00e8 un onore e partecipano sempre molto volentieri.&#8221;<\/p>\n\n\n\n<p><em>Chef Raffaele Auriemma, ABF Bergamo.<\/em><\/p>\n<\/blockquote>\n\n\n\n<h5 class=\"wp-block-heading\">Un gesto per fare la differenza<\/h5>\n\n\n\n<p>Operare in questo contesto ha concesso ai nostri allievi di riflettere sulla condizione di chi vive situazioni di difficolt\u00e0 e sull&#8217;importanza di <strong>fare la differenza attraverso piccole azioni quotidiane<\/strong>. Gli studenti hanno messo in pratica le loro competenze, avvicinandosi a una realt\u00e0 pi\u00f9 solidale e inclusiva. Questo pranzo ha rappresentato anche un momento per ricordare quanto sia fondamentale contribuire ogni giorno, con azioni concrete, all&#8217;eliminazione della povert\u00e0.<\/p>\n\n\n\n<p>L&#8217;esperienza ha arricchito gli allievi sia a livello professionale, sia dal punto di vista umano, sottolineando l&#8217;importanza di agire con empatia e sensibilit\u00e0 verso gli altri in ogni contesto.<\/p>\n","protected":false},"excerpt":{"rendered":"<p>I nostri allievi hanno offerto un pasto alle persone in<\/p>\n","protected":false},"author":61,"featured_media":23020,"comment_status":"closed","ping_status":"closed","sticky":false,"template":"","format":"standard","meta":{"footnotes":""},"categories":[1],"tags":[],"class_list":["post-22975","post","type-post","status-publish","format-standard","has-post-thumbnail","hentry","category-senza-categoria"],"yoast_head":"<!-- This site is optimized with the Yoast SEO plugin v25.8 - https:\/\/yoast.com\/wordpress\/plugins\/seo\/ -->\n<title>Un pranzo solidale a contrasto della povert\u00e0 - Bergamo<\/title>\n<meta name=\"description\" content=\"Gli allievi hanno preparato un pranzo solidale, offrendo un pasto caldo durante la Giornata Internazionale per l\u2019eliminazione della povert\u00e0\" \/>\n<meta name=\"robots\" content=\"index, follow, max-snippet:-1, max-image-preview:large, max-video-preview:-1\" \/>\n<link rel=\"canonical\" href=\"https:\/\/www.abf.eu\/bergamo\/pranzo-solidale\/\" \/>\n<meta property=\"og:locale\" content=\"it_IT\" \/>\n<meta property=\"og:type\" content=\"article\" \/>\n<meta property=\"og:title\" content=\"Un pranzo solidale a contrasto della povert\u00e0 - Bergamo\" \/>\n<meta property=\"og:description\" content=\"Gli allievi hanno preparato un pranzo solidale, offrendo un pasto caldo durante la Giornata Internazionale per l\u2019eliminazione della povert\u00e0\" \/>\n<meta property=\"og:url\" content=\"https:\/\/www.abf.eu\/bergamo\/pranzo-solidale\/\" \/>\n<meta property=\"og:site_name\" content=\"Bergamo\" \/>\n<meta property=\"article:published_time\" content=\"2024-10-22T09:42:52+00:00\" \/>\n<meta property=\"article:modified_time\" content=\"2024-10-22T11:56:39+00:00\" \/>\n<meta property=\"og:image\" content=\"https:\/\/www.abf.eu\/bergamo\/wp-content\/uploads\/sites\/3\/2024\/10\/1.png\" \/>\n\t<meta property=\"og:image:width\" content=\"1000\" \/>\n\t<meta property=\"og:image:height\" content=\"666\" \/>\n\t<meta property=\"og:image:type\" content=\"image\/png\" \/>\n<meta name=\"author\" content=\"giadabrembilla\" \/>\n<meta name=\"twitter:card\" content=\"summary_large_image\" \/>\n<meta name=\"twitter:label1\" content=\"Scritto da\" \/>\n\t<meta name=\"twitter:data1\" content=\"giadabrembilla\" \/>\n\t<meta name=\"twitter:label2\" content=\"Tempo di lettura stimato\" \/>\n\t<meta name=\"twitter:data2\" content=\"2 minuti\" \/>\n<script type=\"application\/ld+json\" class=\"yoast-schema-graph\">{\"@context\":\"https:\/\/schema.org\",\"@graph\":[{\"@type\":\"WebPage\",\"@id\":\"https:\/\/www.abf.eu\/bergamo\/pranzo-solidale\/\",\"url\":\"https:\/\/www.abf.eu\/bergamo\/pranzo-solidale\/\",\"name\":\"Un pranzo solidale a contrasto della povert\u00e0 - Bergamo\",\"isPartOf\":{\"@id\":\"https:\/\/www.abf.eu\/bergamo\/#website\"},\"primaryImageOfPage\":{\"@id\":\"https:\/\/www.abf.eu\/bergamo\/pranzo-solidale\/#primaryimage\"},\"image\":{\"@id\":\"https:\/\/www.abf.eu\/bergamo\/pranzo-solidale\/#primaryimage\"},\"thumbnailUrl\":\"https:\/\/www.abf.eu\/bergamo\/wp-content\/uploads\/sites\/3\/2024\/10\/1.png\",\"datePublished\":\"2024-10-22T09:42:52+00:00\",\"dateModified\":\"2024-10-22T11:56:39+00:00\",\"author\":{\"@id\":\"https:\/\/www.abf.eu\/bergamo\/#\/schema\/person\/0daf58404dacb015e5a8d3000f24219b\"},\"description\":\"Gli allievi hanno preparato un pranzo solidale, offrendo un pasto caldo durante la Giornata Internazionale per l\u2019eliminazione della povert\u00e0\",\"breadcrumb\":{\"@id\":\"https:\/\/www.abf.eu\/bergamo\/pranzo-solidale\/#breadcrumb\"},\"inLanguage\":\"it-IT\",\"potentialAction\":[{\"@type\":\"ReadAction\",\"target\":[\"https:\/\/www.abf.eu\/bergamo\/pranzo-solidale\/\"]}]},{\"@type\":\"ImageObject\",\"inLanguage\":\"it-IT\",\"@id\":\"https:\/\/www.abf.eu\/bergamo\/pranzo-solidale\/#primaryimage\",\"url\":\"https:\/\/www.abf.eu\/bergamo\/wp-content\/uploads\/sites\/3\/2024\/10\/1.png\",\"contentUrl\":\"https:\/\/www.abf.eu\/bergamo\/wp-content\/uploads\/sites\/3\/2024\/10\/1.png\",\"width\":1000,\"height\":666},{\"@type\":\"BreadcrumbList\",\"@id\":\"https:\/\/www.abf.eu\/bergamo\/pranzo-solidale\/#breadcrumb\",\"itemListElement\":[{\"@type\":\"ListItem\",\"position\":1,\"name\":\"Home\",\"item\":\"https:\/\/www.abf.eu\/bergamo\/\"},{\"@type\":\"ListItem\",\"position\":2,\"name\":\"Un pranzo solidale a contrasto della povert\u00e0\"}]},{\"@type\":\"WebSite\",\"@id\":\"https:\/\/www.abf.eu\/bergamo\/#website\",\"url\":\"https:\/\/www.abf.eu\/bergamo\/\",\"name\":\"Bergamo\",\"description\":\"Ecco un altro sito Abf siti\",\"potentialAction\":[{\"@type\":\"SearchAction\",\"target\":{\"@type\":\"EntryPoint\",\"urlTemplate\":\"https:\/\/www.abf.eu\/bergamo\/?s={search_term_string}\"},\"query-input\":{\"@type\":\"PropertyValueSpecification\",\"valueRequired\":true,\"valueName\":\"search_term_string\"}}],\"inLanguage\":\"it-IT\"},{\"@type\":\"Person\",\"@id\":\"https:\/\/www.abf.eu\/bergamo\/#\/schema\/person\/0daf58404dacb015e5a8d3000f24219b\",\"name\":\"giadabrembilla\",\"image\":{\"@type\":\"ImageObject\",\"inLanguage\":\"it-IT\",\"@id\":\"https:\/\/www.abf.eu\/bergamo\/#\/schema\/person\/image\/\",\"url\":\"https:\/\/secure.gravatar.com\/avatar\/11deae43922794eea4da2521866db72e0b94af2824c985037486ebe200326260?s=96&d=mm&r=g\",\"contentUrl\":\"https:\/\/secure.gravatar.com\/avatar\/11deae43922794eea4da2521866db72e0b94af2824c985037486ebe200326260?s=96&d=mm&r=g\",\"caption\":\"giadabrembilla\"},\"url\":\"https:\/\/www.abf.eu\/bergamo\/author\/giadabrembilla\/\"}]}<\/script>\n<!-- \/ Yoast SEO plugin. -->","yoast_head_json":{"title":"Un pranzo solidale a contrasto della povert\u00e0 - Bergamo","description":"Gli allievi hanno preparato un pranzo solidale, offrendo un pasto caldo durante la Giornata Internazionale per l\u2019eliminazione della povert\u00e0","robots":{"index":"index","follow":"follow","max-snippet":"max-snippet:-1","max-image-preview":"max-image-preview:large","max-video-preview":"max-video-preview:-1"},"canonical":"https:\/\/www.abf.eu\/bergamo\/pranzo-solidale\/","og_locale":"it_IT","og_type":"article","og_title":"Un pranzo solidale a contrasto della povert\u00e0 - Bergamo","og_description":"Gli allievi hanno preparato un pranzo solidale, offrendo un pasto caldo durante la Giornata Internazionale per l\u2019eliminazione della povert\u00e0","og_url":"https:\/\/www.abf.eu\/bergamo\/pranzo-solidale\/","og_site_name":"Bergamo","article_published_time":"2024-10-22T09:42:52+00:00","article_modified_time":"2024-10-22T11:56:39+00:00","og_image":[{"width":1000,"height":666,"url":"https:\/\/www.abf.eu\/bergamo\/wp-content\/uploads\/sites\/3\/2024\/10\/1.png","type":"image\/png"}],"author":"giadabrembilla","twitter_card":"summary_large_image","twitter_misc":{"Scritto da":"giadabrembilla","Tempo di lettura stimato":"2 minuti"},"schema":{"@context":"https:\/\/schema.org","@graph":[{"@type":"WebPage","@id":"https:\/\/www.abf.eu\/bergamo\/pranzo-solidale\/","url":"https:\/\/www.abf.eu\/bergamo\/pranzo-solidale\/","name":"Un pranzo solidale a contrasto della povert\u00e0 - Bergamo","isPartOf":{"@id":"https:\/\/www.abf.eu\/bergamo\/#website"},"primaryImageOfPage":{"@id":"https:\/\/www.abf.eu\/bergamo\/pranzo-solidale\/#primaryimage"},"image":{"@id":"https:\/\/www.abf.eu\/bergamo\/pranzo-solidale\/#primaryimage"},"thumbnailUrl":"https:\/\/www.abf.eu\/bergamo\/wp-content\/uploads\/sites\/3\/2024\/10\/1.png","datePublished":"2024-10-22T09:42:52+00:00","dateModified":"2024-10-22T11:56:39+00:00","author":{"@id":"https:\/\/www.abf.eu\/bergamo\/#\/schema\/person\/0daf58404dacb015e5a8d3000f24219b"},"description":"Gli allievi hanno preparato un pranzo solidale, offrendo un pasto caldo durante la Giornata Internazionale per l\u2019eliminazione della povert\u00e0","breadcrumb":{"@id":"https:\/\/www.abf.eu\/bergamo\/pranzo-solidale\/#breadcrumb"},"inLanguage":"it-IT","potentialAction":[{"@type":"ReadAction","target":["https:\/\/www.abf.eu\/bergamo\/pranzo-solidale\/"]}]},{"@type":"ImageObject","inLanguage":"it-IT","@id":"https:\/\/www.abf.eu\/bergamo\/pranzo-solidale\/#primaryimage","url":"https:\/\/www.abf.eu\/bergamo\/wp-content\/uploads\/sites\/3\/2024\/10\/1.png","contentUrl":"https:\/\/www.abf.eu\/bergamo\/wp-content\/uploads\/sites\/3\/2024\/10\/1.png","width":1000,"height":666},{"@type":"BreadcrumbList","@id":"https:\/\/www.abf.eu\/bergamo\/pranzo-solidale\/#breadcrumb","itemListElement":[{"@type":"ListItem","position":1,"name":"Home","item":"https:\/\/www.abf.eu\/bergamo\/"},{"@type":"ListItem","position":2,"name":"Un pranzo solidale a contrasto della povert\u00e0"}]},{"@type":"WebSite","@id":"https:\/\/www.abf.eu\/bergamo\/#website","url":"https:\/\/www.abf.eu\/bergamo\/","name":"Bergamo","description":"Ecco un altro sito Abf siti","potentialAction":[{"@type":"SearchAction","target":{"@type":"EntryPoint","urlTemplate":"https:\/\/www.abf.eu\/bergamo\/?s={search_term_string}"},"query-input":{"@type":"PropertyValueSpecification","valueRequired":true,"valueName":"search_term_string"}}],"inLanguage":"it-IT"},{"@type":"Person","@id":"https:\/\/www.abf.eu\/bergamo\/#\/schema\/person\/0daf58404dacb015e5a8d3000f24219b","name":"giadabrembilla","image":{"@type":"ImageObject","inLanguage":"it-IT","@id":"https:\/\/www.abf.eu\/bergamo\/#\/schema\/person\/image\/","url":"https:\/\/secure.gravatar.com\/avatar\/11deae43922794eea4da2521866db72e0b94af2824c985037486ebe200326260?s=96&d=mm&r=g","contentUrl":"https:\/\/secure.gravatar.com\/avatar\/11deae43922794eea4da2521866db72e0b94af2824c985037486ebe200326260?s=96&d=mm&r=g","caption":"giadabrembilla"},"url":"https:\/\/www.abf.eu\/bergamo\/author\/giadabrembilla\/"}]}},"_links":{"self":[{"href":"https:\/\/www.abf.eu\/bergamo\/wp-json\/wp\/v2\/posts\/22975","targetHints":{"allow":["GET"]}}],"collection":[{"href":"https:\/\/www.abf.eu\/bergamo\/wp-json\/wp\/v2\/posts"}],"about":[{"href":"https:\/\/www.abf.eu\/bergamo\/wp-json\/wp\/v2\/types\/post"}],"author":[{"embeddable":true,"href":"https:\/\/www.abf.eu\/bergamo\/wp-json\/wp\/v2\/users\/61"}],"replies":[{"embeddable":true,"href":"https:\/\/www.abf.eu\/bergamo\/wp-json\/wp\/v2\/comments?post=22975"}],"version-history":[{"count":53,"href":"https:\/\/www.abf.eu\/bergamo\/wp-json\/wp\/v2\/posts\/22975\/revisions"}],"predecessor-version":[{"id":23048,"href":"https:\/\/www.abf.eu\/bergamo\/wp-json\/wp\/v2\/posts\/22975\/revisions\/23048"}],"wp:featuredmedia":[{"embeddable":true,"href":"https:\/\/www.abf.eu\/bergamo\/wp-json\/wp\/v2\/media\/23020"}],"wp:attachment":[{"href":"https:\/\/www.abf.eu\/bergamo\/wp-json\/wp\/v2\/media?parent=22975"}],"wp:term":[{"taxonomy":"category","embeddable":true,"href":"https:\/\/www.abf.eu\/bergamo\/wp-json\/wp\/v2\/categories?post=22975"},{"taxonomy":"post_tag","embeddable":true,"href":"https:\/\/www.abf.eu\/bergamo\/wp-json\/wp\/v2\/tags?post=22975"}],"curies":[{"name":"wp","href":"https:\/\/api.w.org\/{rel}","templated":true}]}}