{"id":23308,"date":"2024-12-18T16:03:07","date_gmt":"2024-12-18T15:03:07","guid":{"rendered":"https:\/\/www.abf.eu\/bergamo\/?p=23308"},"modified":"2024-12-18T16:03:08","modified_gmt":"2024-12-18T15:03:08","slug":"giornata-di-benessere-e-condivisione","status":"publish","type":"post","link":"https:\/\/www.abf.eu\/bergamo\/giornata-di-benessere-e-condivisione\/","title":{"rendered":"Una giornata di benessere e condivisione"},"content":{"rendered":"\n<h3 class=\"wp-block-heading\">I nostri allievi di estetica e acconciatura hanno offerto un servizio personalizzato agli ospiti dell&#8217;RSA Don Orione di Bergamo<\/h3>\n\n\n\n<h5 class=\"wp-block-heading\">Una coccola per gli ospiti<\/h5>\n\n\n\n<p>Gioved\u00ec 12 Dicembre le <strong>classi 2D, 2E e 2F del settore Beauty e Wellness<\/strong> di ABF Bergamo si sono recate all&#8217;RSA Don Orione di Bergamo per<strong> regalare una giornata di relax agli ospiti della struttura<\/strong>, eseguendo trattamenti di manicure e messa in piega.<\/p>\n\n\n\n<p>L&#8217;iniziativa \u00e8 stata molto importante per la <strong>crescita professionale e personale degli studenti<\/strong>, che hanno potuto applicare le competenze acquisite nei loro corsi, come massaggi, manicure e acconciature, con un&#8217;attenzione particolare al benessere degli anziani. <\/p>\n\n\n\n<p>Questo momento di condivisione ha permesso agli allievi di comprendere l&#8217;<strong>importanza dell&#8217;empatia e della cura personalizzata<\/strong>, valori fondamentali del settore.<\/p>\n\n\n\n<div style=\"height:17px\" aria-hidden=\"true\" class=\"wp-block-spacer\"><\/div>\n\n\n\n<hr class=\"wp-block-separator has-alpha-channel-opacity\" \/>\n\n\n\n<h5 class=\"wp-block-heading\">Mani perfette per le feste<\/h5>\n\n\n\n<p>Le ragazze di estetica hanno dimostrato grande professionalit\u00e0 eseguendo <strong>massaggi alle mani e manicure<\/strong> su ben 180 ospiti dell&#8217;RSA, consolidando le conoscenze acquisite durante le lezioni. <\/p>\n\n\n\n<p>Inoltre, l&#8217;esperienza ha offerto alle allieve la possibilit\u00e0 di <strong>sviluppare competenze relazionali<\/strong>, fondamentali nel settore dell&#8217;estetica, dove la capacit\u00e0 di interagire con i clienti \u00e8 altrettanto importante quanto le abilit\u00e0 tecniche. <\/p>\n\n\n\n<p>Sicuramente questa giornata \u00e8 stata un passo importante per il loro percorso formativo per avvicinarsi al mondo del lavoro.<\/p>\n\n\n\n<div style=\"height:22px\" aria-hidden=\"true\" class=\"wp-block-spacer\"><\/div>\n\n\n\n<figure class=\"wp-block-image size-full\"><img loading=\"lazy\" decoding=\"async\" width=\"1000\" height=\"666\" src=\"https:\/\/www.abf.eu\/bergamo\/wp-content\/uploads\/sites\/3\/2024\/12\/1-1.png\" alt=\"\" class=\"wp-image-23328\" srcset=\"https:\/\/www.abf.eu\/bergamo\/wp-content\/uploads\/sites\/3\/2024\/12\/1-1.png 1000w, https:\/\/www.abf.eu\/bergamo\/wp-content\/uploads\/sites\/3\/2024\/12\/1-1-300x200.png 300w, https:\/\/www.abf.eu\/bergamo\/wp-content\/uploads\/sites\/3\/2024\/12\/1-1-768x511.png 768w, https:\/\/www.abf.eu\/bergamo\/wp-content\/uploads\/sites\/3\/2024\/12\/1-1-600x400.png 600w\" sizes=\"auto, (max-width: 1000px) 100vw, 1000px\" \/><\/figure>\n\n\n\n<div style=\"height:4px\" aria-hidden=\"true\" class=\"wp-block-spacer\"><\/div>\n\n\n\n<hr class=\"wp-block-separator has-alpha-channel-opacity\" \/>\n\n\n\n<h5 class=\"wp-block-heading\">Acconciature da sogno per gli ospiti dell&#8217;RSA<\/h5>\n\n\n\n<p>Gli allievi di acconciatura si sono invece dedicati a shampoo e messa in piega per 20 persone, affinando la loro manualit\u00e0 ed eseguendo un servizio di qualit\u00e0 su ognuno di loro. <\/p>\n\n\n\n<p>Applicando le tecniche apprese in aula, i ragazzi hanno garantito agli ospiti un risultato molto soddisfacente, dimostrando anche un&#8217;<strong>ottima comunicazione e gestione e del tempo<\/strong>. <\/p>\n\n\n\n<p>L&#8217;esperienza ha confermato a pieni voti la loro preparazione e ha avvicinato gli studenti sempre al mondo professionale.<\/p>\n\n\n\n<div style=\"height:31px\" aria-hidden=\"true\" class=\"wp-block-spacer\"><\/div>\n\n\n\n<figure class=\"wp-block-image size-full\"><img loading=\"lazy\" decoding=\"async\" width=\"1000\" height=\"666\" src=\"https:\/\/www.abf.eu\/bergamo\/wp-content\/uploads\/sites\/3\/2024\/12\/5-1.png\" alt=\"\" class=\"wp-image-23329\" srcset=\"https:\/\/www.abf.eu\/bergamo\/wp-content\/uploads\/sites\/3\/2024\/12\/5-1.png 1000w, https:\/\/www.abf.eu\/bergamo\/wp-content\/uploads\/sites\/3\/2024\/12\/5-1-300x200.png 300w, https:\/\/www.abf.eu\/bergamo\/wp-content\/uploads\/sites\/3\/2024\/12\/5-1-768x511.png 768w, https:\/\/www.abf.eu\/bergamo\/wp-content\/uploads\/sites\/3\/2024\/12\/5-1-600x400.png 600w\" sizes=\"auto, (max-width: 1000px) 100vw, 1000px\" \/><\/figure>\n\n\n\n<div style=\"height:5px\" aria-hidden=\"true\" class=\"wp-block-spacer\"><\/div>\n\n\n\n<hr class=\"wp-block-separator has-alpha-channel-opacity\" \/>\n\n\n\n<h5 class=\"wp-block-heading\">E alla fine&#8230;un bel buffet!<\/h5>\n\n\n\n<p>Al termine dei trattamenti, il personale, i volontari, gli ospiti dell&#8217;RSA e gli allievi hanno condiviso un momento di convivialit\u00e0 per <strong>celebrare insieme la fine dell&#8217;esperienza<\/strong> e l&#8217;arrivo delle feste con un <strong>buffet dolce e salato<\/strong>, permettendo a tutti di rilassarsi e socializzare.<\/p>\n\n\n\n<p>Il buffet \u00e8 stata la ciliegina sulla torta di una giornata dedicata al benessere, contribuendo a rendere ancora pi\u00f9 speciale l&#8217;esperienza vissuta insieme.<\/p>\n\n\n\n<div style=\"height:16px\" aria-hidden=\"true\" class=\"wp-block-spacer\"><\/div>\n\n\n\n<figure class=\"wp-block-image size-full\"><img loading=\"lazy\" decoding=\"async\" width=\"1000\" height=\"666\" src=\"https:\/\/www.abf.eu\/bergamo\/wp-content\/uploads\/sites\/3\/2024\/12\/3-1.png\" alt=\"\" class=\"wp-image-23330\" srcset=\"https:\/\/www.abf.eu\/bergamo\/wp-content\/uploads\/sites\/3\/2024\/12\/3-1.png 1000w, https:\/\/www.abf.eu\/bergamo\/wp-content\/uploads\/sites\/3\/2024\/12\/3-1-300x200.png 300w, https:\/\/www.abf.eu\/bergamo\/wp-content\/uploads\/sites\/3\/2024\/12\/3-1-768x511.png 768w, https:\/\/www.abf.eu\/bergamo\/wp-content\/uploads\/sites\/3\/2024\/12\/3-1-600x400.png 600w\" sizes=\"auto, (max-width: 1000px) 100vw, 1000px\" \/><\/figure>\n\n\n\n<p><\/p>\n","protected":false},"excerpt":{"rendered":"<p>I nostri allievi di estetica e acconciatura hanno offerto un<\/p>\n","protected":false},"author":51,"featured_media":23327,"comment_status":"closed","ping_status":"closed","sticky":false,"template":"","format":"standard","meta":{"footnotes":""},"categories":[1],"tags":[],"class_list":["post-23308","post","type-post","status-publish","format-standard","has-post-thumbnail","hentry","category-senza-categoria"],"yoast_head":"<!-- This site is optimized with the Yoast SEO plugin v25.8 - https:\/\/yoast.com\/wordpress\/plugins\/seo\/ -->\n<title>Una giornata di benessere e condivisione - Bergamo<\/title>\n<meta name=\"description\" content=\"Le classi del settore Beauty e Wellness si sono recate all&#039;RSA Don Orione di Bergamo per regalare una giornata di relax agli ospiti\" \/>\n<meta name=\"robots\" content=\"index, follow, max-snippet:-1, max-image-preview:large, max-video-preview:-1\" \/>\n<link rel=\"canonical\" href=\"https:\/\/www.abf.eu\/bergamo\/giornata-di-benessere-e-condivisione\/\" \/>\n<meta property=\"og:locale\" content=\"it_IT\" \/>\n<meta property=\"og:type\" content=\"article\" \/>\n<meta property=\"og:title\" content=\"Una giornata di benessere e condivisione - Bergamo\" \/>\n<meta property=\"og:description\" content=\"Le classi del settore Beauty e Wellness si sono recate all&#039;RSA Don Orione di Bergamo per regalare una giornata di relax agli ospiti\" \/>\n<meta property=\"og:url\" content=\"https:\/\/www.abf.eu\/bergamo\/giornata-di-benessere-e-condivisione\/\" \/>\n<meta property=\"og:site_name\" content=\"Bergamo\" \/>\n<meta property=\"article:published_time\" content=\"2024-12-18T15:03:07+00:00\" \/>\n<meta property=\"article:modified_time\" content=\"2024-12-18T15:03:08+00:00\" \/>\n<meta property=\"og:image\" content=\"https:\/\/www.abf.eu\/bergamo\/wp-content\/uploads\/sites\/3\/2024\/12\/7.png\" \/>\n\t<meta property=\"og:image:width\" content=\"1000\" \/>\n\t<meta property=\"og:image:height\" content=\"666\" \/>\n\t<meta property=\"og:image:type\" content=\"image\/png\" \/>\n<meta name=\"author\" content=\"abfeditorbergamo\" \/>\n<meta name=\"twitter:card\" content=\"summary_large_image\" \/>\n<meta name=\"twitter:label1\" content=\"Scritto da\" \/>\n\t<meta name=\"twitter:data1\" content=\"abfeditorbergamo\" \/>\n\t<meta name=\"twitter:label2\" content=\"Tempo di lettura stimato\" \/>\n\t<meta name=\"twitter:data2\" content=\"3 minuti\" \/>\n<script type=\"application\/ld+json\" class=\"yoast-schema-graph\">{\"@context\":\"https:\/\/schema.org\",\"@graph\":[{\"@type\":\"WebPage\",\"@id\":\"https:\/\/www.abf.eu\/bergamo\/giornata-di-benessere-e-condivisione\/\",\"url\":\"https:\/\/www.abf.eu\/bergamo\/giornata-di-benessere-e-condivisione\/\",\"name\":\"Una giornata di benessere e condivisione - Bergamo\",\"isPartOf\":{\"@id\":\"https:\/\/www.abf.eu\/bergamo\/#website\"},\"primaryImageOfPage\":{\"@id\":\"https:\/\/www.abf.eu\/bergamo\/giornata-di-benessere-e-condivisione\/#primaryimage\"},\"image\":{\"@id\":\"https:\/\/www.abf.eu\/bergamo\/giornata-di-benessere-e-condivisione\/#primaryimage\"},\"thumbnailUrl\":\"https:\/\/www.abf.eu\/bergamo\/wp-content\/uploads\/sites\/3\/2024\/12\/7.png\",\"datePublished\":\"2024-12-18T15:03:07+00:00\",\"dateModified\":\"2024-12-18T15:03:08+00:00\",\"author\":{\"@id\":\"https:\/\/www.abf.eu\/bergamo\/#\/schema\/person\/733fcc9b2aa7db4ab75b711dbb7e9d72\"},\"description\":\"Le classi del settore Beauty e Wellness si sono recate all'RSA Don Orione di Bergamo per regalare una giornata di relax agli ospiti\",\"breadcrumb\":{\"@id\":\"https:\/\/www.abf.eu\/bergamo\/giornata-di-benessere-e-condivisione\/#breadcrumb\"},\"inLanguage\":\"it-IT\",\"potentialAction\":[{\"@type\":\"ReadAction\",\"target\":[\"https:\/\/www.abf.eu\/bergamo\/giornata-di-benessere-e-condivisione\/\"]}]},{\"@type\":\"ImageObject\",\"inLanguage\":\"it-IT\",\"@id\":\"https:\/\/www.abf.eu\/bergamo\/giornata-di-benessere-e-condivisione\/#primaryimage\",\"url\":\"https:\/\/www.abf.eu\/bergamo\/wp-content\/uploads\/sites\/3\/2024\/12\/7.png\",\"contentUrl\":\"https:\/\/www.abf.eu\/bergamo\/wp-content\/uploads\/sites\/3\/2024\/12\/7.png\",\"width\":1000,\"height\":666},{\"@type\":\"BreadcrumbList\",\"@id\":\"https:\/\/www.abf.eu\/bergamo\/giornata-di-benessere-e-condivisione\/#breadcrumb\",\"itemListElement\":[{\"@type\":\"ListItem\",\"position\":1,\"name\":\"Home\",\"item\":\"https:\/\/www.abf.eu\/bergamo\/\"},{\"@type\":\"ListItem\",\"position\":2,\"name\":\"Una giornata di benessere e condivisione\"}]},{\"@type\":\"WebSite\",\"@id\":\"https:\/\/www.abf.eu\/bergamo\/#website\",\"url\":\"https:\/\/www.abf.eu\/bergamo\/\",\"name\":\"Bergamo\",\"description\":\"Ecco un altro sito Abf siti\",\"potentialAction\":[{\"@type\":\"SearchAction\",\"target\":{\"@type\":\"EntryPoint\",\"urlTemplate\":\"https:\/\/www.abf.eu\/bergamo\/?s={search_term_string}\"},\"query-input\":{\"@type\":\"PropertyValueSpecification\",\"valueRequired\":true,\"valueName\":\"search_term_string\"}}],\"inLanguage\":\"it-IT\"},{\"@type\":\"Person\",\"@id\":\"https:\/\/www.abf.eu\/bergamo\/#\/schema\/person\/733fcc9b2aa7db4ab75b711dbb7e9d72\",\"name\":\"abfeditorbergamo\",\"image\":{\"@type\":\"ImageObject\",\"inLanguage\":\"it-IT\",\"@id\":\"https:\/\/www.abf.eu\/bergamo\/#\/schema\/person\/image\/\",\"url\":\"https:\/\/secure.gravatar.com\/avatar\/797d0808d9794214af0739444d3876e2c3a8d4fd0484d816db81be9524ea3c62?s=96&d=mm&r=g\",\"contentUrl\":\"https:\/\/secure.gravatar.com\/avatar\/797d0808d9794214af0739444d3876e2c3a8d4fd0484d816db81be9524ea3c62?s=96&d=mm&r=g\",\"caption\":\"abfeditorbergamo\"},\"url\":\"https:\/\/www.abf.eu\/bergamo\/author\/abfeditorbergamo\/\"}]}<\/script>\n<!-- \/ Yoast SEO plugin. -->","yoast_head_json":{"title":"Una giornata di benessere e condivisione - Bergamo","description":"Le classi del settore Beauty e Wellness si sono recate all'RSA Don Orione di Bergamo per regalare una giornata di relax agli ospiti","robots":{"index":"index","follow":"follow","max-snippet":"max-snippet:-1","max-image-preview":"max-image-preview:large","max-video-preview":"max-video-preview:-1"},"canonical":"https:\/\/www.abf.eu\/bergamo\/giornata-di-benessere-e-condivisione\/","og_locale":"it_IT","og_type":"article","og_title":"Una giornata di benessere e condivisione - Bergamo","og_description":"Le classi del settore Beauty e Wellness si sono recate all'RSA Don Orione di Bergamo per regalare una giornata di relax agli ospiti","og_url":"https:\/\/www.abf.eu\/bergamo\/giornata-di-benessere-e-condivisione\/","og_site_name":"Bergamo","article_published_time":"2024-12-18T15:03:07+00:00","article_modified_time":"2024-12-18T15:03:08+00:00","og_image":[{"width":1000,"height":666,"url":"https:\/\/www.abf.eu\/bergamo\/wp-content\/uploads\/sites\/3\/2024\/12\/7.png","type":"image\/png"}],"author":"abfeditorbergamo","twitter_card":"summary_large_image","twitter_misc":{"Scritto da":"abfeditorbergamo","Tempo di lettura stimato":"3 minuti"},"schema":{"@context":"https:\/\/schema.org","@graph":[{"@type":"WebPage","@id":"https:\/\/www.abf.eu\/bergamo\/giornata-di-benessere-e-condivisione\/","url":"https:\/\/www.abf.eu\/bergamo\/giornata-di-benessere-e-condivisione\/","name":"Una giornata di benessere e condivisione - Bergamo","isPartOf":{"@id":"https:\/\/www.abf.eu\/bergamo\/#website"},"primaryImageOfPage":{"@id":"https:\/\/www.abf.eu\/bergamo\/giornata-di-benessere-e-condivisione\/#primaryimage"},"image":{"@id":"https:\/\/www.abf.eu\/bergamo\/giornata-di-benessere-e-condivisione\/#primaryimage"},"thumbnailUrl":"https:\/\/www.abf.eu\/bergamo\/wp-content\/uploads\/sites\/3\/2024\/12\/7.png","datePublished":"2024-12-18T15:03:07+00:00","dateModified":"2024-12-18T15:03:08+00:00","author":{"@id":"https:\/\/www.abf.eu\/bergamo\/#\/schema\/person\/733fcc9b2aa7db4ab75b711dbb7e9d72"},"description":"Le classi del settore Beauty e Wellness si sono recate all'RSA Don Orione di Bergamo per regalare una giornata di relax agli ospiti","breadcrumb":{"@id":"https:\/\/www.abf.eu\/bergamo\/giornata-di-benessere-e-condivisione\/#breadcrumb"},"inLanguage":"it-IT","potentialAction":[{"@type":"ReadAction","target":["https:\/\/www.abf.eu\/bergamo\/giornata-di-benessere-e-condivisione\/"]}]},{"@type":"ImageObject","inLanguage":"it-IT","@id":"https:\/\/www.abf.eu\/bergamo\/giornata-di-benessere-e-condivisione\/#primaryimage","url":"https:\/\/www.abf.eu\/bergamo\/wp-content\/uploads\/sites\/3\/2024\/12\/7.png","contentUrl":"https:\/\/www.abf.eu\/bergamo\/wp-content\/uploads\/sites\/3\/2024\/12\/7.png","width":1000,"height":666},{"@type":"BreadcrumbList","@id":"https:\/\/www.abf.eu\/bergamo\/giornata-di-benessere-e-condivisione\/#breadcrumb","itemListElement":[{"@type":"ListItem","position":1,"name":"Home","item":"https:\/\/www.abf.eu\/bergamo\/"},{"@type":"ListItem","position":2,"name":"Una giornata di benessere e condivisione"}]},{"@type":"WebSite","@id":"https:\/\/www.abf.eu\/bergamo\/#website","url":"https:\/\/www.abf.eu\/bergamo\/","name":"Bergamo","description":"Ecco un altro sito Abf siti","potentialAction":[{"@type":"SearchAction","target":{"@type":"EntryPoint","urlTemplate":"https:\/\/www.abf.eu\/bergamo\/?s={search_term_string}"},"query-input":{"@type":"PropertyValueSpecification","valueRequired":true,"valueName":"search_term_string"}}],"inLanguage":"it-IT"},{"@type":"Person","@id":"https:\/\/www.abf.eu\/bergamo\/#\/schema\/person\/733fcc9b2aa7db4ab75b711dbb7e9d72","name":"abfeditorbergamo","image":{"@type":"ImageObject","inLanguage":"it-IT","@id":"https:\/\/www.abf.eu\/bergamo\/#\/schema\/person\/image\/","url":"https:\/\/secure.gravatar.com\/avatar\/797d0808d9794214af0739444d3876e2c3a8d4fd0484d816db81be9524ea3c62?s=96&d=mm&r=g","contentUrl":"https:\/\/secure.gravatar.com\/avatar\/797d0808d9794214af0739444d3876e2c3a8d4fd0484d816db81be9524ea3c62?s=96&d=mm&r=g","caption":"abfeditorbergamo"},"url":"https:\/\/www.abf.eu\/bergamo\/author\/abfeditorbergamo\/"}]}},"_links":{"self":[{"href":"https:\/\/www.abf.eu\/bergamo\/wp-json\/wp\/v2\/posts\/23308","targetHints":{"allow":["GET"]}}],"collection":[{"href":"https:\/\/www.abf.eu\/bergamo\/wp-json\/wp\/v2\/posts"}],"about":[{"href":"https:\/\/www.abf.eu\/bergamo\/wp-json\/wp\/v2\/types\/post"}],"author":[{"embeddable":true,"href":"https:\/\/www.abf.eu\/bergamo\/wp-json\/wp\/v2\/users\/51"}],"replies":[{"embeddable":true,"href":"https:\/\/www.abf.eu\/bergamo\/wp-json\/wp\/v2\/comments?post=23308"}],"version-history":[{"count":23,"href":"https:\/\/www.abf.eu\/bergamo\/wp-json\/wp\/v2\/posts\/23308\/revisions"}],"predecessor-version":[{"id":23345,"href":"https:\/\/www.abf.eu\/bergamo\/wp-json\/wp\/v2\/posts\/23308\/revisions\/23345"}],"wp:featuredmedia":[{"embeddable":true,"href":"https:\/\/www.abf.eu\/bergamo\/wp-json\/wp\/v2\/media\/23327"}],"wp:attachment":[{"href":"https:\/\/www.abf.eu\/bergamo\/wp-json\/wp\/v2\/media?parent=23308"}],"wp:term":[{"taxonomy":"category","embeddable":true,"href":"https:\/\/www.abf.eu\/bergamo\/wp-json\/wp\/v2\/categories?post=23308"},{"taxonomy":"post_tag","embeddable":true,"href":"https:\/\/www.abf.eu\/bergamo\/wp-json\/wp\/v2\/tags?post=23308"}],"curies":[{"name":"wp","href":"https:\/\/api.w.org\/{rel}","templated":true}]}}