{"id":23707,"date":"2025-03-25T11:45:23","date_gmt":"2025-03-25T10:45:23","guid":{"rendered":"https:\/\/www.abf.eu\/bergamo\/?p=23707"},"modified":"2025-03-25T11:45:24","modified_gmt":"2025-03-25T10:45:24","slug":"premio-olio-del-garda-dop","status":"publish","type":"post","link":"https:\/\/www.abf.eu\/bergamo\/premio-olio-del-garda-dop\/","title":{"rendered":"Concorso Interregionale Premio olio del Garda DOP"},"content":{"rendered":"\n<h3 class=\"wp-block-heading\">Gli studenti di ABF in gara per il Premio Olio Garda DOP<\/h3>\n\n\n\n<h5 class=\"wp-block-heading\">Il percorso di formazione alla scoperta dell&#8217;olio<\/h5>\n\n\n\n<p>Il percorso verso la quarta edizione del Concorso Interregionale &#8220;Premio Olio Garda DOP&#8221; ha preso il via con una <strong>giornata di formazione<\/strong> per preparare i ragazzi a valorizzare al meglio questo straordinario prodotto del territorio.<\/p>\n\n\n\n<p>I ragazzi di terza di cucina e sala bar hanno approfondito le <strong>caratteristiche organolettiche <\/strong>dell\u2019olio grazie a un incontro formativo con <strong>Sandro Conforti,<\/strong> esperto del settore. Durante la lezione, i ragazzi hanno scoperto i segreti della <strong>degustazione<\/strong>, imparando a riconoscere pregi e difetti dell\u2019olio attraverso l\u2019olfatto e il gusto, elementi fondamentali per il corretto abbinamento culinario. Con l&#8217;ausilio di una <strong>scheda tecnica<\/strong>, gli studenti hanno analizzato i diversi tipi di olio in commercio, le loro caratteristiche e il processo produttivo. Hanno appreso l&#8217;importanza della <strong>corretta conservazione<\/strong> dell&#8217;olio e il ruolo che luce, temperatura e ossigeno giocano nella preservazione delle sue propriet\u00e0.<\/p>\n\n\n\n<figure class=\"wp-block-gallery has-nested-images columns-default is-cropped wp-block-gallery-1 is-layout-flex wp-block-gallery-is-layout-flex\">\n<figure class=\"wp-block-image size-large\"><img loading=\"lazy\" decoding=\"async\" width=\"1000\" height=\"666\" data-id=\"23760\" src=\"https:\/\/www.abf.eu\/bergamo\/wp-content\/uploads\/sites\/3\/2025\/03\/degustazione-1.jpg\" alt=\"\" class=\"wp-image-23760\" srcset=\"https:\/\/www.abf.eu\/bergamo\/wp-content\/uploads\/sites\/3\/2025\/03\/degustazione-1.jpg 1000w, https:\/\/www.abf.eu\/bergamo\/wp-content\/uploads\/sites\/3\/2025\/03\/degustazione-1-300x200.jpg 300w, https:\/\/www.abf.eu\/bergamo\/wp-content\/uploads\/sites\/3\/2025\/03\/degustazione-1-768x511.jpg 768w, https:\/\/www.abf.eu\/bergamo\/wp-content\/uploads\/sites\/3\/2025\/03\/degustazione-1-600x400.jpg 600w\" sizes=\"auto, (max-width: 1000px) 100vw, 1000px\" \/><\/figure>\n<\/figure>\n\n\n\n<h5 class=\"wp-block-heading\">Concorso olio del Garda DOP: un\u2019iniziativa del Consorzio di Tutela Olio Garda DOP <\/h5>\n\n\n\n<p>Il Concorso Interregionale &#8220;Premio Olio Garda DOP&#8221; \u00e8 stato organizzato dal <strong>Consorzio di Tutela Olio Garda DOP<\/strong> in collaborazione con l\u2019Associazione Cuochi Bresciani, Italia a Tavola e Pentole Agnelli.<\/p>\n\n\n\n<p>L&#8217;<strong>obiettivo<\/strong> dell\u2019iniziativa \u00e8 quello di educare le nuove generazioni sull\u2019importanza dell\u2019olio Garda DOP, come ingrediente distintivo della cucina italiana, e come elemento culturale legato al territorio. I partecipanti, divisi tra chef e responsabili di sala, si sono messi in gioco e hanno mostrato la loro abilit\u00e0 nel creare piatti che <strong>esaltino<\/strong> le <strong>peculiarit\u00e0<\/strong> dell\u2019olio Garda DOP, presentandone con competenza l\u2019origine e gli abbinamenti gastronomici.<\/p>\n\n\n\n<p>Le prove pratiche si sono svolte nei <strong>laboratori di Pentole Agnelli<\/strong>. Ogni squadra, composta da due ragazzi di cucina e due di sala bar, ha avuto <strong>un&#8217;ora<\/strong> per la <strong>preparazione<\/strong> del piatto e <strong>dieci<\/strong> <strong>minuti<\/strong> per il <strong>servizio<\/strong> e la presentazione alla giuria, composta da chef e professionisti del settore. Un ulteriore elemento di valore \u00e8 stato l\u2019abbinamento con un vino, a dimostrazione della sinergia tra i prodotti locali.<\/p>\n\n\n\n<figure class=\"wp-block-gallery has-nested-images columns-default is-cropped wp-block-gallery-2 is-layout-flex wp-block-gallery-is-layout-flex\">\n<figure class=\"wp-block-image size-large\"><img loading=\"lazy\" decoding=\"async\" width=\"1000\" height=\"666\" data-id=\"23735\" src=\"https:\/\/www.abf.eu\/bergamo\/wp-content\/uploads\/sites\/3\/2025\/03\/processo.jpg\" alt=\"\" class=\"wp-image-23735\" srcset=\"https:\/\/www.abf.eu\/bergamo\/wp-content\/uploads\/sites\/3\/2025\/03\/processo.jpg 1000w, https:\/\/www.abf.eu\/bergamo\/wp-content\/uploads\/sites\/3\/2025\/03\/processo-300x200.jpg 300w, https:\/\/www.abf.eu\/bergamo\/wp-content\/uploads\/sites\/3\/2025\/03\/processo-768x511.jpg 768w, https:\/\/www.abf.eu\/bergamo\/wp-content\/uploads\/sites\/3\/2025\/03\/processo-600x400.jpg 600w\" sizes=\"auto, (max-width: 1000px) 100vw, 1000px\" \/><\/figure>\n<\/figure>\n\n\n\n<h5 class=\"wp-block-heading\">Il piatto degli allievi di ABF: un omaggio all\u2019Olio Garda DOP<br><\/h5>\n\n\n\n<p>Gli studenti di ABF hanno partecipato alla competizione con il piatto <strong>&#8220;Vellutata di topinambur, crescione, uovo di quaglia e foglie di pane croccanti all\u2019olio del Garda DOP&#8221;<\/strong>. La scelta di questa ricetta \u00e8 nata dalla volont\u00e0 di esaltare la delicatezza dell&#8217;olio Garda DOP, che con il suo profilo sensoriale equilibrato e leggero si abbina alla cremosit\u00e0 della vellutata, alla freschezza del crescione e alla croccantezza del pane.<\/p>\n\n\n\n<figure class=\"wp-block-image size-full\"><img loading=\"lazy\" decoding=\"async\" width=\"1000\" height=\"666\" src=\"https:\/\/www.abf.eu\/bergamo\/wp-content\/uploads\/sites\/3\/2025\/03\/piatto-vicino.jpg\" alt=\"\" class=\"wp-image-23733\" srcset=\"https:\/\/www.abf.eu\/bergamo\/wp-content\/uploads\/sites\/3\/2025\/03\/piatto-vicino.jpg 1000w, https:\/\/www.abf.eu\/bergamo\/wp-content\/uploads\/sites\/3\/2025\/03\/piatto-vicino-300x200.jpg 300w, https:\/\/www.abf.eu\/bergamo\/wp-content\/uploads\/sites\/3\/2025\/03\/piatto-vicino-768x511.jpg 768w, https:\/\/www.abf.eu\/bergamo\/wp-content\/uploads\/sites\/3\/2025\/03\/piatto-vicino-600x400.jpg 600w\" sizes=\"auto, (max-width: 1000px) 100vw, 1000px\" \/><\/figure>\n\n\n\n<h5 class=\"wp-block-heading\"><strong>Ingredienti per quattro porzioni:<\/strong><\/h5>\n\n\n\n<ul class=\"wp-block-list\">\n<li>320 g di topinambur<\/li>\n\n\n\n<li>40 g di cipolla<\/li>\n\n\n\n<li>60 g di patata<\/li>\n\n\n\n<li>100 g di borragine<\/li>\n\n\n\n<li>80 g di pane<\/li>\n\n\n\n<li>4 uova di quaglia<\/li>\n\n\n\n<li>q.b. Olio del Garda DOP<\/li>\n\n\n\n<li>q.b. Sale e pepe<\/li>\n<\/ul>\n\n\n\n<h5 class=\"wp-block-heading\">Procedimento: <\/h5>\n\n\n\n<ol class=\"wp-block-list\">\n<li>Appassire la cipolla in padella, aggiungere i topinambur puliti e tagliati a tocchetti.<\/li>\n\n\n\n<li>Coprire con acqua, aggiungere la patata grattugiata e cuocere a fuoco lento per 15 minuti.<\/li>\n\n\n\n<li>A cottura ultimata, aggiungere la borragine, frullare il tutto con un filo d\u2019olio e aggiustare di sale e pepe.<\/li>\n\n\n\n<li>Tostare il pane affettato sottilmente e condirlo con abbondante olio. Cuocere un uovo di quaglia in camicia e metterlo da parte.<\/li>\n\n\n\n<li>Impiattare la vellutata in un piatto fondo, aggiungere le foglie di pane croccanti, l\u2019uovo di quaglia e decorare con foglioline di Vene Cress. Prima di servire, irrorare generosamente con Olio Garda DOP.<\/li>\n<\/ol>\n\n\n\n<h5 class=\"wp-block-heading\"><strong>Un abbinamento perfetto: il vino I Frati &#8211; Lugana DOC<\/strong><\/h5>\n\n\n\n<p>Per valorizzare ulteriormente il piatto, \u00e8 stato scelto il vino <strong>I Frati &#8211; Lugana DOC<\/strong>, un bianco elegante e minerale che si abbina perfettamente alla cremosit\u00e0 della vellutata e alla delicatezza dell\u2019olio Garda DOP. Con le sue note fruttate e la sua acidit\u00e0 bilanciata, questo vino esalta il profilo aromatico dell\u2019olio, creando un\u2019<strong>armonia<\/strong> tra ogni elemento del piatto.<\/p>\n\n\n\n<h5 class=\"wp-block-heading\">L&#8217;esperienza dei nostri ragazzi<\/h5>\n\n\n\n<p>Accompagnati dal professor Auriemma e dalla professoressa Fazzi, i nostri quattro ragazzi hanno affrontato questa <strong>sfida<\/strong> con <strong>professionalit\u00e0<\/strong>, impegno e grande <strong>determinazione<\/strong>. Hanno dimostrato competenza tecnica, concentrazione e puntualit\u00e0, riuscendo a presentare il loro piatto davanti a una giuria di sei esperti. Questa esperienza \u00e8 stata molto importante perch\u00e9 ha permesso loro di immedesimarsi nel mondo del lavoro, sentendo la pressione di un giudizio, non potremmo essere pi\u00f9 fieri del loro lavoro.<\/p>\n\n\n\n<p><\/p>\n","protected":false},"excerpt":{"rendered":"<p>Gli studenti di ABF in gara per il Premio Olio<\/p>\n","protected":false},"author":60,"featured_media":23734,"comment_status":"closed","ping_status":"closed","sticky":false,"template":"","format":"standard","meta":{"footnotes":""},"categories":[1],"tags":[],"class_list":["post-23707","post","type-post","status-publish","format-standard","has-post-thumbnail","hentry","category-senza-categoria"],"yoast_head":"<!-- This site is optimized with the Yoast SEO plugin v25.8 - https:\/\/yoast.com\/wordpress\/plugins\/seo\/ -->\n<title>Concorso Interregionale Premio olio del Garda DOP - Bergamo<\/title>\n<meta name=\"robots\" content=\"index, follow, max-snippet:-1, max-image-preview:large, max-video-preview:-1\" \/>\n<link rel=\"canonical\" href=\"https:\/\/www.abf.eu\/bergamo\/premio-olio-del-garda-dop\/\" \/>\n<meta property=\"og:locale\" content=\"it_IT\" \/>\n<meta property=\"og:type\" content=\"article\" \/>\n<meta property=\"og:title\" content=\"Concorso Interregionale Premio olio del Garda DOP - Bergamo\" \/>\n<meta property=\"og:description\" content=\"Gli studenti di ABF in gara per il Premio Olio\" \/>\n<meta property=\"og:url\" content=\"https:\/\/www.abf.eu\/bergamo\/premio-olio-del-garda-dop\/\" \/>\n<meta property=\"og:site_name\" content=\"Bergamo\" \/>\n<meta property=\"article:published_time\" content=\"2025-03-25T10:45:23+00:00\" \/>\n<meta property=\"article:modified_time\" content=\"2025-03-25T10:45:24+00:00\" \/>\n<meta property=\"og:image\" content=\"https:\/\/www.abf.eu\/bergamo\/wp-content\/uploads\/sites\/3\/2025\/03\/foto-gruppo-con-piatto.jpg\" \/>\n\t<meta property=\"og:image:width\" content=\"1000\" \/>\n\t<meta property=\"og:image:height\" content=\"666\" \/>\n\t<meta property=\"og:image:type\" content=\"image\/jpeg\" \/>\n<meta name=\"author\" content=\"comunicazione\" \/>\n<meta name=\"twitter:card\" content=\"summary_large_image\" \/>\n<meta name=\"twitter:label1\" content=\"Scritto da\" \/>\n\t<meta name=\"twitter:data1\" content=\"comunicazione\" \/>\n\t<meta name=\"twitter:label2\" content=\"Tempo di lettura stimato\" \/>\n\t<meta name=\"twitter:data2\" content=\"5 minuti\" \/>\n<script type=\"application\/ld+json\" class=\"yoast-schema-graph\">{\"@context\":\"https:\/\/schema.org\",\"@graph\":[{\"@type\":\"WebPage\",\"@id\":\"https:\/\/www.abf.eu\/bergamo\/premio-olio-del-garda-dop\/\",\"url\":\"https:\/\/www.abf.eu\/bergamo\/premio-olio-del-garda-dop\/\",\"name\":\"Concorso Interregionale Premio olio del Garda DOP - Bergamo\",\"isPartOf\":{\"@id\":\"https:\/\/www.abf.eu\/bergamo\/#website\"},\"primaryImageOfPage\":{\"@id\":\"https:\/\/www.abf.eu\/bergamo\/premio-olio-del-garda-dop\/#primaryimage\"},\"image\":{\"@id\":\"https:\/\/www.abf.eu\/bergamo\/premio-olio-del-garda-dop\/#primaryimage\"},\"thumbnailUrl\":\"https:\/\/www.abf.eu\/bergamo\/wp-content\/uploads\/sites\/3\/2025\/03\/foto-gruppo-con-piatto.jpg\",\"datePublished\":\"2025-03-25T10:45:23+00:00\",\"dateModified\":\"2025-03-25T10:45:24+00:00\",\"author\":{\"@id\":\"https:\/\/www.abf.eu\/bergamo\/#\/schema\/person\/fba29fdd25ac883d91d01aac3a0d4b27\"},\"breadcrumb\":{\"@id\":\"https:\/\/www.abf.eu\/bergamo\/premio-olio-del-garda-dop\/#breadcrumb\"},\"inLanguage\":\"it-IT\",\"potentialAction\":[{\"@type\":\"ReadAction\",\"target\":[\"https:\/\/www.abf.eu\/bergamo\/premio-olio-del-garda-dop\/\"]}]},{\"@type\":\"ImageObject\",\"inLanguage\":\"it-IT\",\"@id\":\"https:\/\/www.abf.eu\/bergamo\/premio-olio-del-garda-dop\/#primaryimage\",\"url\":\"https:\/\/www.abf.eu\/bergamo\/wp-content\/uploads\/sites\/3\/2025\/03\/foto-gruppo-con-piatto.jpg\",\"contentUrl\":\"https:\/\/www.abf.eu\/bergamo\/wp-content\/uploads\/sites\/3\/2025\/03\/foto-gruppo-con-piatto.jpg\",\"width\":1000,\"height\":666},{\"@type\":\"BreadcrumbList\",\"@id\":\"https:\/\/www.abf.eu\/bergamo\/premio-olio-del-garda-dop\/#breadcrumb\",\"itemListElement\":[{\"@type\":\"ListItem\",\"position\":1,\"name\":\"Home\",\"item\":\"https:\/\/www.abf.eu\/bergamo\/\"},{\"@type\":\"ListItem\",\"position\":2,\"name\":\"Concorso Interregionale Premio olio del Garda DOP\"}]},{\"@type\":\"WebSite\",\"@id\":\"https:\/\/www.abf.eu\/bergamo\/#website\",\"url\":\"https:\/\/www.abf.eu\/bergamo\/\",\"name\":\"Bergamo\",\"description\":\"Ecco un altro sito Abf siti\",\"potentialAction\":[{\"@type\":\"SearchAction\",\"target\":{\"@type\":\"EntryPoint\",\"urlTemplate\":\"https:\/\/www.abf.eu\/bergamo\/?s={search_term_string}\"},\"query-input\":{\"@type\":\"PropertyValueSpecification\",\"valueRequired\":true,\"valueName\":\"search_term_string\"}}],\"inLanguage\":\"it-IT\"},{\"@type\":\"Person\",\"@id\":\"https:\/\/www.abf.eu\/bergamo\/#\/schema\/person\/fba29fdd25ac883d91d01aac3a0d4b27\",\"name\":\"comunicazione\",\"image\":{\"@type\":\"ImageObject\",\"inLanguage\":\"it-IT\",\"@id\":\"https:\/\/www.abf.eu\/bergamo\/#\/schema\/person\/image\/\",\"url\":\"https:\/\/secure.gravatar.com\/avatar\/445d3edd207d3c273c1713623b756ae97548765fd51b7e026d88829d477e9bad?s=96&d=mm&r=g\",\"contentUrl\":\"https:\/\/secure.gravatar.com\/avatar\/445d3edd207d3c273c1713623b756ae97548765fd51b7e026d88829d477e9bad?s=96&d=mm&r=g\",\"caption\":\"comunicazione\"},\"url\":\"https:\/\/www.abf.eu\/bergamo\/author\/comunicazione\/\"}]}<\/script>\n<!-- \/ Yoast SEO plugin. -->","yoast_head_json":{"title":"Concorso Interregionale Premio olio del Garda DOP - Bergamo","robots":{"index":"index","follow":"follow","max-snippet":"max-snippet:-1","max-image-preview":"max-image-preview:large","max-video-preview":"max-video-preview:-1"},"canonical":"https:\/\/www.abf.eu\/bergamo\/premio-olio-del-garda-dop\/","og_locale":"it_IT","og_type":"article","og_title":"Concorso Interregionale Premio olio del Garda DOP - Bergamo","og_description":"Gli studenti di ABF in gara per il Premio Olio","og_url":"https:\/\/www.abf.eu\/bergamo\/premio-olio-del-garda-dop\/","og_site_name":"Bergamo","article_published_time":"2025-03-25T10:45:23+00:00","article_modified_time":"2025-03-25T10:45:24+00:00","og_image":[{"width":1000,"height":666,"url":"https:\/\/www.abf.eu\/bergamo\/wp-content\/uploads\/sites\/3\/2025\/03\/foto-gruppo-con-piatto.jpg","type":"image\/jpeg"}],"author":"comunicazione","twitter_card":"summary_large_image","twitter_misc":{"Scritto da":"comunicazione","Tempo di lettura stimato":"5 minuti"},"schema":{"@context":"https:\/\/schema.org","@graph":[{"@type":"WebPage","@id":"https:\/\/www.abf.eu\/bergamo\/premio-olio-del-garda-dop\/","url":"https:\/\/www.abf.eu\/bergamo\/premio-olio-del-garda-dop\/","name":"Concorso Interregionale Premio olio del Garda DOP - Bergamo","isPartOf":{"@id":"https:\/\/www.abf.eu\/bergamo\/#website"},"primaryImageOfPage":{"@id":"https:\/\/www.abf.eu\/bergamo\/premio-olio-del-garda-dop\/#primaryimage"},"image":{"@id":"https:\/\/www.abf.eu\/bergamo\/premio-olio-del-garda-dop\/#primaryimage"},"thumbnailUrl":"https:\/\/www.abf.eu\/bergamo\/wp-content\/uploads\/sites\/3\/2025\/03\/foto-gruppo-con-piatto.jpg","datePublished":"2025-03-25T10:45:23+00:00","dateModified":"2025-03-25T10:45:24+00:00","author":{"@id":"https:\/\/www.abf.eu\/bergamo\/#\/schema\/person\/fba29fdd25ac883d91d01aac3a0d4b27"},"breadcrumb":{"@id":"https:\/\/www.abf.eu\/bergamo\/premio-olio-del-garda-dop\/#breadcrumb"},"inLanguage":"it-IT","potentialAction":[{"@type":"ReadAction","target":["https:\/\/www.abf.eu\/bergamo\/premio-olio-del-garda-dop\/"]}]},{"@type":"ImageObject","inLanguage":"it-IT","@id":"https:\/\/www.abf.eu\/bergamo\/premio-olio-del-garda-dop\/#primaryimage","url":"https:\/\/www.abf.eu\/bergamo\/wp-content\/uploads\/sites\/3\/2025\/03\/foto-gruppo-con-piatto.jpg","contentUrl":"https:\/\/www.abf.eu\/bergamo\/wp-content\/uploads\/sites\/3\/2025\/03\/foto-gruppo-con-piatto.jpg","width":1000,"height":666},{"@type":"BreadcrumbList","@id":"https:\/\/www.abf.eu\/bergamo\/premio-olio-del-garda-dop\/#breadcrumb","itemListElement":[{"@type":"ListItem","position":1,"name":"Home","item":"https:\/\/www.abf.eu\/bergamo\/"},{"@type":"ListItem","position":2,"name":"Concorso Interregionale Premio olio del Garda DOP"}]},{"@type":"WebSite","@id":"https:\/\/www.abf.eu\/bergamo\/#website","url":"https:\/\/www.abf.eu\/bergamo\/","name":"Bergamo","description":"Ecco un altro sito Abf siti","potentialAction":[{"@type":"SearchAction","target":{"@type":"EntryPoint","urlTemplate":"https:\/\/www.abf.eu\/bergamo\/?s={search_term_string}"},"query-input":{"@type":"PropertyValueSpecification","valueRequired":true,"valueName":"search_term_string"}}],"inLanguage":"it-IT"},{"@type":"Person","@id":"https:\/\/www.abf.eu\/bergamo\/#\/schema\/person\/fba29fdd25ac883d91d01aac3a0d4b27","name":"comunicazione","image":{"@type":"ImageObject","inLanguage":"it-IT","@id":"https:\/\/www.abf.eu\/bergamo\/#\/schema\/person\/image\/","url":"https:\/\/secure.gravatar.com\/avatar\/445d3edd207d3c273c1713623b756ae97548765fd51b7e026d88829d477e9bad?s=96&d=mm&r=g","contentUrl":"https:\/\/secure.gravatar.com\/avatar\/445d3edd207d3c273c1713623b756ae97548765fd51b7e026d88829d477e9bad?s=96&d=mm&r=g","caption":"comunicazione"},"url":"https:\/\/www.abf.eu\/bergamo\/author\/comunicazione\/"}]}},"_links":{"self":[{"href":"https:\/\/www.abf.eu\/bergamo\/wp-json\/wp\/v2\/posts\/23707","targetHints":{"allow":["GET"]}}],"collection":[{"href":"https:\/\/www.abf.eu\/bergamo\/wp-json\/wp\/v2\/posts"}],"about":[{"href":"https:\/\/www.abf.eu\/bergamo\/wp-json\/wp\/v2\/types\/post"}],"author":[{"embeddable":true,"href":"https:\/\/www.abf.eu\/bergamo\/wp-json\/wp\/v2\/users\/60"}],"replies":[{"embeddable":true,"href":"https:\/\/www.abf.eu\/bergamo\/wp-json\/wp\/v2\/comments?post=23707"}],"version-history":[{"count":10,"href":"https:\/\/www.abf.eu\/bergamo\/wp-json\/wp\/v2\/posts\/23707\/revisions"}],"predecessor-version":[{"id":23826,"href":"https:\/\/www.abf.eu\/bergamo\/wp-json\/wp\/v2\/posts\/23707\/revisions\/23826"}],"wp:featuredmedia":[{"embeddable":true,"href":"https:\/\/www.abf.eu\/bergamo\/wp-json\/wp\/v2\/media\/23734"}],"wp:attachment":[{"href":"https:\/\/www.abf.eu\/bergamo\/wp-json\/wp\/v2\/media?parent=23707"}],"wp:term":[{"taxonomy":"category","embeddable":true,"href":"https:\/\/www.abf.eu\/bergamo\/wp-json\/wp\/v2\/categories?post=23707"},{"taxonomy":"post_tag","embeddable":true,"href":"https:\/\/www.abf.eu\/bergamo\/wp-json\/wp\/v2\/tags?post=23707"}],"curies":[{"name":"wp","href":"https:\/\/api.w.org\/{rel}","templated":true}]}}