{"id":23715,"date":"2025-03-31T14:15:42","date_gmt":"2025-03-31T12:15:42","guid":{"rendered":"https:\/\/www.abf.eu\/bergamo\/?p=23715"},"modified":"2025-03-31T14:16:55","modified_gmt":"2025-03-31T12:16:55","slug":"non-devo-farcela-da-solo","status":"publish","type":"post","link":"https:\/\/www.abf.eu\/bergamo\/non-devo-farcela-da-solo\/","title":{"rendered":"&#8220;Non devo farcela da solo&#8221;: l\u2019importanza di chiedere aiuto"},"content":{"rendered":"\n<h3 class=\"wp-block-heading\">Un incontro per sensibilizzare i giovani sui disturbi mentali, riconoscerne i primi segnali e combattere lo stigma.<\/h3>\n\n\n\n<p>Il 18 e 31 marzo, gli studenti delle classi quarte di <a href=\"https:\/\/www.abf.eu\/bergamo\/corsi\/operatore-di-panificazione-e-pasticceria\/\">Panetteria<\/a> e <a href=\"https:\/\/www.abf.eu\/percorso-formativo-settore-acconciatura\/\">Acconciatura<\/a> hanno partecipato a un incontro educativo sul tema della salute mentale, organizzato dal <strong>Progetto Itaca<\/strong>, un&#8217;iniziativa gratuita che mira a sensibilizzare gli adolescenti sui disturbi mentali e a fornire loro gli strumenti per riconoscerli tempestivamente.<\/p>\n\n\n\n<h5 class=\"wp-block-heading\">Progetto Itaca: l&#8217;importanza della prevenzione e del supporto psicologico nelle scuole.<\/h5>\n\n\n\n<p>Durante l\u2019incontro, la psicologa Cristiana Zanni di <strong>Progetto Itaca<\/strong>, affiancata da due volontari, ha stimolato un\u2019interazione diretta con gli studenti, affrontando temi complessi come ansia, depressione, disturbi alimentari, disturbi d\u2019ansia e le sue differenze rispetto all&#8217;ansia utile. Gli studenti hanno potuto porre domande, condividere opinioni personali e assistere a testimonianze, creando un ambiente di <strong>dialogo aperto e inclusivo<\/strong>.<\/p>\n\n\n\n<figure class=\"wp-block-image size-full\"><img loading=\"lazy\" decoding=\"async\" width=\"1000\" height=\"666\" src=\"https:\/\/www.abf.eu\/bergamo\/wp-content\/uploads\/sites\/3\/2025\/03\/Progetto-senza-titolo-3-1.png\" alt=\"\" class=\"wp-image-23828\" srcset=\"https:\/\/www.abf.eu\/bergamo\/wp-content\/uploads\/sites\/3\/2025\/03\/Progetto-senza-titolo-3-1.png 1000w, https:\/\/www.abf.eu\/bergamo\/wp-content\/uploads\/sites\/3\/2025\/03\/Progetto-senza-titolo-3-1-300x200.png 300w, https:\/\/www.abf.eu\/bergamo\/wp-content\/uploads\/sites\/3\/2025\/03\/Progetto-senza-titolo-3-1-768x511.png 768w, https:\/\/www.abf.eu\/bergamo\/wp-content\/uploads\/sites\/3\/2025\/03\/Progetto-senza-titolo-3-1-600x400.png 600w\" sizes=\"auto, (max-width: 1000px) 100vw, 1000px\" \/><\/figure>\n\n\n\n<h5 class=\"wp-block-heading\">Cosa succede al nostro cervello in adolescenza?<\/h5>\n\n\n\n<p>In adolescenza, il cervello attraversa fasi particolarmente delicate e complesse, caratterizzate da <strong>momenti di euforia<\/strong> alternati a <strong>sensazioni di inadeguatezza<\/strong>. Questi cambiamenti, pur essendo una parte naturale della crescita, possono rendere difficile per i giovani riconoscere quando il malessere emotivo sta superando il confine tra una fase passeggera e un vero <strong>disturbo mentale<\/strong>. \u00c8 fondamentale imparare a riconoscere i segnali di <strong>malessere psichico<\/strong>, poich\u00e9 la modalit\u00e0 con cui ognuno gestisce lo stress \u00e8 molto diversa: per alcuni ragazzi pu\u00f2 bastare una conversazione o una breve pausa, mentre per altri le emozioni possono diventare cos\u00ec travolgenti da compromettere la loro quotidianit\u00e0.<\/p>\n\n\n\n<p>Questa differenza \u00e8 cruciale per distinguere tra <strong>disagio adolescenziale<\/strong> temporaneo e un vero <strong>disturbo mentale<\/strong>, che \u00e8 una condizione patologica. La <strong>differenza fondamentale<\/strong> tra i due sta nell&#8217;intensit\u00e0, nella durata e nell&#8217;impatto che il malessere ha sulla vita quotidiana. Se un malessere passeggero pu\u00f2 essere superato con il tempo o con il supporto di amici e familiari, un disturbo mentale richiede un intervento professionale e un percorso di supporto adeguato.<\/p>\n\n\n\n<h5 class=\"wp-block-heading\">Da cosa dipende il nostro benessere mentale?<\/h5>\n\n\n\n<p>La salute psicologica \u00e8 influenzata da tanti fattori diversi. Alcuni non dipendono da noi, come la<strong> genetica <\/strong>o l\u2019<strong>ambiente<\/strong> in cui siamo cresciuti. Altri, per\u00f2, possiamo modificarli: <strong>l\u2019alimentazione, l\u2019attivit\u00e0 fisica, lo stile di vita e le relazioni <\/strong>che coltiviamo. Anche la qualit\u00e0 dei nostri rapporti sociali fa la differenza: sentirsi supportati aiuta, mentre l\u2019isolamento pu\u00f2 peggiorare le cose.<\/p>\n\n\n\n<p>Esistono situazioni che rendono tutto pi\u00f9 difficile, come il&nbsp;<strong><em>Minority Stress<\/em>: <\/strong>chi fa parte di minoranze (<strong>LGBT+, neurodivergenti,<\/strong> o persone di <strong>diverse etnie<\/strong>) spesso affronta discriminazioni e solitudine, aumentando il rischio di sviluppare disturbi mentali. Il problema? La mancanza di accettazione, che pu\u00f2 portare a un profondo senso di <strong>inadeguatezza.<\/strong><\/p>\n\n\n\n<h5 class=\"wp-block-heading\">Fattori di rischio: cosa pu\u00f2 mettere in pericolo la nostra mente?<\/h5>\n\n\n\n<p>I fattori di rischio legati alla salute mentale sono molteplici e vari: <\/p>\n\n\n\n<ul class=\"wp-block-list\">\n<li>L&#8217;<strong>abuso di droghe<\/strong><\/li>\n\n\n\n<li>L\u2019<strong>alcool<\/strong><\/li>\n\n\n\n<li>Il <strong>gioco d&#8217;azzardo<\/strong><\/li>\n\n\n\n<li>La <strong>dipendenza da internet<\/strong><\/li>\n\n\n\n<li>I <strong>social media<\/strong> e la <strong>pornografia<\/strong>.<\/li>\n\n\n\n<li><strong>Cyberbullismo<\/strong><\/li>\n\n\n\n<li><strong>Shopping compulsivo<\/strong><\/li>\n<\/ul>\n\n\n\n<h5 class=\"wp-block-heading\">I campanelli d\u2019allarme da riconoscere<\/h5>\n\n\n\n<p>Alcuni comportamenti possono indicare un disagio pi\u00f9 profondo:<\/p>\n\n\n\n<ul class=\"wp-block-list\">\n<li><strong>Comportamento autolesionistico<\/strong>, la <strong>tendenza all\u2019isolamento<\/strong> (incluso il fenomeno degli <strong>hikikomori<\/strong>)<\/li>\n\n\n\n<li><strong>Disregolazione emotiva<\/strong>, la difficolt\u00e0 di gestire le proprie emozioni.<\/li>\n\n\n\n<li><strong>Variazioni di peso drastiche<\/strong><\/li>\n\n\n\n<li><strong>Dipendenze<\/strong> (che possono emergere come tentativi di controllo o fuga dal malessere psicologico)<\/li>\n<\/ul>\n\n\n\n<p>Riconoscere questi segnali di rischio e saperli affrontare \u00e8 essenziale per la prevenzione e la cura.<\/p>\n\n\n\n<figure class=\"wp-block-image size-full\"><img loading=\"lazy\" decoding=\"async\" width=\"1000\" height=\"666\" src=\"https:\/\/www.abf.eu\/bergamo\/wp-content\/uploads\/sites\/3\/2025\/03\/Progetto-senza-titolo-1-1.png\" alt=\"\" class=\"wp-image-23830\" srcset=\"https:\/\/www.abf.eu\/bergamo\/wp-content\/uploads\/sites\/3\/2025\/03\/Progetto-senza-titolo-1-1.png 1000w, https:\/\/www.abf.eu\/bergamo\/wp-content\/uploads\/sites\/3\/2025\/03\/Progetto-senza-titolo-1-1-300x200.png 300w, https:\/\/www.abf.eu\/bergamo\/wp-content\/uploads\/sites\/3\/2025\/03\/Progetto-senza-titolo-1-1-768x511.png 768w, https:\/\/www.abf.eu\/bergamo\/wp-content\/uploads\/sites\/3\/2025\/03\/Progetto-senza-titolo-1-1-600x400.png 600w\" sizes=\"auto, (max-width: 1000px) 100vw, 1000px\" \/><\/figure>\n\n\n\n<h5 class=\"wp-block-heading\">&#8220;Non chiedo aiuto perch\u00e9 devo farcela da solo&#8221;<\/h5>\n\n\n\n<p>Uno degli ostacoli pi\u00f9 grandi nell&#8217;affrontare il disagio psicologico \u00e8 la convinzione che <strong>chiedere aiuto <\/strong>sia un <strong>segno di debolezza.<\/strong> Durante l\u2019incontro, \u00e8 stato sottolineato quanto sia fondamentale il valore di aprirsi con persone fidate e <strong>professionisti <\/strong>della salute mentale. Parlare con amici, familiari o esperti pu\u00f2 aiutare a riconoscere e affrontare il disagio psicologico prima che diventi un problema pi\u00f9 grave. Affidarsi a chi ha le competenze giuste permette di ricevere il<strong> supporto adeguato<\/strong> per trovare strategie efficaci di gestione dello stress e del malessere.<\/p>\n\n\n\n<h5 class=\"wp-block-heading\">&#8220;Non vado in terapia perch\u00e9 lo psicologo costa troppo&#8221;<\/h5>\n\n\n\n<p>Un altro mito affrontato durante l&#8217;incontro \u00e8 la credenza che il supporto psicologico sia economicamente inaccessibile, per questo sono stati presentati diversi <strong>servizi gratuiti disponibili per i giovani:<\/strong><\/p>\n\n\n\n<ul class=\"wp-block-list\">\n<li><a href=\"https:\/\/www.asst-santipaolocarlo.it\/contenuto-web\/-\/asset_publisher\/Q47FrkrNjNTu\/content\/ambulatorio-uonpia-unita-operativa-di-neuropsichiatria-dell-infanzia-e-dell-adolescenza-polo-territoriale-barabino\"><strong>Ambulatorio UONPIA<\/strong> <\/a>(Unit\u00e0 Operativa di Neuropsichiatria dell&#8217;Infanzia e dell&#8217;Adolescenza)<\/li>\n\n\n\n<li><strong>CPS<\/strong> (Centri Psicosociali per minori di 18 anni)<\/li>\n\n\n\n<li><strong>Centri Giovani<\/strong> per ragazzi tra i 16 e i 24 anni<\/li>\n<\/ul>\n\n\n\n<p>Durante l&#8217;incontro, \u00e8 stata presentata l&#8217;app <strong>\u201cAnkio nel web\u201d<\/strong>, creata in collaborazione con l&#8217;Ospedale di Bergamo e gli studenti universitari. Questa applicazione, innovativa e interattiva, offre informazioni sulla salute mentale in modo accessibile e \u201cpop\u201d, utilizzando film e canzoni per sensibilizzare i giovani.<\/p>\n\n\n\n<h5 class=\"wp-block-heading\">Prendersi cura della mente: un diritto di tutti<\/h5>\n\n\n\n<p>L\u2019incontro di <strong>Progetto Itaca<\/strong> ha offerto agli studenti strumenti concreti per riconoscere i disturbi mentali e superare i pregiudizi, dimostrando che chiedere aiuto \u00e8 un passo di forza, non di debolezza. Se vuoi saperne di pi\u00f9 sulle iniziative di prevenzione e supporto, visita il sito di <strong><a href=\"https:\/\/progettoitaca.org\/\">Progetto Itaca<\/a><\/strong> e scopri come contribuire a diffondere una<strong> consapevolezza della salute mentale. <\/strong>Perch\u00e9 prendersi cura della mente \u00e8 un diritto di tutti, e insieme possiamo rendere questo messaggio sempre pi\u00f9 forte.<\/p>\n\n\n\n<p><\/p>\n","protected":false},"excerpt":{"rendered":"<p>Un incontro per sensibilizzare i giovani sui disturbi mentali, riconoscerne<\/p>\n","protected":false},"author":51,"featured_media":23912,"comment_status":"closed","ping_status":"closed","sticky":false,"template":"","format":"standard","meta":{"footnotes":""},"categories":[1],"tags":[],"class_list":["post-23715","post","type-post","status-publish","format-standard","has-post-thumbnail","hentry","category-senza-categoria"],"yoast_head":"<!-- This site is optimized with the Yoast SEO plugin v25.8 - https:\/\/yoast.com\/wordpress\/plugins\/seo\/ -->\n<title>&quot;Non devo farcela da solo&quot;: l\u2019importanza di chiedere aiuto - ABF<\/title>\n<meta name=\"description\" content=\"Progetto Itaca affronta i disturbi mentali nei ragazzi con incontri nelle scuole: come riconoscere i segnali e combattere lo stigma\" \/>\n<meta name=\"robots\" content=\"index, follow, max-snippet:-1, max-image-preview:large, max-video-preview:-1\" \/>\n<link rel=\"canonical\" href=\"https:\/\/www.abf.eu\/bergamo\/non-devo-farcela-da-solo\/\" \/>\n<meta property=\"og:locale\" content=\"it_IT\" \/>\n<meta property=\"og:type\" content=\"article\" \/>\n<meta property=\"og:title\" content=\"&quot;Non devo farcela da solo&quot;: l\u2019importanza di chiedere aiuto - ABF\" \/>\n<meta property=\"og:description\" content=\"Progetto Itaca affronta i disturbi mentali nei ragazzi con incontri nelle scuole: come riconoscere i segnali e combattere lo stigma\" \/>\n<meta property=\"og:url\" content=\"https:\/\/www.abf.eu\/bergamo\/non-devo-farcela-da-solo\/\" \/>\n<meta property=\"og:site_name\" content=\"Bergamo\" \/>\n<meta property=\"article:published_time\" content=\"2025-03-31T12:15:42+00:00\" \/>\n<meta property=\"article:modified_time\" content=\"2025-03-31T12:16:55+00:00\" \/>\n<meta property=\"og:image\" content=\"https:\/\/www.abf.eu\/bergamo\/wp-content\/uploads\/sites\/3\/2025\/03\/Progetto-senza-titolo-1-2.png\" \/>\n\t<meta property=\"og:image:width\" content=\"1000\" \/>\n\t<meta property=\"og:image:height\" content=\"666\" \/>\n\t<meta property=\"og:image:type\" content=\"image\/png\" \/>\n<meta name=\"author\" content=\"abfeditorbergamo\" \/>\n<meta name=\"twitter:card\" content=\"summary_large_image\" \/>\n<meta name=\"twitter:label1\" content=\"Scritto da\" \/>\n\t<meta name=\"twitter:data1\" content=\"abfeditorbergamo\" \/>\n\t<meta name=\"twitter:label2\" content=\"Tempo di lettura stimato\" \/>\n\t<meta name=\"twitter:data2\" content=\"5 minuti\" \/>\n<script type=\"application\/ld+json\" class=\"yoast-schema-graph\">{\"@context\":\"https:\/\/schema.org\",\"@graph\":[{\"@type\":\"WebPage\",\"@id\":\"https:\/\/www.abf.eu\/bergamo\/non-devo-farcela-da-solo\/\",\"url\":\"https:\/\/www.abf.eu\/bergamo\/non-devo-farcela-da-solo\/\",\"name\":\"\\\"Non devo farcela da solo\\\": l\u2019importanza di chiedere aiuto - ABF\",\"isPartOf\":{\"@id\":\"https:\/\/www.abf.eu\/bergamo\/#website\"},\"primaryImageOfPage\":{\"@id\":\"https:\/\/www.abf.eu\/bergamo\/non-devo-farcela-da-solo\/#primaryimage\"},\"image\":{\"@id\":\"https:\/\/www.abf.eu\/bergamo\/non-devo-farcela-da-solo\/#primaryimage\"},\"thumbnailUrl\":\"https:\/\/www.abf.eu\/bergamo\/wp-content\/uploads\/sites\/3\/2025\/03\/Progetto-senza-titolo-1-2.png\",\"datePublished\":\"2025-03-31T12:15:42+00:00\",\"dateModified\":\"2025-03-31T12:16:55+00:00\",\"author\":{\"@id\":\"https:\/\/www.abf.eu\/bergamo\/#\/schema\/person\/733fcc9b2aa7db4ab75b711dbb7e9d72\"},\"description\":\"Progetto Itaca affronta i disturbi mentali nei ragazzi con incontri nelle scuole: come riconoscere i segnali e combattere lo stigma\",\"breadcrumb\":{\"@id\":\"https:\/\/www.abf.eu\/bergamo\/non-devo-farcela-da-solo\/#breadcrumb\"},\"inLanguage\":\"it-IT\",\"potentialAction\":[{\"@type\":\"ReadAction\",\"target\":[\"https:\/\/www.abf.eu\/bergamo\/non-devo-farcela-da-solo\/\"]}]},{\"@type\":\"ImageObject\",\"inLanguage\":\"it-IT\",\"@id\":\"https:\/\/www.abf.eu\/bergamo\/non-devo-farcela-da-solo\/#primaryimage\",\"url\":\"https:\/\/www.abf.eu\/bergamo\/wp-content\/uploads\/sites\/3\/2025\/03\/Progetto-senza-titolo-1-2.png\",\"contentUrl\":\"https:\/\/www.abf.eu\/bergamo\/wp-content\/uploads\/sites\/3\/2025\/03\/Progetto-senza-titolo-1-2.png\",\"width\":1000,\"height\":666},{\"@type\":\"BreadcrumbList\",\"@id\":\"https:\/\/www.abf.eu\/bergamo\/non-devo-farcela-da-solo\/#breadcrumb\",\"itemListElement\":[{\"@type\":\"ListItem\",\"position\":1,\"name\":\"Home\",\"item\":\"https:\/\/www.abf.eu\/bergamo\/\"},{\"@type\":\"ListItem\",\"position\":2,\"name\":\"&#8220;Non devo farcela da solo&#8221;: l\u2019importanza di chiedere aiuto\"}]},{\"@type\":\"WebSite\",\"@id\":\"https:\/\/www.abf.eu\/bergamo\/#website\",\"url\":\"https:\/\/www.abf.eu\/bergamo\/\",\"name\":\"Bergamo\",\"description\":\"Ecco un altro sito Abf siti\",\"potentialAction\":[{\"@type\":\"SearchAction\",\"target\":{\"@type\":\"EntryPoint\",\"urlTemplate\":\"https:\/\/www.abf.eu\/bergamo\/?s={search_term_string}\"},\"query-input\":{\"@type\":\"PropertyValueSpecification\",\"valueRequired\":true,\"valueName\":\"search_term_string\"}}],\"inLanguage\":\"it-IT\"},{\"@type\":\"Person\",\"@id\":\"https:\/\/www.abf.eu\/bergamo\/#\/schema\/person\/733fcc9b2aa7db4ab75b711dbb7e9d72\",\"name\":\"abfeditorbergamo\",\"image\":{\"@type\":\"ImageObject\",\"inLanguage\":\"it-IT\",\"@id\":\"https:\/\/www.abf.eu\/bergamo\/#\/schema\/person\/image\/\",\"url\":\"https:\/\/secure.gravatar.com\/avatar\/797d0808d9794214af0739444d3876e2c3a8d4fd0484d816db81be9524ea3c62?s=96&d=mm&r=g\",\"contentUrl\":\"https:\/\/secure.gravatar.com\/avatar\/797d0808d9794214af0739444d3876e2c3a8d4fd0484d816db81be9524ea3c62?s=96&d=mm&r=g\",\"caption\":\"abfeditorbergamo\"},\"url\":\"https:\/\/www.abf.eu\/bergamo\/author\/abfeditorbergamo\/\"}]}<\/script>\n<!-- \/ Yoast SEO plugin. -->","yoast_head_json":{"title":"\"Non devo farcela da solo\": l\u2019importanza di chiedere aiuto - ABF","description":"Progetto Itaca affronta i disturbi mentali nei ragazzi con incontri nelle scuole: come riconoscere i segnali e combattere lo stigma","robots":{"index":"index","follow":"follow","max-snippet":"max-snippet:-1","max-image-preview":"max-image-preview:large","max-video-preview":"max-video-preview:-1"},"canonical":"https:\/\/www.abf.eu\/bergamo\/non-devo-farcela-da-solo\/","og_locale":"it_IT","og_type":"article","og_title":"\"Non devo farcela da solo\": l\u2019importanza di chiedere aiuto - ABF","og_description":"Progetto Itaca affronta i disturbi mentali nei ragazzi con incontri nelle scuole: come riconoscere i segnali e combattere lo stigma","og_url":"https:\/\/www.abf.eu\/bergamo\/non-devo-farcela-da-solo\/","og_site_name":"Bergamo","article_published_time":"2025-03-31T12:15:42+00:00","article_modified_time":"2025-03-31T12:16:55+00:00","og_image":[{"width":1000,"height":666,"url":"https:\/\/www.abf.eu\/bergamo\/wp-content\/uploads\/sites\/3\/2025\/03\/Progetto-senza-titolo-1-2.png","type":"image\/png"}],"author":"abfeditorbergamo","twitter_card":"summary_large_image","twitter_misc":{"Scritto da":"abfeditorbergamo","Tempo di lettura stimato":"5 minuti"},"schema":{"@context":"https:\/\/schema.org","@graph":[{"@type":"WebPage","@id":"https:\/\/www.abf.eu\/bergamo\/non-devo-farcela-da-solo\/","url":"https:\/\/www.abf.eu\/bergamo\/non-devo-farcela-da-solo\/","name":"\"Non devo farcela da solo\": l\u2019importanza di chiedere aiuto - ABF","isPartOf":{"@id":"https:\/\/www.abf.eu\/bergamo\/#website"},"primaryImageOfPage":{"@id":"https:\/\/www.abf.eu\/bergamo\/non-devo-farcela-da-solo\/#primaryimage"},"image":{"@id":"https:\/\/www.abf.eu\/bergamo\/non-devo-farcela-da-solo\/#primaryimage"},"thumbnailUrl":"https:\/\/www.abf.eu\/bergamo\/wp-content\/uploads\/sites\/3\/2025\/03\/Progetto-senza-titolo-1-2.png","datePublished":"2025-03-31T12:15:42+00:00","dateModified":"2025-03-31T12:16:55+00:00","author":{"@id":"https:\/\/www.abf.eu\/bergamo\/#\/schema\/person\/733fcc9b2aa7db4ab75b711dbb7e9d72"},"description":"Progetto Itaca affronta i disturbi mentali nei ragazzi con incontri nelle scuole: come riconoscere i segnali e combattere lo stigma","breadcrumb":{"@id":"https:\/\/www.abf.eu\/bergamo\/non-devo-farcela-da-solo\/#breadcrumb"},"inLanguage":"it-IT","potentialAction":[{"@type":"ReadAction","target":["https:\/\/www.abf.eu\/bergamo\/non-devo-farcela-da-solo\/"]}]},{"@type":"ImageObject","inLanguage":"it-IT","@id":"https:\/\/www.abf.eu\/bergamo\/non-devo-farcela-da-solo\/#primaryimage","url":"https:\/\/www.abf.eu\/bergamo\/wp-content\/uploads\/sites\/3\/2025\/03\/Progetto-senza-titolo-1-2.png","contentUrl":"https:\/\/www.abf.eu\/bergamo\/wp-content\/uploads\/sites\/3\/2025\/03\/Progetto-senza-titolo-1-2.png","width":1000,"height":666},{"@type":"BreadcrumbList","@id":"https:\/\/www.abf.eu\/bergamo\/non-devo-farcela-da-solo\/#breadcrumb","itemListElement":[{"@type":"ListItem","position":1,"name":"Home","item":"https:\/\/www.abf.eu\/bergamo\/"},{"@type":"ListItem","position":2,"name":"&#8220;Non devo farcela da solo&#8221;: l\u2019importanza di chiedere aiuto"}]},{"@type":"WebSite","@id":"https:\/\/www.abf.eu\/bergamo\/#website","url":"https:\/\/www.abf.eu\/bergamo\/","name":"Bergamo","description":"Ecco un altro sito Abf siti","potentialAction":[{"@type":"SearchAction","target":{"@type":"EntryPoint","urlTemplate":"https:\/\/www.abf.eu\/bergamo\/?s={search_term_string}"},"query-input":{"@type":"PropertyValueSpecification","valueRequired":true,"valueName":"search_term_string"}}],"inLanguage":"it-IT"},{"@type":"Person","@id":"https:\/\/www.abf.eu\/bergamo\/#\/schema\/person\/733fcc9b2aa7db4ab75b711dbb7e9d72","name":"abfeditorbergamo","image":{"@type":"ImageObject","inLanguage":"it-IT","@id":"https:\/\/www.abf.eu\/bergamo\/#\/schema\/person\/image\/","url":"https:\/\/secure.gravatar.com\/avatar\/797d0808d9794214af0739444d3876e2c3a8d4fd0484d816db81be9524ea3c62?s=96&d=mm&r=g","contentUrl":"https:\/\/secure.gravatar.com\/avatar\/797d0808d9794214af0739444d3876e2c3a8d4fd0484d816db81be9524ea3c62?s=96&d=mm&r=g","caption":"abfeditorbergamo"},"url":"https:\/\/www.abf.eu\/bergamo\/author\/abfeditorbergamo\/"}]}},"_links":{"self":[{"href":"https:\/\/www.abf.eu\/bergamo\/wp-json\/wp\/v2\/posts\/23715","targetHints":{"allow":["GET"]}}],"collection":[{"href":"https:\/\/www.abf.eu\/bergamo\/wp-json\/wp\/v2\/posts"}],"about":[{"href":"https:\/\/www.abf.eu\/bergamo\/wp-json\/wp\/v2\/types\/post"}],"author":[{"embeddable":true,"href":"https:\/\/www.abf.eu\/bergamo\/wp-json\/wp\/v2\/users\/51"}],"replies":[{"embeddable":true,"href":"https:\/\/www.abf.eu\/bergamo\/wp-json\/wp\/v2\/comments?post=23715"}],"version-history":[{"count":16,"href":"https:\/\/www.abf.eu\/bergamo\/wp-json\/wp\/v2\/posts\/23715\/revisions"}],"predecessor-version":[{"id":23914,"href":"https:\/\/www.abf.eu\/bergamo\/wp-json\/wp\/v2\/posts\/23715\/revisions\/23914"}],"wp:featuredmedia":[{"embeddable":true,"href":"https:\/\/www.abf.eu\/bergamo\/wp-json\/wp\/v2\/media\/23912"}],"wp:attachment":[{"href":"https:\/\/www.abf.eu\/bergamo\/wp-json\/wp\/v2\/media?parent=23715"}],"wp:term":[{"taxonomy":"category","embeddable":true,"href":"https:\/\/www.abf.eu\/bergamo\/wp-json\/wp\/v2\/categories?post=23715"},{"taxonomy":"post_tag","embeddable":true,"href":"https:\/\/www.abf.eu\/bergamo\/wp-json\/wp\/v2\/tags?post=23715"}],"curies":[{"name":"wp","href":"https:\/\/api.w.org\/{rel}","templated":true}]}}