{"id":24095,"date":"2025-05-30T09:32:20","date_gmt":"2025-05-30T07:32:20","guid":{"rendered":"https:\/\/www.abf.eu\/bergamo\/?p=24095"},"modified":"2025-05-30T10:07:24","modified_gmt":"2025-05-30T08:07:24","slug":"donazione-defibrillatore-treggiservice","status":"publish","type":"post","link":"https:\/\/www.abf.eu\/bergamo\/donazione-defibrillatore-treggiservice\/","title":{"rendered":"Donazione a tutela della salute: un defibrillatore per ABF"},"content":{"rendered":"\n<h3 class=\"wp-block-heading\">Un gesto di solidariet\u00e0 a tutela della salute di studenti e personale<\/h3>\n\n\n\n<h5 class=\"wp-block-heading\">Una donazione salvavita<\/h5>\n\n\n\n<p>La sede ABF di Bergamo si \u00e8 recentemente dotata di un <strong>defibrillatore semiautomatico<\/strong>, strumento salvavita sempre pi\u00f9 indispensabile anche negli ambienti scolastici. La donazione arriva da <strong><a href=\"http:\/\/www.treggiservice.it\/\">TREGGISERVICE SRLS<\/a><\/strong>, azienda bergamasca che si occupa di fornitura, installazione e manutenzione di porte e portoni civili e industriali. Un gesto semplice ma di grande valore, che sottolinea l\u2019attenzione del territorio verso la sicurezza e la salute degli studenti.<\/p>\n\n\n<div class=\"wp-block-image\">\n<figure class=\"aligncenter size-full is-resized\"><img loading=\"lazy\" decoding=\"async\" width=\"940\" height=\"238\" src=\"https:\/\/www.abf.eu\/bergamo\/wp-content\/uploads\/sites\/3\/2025\/05\/img04.jpg\" alt=\"\" class=\"wp-image-24233\" style=\"width:396px;height:auto\" srcset=\"https:\/\/www.abf.eu\/bergamo\/wp-content\/uploads\/sites\/3\/2025\/05\/img04.jpg 940w, https:\/\/www.abf.eu\/bergamo\/wp-content\/uploads\/sites\/3\/2025\/05\/img04-300x76.jpg 300w, https:\/\/www.abf.eu\/bergamo\/wp-content\/uploads\/sites\/3\/2025\/05\/img04-768x194.jpg 768w, https:\/\/www.abf.eu\/bergamo\/wp-content\/uploads\/sites\/3\/2025\/05\/img04-600x152.jpg 600w\" sizes=\"auto, (max-width: 940px) 100vw, 940px\" \/><\/figure><\/div>\n\n\n<p>Il dispositivo \u00e8 stato donato con l\u2019intento di offrire una risorsa in pi\u00f9 per la gestione delle emergenze e consegnato direttamente ai dipendenti di ABF che hanno frequentato e superato il corso per il suo corretto utilizzo.<\/p>\n\n\n\n<h5 class=\"wp-block-heading\">La sicurezza come responsabilit\u00e0 condivisa<\/h5>\n\n\n\n<p>La presenza di un defibrillatore nell&#8217;ambiente scolastico, dove ogni giorno si accolgono centinaia di studenti, docenti, tecnici e visitatori, rappresenta un <strong>elemento importante di prevenzione<\/strong>.<\/p>\n\n\n\n<p>La <strong>tempestivit\u00e0<\/strong> negli interventi in caso di arresto cardiaco \u00e8 fondamentale: disporre di un DAE (Defibrillatore Automatico Esterno) e di personale formato pu\u00f2 fare la differenza. Questa donazione si inserisce in un percorso pi\u00f9 ampio di promozione della cultura della sicurezza e della salute negli ambienti di apprendimento, rendendo la scuola luogo di responsabilit\u00e0 civica.<\/p>\n\n\n\n<p>Ringraziamo Treggiservice per questo contributo che potr\u00e0 rivelarsi fondamentale nell&#8217;ambiente scolastico. Un gesto che testimonia come la collaborazione tra scuola e imprese locali possa generare impatti positivi e duraturi.<\/p>\n\n\n\n<figure class=\"wp-block-image size-full\"><img loading=\"lazy\" decoding=\"async\" width=\"1000\" height=\"666\" src=\"https:\/\/www.abf.eu\/bergamo\/wp-content\/uploads\/sites\/3\/2025\/05\/2.png\" alt=\"\" class=\"wp-image-24238\" srcset=\"https:\/\/www.abf.eu\/bergamo\/wp-content\/uploads\/sites\/3\/2025\/05\/2.png 1000w, https:\/\/www.abf.eu\/bergamo\/wp-content\/uploads\/sites\/3\/2025\/05\/2-300x200.png 300w, https:\/\/www.abf.eu\/bergamo\/wp-content\/uploads\/sites\/3\/2025\/05\/2-768x511.png 768w, https:\/\/www.abf.eu\/bergamo\/wp-content\/uploads\/sites\/3\/2025\/05\/2-600x400.png 600w\" sizes=\"auto, (max-width: 1000px) 100vw, 1000px\" \/><\/figure>\n","protected":false},"excerpt":{"rendered":"<p>Un gesto di solidariet\u00e0 a tutela della salute di studenti<\/p>\n","protected":false},"author":61,"featured_media":24237,"comment_status":"closed","ping_status":"closed","sticky":false,"template":"","format":"standard","meta":{"footnotes":""},"categories":[1],"tags":[],"class_list":["post-24095","post","type-post","status-publish","format-standard","has-post-thumbnail","hentry","category-senza-categoria"],"yoast_head":"<!-- This site is optimized with the Yoast SEO plugin v25.8 - https:\/\/yoast.com\/wordpress\/plugins\/seo\/ -->\n<title>Donazione a tutela della salute: un defibrillatore per ABF - Bergamo<\/title>\n<meta name=\"description\" content=\"Treggiservice ha donato ad ABF Bergamo un defibrillatore semiautomatico, strumento salvavita sempre pi\u00f9 indispensabile.\" \/>\n<meta name=\"robots\" content=\"index, follow, max-snippet:-1, max-image-preview:large, max-video-preview:-1\" \/>\n<link rel=\"canonical\" href=\"https:\/\/www.abf.eu\/bergamo\/donazione-defibrillatore-treggiservice\/\" \/>\n<meta property=\"og:locale\" content=\"it_IT\" \/>\n<meta property=\"og:type\" content=\"article\" \/>\n<meta property=\"og:title\" content=\"Donazione a tutela della salute: un defibrillatore per ABF - Bergamo\" \/>\n<meta property=\"og:description\" content=\"Treggiservice ha donato ad ABF Bergamo un defibrillatore semiautomatico, strumento salvavita sempre pi\u00f9 indispensabile.\" \/>\n<meta property=\"og:url\" content=\"https:\/\/www.abf.eu\/bergamo\/donazione-defibrillatore-treggiservice\/\" \/>\n<meta property=\"og:site_name\" content=\"Bergamo\" \/>\n<meta property=\"article:published_time\" content=\"2025-05-30T07:32:20+00:00\" \/>\n<meta property=\"article:modified_time\" content=\"2025-05-30T08:07:24+00:00\" \/>\n<meta property=\"og:image\" content=\"https:\/\/www.abf.eu\/bergamo\/wp-content\/uploads\/sites\/3\/2025\/05\/1.png\" \/>\n\t<meta property=\"og:image:width\" content=\"1000\" \/>\n\t<meta property=\"og:image:height\" content=\"666\" \/>\n\t<meta property=\"og:image:type\" content=\"image\/png\" \/>\n<meta name=\"author\" content=\"giadabrembilla\" \/>\n<meta name=\"twitter:card\" content=\"summary_large_image\" \/>\n<meta name=\"twitter:label1\" content=\"Scritto da\" \/>\n\t<meta name=\"twitter:data1\" content=\"giadabrembilla\" \/>\n\t<meta name=\"twitter:label2\" content=\"Tempo di lettura stimato\" \/>\n\t<meta name=\"twitter:data2\" content=\"2 minuti\" \/>\n<script type=\"application\/ld+json\" class=\"yoast-schema-graph\">{\"@context\":\"https:\/\/schema.org\",\"@graph\":[{\"@type\":\"WebPage\",\"@id\":\"https:\/\/www.abf.eu\/bergamo\/donazione-defibrillatore-treggiservice\/\",\"url\":\"https:\/\/www.abf.eu\/bergamo\/donazione-defibrillatore-treggiservice\/\",\"name\":\"Donazione a tutela della salute: un defibrillatore per ABF - Bergamo\",\"isPartOf\":{\"@id\":\"https:\/\/www.abf.eu\/bergamo\/#website\"},\"primaryImageOfPage\":{\"@id\":\"https:\/\/www.abf.eu\/bergamo\/donazione-defibrillatore-treggiservice\/#primaryimage\"},\"image\":{\"@id\":\"https:\/\/www.abf.eu\/bergamo\/donazione-defibrillatore-treggiservice\/#primaryimage\"},\"thumbnailUrl\":\"https:\/\/www.abf.eu\/bergamo\/wp-content\/uploads\/sites\/3\/2025\/05\/1.png\",\"datePublished\":\"2025-05-30T07:32:20+00:00\",\"dateModified\":\"2025-05-30T08:07:24+00:00\",\"author\":{\"@id\":\"https:\/\/www.abf.eu\/bergamo\/#\/schema\/person\/0daf58404dacb015e5a8d3000f24219b\"},\"description\":\"Treggiservice ha donato ad ABF Bergamo un defibrillatore semiautomatico, strumento salvavita sempre pi\u00f9 indispensabile.\",\"breadcrumb\":{\"@id\":\"https:\/\/www.abf.eu\/bergamo\/donazione-defibrillatore-treggiservice\/#breadcrumb\"},\"inLanguage\":\"it-IT\",\"potentialAction\":[{\"@type\":\"ReadAction\",\"target\":[\"https:\/\/www.abf.eu\/bergamo\/donazione-defibrillatore-treggiservice\/\"]}]},{\"@type\":\"ImageObject\",\"inLanguage\":\"it-IT\",\"@id\":\"https:\/\/www.abf.eu\/bergamo\/donazione-defibrillatore-treggiservice\/#primaryimage\",\"url\":\"https:\/\/www.abf.eu\/bergamo\/wp-content\/uploads\/sites\/3\/2025\/05\/1.png\",\"contentUrl\":\"https:\/\/www.abf.eu\/bergamo\/wp-content\/uploads\/sites\/3\/2025\/05\/1.png\",\"width\":1000,\"height\":666,\"caption\":\"DAE\"},{\"@type\":\"BreadcrumbList\",\"@id\":\"https:\/\/www.abf.eu\/bergamo\/donazione-defibrillatore-treggiservice\/#breadcrumb\",\"itemListElement\":[{\"@type\":\"ListItem\",\"position\":1,\"name\":\"Home\",\"item\":\"https:\/\/www.abf.eu\/bergamo\/\"},{\"@type\":\"ListItem\",\"position\":2,\"name\":\"Donazione a tutela della salute: un defibrillatore per ABF\"}]},{\"@type\":\"WebSite\",\"@id\":\"https:\/\/www.abf.eu\/bergamo\/#website\",\"url\":\"https:\/\/www.abf.eu\/bergamo\/\",\"name\":\"Bergamo\",\"description\":\"Ecco un altro sito Abf siti\",\"potentialAction\":[{\"@type\":\"SearchAction\",\"target\":{\"@type\":\"EntryPoint\",\"urlTemplate\":\"https:\/\/www.abf.eu\/bergamo\/?s={search_term_string}\"},\"query-input\":{\"@type\":\"PropertyValueSpecification\",\"valueRequired\":true,\"valueName\":\"search_term_string\"}}],\"inLanguage\":\"it-IT\"},{\"@type\":\"Person\",\"@id\":\"https:\/\/www.abf.eu\/bergamo\/#\/schema\/person\/0daf58404dacb015e5a8d3000f24219b\",\"name\":\"giadabrembilla\",\"image\":{\"@type\":\"ImageObject\",\"inLanguage\":\"it-IT\",\"@id\":\"https:\/\/www.abf.eu\/bergamo\/#\/schema\/person\/image\/\",\"url\":\"https:\/\/secure.gravatar.com\/avatar\/11deae43922794eea4da2521866db72e0b94af2824c985037486ebe200326260?s=96&d=mm&r=g\",\"contentUrl\":\"https:\/\/secure.gravatar.com\/avatar\/11deae43922794eea4da2521866db72e0b94af2824c985037486ebe200326260?s=96&d=mm&r=g\",\"caption\":\"giadabrembilla\"},\"url\":\"https:\/\/www.abf.eu\/bergamo\/author\/giadabrembilla\/\"}]}<\/script>\n<!-- \/ Yoast SEO plugin. -->","yoast_head_json":{"title":"Donazione a tutela della salute: un defibrillatore per ABF - Bergamo","description":"Treggiservice ha donato ad ABF Bergamo un defibrillatore semiautomatico, strumento salvavita sempre pi\u00f9 indispensabile.","robots":{"index":"index","follow":"follow","max-snippet":"max-snippet:-1","max-image-preview":"max-image-preview:large","max-video-preview":"max-video-preview:-1"},"canonical":"https:\/\/www.abf.eu\/bergamo\/donazione-defibrillatore-treggiservice\/","og_locale":"it_IT","og_type":"article","og_title":"Donazione a tutela della salute: un defibrillatore per ABF - Bergamo","og_description":"Treggiservice ha donato ad ABF Bergamo un defibrillatore semiautomatico, strumento salvavita sempre pi\u00f9 indispensabile.","og_url":"https:\/\/www.abf.eu\/bergamo\/donazione-defibrillatore-treggiservice\/","og_site_name":"Bergamo","article_published_time":"2025-05-30T07:32:20+00:00","article_modified_time":"2025-05-30T08:07:24+00:00","og_image":[{"width":1000,"height":666,"url":"https:\/\/www.abf.eu\/bergamo\/wp-content\/uploads\/sites\/3\/2025\/05\/1.png","type":"image\/png"}],"author":"giadabrembilla","twitter_card":"summary_large_image","twitter_misc":{"Scritto da":"giadabrembilla","Tempo di lettura stimato":"2 minuti"},"schema":{"@context":"https:\/\/schema.org","@graph":[{"@type":"WebPage","@id":"https:\/\/www.abf.eu\/bergamo\/donazione-defibrillatore-treggiservice\/","url":"https:\/\/www.abf.eu\/bergamo\/donazione-defibrillatore-treggiservice\/","name":"Donazione a tutela della salute: un defibrillatore per ABF - Bergamo","isPartOf":{"@id":"https:\/\/www.abf.eu\/bergamo\/#website"},"primaryImageOfPage":{"@id":"https:\/\/www.abf.eu\/bergamo\/donazione-defibrillatore-treggiservice\/#primaryimage"},"image":{"@id":"https:\/\/www.abf.eu\/bergamo\/donazione-defibrillatore-treggiservice\/#primaryimage"},"thumbnailUrl":"https:\/\/www.abf.eu\/bergamo\/wp-content\/uploads\/sites\/3\/2025\/05\/1.png","datePublished":"2025-05-30T07:32:20+00:00","dateModified":"2025-05-30T08:07:24+00:00","author":{"@id":"https:\/\/www.abf.eu\/bergamo\/#\/schema\/person\/0daf58404dacb015e5a8d3000f24219b"},"description":"Treggiservice ha donato ad ABF Bergamo un defibrillatore semiautomatico, strumento salvavita sempre pi\u00f9 indispensabile.","breadcrumb":{"@id":"https:\/\/www.abf.eu\/bergamo\/donazione-defibrillatore-treggiservice\/#breadcrumb"},"inLanguage":"it-IT","potentialAction":[{"@type":"ReadAction","target":["https:\/\/www.abf.eu\/bergamo\/donazione-defibrillatore-treggiservice\/"]}]},{"@type":"ImageObject","inLanguage":"it-IT","@id":"https:\/\/www.abf.eu\/bergamo\/donazione-defibrillatore-treggiservice\/#primaryimage","url":"https:\/\/www.abf.eu\/bergamo\/wp-content\/uploads\/sites\/3\/2025\/05\/1.png","contentUrl":"https:\/\/www.abf.eu\/bergamo\/wp-content\/uploads\/sites\/3\/2025\/05\/1.png","width":1000,"height":666,"caption":"DAE"},{"@type":"BreadcrumbList","@id":"https:\/\/www.abf.eu\/bergamo\/donazione-defibrillatore-treggiservice\/#breadcrumb","itemListElement":[{"@type":"ListItem","position":1,"name":"Home","item":"https:\/\/www.abf.eu\/bergamo\/"},{"@type":"ListItem","position":2,"name":"Donazione a tutela della salute: un defibrillatore per ABF"}]},{"@type":"WebSite","@id":"https:\/\/www.abf.eu\/bergamo\/#website","url":"https:\/\/www.abf.eu\/bergamo\/","name":"Bergamo","description":"Ecco un altro sito Abf siti","potentialAction":[{"@type":"SearchAction","target":{"@type":"EntryPoint","urlTemplate":"https:\/\/www.abf.eu\/bergamo\/?s={search_term_string}"},"query-input":{"@type":"PropertyValueSpecification","valueRequired":true,"valueName":"search_term_string"}}],"inLanguage":"it-IT"},{"@type":"Person","@id":"https:\/\/www.abf.eu\/bergamo\/#\/schema\/person\/0daf58404dacb015e5a8d3000f24219b","name":"giadabrembilla","image":{"@type":"ImageObject","inLanguage":"it-IT","@id":"https:\/\/www.abf.eu\/bergamo\/#\/schema\/person\/image\/","url":"https:\/\/secure.gravatar.com\/avatar\/11deae43922794eea4da2521866db72e0b94af2824c985037486ebe200326260?s=96&d=mm&r=g","contentUrl":"https:\/\/secure.gravatar.com\/avatar\/11deae43922794eea4da2521866db72e0b94af2824c985037486ebe200326260?s=96&d=mm&r=g","caption":"giadabrembilla"},"url":"https:\/\/www.abf.eu\/bergamo\/author\/giadabrembilla\/"}]}},"_links":{"self":[{"href":"https:\/\/www.abf.eu\/bergamo\/wp-json\/wp\/v2\/posts\/24095","targetHints":{"allow":["GET"]}}],"collection":[{"href":"https:\/\/www.abf.eu\/bergamo\/wp-json\/wp\/v2\/posts"}],"about":[{"href":"https:\/\/www.abf.eu\/bergamo\/wp-json\/wp\/v2\/types\/post"}],"author":[{"embeddable":true,"href":"https:\/\/www.abf.eu\/bergamo\/wp-json\/wp\/v2\/users\/61"}],"replies":[{"embeddable":true,"href":"https:\/\/www.abf.eu\/bergamo\/wp-json\/wp\/v2\/comments?post=24095"}],"version-history":[{"count":11,"href":"https:\/\/www.abf.eu\/bergamo\/wp-json\/wp\/v2\/posts\/24095\/revisions"}],"predecessor-version":[{"id":25447,"href":"https:\/\/www.abf.eu\/bergamo\/wp-json\/wp\/v2\/posts\/24095\/revisions\/25447"}],"wp:featuredmedia":[{"embeddable":true,"href":"https:\/\/www.abf.eu\/bergamo\/wp-json\/wp\/v2\/media\/24237"}],"wp:attachment":[{"href":"https:\/\/www.abf.eu\/bergamo\/wp-json\/wp\/v2\/media?parent=24095"}],"wp:term":[{"taxonomy":"category","embeddable":true,"href":"https:\/\/www.abf.eu\/bergamo\/wp-json\/wp\/v2\/categories?post=24095"},{"taxonomy":"post_tag","embeddable":true,"href":"https:\/\/www.abf.eu\/bergamo\/wp-json\/wp\/v2\/tags?post=24095"}],"curies":[{"name":"wp","href":"https:\/\/api.w.org\/{rel}","templated":true}]}}