{"id":24171,"date":"2025-05-16T14:38:12","date_gmt":"2025-05-16T12:38:12","guid":{"rendered":"https:\/\/www.abf.eu\/bergamo\/?p=24171"},"modified":"2025-05-16T14:45:08","modified_gmt":"2025-05-16T12:45:08","slug":"estetica-oncologica-lilt","status":"publish","type":"post","link":"https:\/\/www.abf.eu\/bergamo\/estetica-oncologica-lilt\/","title":{"rendered":"&#8220;Insieme si pu\u00f2, insieme funziona&#8221;"},"content":{"rendered":"\n<h3 class=\"wp-block-heading\">La collaborazione tra ABF e LILT prosegue anche quest&#8217;anno <\/h3>\n\n\n\n<h5 class=\"wp-block-heading\">L&#8217;incontro <\/h5>\n\n\n\n<p>Sabato 10 maggio si \u00e8 tenuto l&#8217;incontro con <strong>LILT<\/strong> nella sede di Bergamo, una delle tante collaborazioni tra ABF E LILT Bergamo. \u00c8 stato dedicato alle allieve di estetica dei corsi di Bergamo, Albino e San Giovanni Bianco. <\/p>\n\n\n\n<p>Nello specifico, in quest&#8217;incontro, sono state presenti la dr.ssa Antonella Martinelli<em>, <\/em>Direttrice del corso universitario di fisioterapia in Bicocca, la dr.ssa Lucia Bonassi, psico-oncologa e psicoterapeuta dell&#8217;ASST Bergamo Est e la presidente di LILT Lucia De Ponti e la vicepresidente Caggese.<\/p>\n\n\n\n<figure class=\"wp-block-image size-full\"><img loading=\"lazy\" decoding=\"async\" width=\"1000\" height=\"666\" src=\"https:\/\/www.abf.eu\/bergamo\/wp-content\/uploads\/sites\/3\/2025\/05\/Progetto-senza-titolo-16.png\" alt=\"\" class=\"wp-image-24160\" srcset=\"https:\/\/www.abf.eu\/bergamo\/wp-content\/uploads\/sites\/3\/2025\/05\/Progetto-senza-titolo-16.png 1000w, https:\/\/www.abf.eu\/bergamo\/wp-content\/uploads\/sites\/3\/2025\/05\/Progetto-senza-titolo-16-300x200.png 300w, https:\/\/www.abf.eu\/bergamo\/wp-content\/uploads\/sites\/3\/2025\/05\/Progetto-senza-titolo-16-768x511.png 768w, https:\/\/www.abf.eu\/bergamo\/wp-content\/uploads\/sites\/3\/2025\/05\/Progetto-senza-titolo-16-600x400.png 600w\" sizes=\"auto, (max-width: 1000px) 100vw, 1000px\" \/><\/figure>\n\n\n\n<h5 class=\"wp-block-heading\">Gli obiettivi <\/h5>\n\n\n\n<p>Quest&#8217;anno l&#8217;obiettivo era quello di trattare il tema della bellezza nelle donne operate, includendo la <strong>sfera psicologica<\/strong> e quanto essa influisca nella ripresa fisica della paziente.<\/p>\n\n\n\n<p>Si \u00e8 affrontato quanto sia importante il <strong>benessere psicologico<\/strong> come aiuto anche al <strong>benessere fisico<\/strong> e, essendo un incontro dedicato al corso di estetica, anche a quanto la figura dell&#8217;estetista sia oggi fondamentale.<\/p>\n\n\n\n<p>Chi infatti vive una situazione di malattia oncologica, come nel caso delle donne colpite da tumore al seno ma non solo, \u00e8 molto spesso costretto a sottoporsi a terapie chirurgiche e chemioterapie. Tutto ci\u00f2 pu\u00f2 portare a conseguenze rilevanti sia psicologiche che fisiche anche permanenti, come <strong>cicatrici<\/strong>. <\/p>\n\n\n\n<p>Per questo motivo, il lavoro che svolge l&#8217;estetista \u00e8 prezioso e fondamentale per creare benessere e per far star bene l&#8217;altra persona. La figura del professionista del benessere che viene formato in ABF deve infatti essere qualificata e formata per prendere in mano queste situazioni fragili e contribuire alla ricostruzione del <strong>senso di bellezza<\/strong> che, molto spesso, la malattia toglie. <\/p>\n\n\n\n<figure class=\"wp-block-image size-full\"><img loading=\"lazy\" decoding=\"async\" width=\"1000\" height=\"666\" src=\"https:\/\/www.abf.eu\/bergamo\/wp-content\/uploads\/sites\/3\/2025\/05\/Progetto-senza-titolo-15.png\" alt=\"\" class=\"wp-image-24161\" srcset=\"https:\/\/www.abf.eu\/bergamo\/wp-content\/uploads\/sites\/3\/2025\/05\/Progetto-senza-titolo-15.png 1000w, https:\/\/www.abf.eu\/bergamo\/wp-content\/uploads\/sites\/3\/2025\/05\/Progetto-senza-titolo-15-300x200.png 300w, https:\/\/www.abf.eu\/bergamo\/wp-content\/uploads\/sites\/3\/2025\/05\/Progetto-senza-titolo-15-768x511.png 768w, https:\/\/www.abf.eu\/bergamo\/wp-content\/uploads\/sites\/3\/2025\/05\/Progetto-senza-titolo-15-600x400.png 600w\" sizes=\"auto, (max-width: 1000px) 100vw, 1000px\" \/><\/figure>\n\n\n\n<h5 class=\"wp-block-heading\">\u00c8 grazie a queste iniziative e a questi incontri quindi, che gli studenti riescono anche a sviluppare la sensibilit\u00e0 riguardo le diverse realt\u00e0 con le quali dovranno scontrarsi nel mondo lavorativo futuro, non soffermandosi solo sulle nozioni tecniche e pratiche della disciplina.<\/h5>\n\n\n\n<h5 class=\"wp-block-heading\"><\/h5>\n\n\n\n<p><\/p>\n\n\n\n<p><\/p>\n\n\n\n<p><\/p>\n","protected":false},"excerpt":{"rendered":"<p>La collaborazione tra ABF e LILT prosegue anche quest&#8217;anno L&#8217;incontro<\/p>\n","protected":false},"author":51,"featured_media":24162,"comment_status":"closed","ping_status":"closed","sticky":false,"template":"","format":"standard","meta":{"footnotes":""},"categories":[1],"tags":[],"class_list":["post-24171","post","type-post","status-publish","format-standard","has-post-thumbnail","hentry","category-senza-categoria"],"yoast_head":"<!-- This site is optimized with the Yoast SEO plugin v25.8 - https:\/\/yoast.com\/wordpress\/plugins\/seo\/ -->\n<title>&quot;Insieme si pu\u00f2, insieme funziona&quot; - Bergamo<\/title>\n<meta name=\"description\" content=\"Ecco come il lavoro delle estetiste risulta fondamentale per il benessere psicologico e fisico delle persone in cura oncologica grazie a LILT\" \/>\n<meta name=\"robots\" content=\"index, follow, max-snippet:-1, max-image-preview:large, max-video-preview:-1\" \/>\n<link rel=\"canonical\" href=\"https:\/\/www.abf.eu\/bergamo\/estetica-oncologica-lilt\/\" \/>\n<meta property=\"og:locale\" content=\"it_IT\" \/>\n<meta property=\"og:type\" content=\"article\" \/>\n<meta property=\"og:title\" content=\"&quot;Insieme si pu\u00f2, insieme funziona&quot; - Bergamo\" \/>\n<meta property=\"og:description\" content=\"Ecco come il lavoro delle estetiste risulta fondamentale per il benessere psicologico e fisico delle persone in cura oncologica grazie a LILT\" \/>\n<meta property=\"og:url\" content=\"https:\/\/www.abf.eu\/bergamo\/estetica-oncologica-lilt\/\" \/>\n<meta property=\"og:site_name\" content=\"Bergamo\" \/>\n<meta property=\"article:published_time\" content=\"2025-05-16T12:38:12+00:00\" \/>\n<meta property=\"article:modified_time\" content=\"2025-05-16T12:45:08+00:00\" \/>\n<meta property=\"og:image\" content=\"https:\/\/www.abf.eu\/bergamo\/wp-content\/uploads\/sites\/3\/2025\/05\/Progetto-senza-titolo-14.png\" \/>\n\t<meta property=\"og:image:width\" content=\"1000\" \/>\n\t<meta property=\"og:image:height\" content=\"666\" \/>\n\t<meta property=\"og:image:type\" content=\"image\/png\" \/>\n<meta name=\"author\" content=\"abfeditorbergamo\" \/>\n<meta name=\"twitter:card\" content=\"summary_large_image\" \/>\n<meta name=\"twitter:label1\" content=\"Scritto da\" \/>\n\t<meta name=\"twitter:data1\" content=\"abfeditorbergamo\" \/>\n\t<meta name=\"twitter:label2\" content=\"Tempo di lettura stimato\" \/>\n\t<meta name=\"twitter:data2\" content=\"3 minuti\" \/>\n<script type=\"application\/ld+json\" class=\"yoast-schema-graph\">{\"@context\":\"https:\/\/schema.org\",\"@graph\":[{\"@type\":\"WebPage\",\"@id\":\"https:\/\/www.abf.eu\/bergamo\/estetica-oncologica-lilt\/\",\"url\":\"https:\/\/www.abf.eu\/bergamo\/estetica-oncologica-lilt\/\",\"name\":\"\\\"Insieme si pu\u00f2, insieme funziona\\\" - Bergamo\",\"isPartOf\":{\"@id\":\"https:\/\/www.abf.eu\/bergamo\/#website\"},\"primaryImageOfPage\":{\"@id\":\"https:\/\/www.abf.eu\/bergamo\/estetica-oncologica-lilt\/#primaryimage\"},\"image\":{\"@id\":\"https:\/\/www.abf.eu\/bergamo\/estetica-oncologica-lilt\/#primaryimage\"},\"thumbnailUrl\":\"https:\/\/www.abf.eu\/bergamo\/wp-content\/uploads\/sites\/3\/2025\/05\/Progetto-senza-titolo-14.png\",\"datePublished\":\"2025-05-16T12:38:12+00:00\",\"dateModified\":\"2025-05-16T12:45:08+00:00\",\"author\":{\"@id\":\"https:\/\/www.abf.eu\/bergamo\/#\/schema\/person\/733fcc9b2aa7db4ab75b711dbb7e9d72\"},\"description\":\"Ecco come il lavoro delle estetiste risulta fondamentale per il benessere psicologico e fisico delle persone in cura oncologica grazie a LILT\",\"breadcrumb\":{\"@id\":\"https:\/\/www.abf.eu\/bergamo\/estetica-oncologica-lilt\/#breadcrumb\"},\"inLanguage\":\"it-IT\",\"potentialAction\":[{\"@type\":\"ReadAction\",\"target\":[\"https:\/\/www.abf.eu\/bergamo\/estetica-oncologica-lilt\/\"]}]},{\"@type\":\"ImageObject\",\"inLanguage\":\"it-IT\",\"@id\":\"https:\/\/www.abf.eu\/bergamo\/estetica-oncologica-lilt\/#primaryimage\",\"url\":\"https:\/\/www.abf.eu\/bergamo\/wp-content\/uploads\/sites\/3\/2025\/05\/Progetto-senza-titolo-14.png\",\"contentUrl\":\"https:\/\/www.abf.eu\/bergamo\/wp-content\/uploads\/sites\/3\/2025\/05\/Progetto-senza-titolo-14.png\",\"width\":1000,\"height\":666},{\"@type\":\"BreadcrumbList\",\"@id\":\"https:\/\/www.abf.eu\/bergamo\/estetica-oncologica-lilt\/#breadcrumb\",\"itemListElement\":[{\"@type\":\"ListItem\",\"position\":1,\"name\":\"Home\",\"item\":\"https:\/\/www.abf.eu\/bergamo\/\"},{\"@type\":\"ListItem\",\"position\":2,\"name\":\"&#8220;Insieme si pu\u00f2, insieme funziona&#8221;\"}]},{\"@type\":\"WebSite\",\"@id\":\"https:\/\/www.abf.eu\/bergamo\/#website\",\"url\":\"https:\/\/www.abf.eu\/bergamo\/\",\"name\":\"Bergamo\",\"description\":\"Ecco un altro sito Abf siti\",\"potentialAction\":[{\"@type\":\"SearchAction\",\"target\":{\"@type\":\"EntryPoint\",\"urlTemplate\":\"https:\/\/www.abf.eu\/bergamo\/?s={search_term_string}\"},\"query-input\":{\"@type\":\"PropertyValueSpecification\",\"valueRequired\":true,\"valueName\":\"search_term_string\"}}],\"inLanguage\":\"it-IT\"},{\"@type\":\"Person\",\"@id\":\"https:\/\/www.abf.eu\/bergamo\/#\/schema\/person\/733fcc9b2aa7db4ab75b711dbb7e9d72\",\"name\":\"abfeditorbergamo\",\"image\":{\"@type\":\"ImageObject\",\"inLanguage\":\"it-IT\",\"@id\":\"https:\/\/www.abf.eu\/bergamo\/#\/schema\/person\/image\/\",\"url\":\"https:\/\/secure.gravatar.com\/avatar\/797d0808d9794214af0739444d3876e2c3a8d4fd0484d816db81be9524ea3c62?s=96&d=mm&r=g\",\"contentUrl\":\"https:\/\/secure.gravatar.com\/avatar\/797d0808d9794214af0739444d3876e2c3a8d4fd0484d816db81be9524ea3c62?s=96&d=mm&r=g\",\"caption\":\"abfeditorbergamo\"},\"url\":\"https:\/\/www.abf.eu\/bergamo\/author\/abfeditorbergamo\/\"}]}<\/script>\n<!-- \/ Yoast SEO plugin. -->","yoast_head_json":{"title":"\"Insieme si pu\u00f2, insieme funziona\" - Bergamo","description":"Ecco come il lavoro delle estetiste risulta fondamentale per il benessere psicologico e fisico delle persone in cura oncologica grazie a LILT","robots":{"index":"index","follow":"follow","max-snippet":"max-snippet:-1","max-image-preview":"max-image-preview:large","max-video-preview":"max-video-preview:-1"},"canonical":"https:\/\/www.abf.eu\/bergamo\/estetica-oncologica-lilt\/","og_locale":"it_IT","og_type":"article","og_title":"\"Insieme si pu\u00f2, insieme funziona\" - Bergamo","og_description":"Ecco come il lavoro delle estetiste risulta fondamentale per il benessere psicologico e fisico delle persone in cura oncologica grazie a LILT","og_url":"https:\/\/www.abf.eu\/bergamo\/estetica-oncologica-lilt\/","og_site_name":"Bergamo","article_published_time":"2025-05-16T12:38:12+00:00","article_modified_time":"2025-05-16T12:45:08+00:00","og_image":[{"width":1000,"height":666,"url":"https:\/\/www.abf.eu\/bergamo\/wp-content\/uploads\/sites\/3\/2025\/05\/Progetto-senza-titolo-14.png","type":"image\/png"}],"author":"abfeditorbergamo","twitter_card":"summary_large_image","twitter_misc":{"Scritto da":"abfeditorbergamo","Tempo di lettura stimato":"3 minuti"},"schema":{"@context":"https:\/\/schema.org","@graph":[{"@type":"WebPage","@id":"https:\/\/www.abf.eu\/bergamo\/estetica-oncologica-lilt\/","url":"https:\/\/www.abf.eu\/bergamo\/estetica-oncologica-lilt\/","name":"\"Insieme si pu\u00f2, insieme funziona\" - Bergamo","isPartOf":{"@id":"https:\/\/www.abf.eu\/bergamo\/#website"},"primaryImageOfPage":{"@id":"https:\/\/www.abf.eu\/bergamo\/estetica-oncologica-lilt\/#primaryimage"},"image":{"@id":"https:\/\/www.abf.eu\/bergamo\/estetica-oncologica-lilt\/#primaryimage"},"thumbnailUrl":"https:\/\/www.abf.eu\/bergamo\/wp-content\/uploads\/sites\/3\/2025\/05\/Progetto-senza-titolo-14.png","datePublished":"2025-05-16T12:38:12+00:00","dateModified":"2025-05-16T12:45:08+00:00","author":{"@id":"https:\/\/www.abf.eu\/bergamo\/#\/schema\/person\/733fcc9b2aa7db4ab75b711dbb7e9d72"},"description":"Ecco come il lavoro delle estetiste risulta fondamentale per il benessere psicologico e fisico delle persone in cura oncologica grazie a LILT","breadcrumb":{"@id":"https:\/\/www.abf.eu\/bergamo\/estetica-oncologica-lilt\/#breadcrumb"},"inLanguage":"it-IT","potentialAction":[{"@type":"ReadAction","target":["https:\/\/www.abf.eu\/bergamo\/estetica-oncologica-lilt\/"]}]},{"@type":"ImageObject","inLanguage":"it-IT","@id":"https:\/\/www.abf.eu\/bergamo\/estetica-oncologica-lilt\/#primaryimage","url":"https:\/\/www.abf.eu\/bergamo\/wp-content\/uploads\/sites\/3\/2025\/05\/Progetto-senza-titolo-14.png","contentUrl":"https:\/\/www.abf.eu\/bergamo\/wp-content\/uploads\/sites\/3\/2025\/05\/Progetto-senza-titolo-14.png","width":1000,"height":666},{"@type":"BreadcrumbList","@id":"https:\/\/www.abf.eu\/bergamo\/estetica-oncologica-lilt\/#breadcrumb","itemListElement":[{"@type":"ListItem","position":1,"name":"Home","item":"https:\/\/www.abf.eu\/bergamo\/"},{"@type":"ListItem","position":2,"name":"&#8220;Insieme si pu\u00f2, insieme funziona&#8221;"}]},{"@type":"WebSite","@id":"https:\/\/www.abf.eu\/bergamo\/#website","url":"https:\/\/www.abf.eu\/bergamo\/","name":"Bergamo","description":"Ecco un altro sito Abf siti","potentialAction":[{"@type":"SearchAction","target":{"@type":"EntryPoint","urlTemplate":"https:\/\/www.abf.eu\/bergamo\/?s={search_term_string}"},"query-input":{"@type":"PropertyValueSpecification","valueRequired":true,"valueName":"search_term_string"}}],"inLanguage":"it-IT"},{"@type":"Person","@id":"https:\/\/www.abf.eu\/bergamo\/#\/schema\/person\/733fcc9b2aa7db4ab75b711dbb7e9d72","name":"abfeditorbergamo","image":{"@type":"ImageObject","inLanguage":"it-IT","@id":"https:\/\/www.abf.eu\/bergamo\/#\/schema\/person\/image\/","url":"https:\/\/secure.gravatar.com\/avatar\/797d0808d9794214af0739444d3876e2c3a8d4fd0484d816db81be9524ea3c62?s=96&d=mm&r=g","contentUrl":"https:\/\/secure.gravatar.com\/avatar\/797d0808d9794214af0739444d3876e2c3a8d4fd0484d816db81be9524ea3c62?s=96&d=mm&r=g","caption":"abfeditorbergamo"},"url":"https:\/\/www.abf.eu\/bergamo\/author\/abfeditorbergamo\/"}]}},"_links":{"self":[{"href":"https:\/\/www.abf.eu\/bergamo\/wp-json\/wp\/v2\/posts\/24171","targetHints":{"allow":["GET"]}}],"collection":[{"href":"https:\/\/www.abf.eu\/bergamo\/wp-json\/wp\/v2\/posts"}],"about":[{"href":"https:\/\/www.abf.eu\/bergamo\/wp-json\/wp\/v2\/types\/post"}],"author":[{"embeddable":true,"href":"https:\/\/www.abf.eu\/bergamo\/wp-json\/wp\/v2\/users\/51"}],"replies":[{"embeddable":true,"href":"https:\/\/www.abf.eu\/bergamo\/wp-json\/wp\/v2\/comments?post=24171"}],"version-history":[{"count":1,"href":"https:\/\/www.abf.eu\/bergamo\/wp-json\/wp\/v2\/posts\/24171\/revisions"}],"predecessor-version":[{"id":24172,"href":"https:\/\/www.abf.eu\/bergamo\/wp-json\/wp\/v2\/posts\/24171\/revisions\/24172"}],"wp:featuredmedia":[{"embeddable":true,"href":"https:\/\/www.abf.eu\/bergamo\/wp-json\/wp\/v2\/media\/24162"}],"wp:attachment":[{"href":"https:\/\/www.abf.eu\/bergamo\/wp-json\/wp\/v2\/media?parent=24171"}],"wp:term":[{"taxonomy":"category","embeddable":true,"href":"https:\/\/www.abf.eu\/bergamo\/wp-json\/wp\/v2\/categories?post=24171"},{"taxonomy":"post_tag","embeddable":true,"href":"https:\/\/www.abf.eu\/bergamo\/wp-json\/wp\/v2\/tags?post=24171"}],"curies":[{"name":"wp","href":"https:\/\/api.w.org\/{rel}","templated":true}]}}