{"id":25376,"date":"2026-01-23T14:34:16","date_gmt":"2026-01-23T13:34:16","guid":{"rendered":"https:\/\/www.abf.eu\/bergamo\/?p=25376"},"modified":"2026-01-23T14:34:17","modified_gmt":"2026-01-23T13:34:17","slug":"dire-fare-donare","status":"publish","type":"post","link":"https:\/\/www.abf.eu\/bergamo\/dire-fare-donare\/","title":{"rendered":"Dire Fare Donare: ABF incontra l&#8217;associazione Federica Albergoni!"},"content":{"rendered":"\n<h3 class=\"wp-block-heading\">Informare e sensibilizzare i giovani sulla leucemia<\/h3>\n\n\n\n<p>Mercoled\u00ec 21 gennaio, presso l&#8217;auditorium di ABF Bergamo, gli allievi di terza hanno seguito un incontro dedicato alla <strong>donazione del midollo osseo e alla lotta contro la leucemia<\/strong>, con l\u2019obiettivo comune di sensibilizzare e avvicinare il maggior numero di persone possibile alla pratica della donazione.<\/p>\n\n\n\n<p>L\u2019incontro \u00e8 stato tenuto da <strong>Maurizio Albergoni<\/strong>, responsabile dell\u2019<strong>Associazione Federica Albergoni<\/strong> che da anni, in collaborazione con ADMO (Associazione Donatori Midollo Osseo), opera per diffondere la cultura della donazione e sostenere chi affronta la malattia.<\/p>\n\n\n\n<p>Il messaggio dell\u2019associazione si riassume in tre parole chiave: <strong>dire, fare, donare<\/strong>. <\/p>\n\n\n\n<ul class=\"wp-block-list\">\n<li><strong>Dire<\/strong>, per informare e sensibilizzare<\/li>\n\n\n\n<li><strong>Fare<\/strong>, attraverso incontri, partecipare e fare manifestazioni<\/li>\n\n\n\n<li><strong>Donare<\/strong>, non solo il midollo osseo, ma anche il proprio tempo<\/li>\n<\/ul>\n\n\n\n<p>\u00c8 stato poi spiegato il significato del logo, rappresentato da un <strong>girasole<\/strong>: il petalo rosso simboleggia la persona che ha incontrato la leucemia, mentre i petali gialli rappresentano chi le sta accanto, con l\u2019obiettivo di \u201cfar diventare giallo anche quel petalo rosso\u201d. Le <strong>mani giunte<\/strong> richiamano invece l&#8217;importanza e il valore del dono, sia per chi dona sia per chi riceve.<\/p>\n\n\n\n<h5 class=\"wp-block-heading\">Gli obiettivi dell&#8217;iniziativa<\/h5>\n\n\n\n<p>L&#8217;iniziativa, suddivisa in due momenti principali, ha avuto come obiettivo principale quello di far conoscere cos\u2019\u00e8 la leucemia, come funziona la <strong>donazione del midollo osseo<\/strong> e perch\u00e9 iscriversi al registro donatori pu\u00f2 salvare una vita. Attraverso spiegazioni e testimonianze reali e dirette, gli studenti hanno potuto comprendere che donare non significa solo dare, ma anche trasmettere speranza.<\/p>\n\n\n\n<figure class=\"wp-block-image size-large\"><img loading=\"lazy\" decoding=\"async\" width=\"1024\" height=\"768\" src=\"https:\/\/www.abf.eu\/bergamo\/wp-content\/uploads\/sites\/3\/2026\/01\/IMG_1881-1024x768.jpg\" alt=\"\" class=\"wp-image-25386\" srcset=\"https:\/\/www.abf.eu\/bergamo\/wp-content\/uploads\/sites\/3\/2026\/01\/IMG_1881-1024x768.jpg 1024w, https:\/\/www.abf.eu\/bergamo\/wp-content\/uploads\/sites\/3\/2026\/01\/IMG_1881-300x225.jpg 300w, https:\/\/www.abf.eu\/bergamo\/wp-content\/uploads\/sites\/3\/2026\/01\/IMG_1881-768x576.jpg 768w, https:\/\/www.abf.eu\/bergamo\/wp-content\/uploads\/sites\/3\/2026\/01\/IMG_1881-1536x1152.jpg 1536w, https:\/\/www.abf.eu\/bergamo\/wp-content\/uploads\/sites\/3\/2026\/01\/IMG_1881-2048x1536.jpg 2048w, https:\/\/www.abf.eu\/bergamo\/wp-content\/uploads\/sites\/3\/2026\/01\/IMG_1881-533x400.jpg 533w\" sizes=\"auto, (max-width: 1024px) 100vw, 1024px\" \/><\/figure>\n\n\n\n<h5 class=\"wp-block-heading\">Cos&#8217;\u00e8 la leucemia e come si combatte?<\/h5>\n\n\n\n<p>La leucemia \u00e8 un <strong>tumore del sangue<\/strong> che colpisce i globuli bianchi, compromettendo anche globuli rossi e piastrine. \u00c8 stato sottolineato che il midollo osseo non va confuso con il midollo spinale: il primo produce le cellule staminali ematopoietiche necessarie alla vita.<\/p>\n\n\n\n<p>Il percorso della donazione inizia con la <strong>tipizzazione<\/strong> (l\u2019esame che identifica le caratteristiche genetiche del midollo osseo), fondamentale per individuare una compatibilit\u00e0 che \u00e8 molto rara: come riempire lo stadio di San Siro e trovare una sola persona compatibile. <\/p>\n\n\n\n<p>Esistono tre modalit\u00e0 di prelievo delle cellule staminali: <\/p>\n\n\n\n<ul class=\"wp-block-list\">\n<li>dal <strong>cordone ombelicale<\/strong> <\/li>\n\n\n\n<li>tramite <strong>aferesi<\/strong> (procedura sicura e poco invasiva che permette di prelevare solo le cellule necessarie dal sangue attraverso una trasfuzione, lasciando il resto al donatore)  <\/li>\n\n\n\n<li>dalle <strong>creste iliache<\/strong> (prelievo di cellule dal midollo osseo bucando l\u2019osso del bacino, pratica oggi meno frequente). <\/li>\n<\/ul>\n\n\n\n<p>Mentre il midollo osseo si rigenera in circa dieci giorni e la donazione avviene solitamente una sola volta nella vita, per il ricevente la guarigione completa si ottiene dopo un percorso di cinque anni.<\/p>\n\n\n\n<figure class=\"wp-block-image size-large\"><img loading=\"lazy\" decoding=\"async\" width=\"1024\" height=\"768\" src=\"https:\/\/www.abf.eu\/bergamo\/wp-content\/uploads\/sites\/3\/2026\/01\/IMG_1904-1024x768.jpg\" alt=\"\" class=\"wp-image-25391\" srcset=\"https:\/\/www.abf.eu\/bergamo\/wp-content\/uploads\/sites\/3\/2026\/01\/IMG_1904-1024x768.jpg 1024w, https:\/\/www.abf.eu\/bergamo\/wp-content\/uploads\/sites\/3\/2026\/01\/IMG_1904-300x225.jpg 300w, https:\/\/www.abf.eu\/bergamo\/wp-content\/uploads\/sites\/3\/2026\/01\/IMG_1904-768x576.jpg 768w, https:\/\/www.abf.eu\/bergamo\/wp-content\/uploads\/sites\/3\/2026\/01\/IMG_1904-1536x1152.jpg 1536w, https:\/\/www.abf.eu\/bergamo\/wp-content\/uploads\/sites\/3\/2026\/01\/IMG_1904-2048x1536.jpg 2048w, https:\/\/www.abf.eu\/bergamo\/wp-content\/uploads\/sites\/3\/2026\/01\/IMG_1904-533x400.jpg 533w\" sizes=\"auto, (max-width: 1024px) 100vw, 1024px\" \/><\/figure>\n\n\n\n<h5 class=\"wp-block-heading\"><strong>Superare la paura di donare<\/strong><\/h5>\n\n\n\n<p>Un momento \u00e8 stato dedicato alle <strong>paure <\/strong>legate alla donazione del midollo osseo, spesso dovute a informazioni errate o incomplete o al condizionamento mediatico, il quale tramite i media viene enfatizzato incrementando un&#8217;aura negativa attorno alla donazione. In realt\u00e0, si tratta di una procedura sicura, con un recupero rapido. Informarsi correttamente e ascoltare le testimonianze personali aiuta a superare l\u2019ansia e a comprendere il reale valore di questo gesto.<\/p>\n\n\n\n<h5 class=\"wp-block-heading\"><strong>Le testimonianze: donatore e ricevente<\/strong><\/h5>\n\n\n\n<p>Particolarmente significative sono state le testimonianze personali.<\/p>\n\n\n\n<p><strong>Maurizio Albergoni<\/strong>, ha raccontato la storia di sua figlia <strong>Federica<\/strong>, a cui \u00e8 dedicata l&#8217;associazione. Era una ragazza<strong> <\/strong>solare, vivace e piena di interessi: amava la danza moderna, aveva tanti amici e desiderava indipendenza e futuro. Abbandonato il liceo artistico, aveva iniziato a lavorare come parrucchiera, trovando impostazione e soddisfazione nel mestiere ma a causa di una<strong> leucemia fulminante <\/strong>mor\u00ec all\u2019et\u00e0 di 19 anni la notte di Natale del 2009. Ha anche ricordato che esiste <strong>un\u2019unit\u00e0 mobile <\/strong>(un camper) che va in giro nella provincia di Bergamo per sensibilizzare le persone e raccogliere iscrizioni per la tipizzazione del midollo osseo.<\/p>\n\n\n\n<p><strong>Mauro<\/strong> (donatore) ha spiegato come la sua esperienza sia iniziata con una donazione di sangue per aiutare un amico dopo un incidente. Da l\u00ec ha scelto di continuare e di iscriversi anche come donatore di midollo osseo.<\/p>\n\n\n\n<p><strong>Jessica<\/strong> <strong>Piantoni<\/strong> (ricevente) ha condiviso la sua storia. Ha ricevuto la diagnosi di <strong>leucemia mieloide acuta<\/strong>. Dopo cicli di chemioterapia, l\u2019unica possibilit\u00e0 di salvezza era il trapianto. In poco pi\u00f9 di un mese \u00e8 stato trovato un donatore compatibile. Il 22 dicembre 2020 ha ricevuto il trapianto, una semplice trasfusione di sangue. Dopo mesi di isolamento e cure, il 1\u00b0 dicembre di quest\u2019anno le \u00e8 stata comunicata la guarigione definitiva. Concludendo il discorso, ha rivolto ai ragazzi un messaggio motivazionale ed educativo: <strong>\u201cLe piccole cose sono il motore della nostra vita\u201d<\/strong> e <strong>\u201cnon puoi controllare ci\u00f2 che ti accade, ma puoi decidere come affrontarlo\u201d<\/strong>, esortandoli a prendere con leggerezza la vita, valorizzare le piccole cose e gestire con consapevolezza le difficolt\u00e0.<\/p>\n\n\n\n<h5 class=\"wp-block-heading\">Un piccolo gesto puo fare la differenza<\/h5>\n\n\n\n<p>L\u2019incontro si \u00e8 concluso ricordando che la donazione \u00e8 <strong>anonima, gratuita<\/strong> e pu\u00f2 fare la differenza. Come emerso dalle parole dei relatori e dei testimoni, anche un piccolo gesto pu\u00f2 diventare fondamentale per qualcuno: donare il midollo osseo significa, a tutti gli effetti, <strong>donare la vita<\/strong>.<\/p>\n\n\n\n<figure class=\"wp-block-image size-large\"><img loading=\"lazy\" decoding=\"async\" width=\"1024\" height=\"768\" src=\"https:\/\/www.abf.eu\/bergamo\/wp-content\/uploads\/sites\/3\/2026\/01\/IMG_1893-1-1024x768.jpg\" alt=\"\" class=\"wp-image-25388\" srcset=\"https:\/\/www.abf.eu\/bergamo\/wp-content\/uploads\/sites\/3\/2026\/01\/IMG_1893-1-1024x768.jpg 1024w, https:\/\/www.abf.eu\/bergamo\/wp-content\/uploads\/sites\/3\/2026\/01\/IMG_1893-1-300x225.jpg 300w, https:\/\/www.abf.eu\/bergamo\/wp-content\/uploads\/sites\/3\/2026\/01\/IMG_1893-1-768x576.jpg 768w, https:\/\/www.abf.eu\/bergamo\/wp-content\/uploads\/sites\/3\/2026\/01\/IMG_1893-1-1536x1152.jpg 1536w, https:\/\/www.abf.eu\/bergamo\/wp-content\/uploads\/sites\/3\/2026\/01\/IMG_1893-1-2048x1536.jpg 2048w, https:\/\/www.abf.eu\/bergamo\/wp-content\/uploads\/sites\/3\/2026\/01\/IMG_1893-1-533x400.jpg 533w\" sizes=\"auto, (max-width: 1024px) 100vw, 1024px\" \/><\/figure>\n","protected":false},"excerpt":{"rendered":"<p>Informare e sensibilizzare i giovani sulla leucemia Mercoled\u00ec 21 gennaio,<\/p>\n","protected":false},"author":51,"featured_media":25384,"comment_status":"closed","ping_status":"closed","sticky":false,"template":"","format":"standard","meta":{"footnotes":""},"categories":[1],"tags":[],"class_list":["post-25376","post","type-post","status-publish","format-standard","has-post-thumbnail","hentry","category-senza-categoria"],"yoast_head":"<!-- This site is optimized with the Yoast SEO plugin v25.8 - https:\/\/yoast.com\/wordpress\/plugins\/seo\/ -->\n<title>Dire Fare Donare: ABF incontra l&#039;associazione Federica Albergoni! - Bergamo<\/title>\n<meta name=\"description\" content=\"Gli allievi hanno partecipato a un incontro sulla donazione di midollo osseo e la lotta alla leucemia con l&#039;associazione Federica Albergoni.\" \/>\n<meta name=\"robots\" content=\"index, follow, max-snippet:-1, max-image-preview:large, max-video-preview:-1\" \/>\n<link rel=\"canonical\" href=\"https:\/\/www.abf.eu\/bergamo\/dire-fare-donare\/\" \/>\n<meta property=\"og:locale\" content=\"it_IT\" \/>\n<meta property=\"og:type\" content=\"article\" \/>\n<meta property=\"og:title\" content=\"Dire Fare Donare: ABF incontra l&#039;associazione Federica Albergoni! - Bergamo\" \/>\n<meta property=\"og:description\" content=\"Gli allievi hanno partecipato a un incontro sulla donazione di midollo osseo e la lotta alla leucemia con l&#039;associazione Federica Albergoni.\" \/>\n<meta property=\"og:url\" content=\"https:\/\/www.abf.eu\/bergamo\/dire-fare-donare\/\" \/>\n<meta property=\"og:site_name\" content=\"Bergamo\" \/>\n<meta property=\"article:published_time\" content=\"2026-01-23T13:34:16+00:00\" \/>\n<meta property=\"article:modified_time\" content=\"2026-01-23T13:34:17+00:00\" \/>\n<meta property=\"og:image\" content=\"https:\/\/www.abf.eu\/bergamo\/wp-content\/uploads\/sites\/3\/2026\/01\/FBE6736F-56EC-4057-9CDD-C52A23A07E3E-3.jpg\" \/>\n\t<meta property=\"og:image:width\" content=\"1320\" \/>\n\t<meta property=\"og:image:height\" content=\"971\" \/>\n\t<meta property=\"og:image:type\" content=\"image\/jpeg\" \/>\n<meta name=\"author\" content=\"abfeditorbergamo\" \/>\n<meta name=\"twitter:card\" content=\"summary_large_image\" \/>\n<meta name=\"twitter:label1\" content=\"Scritto da\" \/>\n\t<meta name=\"twitter:data1\" content=\"abfeditorbergamo\" \/>\n\t<meta name=\"twitter:label2\" content=\"Tempo di lettura stimato\" \/>\n\t<meta name=\"twitter:data2\" content=\"6 minuti\" \/>\n<script type=\"application\/ld+json\" class=\"yoast-schema-graph\">{\"@context\":\"https:\/\/schema.org\",\"@graph\":[{\"@type\":\"WebPage\",\"@id\":\"https:\/\/www.abf.eu\/bergamo\/dire-fare-donare\/\",\"url\":\"https:\/\/www.abf.eu\/bergamo\/dire-fare-donare\/\",\"name\":\"Dire Fare Donare: ABF incontra l'associazione Federica Albergoni! - Bergamo\",\"isPartOf\":{\"@id\":\"https:\/\/www.abf.eu\/bergamo\/#website\"},\"primaryImageOfPage\":{\"@id\":\"https:\/\/www.abf.eu\/bergamo\/dire-fare-donare\/#primaryimage\"},\"image\":{\"@id\":\"https:\/\/www.abf.eu\/bergamo\/dire-fare-donare\/#primaryimage\"},\"thumbnailUrl\":\"https:\/\/www.abf.eu\/bergamo\/wp-content\/uploads\/sites\/3\/2026\/01\/FBE6736F-56EC-4057-9CDD-C52A23A07E3E-3.jpg\",\"datePublished\":\"2026-01-23T13:34:16+00:00\",\"dateModified\":\"2026-01-23T13:34:17+00:00\",\"author\":{\"@id\":\"https:\/\/www.abf.eu\/bergamo\/#\/schema\/person\/733fcc9b2aa7db4ab75b711dbb7e9d72\"},\"description\":\"Gli allievi hanno partecipato a un incontro sulla donazione di midollo osseo e la lotta alla leucemia con l'associazione Federica Albergoni.\",\"breadcrumb\":{\"@id\":\"https:\/\/www.abf.eu\/bergamo\/dire-fare-donare\/#breadcrumb\"},\"inLanguage\":\"it-IT\",\"potentialAction\":[{\"@type\":\"ReadAction\",\"target\":[\"https:\/\/www.abf.eu\/bergamo\/dire-fare-donare\/\"]}]},{\"@type\":\"ImageObject\",\"inLanguage\":\"it-IT\",\"@id\":\"https:\/\/www.abf.eu\/bergamo\/dire-fare-donare\/#primaryimage\",\"url\":\"https:\/\/www.abf.eu\/bergamo\/wp-content\/uploads\/sites\/3\/2026\/01\/FBE6736F-56EC-4057-9CDD-C52A23A07E3E-3.jpg\",\"contentUrl\":\"https:\/\/www.abf.eu\/bergamo\/wp-content\/uploads\/sites\/3\/2026\/01\/FBE6736F-56EC-4057-9CDD-C52A23A07E3E-3.jpg\",\"width\":1320,\"height\":971},{\"@type\":\"BreadcrumbList\",\"@id\":\"https:\/\/www.abf.eu\/bergamo\/dire-fare-donare\/#breadcrumb\",\"itemListElement\":[{\"@type\":\"ListItem\",\"position\":1,\"name\":\"Home\",\"item\":\"https:\/\/www.abf.eu\/bergamo\/\"},{\"@type\":\"ListItem\",\"position\":2,\"name\":\"Dire Fare Donare: ABF incontra l&#8217;associazione Federica Albergoni!\"}]},{\"@type\":\"WebSite\",\"@id\":\"https:\/\/www.abf.eu\/bergamo\/#website\",\"url\":\"https:\/\/www.abf.eu\/bergamo\/\",\"name\":\"Bergamo\",\"description\":\"Ecco un altro sito Abf siti\",\"potentialAction\":[{\"@type\":\"SearchAction\",\"target\":{\"@type\":\"EntryPoint\",\"urlTemplate\":\"https:\/\/www.abf.eu\/bergamo\/?s={search_term_string}\"},\"query-input\":{\"@type\":\"PropertyValueSpecification\",\"valueRequired\":true,\"valueName\":\"search_term_string\"}}],\"inLanguage\":\"it-IT\"},{\"@type\":\"Person\",\"@id\":\"https:\/\/www.abf.eu\/bergamo\/#\/schema\/person\/733fcc9b2aa7db4ab75b711dbb7e9d72\",\"name\":\"abfeditorbergamo\",\"image\":{\"@type\":\"ImageObject\",\"inLanguage\":\"it-IT\",\"@id\":\"https:\/\/www.abf.eu\/bergamo\/#\/schema\/person\/image\/\",\"url\":\"https:\/\/secure.gravatar.com\/avatar\/797d0808d9794214af0739444d3876e2c3a8d4fd0484d816db81be9524ea3c62?s=96&d=mm&r=g\",\"contentUrl\":\"https:\/\/secure.gravatar.com\/avatar\/797d0808d9794214af0739444d3876e2c3a8d4fd0484d816db81be9524ea3c62?s=96&d=mm&r=g\",\"caption\":\"abfeditorbergamo\"},\"url\":\"https:\/\/www.abf.eu\/bergamo\/author\/abfeditorbergamo\/\"}]}<\/script>\n<!-- \/ Yoast SEO plugin. -->","yoast_head_json":{"title":"Dire Fare Donare: ABF incontra l'associazione Federica Albergoni! - Bergamo","description":"Gli allievi hanno partecipato a un incontro sulla donazione di midollo osseo e la lotta alla leucemia con l'associazione Federica Albergoni.","robots":{"index":"index","follow":"follow","max-snippet":"max-snippet:-1","max-image-preview":"max-image-preview:large","max-video-preview":"max-video-preview:-1"},"canonical":"https:\/\/www.abf.eu\/bergamo\/dire-fare-donare\/","og_locale":"it_IT","og_type":"article","og_title":"Dire Fare Donare: ABF incontra l'associazione Federica Albergoni! - Bergamo","og_description":"Gli allievi hanno partecipato a un incontro sulla donazione di midollo osseo e la lotta alla leucemia con l'associazione Federica Albergoni.","og_url":"https:\/\/www.abf.eu\/bergamo\/dire-fare-donare\/","og_site_name":"Bergamo","article_published_time":"2026-01-23T13:34:16+00:00","article_modified_time":"2026-01-23T13:34:17+00:00","og_image":[{"width":1320,"height":971,"url":"https:\/\/www.abf.eu\/bergamo\/wp-content\/uploads\/sites\/3\/2026\/01\/FBE6736F-56EC-4057-9CDD-C52A23A07E3E-3.jpg","type":"image\/jpeg"}],"author":"abfeditorbergamo","twitter_card":"summary_large_image","twitter_misc":{"Scritto da":"abfeditorbergamo","Tempo di lettura stimato":"6 minuti"},"schema":{"@context":"https:\/\/schema.org","@graph":[{"@type":"WebPage","@id":"https:\/\/www.abf.eu\/bergamo\/dire-fare-donare\/","url":"https:\/\/www.abf.eu\/bergamo\/dire-fare-donare\/","name":"Dire Fare Donare: ABF incontra l'associazione Federica Albergoni! - Bergamo","isPartOf":{"@id":"https:\/\/www.abf.eu\/bergamo\/#website"},"primaryImageOfPage":{"@id":"https:\/\/www.abf.eu\/bergamo\/dire-fare-donare\/#primaryimage"},"image":{"@id":"https:\/\/www.abf.eu\/bergamo\/dire-fare-donare\/#primaryimage"},"thumbnailUrl":"https:\/\/www.abf.eu\/bergamo\/wp-content\/uploads\/sites\/3\/2026\/01\/FBE6736F-56EC-4057-9CDD-C52A23A07E3E-3.jpg","datePublished":"2026-01-23T13:34:16+00:00","dateModified":"2026-01-23T13:34:17+00:00","author":{"@id":"https:\/\/www.abf.eu\/bergamo\/#\/schema\/person\/733fcc9b2aa7db4ab75b711dbb7e9d72"},"description":"Gli allievi hanno partecipato a un incontro sulla donazione di midollo osseo e la lotta alla leucemia con l'associazione Federica Albergoni.","breadcrumb":{"@id":"https:\/\/www.abf.eu\/bergamo\/dire-fare-donare\/#breadcrumb"},"inLanguage":"it-IT","potentialAction":[{"@type":"ReadAction","target":["https:\/\/www.abf.eu\/bergamo\/dire-fare-donare\/"]}]},{"@type":"ImageObject","inLanguage":"it-IT","@id":"https:\/\/www.abf.eu\/bergamo\/dire-fare-donare\/#primaryimage","url":"https:\/\/www.abf.eu\/bergamo\/wp-content\/uploads\/sites\/3\/2026\/01\/FBE6736F-56EC-4057-9CDD-C52A23A07E3E-3.jpg","contentUrl":"https:\/\/www.abf.eu\/bergamo\/wp-content\/uploads\/sites\/3\/2026\/01\/FBE6736F-56EC-4057-9CDD-C52A23A07E3E-3.jpg","width":1320,"height":971},{"@type":"BreadcrumbList","@id":"https:\/\/www.abf.eu\/bergamo\/dire-fare-donare\/#breadcrumb","itemListElement":[{"@type":"ListItem","position":1,"name":"Home","item":"https:\/\/www.abf.eu\/bergamo\/"},{"@type":"ListItem","position":2,"name":"Dire Fare Donare: ABF incontra l&#8217;associazione Federica Albergoni!"}]},{"@type":"WebSite","@id":"https:\/\/www.abf.eu\/bergamo\/#website","url":"https:\/\/www.abf.eu\/bergamo\/","name":"Bergamo","description":"Ecco un altro sito Abf siti","potentialAction":[{"@type":"SearchAction","target":{"@type":"EntryPoint","urlTemplate":"https:\/\/www.abf.eu\/bergamo\/?s={search_term_string}"},"query-input":{"@type":"PropertyValueSpecification","valueRequired":true,"valueName":"search_term_string"}}],"inLanguage":"it-IT"},{"@type":"Person","@id":"https:\/\/www.abf.eu\/bergamo\/#\/schema\/person\/733fcc9b2aa7db4ab75b711dbb7e9d72","name":"abfeditorbergamo","image":{"@type":"ImageObject","inLanguage":"it-IT","@id":"https:\/\/www.abf.eu\/bergamo\/#\/schema\/person\/image\/","url":"https:\/\/secure.gravatar.com\/avatar\/797d0808d9794214af0739444d3876e2c3a8d4fd0484d816db81be9524ea3c62?s=96&d=mm&r=g","contentUrl":"https:\/\/secure.gravatar.com\/avatar\/797d0808d9794214af0739444d3876e2c3a8d4fd0484d816db81be9524ea3c62?s=96&d=mm&r=g","caption":"abfeditorbergamo"},"url":"https:\/\/www.abf.eu\/bergamo\/author\/abfeditorbergamo\/"}]}},"_links":{"self":[{"href":"https:\/\/www.abf.eu\/bergamo\/wp-json\/wp\/v2\/posts\/25376","targetHints":{"allow":["GET"]}}],"collection":[{"href":"https:\/\/www.abf.eu\/bergamo\/wp-json\/wp\/v2\/posts"}],"about":[{"href":"https:\/\/www.abf.eu\/bergamo\/wp-json\/wp\/v2\/types\/post"}],"author":[{"embeddable":true,"href":"https:\/\/www.abf.eu\/bergamo\/wp-json\/wp\/v2\/users\/51"}],"replies":[{"embeddable":true,"href":"https:\/\/www.abf.eu\/bergamo\/wp-json\/wp\/v2\/comments?post=25376"}],"version-history":[{"count":6,"href":"https:\/\/www.abf.eu\/bergamo\/wp-json\/wp\/v2\/posts\/25376\/revisions"}],"predecessor-version":[{"id":25393,"href":"https:\/\/www.abf.eu\/bergamo\/wp-json\/wp\/v2\/posts\/25376\/revisions\/25393"}],"wp:featuredmedia":[{"embeddable":true,"href":"https:\/\/www.abf.eu\/bergamo\/wp-json\/wp\/v2\/media\/25384"}],"wp:attachment":[{"href":"https:\/\/www.abf.eu\/bergamo\/wp-json\/wp\/v2\/media?parent=25376"}],"wp:term":[{"taxonomy":"category","embeddable":true,"href":"https:\/\/www.abf.eu\/bergamo\/wp-json\/wp\/v2\/categories?post=25376"},{"taxonomy":"post_tag","embeddable":true,"href":"https:\/\/www.abf.eu\/bergamo\/wp-json\/wp\/v2\/tags?post=25376"}],"curies":[{"name":"wp","href":"https:\/\/api.w.org\/{rel}","templated":true}]}}