{"id":14720,"date":"2020-09-20T20:36:26","date_gmt":"2020-09-20T18:36:26","guid":{"rendered":"https:\/\/www.abf.eu\/clusone\/?p=14720"},"modified":"2022-01-31T11:17:30","modified_gmt":"2022-01-31T10:17:30","slug":"nuovo-laboratorio-di-grafica","status":"publish","type":"post","link":"https:\/\/www.abf.eu\/clusone\/nuovo-laboratorio-di-grafica\/","title":{"rendered":"Nuovo laboratorio di grafica"},"content":{"rendered":"\n<h3 class=\"wp-block-heading\">Un nuovo laboratorio di grafica alla sede di Clusone!<\/h3>\n\n\n\n<p>Il laboratorio di grafica \u00e8 lo spazio in cui prende forma la grande novit\u00e0 dell&#8217;Anno Formativo 2020\/21: il corso di <strong><a href=\"https:\/\/www.abf.eu\/clusone\/corsi\/operatore-grafico-ipermediale\/\">Operatore Grafico<\/a><\/strong>. <\/p>\n\n\n\n<p>I ragazzi iscritti a questo percorso si dedicano ad attivit\u00e0 laboratoriali in diversi ambiti del settore ipermediale. Le materie tecnico professionali sono fotografia, videomaking, graphic design, app design, web design, comunicazione visiva, gestione social, &#8230;<\/p>\n\n\n\n<p>Per poter svolgere al meglio le esercitazioni, il CFP di Clusone si \u00e8 dotato di una serie di attrezzature fotografiche. Due fotocamere reflex <strong>Nikon<\/strong> e una <strong>Canon<\/strong>, stativi e cavalletti <strong>Manfrotto<\/strong>, set fotografico con fari, uno stabilizzatore per cellulare e per fotocamera <strong>DJI Ronin<\/strong>, un box fotografico. Ma il vero fiore all&#8217;occhiello \u00e8 il nuovissimo laboratorio di grafica .<\/p>\n\n\n\n<h5 class=\"wp-block-heading\">Un nuovo laboratorio di grafica all&#8217;avanguardia<\/h5>\n\n\n\n<p>Il laboratorio di informatica non poteva essere sufficiente per il genere di software necessario per la grafica ed ecco perch\u00e9 si \u00e8 deciso di investire in hardware di qualit\u00e0. Da subito la decisione \u00e8 caduta su prodotti <strong>Apple<\/strong>. Nello specifico i ragazzi potranno utilizzare ben venti <strong>iMac 27&#8243;<\/strong>, mentre il dispositivo affidato ai docenti \u00e8 un <strong>Apple MacBook Pro 16&#8243;<\/strong>. <\/p>\n\n\n\n<p>La dotazione hardware ha bisogno del miglior software disponibile. Ecco perch\u00e9 il CFP di Clusone ha comprato la licenza per i  software fondamentali, cio\u00e8 il pacchetto <strong>Suite Adobe <\/strong>completo che include tutti i principali programmi utilizzati per la grafica: Photoshop, Illustrator, Premiere, &#8230;<\/p>\n\n\n\n<h5 class=\"wp-block-heading\">Non solo grafica<\/h5>\n\n\n\n<p>Anche se la parte pratica \u00e8 preponderante in tutti i corsi della Formazione Professionale, non si tralascia l&#8217;importanza delle materie trasversali. Italiano, matematica, inglese, informatica si affiancano alla storia dell&#8217;arte, organizzazione aziendale, comunicazione e marketing. Tutte le materie sono orientate allo sviluppo di una professionalit\u00e0 specifica della figura.<\/p>\n\n\n\n<h5 class=\"wp-block-heading\">Altre informazioni<\/h5>\n\n\n\n<p>Per ulteriori informazioni sul corso potete contattare la segreteria o contattare via mail il coordinatore <strong><a href=\"mailto:danilo.caccia@abf.eu\">Caccia Danilo<\/a><\/strong>.<\/p>\n","protected":false},"excerpt":{"rendered":"<p>Un nuovo laboratorio di grafica alla sede di Clusone! Il<\/p>\n","protected":false},"author":31,"featured_media":14817,"comment_status":"open","ping_status":"open","sticky":false,"template":"","format":"standard","meta":{"footnotes":""},"categories":[1],"tags":[],"class_list":["post-14720","post","type-post","status-publish","format-standard","has-post-thumbnail","hentry","category-senza-categoria"],"yoast_head":"<!-- This site is optimized with the Yoast SEO plugin v25.8 - https:\/\/yoast.com\/wordpress\/plugins\/seo\/ -->\n<title>Nuovo laboratorio di grafica per il corso di Operatore Grafico - Clusone<\/title>\n<meta name=\"description\" content=\"Il nuovo percorso inaugurato a Clusone si completa grazia alla creazione di un laboratorio di grafica multimediale all&#039;avanguardia.\" \/>\n<meta name=\"robots\" content=\"index, follow, max-snippet:-1, max-image-preview:large, max-video-preview:-1\" \/>\n<link rel=\"canonical\" href=\"https:\/\/www.abf.eu\/clusone\/nuovo-laboratorio-di-grafica\/\" \/>\n<meta property=\"og:locale\" content=\"it_IT\" \/>\n<meta property=\"og:type\" content=\"article\" \/>\n<meta property=\"og:title\" content=\"Nuovo laboratorio di grafica per il corso di Operatore Grafico - Clusone\" \/>\n<meta property=\"og:description\" content=\"Il nuovo percorso inaugurato a Clusone si completa grazia alla creazione di un laboratorio di grafica multimediale all&#039;avanguardia.\" \/>\n<meta property=\"og:url\" content=\"https:\/\/www.abf.eu\/clusone\/nuovo-laboratorio-di-grafica\/\" \/>\n<meta property=\"og:site_name\" content=\"Clusone\" \/>\n<meta property=\"article:published_time\" content=\"2020-09-20T18:36:26+00:00\" \/>\n<meta property=\"article:modified_time\" content=\"2022-01-31T10:17:30+00:00\" \/>\n<meta property=\"og:image\" content=\"https:\/\/www.abf.eu\/clusone\/wp-content\/uploads\/sites\/2\/2020\/11\/copertina.jpg\" \/>\n\t<meta property=\"og:image:width\" content=\"1440\" \/>\n\t<meta property=\"og:image:height\" content=\"960\" \/>\n\t<meta property=\"og:image:type\" content=\"image\/jpeg\" \/>\n<meta name=\"author\" content=\"danilocaccia\" \/>\n<meta name=\"twitter:card\" content=\"summary_large_image\" \/>\n<meta name=\"twitter:label1\" content=\"Scritto da\" \/>\n\t<meta name=\"twitter:data1\" content=\"danilocaccia\" \/>\n\t<meta name=\"twitter:label2\" content=\"Tempo di lettura stimato\" \/>\n\t<meta name=\"twitter:data2\" content=\"2 minuti\" \/>\n<script type=\"application\/ld+json\" class=\"yoast-schema-graph\">{\"@context\":\"https:\/\/schema.org\",\"@graph\":[{\"@type\":\"WebPage\",\"@id\":\"https:\/\/www.abf.eu\/clusone\/nuovo-laboratorio-di-grafica\/\",\"url\":\"https:\/\/www.abf.eu\/clusone\/nuovo-laboratorio-di-grafica\/\",\"name\":\"Nuovo laboratorio di grafica per il corso di Operatore Grafico - Clusone\",\"isPartOf\":{\"@id\":\"https:\/\/www.abf.eu\/clusone\/#website\"},\"primaryImageOfPage\":{\"@id\":\"https:\/\/www.abf.eu\/clusone\/nuovo-laboratorio-di-grafica\/#primaryimage\"},\"image\":{\"@id\":\"https:\/\/www.abf.eu\/clusone\/nuovo-laboratorio-di-grafica\/#primaryimage\"},\"thumbnailUrl\":\"https:\/\/www.abf.eu\/clusone\/wp-content\/uploads\/sites\/2\/2020\/11\/copertina.jpg\",\"datePublished\":\"2020-09-20T18:36:26+00:00\",\"dateModified\":\"2022-01-31T10:17:30+00:00\",\"author\":{\"@id\":\"https:\/\/www.abf.eu\/clusone\/#\/schema\/person\/8a78d772811de95e251d66b4d5491f76\"},\"description\":\"Il nuovo percorso inaugurato a Clusone si completa grazia alla creazione di un laboratorio di grafica multimediale all'avanguardia.\",\"breadcrumb\":{\"@id\":\"https:\/\/www.abf.eu\/clusone\/nuovo-laboratorio-di-grafica\/#breadcrumb\"},\"inLanguage\":\"it-IT\",\"potentialAction\":[{\"@type\":\"ReadAction\",\"target\":[\"https:\/\/www.abf.eu\/clusone\/nuovo-laboratorio-di-grafica\/\"]}]},{\"@type\":\"ImageObject\",\"inLanguage\":\"it-IT\",\"@id\":\"https:\/\/www.abf.eu\/clusone\/nuovo-laboratorio-di-grafica\/#primaryimage\",\"url\":\"https:\/\/www.abf.eu\/clusone\/wp-content\/uploads\/sites\/2\/2020\/11\/copertina.jpg\",\"contentUrl\":\"https:\/\/www.abf.eu\/clusone\/wp-content\/uploads\/sites\/2\/2020\/11\/copertina.jpg\",\"width\":1440,\"height\":960,\"caption\":\"Laboratorio grafico ipermediale\"},{\"@type\":\"BreadcrumbList\",\"@id\":\"https:\/\/www.abf.eu\/clusone\/nuovo-laboratorio-di-grafica\/#breadcrumb\",\"itemListElement\":[{\"@type\":\"ListItem\",\"position\":1,\"name\":\"Home\",\"item\":\"https:\/\/www.abf.eu\/clusone\/\"},{\"@type\":\"ListItem\",\"position\":2,\"name\":\"Nuovo laboratorio di grafica\"}]},{\"@type\":\"WebSite\",\"@id\":\"https:\/\/www.abf.eu\/clusone\/#website\",\"url\":\"https:\/\/www.abf.eu\/clusone\/\",\"name\":\"Clusone\",\"description\":\"Ecco un altro sito Abf siti\",\"potentialAction\":[{\"@type\":\"SearchAction\",\"target\":{\"@type\":\"EntryPoint\",\"urlTemplate\":\"https:\/\/www.abf.eu\/clusone\/?s={search_term_string}\"},\"query-input\":{\"@type\":\"PropertyValueSpecification\",\"valueRequired\":true,\"valueName\":\"search_term_string\"}}],\"inLanguage\":\"it-IT\"},{\"@type\":\"Person\",\"@id\":\"https:\/\/www.abf.eu\/clusone\/#\/schema\/person\/8a78d772811de95e251d66b4d5491f76\",\"name\":\"danilocaccia\",\"image\":{\"@type\":\"ImageObject\",\"inLanguage\":\"it-IT\",\"@id\":\"https:\/\/www.abf.eu\/clusone\/#\/schema\/person\/image\/\",\"url\":\"https:\/\/secure.gravatar.com\/avatar\/d87f496e2092d70f0bc729633c0c70a56c54c4f8ce3eefdacc36b91c04c2e1c0?s=96&d=mm&r=g\",\"contentUrl\":\"https:\/\/secure.gravatar.com\/avatar\/d87f496e2092d70f0bc729633c0c70a56c54c4f8ce3eefdacc36b91c04c2e1c0?s=96&d=mm&r=g\",\"caption\":\"danilocaccia\"},\"sameAs\":[\"https:\/\/www.linkedin.com\/in\/danilocaccia\/\"],\"url\":\"https:\/\/www.abf.eu\/clusone\/author\/danilocaccia\/\"}]}<\/script>\n<!-- \/ Yoast SEO plugin. -->","yoast_head_json":{"title":"Nuovo laboratorio di grafica per il corso di Operatore Grafico - Clusone","description":"Il nuovo percorso inaugurato a Clusone si completa grazia alla creazione di un laboratorio di grafica multimediale all'avanguardia.","robots":{"index":"index","follow":"follow","max-snippet":"max-snippet:-1","max-image-preview":"max-image-preview:large","max-video-preview":"max-video-preview:-1"},"canonical":"https:\/\/www.abf.eu\/clusone\/nuovo-laboratorio-di-grafica\/","og_locale":"it_IT","og_type":"article","og_title":"Nuovo laboratorio di grafica per il corso di Operatore Grafico - Clusone","og_description":"Il nuovo percorso inaugurato a Clusone si completa grazia alla creazione di un laboratorio di grafica multimediale all'avanguardia.","og_url":"https:\/\/www.abf.eu\/clusone\/nuovo-laboratorio-di-grafica\/","og_site_name":"Clusone","article_published_time":"2020-09-20T18:36:26+00:00","article_modified_time":"2022-01-31T10:17:30+00:00","og_image":[{"width":1440,"height":960,"url":"https:\/\/www.abf.eu\/clusone\/wp-content\/uploads\/sites\/2\/2020\/11\/copertina.jpg","type":"image\/jpeg"}],"author":"danilocaccia","twitter_card":"summary_large_image","twitter_misc":{"Scritto da":"danilocaccia","Tempo di lettura stimato":"2 minuti"},"schema":{"@context":"https:\/\/schema.org","@graph":[{"@type":"WebPage","@id":"https:\/\/www.abf.eu\/clusone\/nuovo-laboratorio-di-grafica\/","url":"https:\/\/www.abf.eu\/clusone\/nuovo-laboratorio-di-grafica\/","name":"Nuovo laboratorio di grafica per il corso di Operatore Grafico - Clusone","isPartOf":{"@id":"https:\/\/www.abf.eu\/clusone\/#website"},"primaryImageOfPage":{"@id":"https:\/\/www.abf.eu\/clusone\/nuovo-laboratorio-di-grafica\/#primaryimage"},"image":{"@id":"https:\/\/www.abf.eu\/clusone\/nuovo-laboratorio-di-grafica\/#primaryimage"},"thumbnailUrl":"https:\/\/www.abf.eu\/clusone\/wp-content\/uploads\/sites\/2\/2020\/11\/copertina.jpg","datePublished":"2020-09-20T18:36:26+00:00","dateModified":"2022-01-31T10:17:30+00:00","author":{"@id":"https:\/\/www.abf.eu\/clusone\/#\/schema\/person\/8a78d772811de95e251d66b4d5491f76"},"description":"Il nuovo percorso inaugurato a Clusone si completa grazia alla creazione di un laboratorio di grafica multimediale all'avanguardia.","breadcrumb":{"@id":"https:\/\/www.abf.eu\/clusone\/nuovo-laboratorio-di-grafica\/#breadcrumb"},"inLanguage":"it-IT","potentialAction":[{"@type":"ReadAction","target":["https:\/\/www.abf.eu\/clusone\/nuovo-laboratorio-di-grafica\/"]}]},{"@type":"ImageObject","inLanguage":"it-IT","@id":"https:\/\/www.abf.eu\/clusone\/nuovo-laboratorio-di-grafica\/#primaryimage","url":"https:\/\/www.abf.eu\/clusone\/wp-content\/uploads\/sites\/2\/2020\/11\/copertina.jpg","contentUrl":"https:\/\/www.abf.eu\/clusone\/wp-content\/uploads\/sites\/2\/2020\/11\/copertina.jpg","width":1440,"height":960,"caption":"Laboratorio grafico ipermediale"},{"@type":"BreadcrumbList","@id":"https:\/\/www.abf.eu\/clusone\/nuovo-laboratorio-di-grafica\/#breadcrumb","itemListElement":[{"@type":"ListItem","position":1,"name":"Home","item":"https:\/\/www.abf.eu\/clusone\/"},{"@type":"ListItem","position":2,"name":"Nuovo laboratorio di grafica"}]},{"@type":"WebSite","@id":"https:\/\/www.abf.eu\/clusone\/#website","url":"https:\/\/www.abf.eu\/clusone\/","name":"Clusone","description":"Ecco un altro sito Abf siti","potentialAction":[{"@type":"SearchAction","target":{"@type":"EntryPoint","urlTemplate":"https:\/\/www.abf.eu\/clusone\/?s={search_term_string}"},"query-input":{"@type":"PropertyValueSpecification","valueRequired":true,"valueName":"search_term_string"}}],"inLanguage":"it-IT"},{"@type":"Person","@id":"https:\/\/www.abf.eu\/clusone\/#\/schema\/person\/8a78d772811de95e251d66b4d5491f76","name":"danilocaccia","image":{"@type":"ImageObject","inLanguage":"it-IT","@id":"https:\/\/www.abf.eu\/clusone\/#\/schema\/person\/image\/","url":"https:\/\/secure.gravatar.com\/avatar\/d87f496e2092d70f0bc729633c0c70a56c54c4f8ce3eefdacc36b91c04c2e1c0?s=96&d=mm&r=g","contentUrl":"https:\/\/secure.gravatar.com\/avatar\/d87f496e2092d70f0bc729633c0c70a56c54c4f8ce3eefdacc36b91c04c2e1c0?s=96&d=mm&r=g","caption":"danilocaccia"},"sameAs":["https:\/\/www.linkedin.com\/in\/danilocaccia\/"],"url":"https:\/\/www.abf.eu\/clusone\/author\/danilocaccia\/"}]}},"_links":{"self":[{"href":"https:\/\/www.abf.eu\/clusone\/wp-json\/wp\/v2\/posts\/14720","targetHints":{"allow":["GET"]}}],"collection":[{"href":"https:\/\/www.abf.eu\/clusone\/wp-json\/wp\/v2\/posts"}],"about":[{"href":"https:\/\/www.abf.eu\/clusone\/wp-json\/wp\/v2\/types\/post"}],"author":[{"embeddable":true,"href":"https:\/\/www.abf.eu\/clusone\/wp-json\/wp\/v2\/users\/31"}],"replies":[{"embeddable":true,"href":"https:\/\/www.abf.eu\/clusone\/wp-json\/wp\/v2\/comments?post=14720"}],"version-history":[{"count":5,"href":"https:\/\/www.abf.eu\/clusone\/wp-json\/wp\/v2\/posts\/14720\/revisions"}],"predecessor-version":[{"id":16146,"href":"https:\/\/www.abf.eu\/clusone\/wp-json\/wp\/v2\/posts\/14720\/revisions\/16146"}],"wp:featuredmedia":[{"embeddable":true,"href":"https:\/\/www.abf.eu\/clusone\/wp-json\/wp\/v2\/media\/14817"}],"wp:attachment":[{"href":"https:\/\/www.abf.eu\/clusone\/wp-json\/wp\/v2\/media?parent=14720"}],"wp:term":[{"taxonomy":"category","embeddable":true,"href":"https:\/\/www.abf.eu\/clusone\/wp-json\/wp\/v2\/categories?post=14720"},{"taxonomy":"post_tag","embeddable":true,"href":"https:\/\/www.abf.eu\/clusone\/wp-json\/wp\/v2\/tags?post=14720"}],"curies":[{"name":"wp","href":"https:\/\/api.w.org\/{rel}","templated":true}]}}