{"id":14730,"date":"2019-11-15T19:45:00","date_gmt":"2019-11-15T18:45:00","guid":{"rendered":"https:\/\/www.abf.eu\/clusone\/?p=14730"},"modified":"2020-11-20T20:52:06","modified_gmt":"2020-11-20T19:52:06","slug":"chef-calvi","status":"publish","type":"post","link":"https:\/\/www.abf.eu\/clusone\/chef-calvi\/","title":{"rendered":"Lo chef Calvi dell&#8217;Atalanta in visita"},"content":{"rendered":"\n<h3 class=\"wp-block-heading\">Chef Calvi prepara il cibo dei campioni!<\/h3>\n\n\n\n<p>15 Novembre 2020 &#8211; Per sentirsi in forze, bisogna mangiare sano, soprattutto nel mondo dello sport: ecco perch\u00e9 lo chef \u00e8 una figura fondamentale. A parlarci del suo ruolo e delle sue esperienze \u00e8 stato <strong>Gabriele Calvi<\/strong>, chef dell\u2019<strong>Atalanta<\/strong>, il quale sta tenendo una serie di incontri presso il nostro CFP.<\/p>\n\n\n\n<h5 class=\"wp-block-heading\">Chi \u00e8 lo chef Calvi?<\/h5>\n\n\n\n<p>Calvi da circa sette anni cucina per i calciatori dell\u2019Atalanta: \u00e8 un cuoco e un ristoratore di terza generazione, quindi la sua passione arriva direttamente dalla famiglia.<\/p>\n\n\n\n<p>Ha 45 anni, \u00e8 originario di Santa Brigida, un paese dell\u2019alta Val Brembana, e, insieme alla sorella Katia, ha gestito anni addietro il ristorante del Casin\u00f2 di San Pellegrino, di propriet\u00e0 di <strong>Antonio Percassi<\/strong>, attuale presidente nerazzurro.<\/p>\n\n\n\n<p>Nel ristorante della squadra a Zingonia \u00e8 Katia ad occuparsi della sala, mentre in cucina Gabriele \u00e8 affiancato da <strong>Mattia Mendola<\/strong>, ingaggiato dopo aver fatto l\u00ec uno stage mentre frequentava l\u2019Istituto Alberghiero di San Pellegrino.<\/p>\n\n\n\n<h5 class=\"wp-block-heading\">Gli incontri<\/h5>\n\n\n\n<p>Nella nostra scuola sono stati organizzati tre incontri con gli allievi e le allieve di terza e di quarta dei settori alimentari.<\/p>\n\n\n\n<p>Uno, lo scorso 11 novembre, \u00e8 stato teorico: si \u00e8 parlato di cucina sportiva, della dieta per chi pratica sport, della scelta delle materie prime. Quello di Calvi \u00e8 un lavoro di squadra, visto che collabora a stretto contatto con un nutrizionista e con lo staff medico.<\/p>\n\n\n\n<p>Negli altri incontri si parler\u00e0 delle esperienze tecniche e, soprattutto, della figura del tirocinante, grazie anche alla testimonianza di Mattia.<\/p>\n\n\n\n<p>Successivamente i ragazzi si recheranno a visitare le cucine dell\u2019Atalanta, per testare \u2013 \u00e8 il caso di dirlo! \u2013 direttamente sul campo la \u201cpartita\u201d delle cucine.<\/p>\n\n\n\n<h5 class=\"wp-block-heading\">Non solo cucina&#8230;<\/h5>\n\n\n\n<p>Oltre alla parte puramente teorico-pratica, Calvi si sofferma anche sui valori che il suo lavoro coltiva: in primis il presupposto per un buon lavoro \u00e8 la fiducia. Come abbiamo detto, accanto allo chef girano il nutrizionista, i tirocinanti, lo staff, ed \u00e8 importantissimo che tra loro ci sia fiducia reciproca, rispetto per il lavoro altrui e coesione. Questo rapporto ci dev\u2019essere tra lo chef e il presidente della squadra, che mette nelle mani di Calvi la buona salute alimentare dei suoi giocatori.<\/p>\n\n\n\n<p>Non dimentichiamoci poi che anche in cucina \u00e8 infatti possibile combattere il bullismo. \u00c8 necessario avere assoluto rispetto della cultura altrui anche per quanto concerne alimentazione e abitudini. Molte sono infatti le culture che si intersecano nel mondo del calcio e ci sono tempi da rispettare (si pensi ai divieti di tipo religioso, alle preghiere prima del pasto, a scelte alimentari di tipo etico\u2026).<\/p>\n\n\n\n<p>Insomma, lo sport diventa anche una scuola di cucina, di rispetto e di collaborazione!<\/p>\n","protected":false},"excerpt":{"rendered":"<p>Chef Calvi prepara il cibo dei campioni! 15 Novembre 2020<\/p>\n","protected":false},"author":31,"featured_media":14798,"comment_status":"open","ping_status":"open","sticky":false,"template":"","format":"standard","meta":{"footnotes":""},"categories":[1],"tags":[],"class_list":["post-14730","post","type-post","status-publish","format-standard","has-post-thumbnail","hentry","category-senza-categoria"],"yoast_head":"<!-- This site is optimized with the Yoast SEO plugin v25.8 - https:\/\/yoast.com\/wordpress\/plugins\/seo\/ -->\n<title>Lo chef Calvi dell&#039;Atalanta in visita ad ABF Clusone - Clusone<\/title>\n<meta name=\"description\" content=\"Lo chef Calvi dell&#039;Atalanta \u00e8 venuto in visita a Clusone per raccontare agli allievi l&#039;importanza della corretta alimentazione nello sport.\" \/>\n<meta name=\"robots\" content=\"index, follow, max-snippet:-1, max-image-preview:large, max-video-preview:-1\" \/>\n<link rel=\"canonical\" href=\"https:\/\/www.abf.eu\/clusone\/chef-calvi\/\" \/>\n<meta property=\"og:locale\" content=\"it_IT\" \/>\n<meta property=\"og:type\" content=\"article\" \/>\n<meta property=\"og:title\" content=\"Lo chef Calvi dell&#039;Atalanta in visita ad ABF Clusone - Clusone\" \/>\n<meta property=\"og:description\" content=\"Lo chef Calvi dell&#039;Atalanta \u00e8 venuto in visita a Clusone per raccontare agli allievi l&#039;importanza della corretta alimentazione nello sport.\" \/>\n<meta property=\"og:url\" content=\"https:\/\/www.abf.eu\/clusone\/chef-calvi\/\" \/>\n<meta property=\"og:site_name\" content=\"Clusone\" \/>\n<meta property=\"article:published_time\" content=\"2019-11-15T18:45:00+00:00\" \/>\n<meta property=\"article:modified_time\" content=\"2020-11-20T19:52:06+00:00\" \/>\n<meta property=\"og:image\" content=\"https:\/\/www.abf.eu\/clusone\/wp-content\/uploads\/sites\/2\/2020\/11\/temp-1.jpg\" \/>\n\t<meta property=\"og:image:width\" content=\"1440\" \/>\n\t<meta property=\"og:image:height\" content=\"960\" \/>\n\t<meta property=\"og:image:type\" content=\"image\/jpeg\" \/>\n<meta name=\"author\" content=\"danilocaccia\" \/>\n<meta name=\"twitter:card\" content=\"summary_large_image\" \/>\n<meta name=\"twitter:label1\" content=\"Scritto da\" \/>\n\t<meta name=\"twitter:data1\" content=\"danilocaccia\" \/>\n\t<meta name=\"twitter:label2\" content=\"Tempo di lettura stimato\" \/>\n\t<meta name=\"twitter:data2\" content=\"2 minuti\" \/>\n<script type=\"application\/ld+json\" class=\"yoast-schema-graph\">{\"@context\":\"https:\/\/schema.org\",\"@graph\":[{\"@type\":\"WebPage\",\"@id\":\"https:\/\/www.abf.eu\/clusone\/chef-calvi\/\",\"url\":\"https:\/\/www.abf.eu\/clusone\/chef-calvi\/\",\"name\":\"Lo chef Calvi dell'Atalanta in visita ad ABF Clusone - Clusone\",\"isPartOf\":{\"@id\":\"https:\/\/www.abf.eu\/clusone\/#website\"},\"primaryImageOfPage\":{\"@id\":\"https:\/\/www.abf.eu\/clusone\/chef-calvi\/#primaryimage\"},\"image\":{\"@id\":\"https:\/\/www.abf.eu\/clusone\/chef-calvi\/#primaryimage\"},\"thumbnailUrl\":\"https:\/\/www.abf.eu\/clusone\/wp-content\/uploads\/sites\/2\/2020\/11\/temp-1.jpg\",\"datePublished\":\"2019-11-15T18:45:00+00:00\",\"dateModified\":\"2020-11-20T19:52:06+00:00\",\"author\":{\"@id\":\"https:\/\/www.abf.eu\/clusone\/#\/schema\/person\/8a78d772811de95e251d66b4d5491f76\"},\"description\":\"Lo chef Calvi dell'Atalanta \u00e8 venuto in visita a Clusone per raccontare agli allievi l'importanza della corretta alimentazione nello sport.\",\"breadcrumb\":{\"@id\":\"https:\/\/www.abf.eu\/clusone\/chef-calvi\/#breadcrumb\"},\"inLanguage\":\"it-IT\",\"potentialAction\":[{\"@type\":\"ReadAction\",\"target\":[\"https:\/\/www.abf.eu\/clusone\/chef-calvi\/\"]}]},{\"@type\":\"ImageObject\",\"inLanguage\":\"it-IT\",\"@id\":\"https:\/\/www.abf.eu\/clusone\/chef-calvi\/#primaryimage\",\"url\":\"https:\/\/www.abf.eu\/clusone\/wp-content\/uploads\/sites\/2\/2020\/11\/temp-1.jpg\",\"contentUrl\":\"https:\/\/www.abf.eu\/clusone\/wp-content\/uploads\/sites\/2\/2020\/11\/temp-1.jpg\",\"width\":1440,\"height\":960,\"caption\":\"Chef Calvi Atalanta\"},{\"@type\":\"BreadcrumbList\",\"@id\":\"https:\/\/www.abf.eu\/clusone\/chef-calvi\/#breadcrumb\",\"itemListElement\":[{\"@type\":\"ListItem\",\"position\":1,\"name\":\"Home\",\"item\":\"https:\/\/www.abf.eu\/clusone\/\"},{\"@type\":\"ListItem\",\"position\":2,\"name\":\"Lo chef Calvi dell&#8217;Atalanta in visita\"}]},{\"@type\":\"WebSite\",\"@id\":\"https:\/\/www.abf.eu\/clusone\/#website\",\"url\":\"https:\/\/www.abf.eu\/clusone\/\",\"name\":\"Clusone\",\"description\":\"Ecco un altro sito Abf siti\",\"potentialAction\":[{\"@type\":\"SearchAction\",\"target\":{\"@type\":\"EntryPoint\",\"urlTemplate\":\"https:\/\/www.abf.eu\/clusone\/?s={search_term_string}\"},\"query-input\":{\"@type\":\"PropertyValueSpecification\",\"valueRequired\":true,\"valueName\":\"search_term_string\"}}],\"inLanguage\":\"it-IT\"},{\"@type\":\"Person\",\"@id\":\"https:\/\/www.abf.eu\/clusone\/#\/schema\/person\/8a78d772811de95e251d66b4d5491f76\",\"name\":\"danilocaccia\",\"image\":{\"@type\":\"ImageObject\",\"inLanguage\":\"it-IT\",\"@id\":\"https:\/\/www.abf.eu\/clusone\/#\/schema\/person\/image\/\",\"url\":\"https:\/\/secure.gravatar.com\/avatar\/d87f496e2092d70f0bc729633c0c70a56c54c4f8ce3eefdacc36b91c04c2e1c0?s=96&d=mm&r=g\",\"contentUrl\":\"https:\/\/secure.gravatar.com\/avatar\/d87f496e2092d70f0bc729633c0c70a56c54c4f8ce3eefdacc36b91c04c2e1c0?s=96&d=mm&r=g\",\"caption\":\"danilocaccia\"},\"sameAs\":[\"https:\/\/www.linkedin.com\/in\/danilocaccia\/\"],\"url\":\"https:\/\/www.abf.eu\/clusone\/author\/danilocaccia\/\"}]}<\/script>\n<!-- \/ Yoast SEO plugin. -->","yoast_head_json":{"title":"Lo chef Calvi dell'Atalanta in visita ad ABF Clusone - Clusone","description":"Lo chef Calvi dell'Atalanta \u00e8 venuto in visita a Clusone per raccontare agli allievi l'importanza della corretta alimentazione nello sport.","robots":{"index":"index","follow":"follow","max-snippet":"max-snippet:-1","max-image-preview":"max-image-preview:large","max-video-preview":"max-video-preview:-1"},"canonical":"https:\/\/www.abf.eu\/clusone\/chef-calvi\/","og_locale":"it_IT","og_type":"article","og_title":"Lo chef Calvi dell'Atalanta in visita ad ABF Clusone - Clusone","og_description":"Lo chef Calvi dell'Atalanta \u00e8 venuto in visita a Clusone per raccontare agli allievi l'importanza della corretta alimentazione nello sport.","og_url":"https:\/\/www.abf.eu\/clusone\/chef-calvi\/","og_site_name":"Clusone","article_published_time":"2019-11-15T18:45:00+00:00","article_modified_time":"2020-11-20T19:52:06+00:00","og_image":[{"width":1440,"height":960,"url":"https:\/\/www.abf.eu\/clusone\/wp-content\/uploads\/sites\/2\/2020\/11\/temp-1.jpg","type":"image\/jpeg"}],"author":"danilocaccia","twitter_card":"summary_large_image","twitter_misc":{"Scritto da":"danilocaccia","Tempo di lettura stimato":"2 minuti"},"schema":{"@context":"https:\/\/schema.org","@graph":[{"@type":"WebPage","@id":"https:\/\/www.abf.eu\/clusone\/chef-calvi\/","url":"https:\/\/www.abf.eu\/clusone\/chef-calvi\/","name":"Lo chef Calvi dell'Atalanta in visita ad ABF Clusone - Clusone","isPartOf":{"@id":"https:\/\/www.abf.eu\/clusone\/#website"},"primaryImageOfPage":{"@id":"https:\/\/www.abf.eu\/clusone\/chef-calvi\/#primaryimage"},"image":{"@id":"https:\/\/www.abf.eu\/clusone\/chef-calvi\/#primaryimage"},"thumbnailUrl":"https:\/\/www.abf.eu\/clusone\/wp-content\/uploads\/sites\/2\/2020\/11\/temp-1.jpg","datePublished":"2019-11-15T18:45:00+00:00","dateModified":"2020-11-20T19:52:06+00:00","author":{"@id":"https:\/\/www.abf.eu\/clusone\/#\/schema\/person\/8a78d772811de95e251d66b4d5491f76"},"description":"Lo chef Calvi dell'Atalanta \u00e8 venuto in visita a Clusone per raccontare agli allievi l'importanza della corretta alimentazione nello sport.","breadcrumb":{"@id":"https:\/\/www.abf.eu\/clusone\/chef-calvi\/#breadcrumb"},"inLanguage":"it-IT","potentialAction":[{"@type":"ReadAction","target":["https:\/\/www.abf.eu\/clusone\/chef-calvi\/"]}]},{"@type":"ImageObject","inLanguage":"it-IT","@id":"https:\/\/www.abf.eu\/clusone\/chef-calvi\/#primaryimage","url":"https:\/\/www.abf.eu\/clusone\/wp-content\/uploads\/sites\/2\/2020\/11\/temp-1.jpg","contentUrl":"https:\/\/www.abf.eu\/clusone\/wp-content\/uploads\/sites\/2\/2020\/11\/temp-1.jpg","width":1440,"height":960,"caption":"Chef Calvi Atalanta"},{"@type":"BreadcrumbList","@id":"https:\/\/www.abf.eu\/clusone\/chef-calvi\/#breadcrumb","itemListElement":[{"@type":"ListItem","position":1,"name":"Home","item":"https:\/\/www.abf.eu\/clusone\/"},{"@type":"ListItem","position":2,"name":"Lo chef Calvi dell&#8217;Atalanta in visita"}]},{"@type":"WebSite","@id":"https:\/\/www.abf.eu\/clusone\/#website","url":"https:\/\/www.abf.eu\/clusone\/","name":"Clusone","description":"Ecco un altro sito Abf siti","potentialAction":[{"@type":"SearchAction","target":{"@type":"EntryPoint","urlTemplate":"https:\/\/www.abf.eu\/clusone\/?s={search_term_string}"},"query-input":{"@type":"PropertyValueSpecification","valueRequired":true,"valueName":"search_term_string"}}],"inLanguage":"it-IT"},{"@type":"Person","@id":"https:\/\/www.abf.eu\/clusone\/#\/schema\/person\/8a78d772811de95e251d66b4d5491f76","name":"danilocaccia","image":{"@type":"ImageObject","inLanguage":"it-IT","@id":"https:\/\/www.abf.eu\/clusone\/#\/schema\/person\/image\/","url":"https:\/\/secure.gravatar.com\/avatar\/d87f496e2092d70f0bc729633c0c70a56c54c4f8ce3eefdacc36b91c04c2e1c0?s=96&d=mm&r=g","contentUrl":"https:\/\/secure.gravatar.com\/avatar\/d87f496e2092d70f0bc729633c0c70a56c54c4f8ce3eefdacc36b91c04c2e1c0?s=96&d=mm&r=g","caption":"danilocaccia"},"sameAs":["https:\/\/www.linkedin.com\/in\/danilocaccia\/"],"url":"https:\/\/www.abf.eu\/clusone\/author\/danilocaccia\/"}]}},"_links":{"self":[{"href":"https:\/\/www.abf.eu\/clusone\/wp-json\/wp\/v2\/posts\/14730","targetHints":{"allow":["GET"]}}],"collection":[{"href":"https:\/\/www.abf.eu\/clusone\/wp-json\/wp\/v2\/posts"}],"about":[{"href":"https:\/\/www.abf.eu\/clusone\/wp-json\/wp\/v2\/types\/post"}],"author":[{"embeddable":true,"href":"https:\/\/www.abf.eu\/clusone\/wp-json\/wp\/v2\/users\/31"}],"replies":[{"embeddable":true,"href":"https:\/\/www.abf.eu\/clusone\/wp-json\/wp\/v2\/comments?post=14730"}],"version-history":[{"count":2,"href":"https:\/\/www.abf.eu\/clusone\/wp-json\/wp\/v2\/posts\/14730\/revisions"}],"predecessor-version":[{"id":14800,"href":"https:\/\/www.abf.eu\/clusone\/wp-json\/wp\/v2\/posts\/14730\/revisions\/14800"}],"wp:featuredmedia":[{"embeddable":true,"href":"https:\/\/www.abf.eu\/clusone\/wp-json\/wp\/v2\/media\/14798"}],"wp:attachment":[{"href":"https:\/\/www.abf.eu\/clusone\/wp-json\/wp\/v2\/media?parent=14730"}],"wp:term":[{"taxonomy":"category","embeddable":true,"href":"https:\/\/www.abf.eu\/clusone\/wp-json\/wp\/v2\/categories?post=14730"},{"taxonomy":"post_tag","embeddable":true,"href":"https:\/\/www.abf.eu\/clusone\/wp-json\/wp\/v2\/tags?post=14730"}],"curies":[{"name":"wp","href":"https:\/\/api.w.org\/{rel}","templated":true}]}}