{"id":14732,"date":"2019-11-05T19:50:26","date_gmt":"2019-11-05T18:50:26","guid":{"rendered":"https:\/\/www.abf.eu\/clusone\/?p=14732"},"modified":"2020-11-20T20:51:39","modified_gmt":"2020-11-20T19:51:39","slug":"concorso-roberto-benussi-am","status":"publish","type":"post","link":"https:\/\/www.abf.eu\/clusone\/concorso-roberto-benussi-am\/","title":{"rendered":"Concorso Roberto Benussi AM"},"content":{"rendered":"\n<p>5 Novembre 2019 &#8211; Il giorno mercoled\u00ec 30 ottobre, presso la Fiera di Bergamo, Teseo Alloni, Alessandro Paganessi e Luca Zucchelli dalla classe terza settore Cucina e Lara Turi di quarta, accompagnati da Irene Gusmini, Michela Jiang, Cristian Legrenzi, Manuel Negroni e Fabrizio Stramare, allievi\u00a0 di seconda sala bar, hanno partecipato alla prima edizione del \u201c<strong><em>Concorso in memoria di Roberto Benussi<\/em><\/strong>\u201d, promosso da <strong>Promoberg<\/strong> in collaborazione con l\u2019<strong>Associazione Cuochi Bergamaschi<\/strong> e l\u2019<strong>Azienda Agricola Salera<\/strong>. <\/p>\n\n\n\n<p>I nostri allievi dell&#8217;ABF di Clusone sono saliti sul podio, portandosi a casa una medaglia d\u2019argento per la Cucina e un bronzo per la Sala.<\/p>\n\n\n\n<p>Il concorso \u00e8 stato particolarmente sentito dalla nostra scuola, in quanto Benussi, presidente dei cuochi bergamaschi scomparso nel novembre scorso, oltre a essere stato il gestore di un noto ristorante a Clusone, \u201c<em>La bussola<\/em>\u201d, fu anche un docente per pi\u00f9 di 20 anni alla nostra scuola alberghiera, prima ancora che divenisse \u201cAzienda Bergamasca Formazione\u201d.<\/p>\n\n\n\n<p>Benussi \u00e8 stato, inoltre, alla guida dell\u2019Associazione cuochi bergamaschi e nel 2015 era stato eletto cuoco lombardo dell\u2019anno.<\/p>\n\n\n\n<p>L\u2019unico vincolo del concorso era l\u2019utilizzo di coniglio e di cereali e la prima coppia di aspiranti chef, Lara e Teseo, ha pensato di richiamare i sapori della nostra terra: coniglio ripieno, polenta nera, tartufo e fonduta al taleggio componevano il piatto, intitolato \u201cFinalmente domenica\u201d. Il titolo \u00e8 stato scelto non solo in ricordo della cucina di Benussi, ma anche delle domeniche in famiglia del post guerra delle nostre valli. Proprio questo \u00e8 stato il piatto che si \u00e8 aggiudicato l\u2019argento.<\/p>\n\n\n\n<p>I ragazzi di Sala si sono occupati della mise en place della tavola e del coperto, con servizio dei tavoli presentati in gara.<\/p>\n\n\n\n<p>Sempre supportati dagli allievi di Sala per il servizio, Alessandro e Luca hanno realizzato un piatto di ravioli ripieni di coniglio, adagiati su vellutata di patate e piselli, coronati poi dai fasolari, dal nome \u201cRicordo\u201d. Si tratta di un rimando chiaro a Benussi, che utilizzava spesso le <strong>vongole fasolari<\/strong> nelle sue ricette: per chi non lo sapesse, sono molluschi dalla carne molto morbida, che vengono pescati soprattutto nei fondali sabbiosi dell&#8217;Adriatico da Chioggia al Golfo di Trieste, dove le correnti marine provenienti dall\u2019Istria creano dei grandi banchi di sabbia, habitat esclusivo per i fasolari. Benussi aveva, infatti, origini istriane, ma fu costretto a trasferirsi in Italia: era uno degli esuli italiani che, al termine della seconda guerra mondiale, furono costretti ad abbandonare i loro paesi, le loro abitazioni e le loro propriet\u00e0 in Istria, Quarnaro e Dalmazia.<\/p>\n\n\n\n<p>Benussi fu anche insegnante dello <strong>chef Roberto Bonalda<\/strong>, attualmente nostro docente, con il quale lavor\u00f2 successivamente: \u00abLavorammo anche insieme a Grado, vicino a Trieste &#8211; racconta lo chef &#8211; e uno dei suoi cavalli di battaglia erano proprio i tagliolini o il risotto con i fasolari\u00bb.<\/p>\n\n\n\n<p>Il piatto presentato \u00e8 realizzato anche con prodotti di montagna, per ricordare il nostro territorio: nel ripieno dei ravioli \u00e8 presente l\u2019<strong>Agr\u00ec di Valtorta<\/strong>, un formaggio di piccole dimensioni, <strong>presidio Slow Food<\/strong>, fatto con latte vaccino intero a pasta cruda.<\/p>\n\n\n\n<p>Nonostante questo piatto non abbia vinto, tutti noi siamo stati felici e onorati di partecipare a un evento che celebrava una persona importante del mondo della cucina e portarci a casa una medaglia \u00e8 stato il riconoscimento migliore non solo per orgoglio nostro, ma anche perch\u00e9 ha legato ABF a Benussi in maniera ancor pi\u00f9 forte.<\/p>\n","protected":false},"excerpt":{"rendered":"<p>5 Novembre 2019 &#8211; Il giorno mercoled\u00ec 30 ottobre, presso<\/p>\n","protected":false},"author":31,"featured_media":14804,"comment_status":"open","ping_status":"open","sticky":false,"template":"","format":"standard","meta":{"footnotes":""},"categories":[1],"tags":[],"class_list":["post-14732","post","type-post","status-publish","format-standard","has-post-thumbnail","hentry","category-senza-categoria"],"yoast_head":"<!-- This site is optimized with the Yoast SEO plugin v25.8 - https:\/\/yoast.com\/wordpress\/plugins\/seo\/ -->\n<title>Concorso Roberto Benussi AM - Clusone<\/title>\n<meta name=\"robots\" content=\"index, follow, max-snippet:-1, max-image-preview:large, max-video-preview:-1\" \/>\n<link rel=\"canonical\" href=\"https:\/\/www.abf.eu\/clusone\/concorso-roberto-benussi-am\/\" \/>\n<meta property=\"og:locale\" content=\"it_IT\" \/>\n<meta property=\"og:type\" content=\"article\" \/>\n<meta property=\"og:title\" content=\"Concorso Roberto Benussi AM - Clusone\" \/>\n<meta property=\"og:description\" content=\"5 Novembre 2019 &#8211; Il giorno mercoled\u00ec 30 ottobre, presso\" \/>\n<meta property=\"og:url\" content=\"https:\/\/www.abf.eu\/clusone\/concorso-roberto-benussi-am\/\" \/>\n<meta property=\"og:site_name\" content=\"Clusone\" \/>\n<meta property=\"article:published_time\" content=\"2019-11-05T18:50:26+00:00\" \/>\n<meta property=\"article:modified_time\" content=\"2020-11-20T19:51:39+00:00\" \/>\n<meta property=\"og:image\" content=\"https:\/\/www.abf.eu\/clusone\/wp-content\/uploads\/sites\/2\/2020\/11\/ABF-benussi-roberto.jpg\" \/>\n\t<meta property=\"og:image:width\" content=\"1440\" \/>\n\t<meta property=\"og:image:height\" content=\"960\" \/>\n\t<meta property=\"og:image:type\" content=\"image\/jpeg\" \/>\n<meta name=\"author\" content=\"danilocaccia\" \/>\n<meta name=\"twitter:card\" content=\"summary_large_image\" \/>\n<meta name=\"twitter:label1\" content=\"Scritto da\" \/>\n\t<meta name=\"twitter:data1\" content=\"danilocaccia\" \/>\n\t<meta name=\"twitter:label2\" content=\"Tempo di lettura stimato\" \/>\n\t<meta name=\"twitter:data2\" content=\"3 minuti\" \/>\n<script type=\"application\/ld+json\" class=\"yoast-schema-graph\">{\"@context\":\"https:\/\/schema.org\",\"@graph\":[{\"@type\":\"WebPage\",\"@id\":\"https:\/\/www.abf.eu\/clusone\/concorso-roberto-benussi-am\/\",\"url\":\"https:\/\/www.abf.eu\/clusone\/concorso-roberto-benussi-am\/\",\"name\":\"Concorso Roberto Benussi AM - Clusone\",\"isPartOf\":{\"@id\":\"https:\/\/www.abf.eu\/clusone\/#website\"},\"primaryImageOfPage\":{\"@id\":\"https:\/\/www.abf.eu\/clusone\/concorso-roberto-benussi-am\/#primaryimage\"},\"image\":{\"@id\":\"https:\/\/www.abf.eu\/clusone\/concorso-roberto-benussi-am\/#primaryimage\"},\"thumbnailUrl\":\"https:\/\/www.abf.eu\/clusone\/wp-content\/uploads\/sites\/2\/2020\/11\/ABF-benussi-roberto.jpg\",\"datePublished\":\"2019-11-05T18:50:26+00:00\",\"dateModified\":\"2020-11-20T19:51:39+00:00\",\"author\":{\"@id\":\"https:\/\/www.abf.eu\/clusone\/#\/schema\/person\/8a78d772811de95e251d66b4d5491f76\"},\"breadcrumb\":{\"@id\":\"https:\/\/www.abf.eu\/clusone\/concorso-roberto-benussi-am\/#breadcrumb\"},\"inLanguage\":\"it-IT\",\"potentialAction\":[{\"@type\":\"ReadAction\",\"target\":[\"https:\/\/www.abf.eu\/clusone\/concorso-roberto-benussi-am\/\"]}]},{\"@type\":\"ImageObject\",\"inLanguage\":\"it-IT\",\"@id\":\"https:\/\/www.abf.eu\/clusone\/concorso-roberto-benussi-am\/#primaryimage\",\"url\":\"https:\/\/www.abf.eu\/clusone\/wp-content\/uploads\/sites\/2\/2020\/11\/ABF-benussi-roberto.jpg\",\"contentUrl\":\"https:\/\/www.abf.eu\/clusone\/wp-content\/uploads\/sites\/2\/2020\/11\/ABF-benussi-roberto.jpg\",\"width\":1440,\"height\":960},{\"@type\":\"BreadcrumbList\",\"@id\":\"https:\/\/www.abf.eu\/clusone\/concorso-roberto-benussi-am\/#breadcrumb\",\"itemListElement\":[{\"@type\":\"ListItem\",\"position\":1,\"name\":\"Home\",\"item\":\"https:\/\/www.abf.eu\/clusone\/\"},{\"@type\":\"ListItem\",\"position\":2,\"name\":\"Concorso Roberto Benussi AM\"}]},{\"@type\":\"WebSite\",\"@id\":\"https:\/\/www.abf.eu\/clusone\/#website\",\"url\":\"https:\/\/www.abf.eu\/clusone\/\",\"name\":\"Clusone\",\"description\":\"Ecco un altro sito Abf siti\",\"potentialAction\":[{\"@type\":\"SearchAction\",\"target\":{\"@type\":\"EntryPoint\",\"urlTemplate\":\"https:\/\/www.abf.eu\/clusone\/?s={search_term_string}\"},\"query-input\":{\"@type\":\"PropertyValueSpecification\",\"valueRequired\":true,\"valueName\":\"search_term_string\"}}],\"inLanguage\":\"it-IT\"},{\"@type\":\"Person\",\"@id\":\"https:\/\/www.abf.eu\/clusone\/#\/schema\/person\/8a78d772811de95e251d66b4d5491f76\",\"name\":\"danilocaccia\",\"image\":{\"@type\":\"ImageObject\",\"inLanguage\":\"it-IT\",\"@id\":\"https:\/\/www.abf.eu\/clusone\/#\/schema\/person\/image\/\",\"url\":\"https:\/\/secure.gravatar.com\/avatar\/d87f496e2092d70f0bc729633c0c70a56c54c4f8ce3eefdacc36b91c04c2e1c0?s=96&d=mm&r=g\",\"contentUrl\":\"https:\/\/secure.gravatar.com\/avatar\/d87f496e2092d70f0bc729633c0c70a56c54c4f8ce3eefdacc36b91c04c2e1c0?s=96&d=mm&r=g\",\"caption\":\"danilocaccia\"},\"sameAs\":[\"https:\/\/www.linkedin.com\/in\/danilocaccia\/\"],\"url\":\"https:\/\/www.abf.eu\/clusone\/author\/danilocaccia\/\"}]}<\/script>\n<!-- \/ Yoast SEO plugin. -->","yoast_head_json":{"title":"Concorso Roberto Benussi AM - Clusone","robots":{"index":"index","follow":"follow","max-snippet":"max-snippet:-1","max-image-preview":"max-image-preview:large","max-video-preview":"max-video-preview:-1"},"canonical":"https:\/\/www.abf.eu\/clusone\/concorso-roberto-benussi-am\/","og_locale":"it_IT","og_type":"article","og_title":"Concorso Roberto Benussi AM - Clusone","og_description":"5 Novembre 2019 &#8211; Il giorno mercoled\u00ec 30 ottobre, presso","og_url":"https:\/\/www.abf.eu\/clusone\/concorso-roberto-benussi-am\/","og_site_name":"Clusone","article_published_time":"2019-11-05T18:50:26+00:00","article_modified_time":"2020-11-20T19:51:39+00:00","og_image":[{"width":1440,"height":960,"url":"https:\/\/www.abf.eu\/clusone\/wp-content\/uploads\/sites\/2\/2020\/11\/ABF-benussi-roberto.jpg","type":"image\/jpeg"}],"author":"danilocaccia","twitter_card":"summary_large_image","twitter_misc":{"Scritto da":"danilocaccia","Tempo di lettura stimato":"3 minuti"},"schema":{"@context":"https:\/\/schema.org","@graph":[{"@type":"WebPage","@id":"https:\/\/www.abf.eu\/clusone\/concorso-roberto-benussi-am\/","url":"https:\/\/www.abf.eu\/clusone\/concorso-roberto-benussi-am\/","name":"Concorso Roberto Benussi AM - Clusone","isPartOf":{"@id":"https:\/\/www.abf.eu\/clusone\/#website"},"primaryImageOfPage":{"@id":"https:\/\/www.abf.eu\/clusone\/concorso-roberto-benussi-am\/#primaryimage"},"image":{"@id":"https:\/\/www.abf.eu\/clusone\/concorso-roberto-benussi-am\/#primaryimage"},"thumbnailUrl":"https:\/\/www.abf.eu\/clusone\/wp-content\/uploads\/sites\/2\/2020\/11\/ABF-benussi-roberto.jpg","datePublished":"2019-11-05T18:50:26+00:00","dateModified":"2020-11-20T19:51:39+00:00","author":{"@id":"https:\/\/www.abf.eu\/clusone\/#\/schema\/person\/8a78d772811de95e251d66b4d5491f76"},"breadcrumb":{"@id":"https:\/\/www.abf.eu\/clusone\/concorso-roberto-benussi-am\/#breadcrumb"},"inLanguage":"it-IT","potentialAction":[{"@type":"ReadAction","target":["https:\/\/www.abf.eu\/clusone\/concorso-roberto-benussi-am\/"]}]},{"@type":"ImageObject","inLanguage":"it-IT","@id":"https:\/\/www.abf.eu\/clusone\/concorso-roberto-benussi-am\/#primaryimage","url":"https:\/\/www.abf.eu\/clusone\/wp-content\/uploads\/sites\/2\/2020\/11\/ABF-benussi-roberto.jpg","contentUrl":"https:\/\/www.abf.eu\/clusone\/wp-content\/uploads\/sites\/2\/2020\/11\/ABF-benussi-roberto.jpg","width":1440,"height":960},{"@type":"BreadcrumbList","@id":"https:\/\/www.abf.eu\/clusone\/concorso-roberto-benussi-am\/#breadcrumb","itemListElement":[{"@type":"ListItem","position":1,"name":"Home","item":"https:\/\/www.abf.eu\/clusone\/"},{"@type":"ListItem","position":2,"name":"Concorso Roberto Benussi AM"}]},{"@type":"WebSite","@id":"https:\/\/www.abf.eu\/clusone\/#website","url":"https:\/\/www.abf.eu\/clusone\/","name":"Clusone","description":"Ecco un altro sito Abf siti","potentialAction":[{"@type":"SearchAction","target":{"@type":"EntryPoint","urlTemplate":"https:\/\/www.abf.eu\/clusone\/?s={search_term_string}"},"query-input":{"@type":"PropertyValueSpecification","valueRequired":true,"valueName":"search_term_string"}}],"inLanguage":"it-IT"},{"@type":"Person","@id":"https:\/\/www.abf.eu\/clusone\/#\/schema\/person\/8a78d772811de95e251d66b4d5491f76","name":"danilocaccia","image":{"@type":"ImageObject","inLanguage":"it-IT","@id":"https:\/\/www.abf.eu\/clusone\/#\/schema\/person\/image\/","url":"https:\/\/secure.gravatar.com\/avatar\/d87f496e2092d70f0bc729633c0c70a56c54c4f8ce3eefdacc36b91c04c2e1c0?s=96&d=mm&r=g","contentUrl":"https:\/\/secure.gravatar.com\/avatar\/d87f496e2092d70f0bc729633c0c70a56c54c4f8ce3eefdacc36b91c04c2e1c0?s=96&d=mm&r=g","caption":"danilocaccia"},"sameAs":["https:\/\/www.linkedin.com\/in\/danilocaccia\/"],"url":"https:\/\/www.abf.eu\/clusone\/author\/danilocaccia\/"}]}},"_links":{"self":[{"href":"https:\/\/www.abf.eu\/clusone\/wp-json\/wp\/v2\/posts\/14732","targetHints":{"allow":["GET"]}}],"collection":[{"href":"https:\/\/www.abf.eu\/clusone\/wp-json\/wp\/v2\/posts"}],"about":[{"href":"https:\/\/www.abf.eu\/clusone\/wp-json\/wp\/v2\/types\/post"}],"author":[{"embeddable":true,"href":"https:\/\/www.abf.eu\/clusone\/wp-json\/wp\/v2\/users\/31"}],"replies":[{"embeddable":true,"href":"https:\/\/www.abf.eu\/clusone\/wp-json\/wp\/v2\/comments?post=14732"}],"version-history":[{"count":4,"href":"https:\/\/www.abf.eu\/clusone\/wp-json\/wp\/v2\/posts\/14732\/revisions"}],"predecessor-version":[{"id":14833,"href":"https:\/\/www.abf.eu\/clusone\/wp-json\/wp\/v2\/posts\/14732\/revisions\/14833"}],"wp:featuredmedia":[{"embeddable":true,"href":"https:\/\/www.abf.eu\/clusone\/wp-json\/wp\/v2\/media\/14804"}],"wp:attachment":[{"href":"https:\/\/www.abf.eu\/clusone\/wp-json\/wp\/v2\/media?parent=14732"}],"wp:term":[{"taxonomy":"category","embeddable":true,"href":"https:\/\/www.abf.eu\/clusone\/wp-json\/wp\/v2\/categories?post=14732"},{"taxonomy":"post_tag","embeddable":true,"href":"https:\/\/www.abf.eu\/clusone\/wp-json\/wp\/v2\/tags?post=14732"}],"curies":[{"name":"wp","href":"https:\/\/api.w.org\/{rel}","templated":true}]}}