{"id":14974,"date":"2020-12-21T12:07:15","date_gmt":"2020-12-21T11:07:15","guid":{"rendered":"https:\/\/www.abf.eu\/clusone\/?p=14974"},"modified":"2022-03-22T17:47:01","modified_gmt":"2022-03-22T16:47:01","slug":"operatore-agricolo-abilitante-manutentore","status":"publish","type":"post","link":"https:\/\/www.abf.eu\/clusone\/operatore-agricolo-abilitante-manutentore\/","title":{"rendered":"Operatore agricolo: figura dinamica e qualificata"},"content":{"rendered":"\n<p>Il&nbsp;<a href=\"https:\/\/www.abf.eu\/clusone\/corsi\/operatore-agricolo-e-allevamento-animali\/\" target=\"_blank\" rel=\"noreferrer noopener\">corso di operatore agricolo<\/a>&nbsp;offre la possibilit\u00e0 ai giovani agricoltori di imparare prima in aula le nozioni fondamentali, affinandole poi con le attivit\u00e0 pratiche. Durante le attivit\u00e0 di laboratorio, i ragazzi hanno la possibilit\u00e0 di sperimentare con mano le pratiche agricole e zootecniche. <\/p>\n\n\n\n<p>Negli ultimi anni il trend occupazionale che riguarda i giovani agricoltori \u00e8 notevolmente in crescita. Si ricerca soprattutto mano d\u2019opera qualificata, cio\u00e8 in grado di adattarsi ad un mercato dinamico, alle nuove pratiche agronomiche ed in grado di produrre un prodotto a km 0 o biologico. <\/p>\n\n\n\n<p>Tutto questo \u00e8 possibile solo conoscendo in maniera approfondita il proprio territorio, le corrette tecniche di gestione di un prodotto a basso impatto e l\u2019utilizzo di macchinari (solo se sono strettamente indispensabili). <\/p>\n\n\n\n<p>Gli studenti che frequentano il corso di operatore agricolo presso ABF, conoscono il valore di tutto questo e acquisiscono conoscenze specifiche nel settore. Inoltre la qualifica abilita al lavoro di manutentore del verde (giardiniere), trattandosi di una qualifica certificata. <\/p>\n\n\n\n<p>Ogni azienda che opera nel settore del giardinaggio \u00e8 tenuta ad avere tra i suoi dipendenti almeno un operatore abilitato. L&#8217;abilitazione si ottiene attraverso la frequenza del corso &#8220;<strong><a href=\"https:\/\/www.abf.eu\/clusone\/corsi\/manutentore-del-verde\/\">Manutentore del Verde<\/a><\/strong>&#8220;. Questa abilitazione \u00e8 automaticamente rilasciata agli allievi che concludono con successo il percorso di studi. <\/p>\n\n\n\n<p>Gli allievi di ABF svolgono quotidianamente attivit\u00e0 che simulano le realt\u00e0 in cui si troveranno ad operarare al termine del percorso di studi. Oggi la seconda agricolo ha seguito una lezione teorica imparando le basi per la coltivazione del&nbsp;<em><strong>Chrysanthemum<\/strong><\/em>&nbsp;e per la realizzazione di una piccola aiuola. Successivamente hanno concretizzato la teoria, dedicandosi alla messa a dimora delle piante che a breve andranno in riposo vegetativo, sviluppandosi poi a partire dalla primavera 2021. <\/p>\n","protected":false},"excerpt":{"rendered":"<p>Il&nbsp;corso di operatore agricolo&nbsp;offre la possibilit\u00e0 ai giovani agricoltori di<\/p>\n","protected":false},"author":31,"featured_media":14975,"comment_status":"open","ping_status":"open","sticky":false,"template":"","format":"standard","meta":{"footnotes":""},"categories":[1],"tags":[],"class_list":["post-14974","post","type-post","status-publish","format-standard","has-post-thumbnail","hentry","category-senza-categoria"],"yoast_head":"<!-- This site is optimized with the Yoast SEO plugin v25.8 - https:\/\/yoast.com\/wordpress\/plugins\/seo\/ -->\n<title>Operatore agricolo: figura dinamica e qualificata - Clusone<\/title>\n<meta name=\"description\" content=\"La qualifica di Operatore Agricolo abilita a &quot;manutentore del verde&quot;. I ragazzi imparano l&#039;importanza di operare nel e per il territorio.\" \/>\n<meta name=\"robots\" content=\"index, follow, max-snippet:-1, max-image-preview:large, max-video-preview:-1\" \/>\n<link rel=\"canonical\" href=\"https:\/\/www.abf.eu\/clusone\/operatore-agricolo-abilitante-manutentore\/\" \/>\n<meta property=\"og:locale\" content=\"it_IT\" \/>\n<meta property=\"og:type\" content=\"article\" \/>\n<meta property=\"og:title\" content=\"Operatore agricolo: figura dinamica e qualificata - Clusone\" \/>\n<meta property=\"og:description\" content=\"La qualifica di Operatore Agricolo abilita a &quot;manutentore del verde&quot;. I ragazzi imparano l&#039;importanza di operare nel e per il territorio.\" \/>\n<meta property=\"og:url\" content=\"https:\/\/www.abf.eu\/clusone\/operatore-agricolo-abilitante-manutentore\/\" \/>\n<meta property=\"og:site_name\" content=\"Clusone\" \/>\n<meta property=\"article:published_time\" content=\"2020-12-21T11:07:15+00:00\" \/>\n<meta property=\"article:modified_time\" content=\"2022-03-22T16:47:01+00:00\" \/>\n<meta property=\"og:image\" content=\"https:\/\/www.abf.eu\/clusone\/wp-content\/uploads\/sites\/2\/2020\/12\/Foto-1-1.jpg\" \/>\n\t<meta property=\"og:image:width\" content=\"1440\" \/>\n\t<meta property=\"og:image:height\" content=\"960\" \/>\n\t<meta property=\"og:image:type\" content=\"image\/jpeg\" \/>\n<meta name=\"author\" content=\"danilocaccia\" \/>\n<meta name=\"twitter:card\" content=\"summary_large_image\" \/>\n<meta name=\"twitter:label1\" content=\"Scritto da\" \/>\n\t<meta name=\"twitter:data1\" content=\"danilocaccia\" \/>\n\t<meta name=\"twitter:label2\" content=\"Tempo di lettura stimato\" \/>\n\t<meta name=\"twitter:data2\" content=\"2 minuti\" \/>\n<script type=\"application\/ld+json\" class=\"yoast-schema-graph\">{\"@context\":\"https:\/\/schema.org\",\"@graph\":[{\"@type\":\"WebPage\",\"@id\":\"https:\/\/www.abf.eu\/clusone\/operatore-agricolo-abilitante-manutentore\/\",\"url\":\"https:\/\/www.abf.eu\/clusone\/operatore-agricolo-abilitante-manutentore\/\",\"name\":\"Operatore agricolo: figura dinamica e qualificata - Clusone\",\"isPartOf\":{\"@id\":\"https:\/\/www.abf.eu\/clusone\/#website\"},\"primaryImageOfPage\":{\"@id\":\"https:\/\/www.abf.eu\/clusone\/operatore-agricolo-abilitante-manutentore\/#primaryimage\"},\"image\":{\"@id\":\"https:\/\/www.abf.eu\/clusone\/operatore-agricolo-abilitante-manutentore\/#primaryimage\"},\"thumbnailUrl\":\"https:\/\/www.abf.eu\/clusone\/wp-content\/uploads\/sites\/2\/2020\/12\/Foto-1-1.jpg\",\"datePublished\":\"2020-12-21T11:07:15+00:00\",\"dateModified\":\"2022-03-22T16:47:01+00:00\",\"author\":{\"@id\":\"https:\/\/www.abf.eu\/clusone\/#\/schema\/person\/8a78d772811de95e251d66b4d5491f76\"},\"description\":\"La qualifica di Operatore Agricolo abilita a \\\"manutentore del verde\\\". I ragazzi imparano l'importanza di operare nel e per il territorio.\",\"breadcrumb\":{\"@id\":\"https:\/\/www.abf.eu\/clusone\/operatore-agricolo-abilitante-manutentore\/#breadcrumb\"},\"inLanguage\":\"it-IT\",\"potentialAction\":[{\"@type\":\"ReadAction\",\"target\":[\"https:\/\/www.abf.eu\/clusone\/operatore-agricolo-abilitante-manutentore\/\"]}]},{\"@type\":\"ImageObject\",\"inLanguage\":\"it-IT\",\"@id\":\"https:\/\/www.abf.eu\/clusone\/operatore-agricolo-abilitante-manutentore\/#primaryimage\",\"url\":\"https:\/\/www.abf.eu\/clusone\/wp-content\/uploads\/sites\/2\/2020\/12\/Foto-1-1.jpg\",\"contentUrl\":\"https:\/\/www.abf.eu\/clusone\/wp-content\/uploads\/sites\/2\/2020\/12\/Foto-1-1.jpg\",\"width\":1440,\"height\":960,\"caption\":\"Ragazzi al lavoro sulla aiuola\"},{\"@type\":\"BreadcrumbList\",\"@id\":\"https:\/\/www.abf.eu\/clusone\/operatore-agricolo-abilitante-manutentore\/#breadcrumb\",\"itemListElement\":[{\"@type\":\"ListItem\",\"position\":1,\"name\":\"Home\",\"item\":\"https:\/\/www.abf.eu\/clusone\/\"},{\"@type\":\"ListItem\",\"position\":2,\"name\":\"Operatore agricolo: figura dinamica e qualificata\"}]},{\"@type\":\"WebSite\",\"@id\":\"https:\/\/www.abf.eu\/clusone\/#website\",\"url\":\"https:\/\/www.abf.eu\/clusone\/\",\"name\":\"Clusone\",\"description\":\"Ecco un altro sito Abf siti\",\"potentialAction\":[{\"@type\":\"SearchAction\",\"target\":{\"@type\":\"EntryPoint\",\"urlTemplate\":\"https:\/\/www.abf.eu\/clusone\/?s={search_term_string}\"},\"query-input\":{\"@type\":\"PropertyValueSpecification\",\"valueRequired\":true,\"valueName\":\"search_term_string\"}}],\"inLanguage\":\"it-IT\"},{\"@type\":\"Person\",\"@id\":\"https:\/\/www.abf.eu\/clusone\/#\/schema\/person\/8a78d772811de95e251d66b4d5491f76\",\"name\":\"danilocaccia\",\"image\":{\"@type\":\"ImageObject\",\"inLanguage\":\"it-IT\",\"@id\":\"https:\/\/www.abf.eu\/clusone\/#\/schema\/person\/image\/\",\"url\":\"https:\/\/secure.gravatar.com\/avatar\/d87f496e2092d70f0bc729633c0c70a56c54c4f8ce3eefdacc36b91c04c2e1c0?s=96&d=mm&r=g\",\"contentUrl\":\"https:\/\/secure.gravatar.com\/avatar\/d87f496e2092d70f0bc729633c0c70a56c54c4f8ce3eefdacc36b91c04c2e1c0?s=96&d=mm&r=g\",\"caption\":\"danilocaccia\"},\"sameAs\":[\"https:\/\/www.linkedin.com\/in\/danilocaccia\/\"],\"url\":\"https:\/\/www.abf.eu\/clusone\/author\/danilocaccia\/\"}]}<\/script>\n<!-- \/ Yoast SEO plugin. -->","yoast_head_json":{"title":"Operatore agricolo: figura dinamica e qualificata - Clusone","description":"La qualifica di Operatore Agricolo abilita a \"manutentore del verde\". I ragazzi imparano l'importanza di operare nel e per il territorio.","robots":{"index":"index","follow":"follow","max-snippet":"max-snippet:-1","max-image-preview":"max-image-preview:large","max-video-preview":"max-video-preview:-1"},"canonical":"https:\/\/www.abf.eu\/clusone\/operatore-agricolo-abilitante-manutentore\/","og_locale":"it_IT","og_type":"article","og_title":"Operatore agricolo: figura dinamica e qualificata - Clusone","og_description":"La qualifica di Operatore Agricolo abilita a \"manutentore del verde\". I ragazzi imparano l'importanza di operare nel e per il territorio.","og_url":"https:\/\/www.abf.eu\/clusone\/operatore-agricolo-abilitante-manutentore\/","og_site_name":"Clusone","article_published_time":"2020-12-21T11:07:15+00:00","article_modified_time":"2022-03-22T16:47:01+00:00","og_image":[{"width":1440,"height":960,"url":"https:\/\/www.abf.eu\/clusone\/wp-content\/uploads\/sites\/2\/2020\/12\/Foto-1-1.jpg","type":"image\/jpeg"}],"author":"danilocaccia","twitter_card":"summary_large_image","twitter_misc":{"Scritto da":"danilocaccia","Tempo di lettura stimato":"2 minuti"},"schema":{"@context":"https:\/\/schema.org","@graph":[{"@type":"WebPage","@id":"https:\/\/www.abf.eu\/clusone\/operatore-agricolo-abilitante-manutentore\/","url":"https:\/\/www.abf.eu\/clusone\/operatore-agricolo-abilitante-manutentore\/","name":"Operatore agricolo: figura dinamica e qualificata - Clusone","isPartOf":{"@id":"https:\/\/www.abf.eu\/clusone\/#website"},"primaryImageOfPage":{"@id":"https:\/\/www.abf.eu\/clusone\/operatore-agricolo-abilitante-manutentore\/#primaryimage"},"image":{"@id":"https:\/\/www.abf.eu\/clusone\/operatore-agricolo-abilitante-manutentore\/#primaryimage"},"thumbnailUrl":"https:\/\/www.abf.eu\/clusone\/wp-content\/uploads\/sites\/2\/2020\/12\/Foto-1-1.jpg","datePublished":"2020-12-21T11:07:15+00:00","dateModified":"2022-03-22T16:47:01+00:00","author":{"@id":"https:\/\/www.abf.eu\/clusone\/#\/schema\/person\/8a78d772811de95e251d66b4d5491f76"},"description":"La qualifica di Operatore Agricolo abilita a \"manutentore del verde\". I ragazzi imparano l'importanza di operare nel e per il territorio.","breadcrumb":{"@id":"https:\/\/www.abf.eu\/clusone\/operatore-agricolo-abilitante-manutentore\/#breadcrumb"},"inLanguage":"it-IT","potentialAction":[{"@type":"ReadAction","target":["https:\/\/www.abf.eu\/clusone\/operatore-agricolo-abilitante-manutentore\/"]}]},{"@type":"ImageObject","inLanguage":"it-IT","@id":"https:\/\/www.abf.eu\/clusone\/operatore-agricolo-abilitante-manutentore\/#primaryimage","url":"https:\/\/www.abf.eu\/clusone\/wp-content\/uploads\/sites\/2\/2020\/12\/Foto-1-1.jpg","contentUrl":"https:\/\/www.abf.eu\/clusone\/wp-content\/uploads\/sites\/2\/2020\/12\/Foto-1-1.jpg","width":1440,"height":960,"caption":"Ragazzi al lavoro sulla aiuola"},{"@type":"BreadcrumbList","@id":"https:\/\/www.abf.eu\/clusone\/operatore-agricolo-abilitante-manutentore\/#breadcrumb","itemListElement":[{"@type":"ListItem","position":1,"name":"Home","item":"https:\/\/www.abf.eu\/clusone\/"},{"@type":"ListItem","position":2,"name":"Operatore agricolo: figura dinamica e qualificata"}]},{"@type":"WebSite","@id":"https:\/\/www.abf.eu\/clusone\/#website","url":"https:\/\/www.abf.eu\/clusone\/","name":"Clusone","description":"Ecco un altro sito Abf siti","potentialAction":[{"@type":"SearchAction","target":{"@type":"EntryPoint","urlTemplate":"https:\/\/www.abf.eu\/clusone\/?s={search_term_string}"},"query-input":{"@type":"PropertyValueSpecification","valueRequired":true,"valueName":"search_term_string"}}],"inLanguage":"it-IT"},{"@type":"Person","@id":"https:\/\/www.abf.eu\/clusone\/#\/schema\/person\/8a78d772811de95e251d66b4d5491f76","name":"danilocaccia","image":{"@type":"ImageObject","inLanguage":"it-IT","@id":"https:\/\/www.abf.eu\/clusone\/#\/schema\/person\/image\/","url":"https:\/\/secure.gravatar.com\/avatar\/d87f496e2092d70f0bc729633c0c70a56c54c4f8ce3eefdacc36b91c04c2e1c0?s=96&d=mm&r=g","contentUrl":"https:\/\/secure.gravatar.com\/avatar\/d87f496e2092d70f0bc729633c0c70a56c54c4f8ce3eefdacc36b91c04c2e1c0?s=96&d=mm&r=g","caption":"danilocaccia"},"sameAs":["https:\/\/www.linkedin.com\/in\/danilocaccia\/"],"url":"https:\/\/www.abf.eu\/clusone\/author\/danilocaccia\/"}]}},"_links":{"self":[{"href":"https:\/\/www.abf.eu\/clusone\/wp-json\/wp\/v2\/posts\/14974","targetHints":{"allow":["GET"]}}],"collection":[{"href":"https:\/\/www.abf.eu\/clusone\/wp-json\/wp\/v2\/posts"}],"about":[{"href":"https:\/\/www.abf.eu\/clusone\/wp-json\/wp\/v2\/types\/post"}],"author":[{"embeddable":true,"href":"https:\/\/www.abf.eu\/clusone\/wp-json\/wp\/v2\/users\/31"}],"replies":[{"embeddable":true,"href":"https:\/\/www.abf.eu\/clusone\/wp-json\/wp\/v2\/comments?post=14974"}],"version-history":[{"count":10,"href":"https:\/\/www.abf.eu\/clusone\/wp-json\/wp\/v2\/posts\/14974\/revisions"}],"predecessor-version":[{"id":16528,"href":"https:\/\/www.abf.eu\/clusone\/wp-json\/wp\/v2\/posts\/14974\/revisions\/16528"}],"wp:featuredmedia":[{"embeddable":true,"href":"https:\/\/www.abf.eu\/clusone\/wp-json\/wp\/v2\/media\/14975"}],"wp:attachment":[{"href":"https:\/\/www.abf.eu\/clusone\/wp-json\/wp\/v2\/media?parent=14974"}],"wp:term":[{"taxonomy":"category","embeddable":true,"href":"https:\/\/www.abf.eu\/clusone\/wp-json\/wp\/v2\/categories?post=14974"},{"taxonomy":"post_tag","embeddable":true,"href":"https:\/\/www.abf.eu\/clusone\/wp-json\/wp\/v2\/tags?post=14974"}],"curies":[{"name":"wp","href":"https:\/\/api.w.org\/{rel}","templated":true}]}}