{"id":15146,"date":"2021-02-07T15:50:37","date_gmt":"2021-02-07T14:50:37","guid":{"rendered":"https:\/\/www.abf.eu\/clusone\/?p=15146"},"modified":"2022-03-23T11:08:18","modified_gmt":"2022-03-23T10:08:18","slug":"bullismo-e-cyberbullismo","status":"publish","type":"post","link":"https:\/\/www.abf.eu\/clusone\/bullismo-e-cyberbullismo\/","title":{"rendered":"Giornata nazionale contro il bullismo e il cyberbullismo"},"content":{"rendered":"\n<h3 class=\"wp-block-heading\">Il 7 febbraio \u00e8 la giornata nazionale contro il bullismo e il cyberbullismo<\/h3>\n\n\n\n<p>Oggi, il 7 febbraio, si celebra la giornata nazionale contro il bullismo e il cyberbullismo. Il tema \u00e8 serio e attuale: recenti statistiche hanno messo alla luce come il fenomeno del bullismo sia tutt&#8217;altro che sconfitto. Questo si pu\u00f2 rilevare anche nella sua forma virtuale. In <a href=\"https:\/\/www.istat.it\/it\/files\/\/2020\/06\/Istat_Memoria-scritta_Violenza-tra-minori_1-giugno-2020.pdf\">questa analisi recente<\/a> (giugno 2020) rilasciata da ISTAT, emerge un dato agghiacciante, che vogliamo riportarvi.  &#8220;<em>Pi\u00f9 del 50% degli intervistati 11-17enni (1.687) riferisce di essere rimasto vittima, nei 12 mesi precedenti l\u2019intervista, di un qualche episodio offensivo, non rispettoso e\/o violento<\/em>&#8220;.<\/p>\n\n\n\n<p>Per questo motivo la scuola \u00e8 sempre in prima linea per combattere questo fenomeno attraverso interventi, percorsi di sensibilizzazione e, soprattutto, con l&#8217;ascolto.<\/p>\n\n\n\n<h5 class=\"wp-block-heading\">Didattica e sensibilit\u00e0<\/h5>\n\n\n\n<p>ABF Clusone ha deciso di parlare apertamente con i ragazzi e di organizzare una intera <strong>Unit\u00e0 Di Apprendimento (UDA)<\/strong> su questo tema. Il titolo del progetto \u00e8 &#8220;<strong><em>cyberbullo non \u00e8 cyber&#8230;bello<\/em><\/strong>&#8220;.<\/p>\n\n\n\n<p>Una UDA consiste in un macrotema che viene sviluppato contemporaneamente da pi\u00f9 discipline. Lo scopo finale \u00e8 quello di realizzare un prodotto che aiuti al raggiungimento delle competenze previste dal percorso formativo degli allievi. <\/p>\n\n\n\n<p>La classe scelta per svolgere questo particolare lavoro \u00e8 stata la prima del percorso di <a href=\"https:\/\/www.abf.eu\/clusone\/corsi\/operatore-grafico-ipermediale\/\">Operatore Grafico Ipermediale<\/a>. <\/p>\n\n\n\n<p>I ragazzi sono diventati i protagonisti delle lezioni e si sono messi all&#8217;opera per discutere il tema, analizzare casi reali e situazioni verosimili, realizzare prodotti grafici e di comunicazione. <\/p>\n\n\n\n<p>Il punto di partenza per tutte le discipline \u00e8 stato il &#8220;Manifesto delle Parole Ostili&#8221;, scaricabile gratuitamente sul sito <a rel=\"noreferrer noopener\" href=\"http:\/\/www.paroleostili.it\" target=\"_blank\">www.paroleostili.it<\/a>.<\/p>\n\n\n\n<p>Lasciamo un po&#8217; di elaborati nella galleria di questo articolo, e altro potrete trovare sui nostri social. Tra il materiale realizzato dai ragazzi troverete anche una bozza di progetto di un profilo Instagram, ideato da una nostra allieva e interamente dedicato a questo tema.<\/p>\n\n\n\n<h5 class=\"wp-block-heading\">Non solo post&#8230;<\/h5>\n\n\n\n<p>I ragazzi hanno sviluppato il tema in tutte le materie, da italiano a comunicazione visiva, da graphic design a fotografia, passando per videomaking, informatica, religione e arte. <\/p>\n\n\n\n<p>Nei prossimi giorni pubblicheremo altri elaborati realizzati dei ragazzi, tra cui un banner di 6 metri che verr\u00e0 stampato e affisso all&#8217;interno della scuola perch\u00e9 possa essere visto e condiviso da tutti i compagni.<\/p>\n\n\n\n<p>Perch\u00e9 il bullismo non \u00e8 un problema di un ragazzo. Il bullismo \u00e8 un problema di tutti.<\/p>\n\n\n\n<p>E noi, tutti insieme, abbiamo deciso di dire forte &#8220;no al bullismo e al cyberbullismo&#8221;.<\/p>\n\n\n\n<p><\/p>\n","protected":false},"excerpt":{"rendered":"<p>Il 7 febbraio \u00e8 la giornata nazionale contro il bullismo<\/p>\n","protected":false},"author":31,"featured_media":15148,"comment_status":"open","ping_status":"open","sticky":false,"template":"","format":"standard","meta":{"footnotes":""},"categories":[1],"tags":[],"class_list":["post-15146","post","type-post","status-publish","format-standard","has-post-thumbnail","hentry","category-senza-categoria"],"yoast_head":"<!-- This site is optimized with the Yoast SEO plugin v25.8 - https:\/\/yoast.com\/wordpress\/plugins\/seo\/ -->\n<title>Giornata nazionale contro il bullismo e il cyberbullismo - Clusone<\/title>\n<meta name=\"description\" content=\"Oggi si celebra la giornata nazionale contro il bullismo e il cyberbullismo. ABF ha lavorato con i suoi ragazzi per sensibilizzare sul tema.\" \/>\n<meta name=\"robots\" content=\"index, follow, max-snippet:-1, max-image-preview:large, max-video-preview:-1\" \/>\n<link rel=\"canonical\" href=\"https:\/\/www.abf.eu\/clusone\/bullismo-e-cyberbullismo\/\" \/>\n<meta property=\"og:locale\" content=\"it_IT\" \/>\n<meta property=\"og:type\" content=\"article\" \/>\n<meta property=\"og:title\" content=\"Giornata nazionale contro il bullismo e il cyberbullismo - Clusone\" \/>\n<meta property=\"og:description\" content=\"Oggi si celebra la giornata nazionale contro il bullismo e il cyberbullismo. ABF ha lavorato con i suoi ragazzi per sensibilizzare sul tema.\" \/>\n<meta property=\"og:url\" content=\"https:\/\/www.abf.eu\/clusone\/bullismo-e-cyberbullismo\/\" \/>\n<meta property=\"og:site_name\" content=\"Clusone\" \/>\n<meta property=\"article:published_time\" content=\"2021-02-07T14:50:37+00:00\" \/>\n<meta property=\"article:modified_time\" content=\"2022-03-23T10:08:18+00:00\" \/>\n<meta property=\"og:image\" content=\"https:\/\/www.abf.eu\/clusone\/wp-content\/uploads\/sites\/2\/2021\/02\/shutterstock_1492511198-1.jpg\" \/>\n\t<meta property=\"og:image:width\" content=\"1440\" \/>\n\t<meta property=\"og:image:height\" content=\"960\" \/>\n\t<meta property=\"og:image:type\" content=\"image\/jpeg\" \/>\n<meta name=\"author\" content=\"danilocaccia\" \/>\n<meta name=\"twitter:card\" content=\"summary_large_image\" \/>\n<meta name=\"twitter:label1\" content=\"Scritto da\" \/>\n\t<meta name=\"twitter:data1\" content=\"danilocaccia\" \/>\n\t<meta name=\"twitter:label2\" content=\"Tempo di lettura stimato\" \/>\n\t<meta name=\"twitter:data2\" content=\"3 minuti\" \/>\n<script type=\"application\/ld+json\" class=\"yoast-schema-graph\">{\"@context\":\"https:\/\/schema.org\",\"@graph\":[{\"@type\":\"WebPage\",\"@id\":\"https:\/\/www.abf.eu\/clusone\/bullismo-e-cyberbullismo\/\",\"url\":\"https:\/\/www.abf.eu\/clusone\/bullismo-e-cyberbullismo\/\",\"name\":\"Giornata nazionale contro il bullismo e il cyberbullismo - Clusone\",\"isPartOf\":{\"@id\":\"https:\/\/www.abf.eu\/clusone\/#website\"},\"primaryImageOfPage\":{\"@id\":\"https:\/\/www.abf.eu\/clusone\/bullismo-e-cyberbullismo\/#primaryimage\"},\"image\":{\"@id\":\"https:\/\/www.abf.eu\/clusone\/bullismo-e-cyberbullismo\/#primaryimage\"},\"thumbnailUrl\":\"https:\/\/www.abf.eu\/clusone\/wp-content\/uploads\/sites\/2\/2021\/02\/shutterstock_1492511198-1.jpg\",\"datePublished\":\"2021-02-07T14:50:37+00:00\",\"dateModified\":\"2022-03-23T10:08:18+00:00\",\"author\":{\"@id\":\"https:\/\/www.abf.eu\/clusone\/#\/schema\/person\/8a78d772811de95e251d66b4d5491f76\"},\"description\":\"Oggi si celebra la giornata nazionale contro il bullismo e il cyberbullismo. ABF ha lavorato con i suoi ragazzi per sensibilizzare sul tema.\",\"breadcrumb\":{\"@id\":\"https:\/\/www.abf.eu\/clusone\/bullismo-e-cyberbullismo\/#breadcrumb\"},\"inLanguage\":\"it-IT\",\"potentialAction\":[{\"@type\":\"ReadAction\",\"target\":[\"https:\/\/www.abf.eu\/clusone\/bullismo-e-cyberbullismo\/\"]}]},{\"@type\":\"ImageObject\",\"inLanguage\":\"it-IT\",\"@id\":\"https:\/\/www.abf.eu\/clusone\/bullismo-e-cyberbullismo\/#primaryimage\",\"url\":\"https:\/\/www.abf.eu\/clusone\/wp-content\/uploads\/sites\/2\/2021\/02\/shutterstock_1492511198-1.jpg\",\"contentUrl\":\"https:\/\/www.abf.eu\/clusone\/wp-content\/uploads\/sites\/2\/2021\/02\/shutterstock_1492511198-1.jpg\",\"width\":1440,\"height\":960,\"caption\":\"Ragazzi prendono in giro un compagno facendo bullismo e cyberbullismo\"},{\"@type\":\"BreadcrumbList\",\"@id\":\"https:\/\/www.abf.eu\/clusone\/bullismo-e-cyberbullismo\/#breadcrumb\",\"itemListElement\":[{\"@type\":\"ListItem\",\"position\":1,\"name\":\"Home\",\"item\":\"https:\/\/www.abf.eu\/clusone\/\"},{\"@type\":\"ListItem\",\"position\":2,\"name\":\"Giornata nazionale contro il bullismo e il cyberbullismo\"}]},{\"@type\":\"WebSite\",\"@id\":\"https:\/\/www.abf.eu\/clusone\/#website\",\"url\":\"https:\/\/www.abf.eu\/clusone\/\",\"name\":\"Clusone\",\"description\":\"Ecco un altro sito Abf siti\",\"potentialAction\":[{\"@type\":\"SearchAction\",\"target\":{\"@type\":\"EntryPoint\",\"urlTemplate\":\"https:\/\/www.abf.eu\/clusone\/?s={search_term_string}\"},\"query-input\":{\"@type\":\"PropertyValueSpecification\",\"valueRequired\":true,\"valueName\":\"search_term_string\"}}],\"inLanguage\":\"it-IT\"},{\"@type\":\"Person\",\"@id\":\"https:\/\/www.abf.eu\/clusone\/#\/schema\/person\/8a78d772811de95e251d66b4d5491f76\",\"name\":\"danilocaccia\",\"image\":{\"@type\":\"ImageObject\",\"inLanguage\":\"it-IT\",\"@id\":\"https:\/\/www.abf.eu\/clusone\/#\/schema\/person\/image\/\",\"url\":\"https:\/\/secure.gravatar.com\/avatar\/d87f496e2092d70f0bc729633c0c70a56c54c4f8ce3eefdacc36b91c04c2e1c0?s=96&d=mm&r=g\",\"contentUrl\":\"https:\/\/secure.gravatar.com\/avatar\/d87f496e2092d70f0bc729633c0c70a56c54c4f8ce3eefdacc36b91c04c2e1c0?s=96&d=mm&r=g\",\"caption\":\"danilocaccia\"},\"sameAs\":[\"https:\/\/www.linkedin.com\/in\/danilocaccia\/\"],\"url\":\"https:\/\/www.abf.eu\/clusone\/author\/danilocaccia\/\"}]}<\/script>\n<!-- \/ Yoast SEO plugin. -->","yoast_head_json":{"title":"Giornata nazionale contro il bullismo e il cyberbullismo - Clusone","description":"Oggi si celebra la giornata nazionale contro il bullismo e il cyberbullismo. ABF ha lavorato con i suoi ragazzi per sensibilizzare sul tema.","robots":{"index":"index","follow":"follow","max-snippet":"max-snippet:-1","max-image-preview":"max-image-preview:large","max-video-preview":"max-video-preview:-1"},"canonical":"https:\/\/www.abf.eu\/clusone\/bullismo-e-cyberbullismo\/","og_locale":"it_IT","og_type":"article","og_title":"Giornata nazionale contro il bullismo e il cyberbullismo - Clusone","og_description":"Oggi si celebra la giornata nazionale contro il bullismo e il cyberbullismo. ABF ha lavorato con i suoi ragazzi per sensibilizzare sul tema.","og_url":"https:\/\/www.abf.eu\/clusone\/bullismo-e-cyberbullismo\/","og_site_name":"Clusone","article_published_time":"2021-02-07T14:50:37+00:00","article_modified_time":"2022-03-23T10:08:18+00:00","og_image":[{"width":1440,"height":960,"url":"https:\/\/www.abf.eu\/clusone\/wp-content\/uploads\/sites\/2\/2021\/02\/shutterstock_1492511198-1.jpg","type":"image\/jpeg"}],"author":"danilocaccia","twitter_card":"summary_large_image","twitter_misc":{"Scritto da":"danilocaccia","Tempo di lettura stimato":"3 minuti"},"schema":{"@context":"https:\/\/schema.org","@graph":[{"@type":"WebPage","@id":"https:\/\/www.abf.eu\/clusone\/bullismo-e-cyberbullismo\/","url":"https:\/\/www.abf.eu\/clusone\/bullismo-e-cyberbullismo\/","name":"Giornata nazionale contro il bullismo e il cyberbullismo - Clusone","isPartOf":{"@id":"https:\/\/www.abf.eu\/clusone\/#website"},"primaryImageOfPage":{"@id":"https:\/\/www.abf.eu\/clusone\/bullismo-e-cyberbullismo\/#primaryimage"},"image":{"@id":"https:\/\/www.abf.eu\/clusone\/bullismo-e-cyberbullismo\/#primaryimage"},"thumbnailUrl":"https:\/\/www.abf.eu\/clusone\/wp-content\/uploads\/sites\/2\/2021\/02\/shutterstock_1492511198-1.jpg","datePublished":"2021-02-07T14:50:37+00:00","dateModified":"2022-03-23T10:08:18+00:00","author":{"@id":"https:\/\/www.abf.eu\/clusone\/#\/schema\/person\/8a78d772811de95e251d66b4d5491f76"},"description":"Oggi si celebra la giornata nazionale contro il bullismo e il cyberbullismo. ABF ha lavorato con i suoi ragazzi per sensibilizzare sul tema.","breadcrumb":{"@id":"https:\/\/www.abf.eu\/clusone\/bullismo-e-cyberbullismo\/#breadcrumb"},"inLanguage":"it-IT","potentialAction":[{"@type":"ReadAction","target":["https:\/\/www.abf.eu\/clusone\/bullismo-e-cyberbullismo\/"]}]},{"@type":"ImageObject","inLanguage":"it-IT","@id":"https:\/\/www.abf.eu\/clusone\/bullismo-e-cyberbullismo\/#primaryimage","url":"https:\/\/www.abf.eu\/clusone\/wp-content\/uploads\/sites\/2\/2021\/02\/shutterstock_1492511198-1.jpg","contentUrl":"https:\/\/www.abf.eu\/clusone\/wp-content\/uploads\/sites\/2\/2021\/02\/shutterstock_1492511198-1.jpg","width":1440,"height":960,"caption":"Ragazzi prendono in giro un compagno facendo bullismo e cyberbullismo"},{"@type":"BreadcrumbList","@id":"https:\/\/www.abf.eu\/clusone\/bullismo-e-cyberbullismo\/#breadcrumb","itemListElement":[{"@type":"ListItem","position":1,"name":"Home","item":"https:\/\/www.abf.eu\/clusone\/"},{"@type":"ListItem","position":2,"name":"Giornata nazionale contro il bullismo e il cyberbullismo"}]},{"@type":"WebSite","@id":"https:\/\/www.abf.eu\/clusone\/#website","url":"https:\/\/www.abf.eu\/clusone\/","name":"Clusone","description":"Ecco un altro sito Abf siti","potentialAction":[{"@type":"SearchAction","target":{"@type":"EntryPoint","urlTemplate":"https:\/\/www.abf.eu\/clusone\/?s={search_term_string}"},"query-input":{"@type":"PropertyValueSpecification","valueRequired":true,"valueName":"search_term_string"}}],"inLanguage":"it-IT"},{"@type":"Person","@id":"https:\/\/www.abf.eu\/clusone\/#\/schema\/person\/8a78d772811de95e251d66b4d5491f76","name":"danilocaccia","image":{"@type":"ImageObject","inLanguage":"it-IT","@id":"https:\/\/www.abf.eu\/clusone\/#\/schema\/person\/image\/","url":"https:\/\/secure.gravatar.com\/avatar\/d87f496e2092d70f0bc729633c0c70a56c54c4f8ce3eefdacc36b91c04c2e1c0?s=96&d=mm&r=g","contentUrl":"https:\/\/secure.gravatar.com\/avatar\/d87f496e2092d70f0bc729633c0c70a56c54c4f8ce3eefdacc36b91c04c2e1c0?s=96&d=mm&r=g","caption":"danilocaccia"},"sameAs":["https:\/\/www.linkedin.com\/in\/danilocaccia\/"],"url":"https:\/\/www.abf.eu\/clusone\/author\/danilocaccia\/"}]}},"_links":{"self":[{"href":"https:\/\/www.abf.eu\/clusone\/wp-json\/wp\/v2\/posts\/15146","targetHints":{"allow":["GET"]}}],"collection":[{"href":"https:\/\/www.abf.eu\/clusone\/wp-json\/wp\/v2\/posts"}],"about":[{"href":"https:\/\/www.abf.eu\/clusone\/wp-json\/wp\/v2\/types\/post"}],"author":[{"embeddable":true,"href":"https:\/\/www.abf.eu\/clusone\/wp-json\/wp\/v2\/users\/31"}],"replies":[{"embeddable":true,"href":"https:\/\/www.abf.eu\/clusone\/wp-json\/wp\/v2\/comments?post=15146"}],"version-history":[{"count":16,"href":"https:\/\/www.abf.eu\/clusone\/wp-json\/wp\/v2\/posts\/15146\/revisions"}],"predecessor-version":[{"id":16601,"href":"https:\/\/www.abf.eu\/clusone\/wp-json\/wp\/v2\/posts\/15146\/revisions\/16601"}],"wp:featuredmedia":[{"embeddable":true,"href":"https:\/\/www.abf.eu\/clusone\/wp-json\/wp\/v2\/media\/15148"}],"wp:attachment":[{"href":"https:\/\/www.abf.eu\/clusone\/wp-json\/wp\/v2\/media?parent=15146"}],"wp:term":[{"taxonomy":"category","embeddable":true,"href":"https:\/\/www.abf.eu\/clusone\/wp-json\/wp\/v2\/categories?post=15146"},{"taxonomy":"post_tag","embeddable":true,"href":"https:\/\/www.abf.eu\/clusone\/wp-json\/wp\/v2\/tags?post=15146"}],"curies":[{"name":"wp","href":"https:\/\/api.w.org\/{rel}","templated":true}]}}