{"id":15719,"date":"2023-09-23T13:02:21","date_gmt":"2023-09-23T11:02:21","guid":{"rendered":"https:\/\/www.abf.eu\/clusone\/?p=15719"},"modified":"2023-09-23T13:03:14","modified_gmt":"2023-09-23T11:03:14","slug":"fiera-zootecnica","status":"publish","type":"post","link":"https:\/\/www.abf.eu\/clusone\/fiera-zootecnica\/","title":{"rendered":"Fiera Zootecnica: il contributo di ABF Clusone"},"content":{"rendered":"\n<h3 class=\"wp-block-heading\">Clusone ospita la Fiera Zootecnica e ABF Clusone non manca all&#8217;appello<\/h3>\n\n\n\n<!--more-->\n\n\n\n<h5 class=\"wp-block-heading\">Gli operatori agricoli di ABF Clusone alla Fiera Zootecnica <\/h5>\n\n\n\n<p>Il corso di operatore agricolo partecipa alla fiera zootecnica sin da quando ABF Clusone l&#8217;ha introdotto nella sua offerta formativa. Ogni anno il comune di Clusone e la Comunit\u00e0 Montana chiedono ai nostri ragazzi di collaborare nell&#8217;allestimento di quanto \u00e8 necessario ad accogliere gli animali e i visitatori. Anche per la Fiera Zootecnica gli allievi sono stati coinvolti nel montaggio delle transenne per il ring, della realizzazione e allestimento dei piccoli box, della predisposizione delle staccionate a cui legare gli animali, oltre che dell&#8217;allestimento di striscioni e transenne. <\/p>\n\n\n\n<h5 class=\"wp-block-heading\">Il coinvolgimento del corso di operatore agricolo<\/h5>\n\n\n\n<p>L&#8217;attivit\u00e0 continua anche nei giorni ufficiali della manifestazione. Per la Fiera Zootecnica avremo uno stand dedicato all&#8217;ABF in cui i visitatori potranno trovare depliant e locandine che promuovono la nostra scuola. Ma non ci fermiamo alla promozione, infatti alcuni alunni del corso faranno una dimostrazione di caseificazione. La preparazione del formaggio \u00e8 parte integrante della didattica e per i ragazzi \u00e8 un orgoglio mostrare la professionalit\u00e0, la cura e l&#8217;amore con cui realizzano i prodotti nostrani tanto amati sul territorio.<\/p>\n\n\n\n<h5 class=\"wp-block-heading\">Quali sono gli appuntamenti a calendario?<\/h5>\n\n\n\n<p>La Fiera Zootecnica sar\u00e0 visitabile da <strong>sabato 23 a luned\u00ec 25 ottobre<\/strong>. Nelle giornate di sabato e domenica potrete trovare gli stand allestiti e gestiti dai nostri allievi. Luned\u00ec le classi del corso di operatore agricolo si recheranno in visita, accompagnate dai docenti, per poter vedere la valutazione delle vacche in gara.<\/p>\n\n\n\n<p>L&#8217;impegno proseguir\u00e0 anche oltre alla fine della fiera in quanto collaboreremo con gli organizzatori per ripristinare tutta l&#8217;area dedicata alla manifestazione.<\/p>\n\n\n\n<p>Per ABF Clusone \u00e8 una soddisfazione che associazioni di categoria, allevatori e enti locali tengano in considerazione la nostra scuola per le manifestazioni. Queste attivit\u00e0 ci aiutano a formare ragazzi che saranno gli attori del rilancio della zootecnia di montagna, unica via per evitare l&#8217;abbandono di un territorio che tanto amiamo.<\/p>\n\n\n\n<h5 class=\"wp-block-heading\">Vuoi saperne di pi\u00f9?<\/h5>\n\n\n\n<p>Sei interessato a ricevere maggiori informazioni sul corso di <a href=\"https:\/\/www.abf.eu\/clusone\/corsi\/operatore-agricolo-e-allevamento-animali\/\">Operatore Agricolo Allevamento Animali<\/a>? <\/p>\n\n\n\n<p>ABF Clusone organizza i laboratori ministage: prenota la tua visita e potrai scoprire se questo \u00e8 il futuro che fa per te! Grazie ai ministage di ABF Clusone potrai sperimentare la produzione del formaggio, conoscere i docenti tecnico professionali e porre tutte le domande che vorrai. Per iscriverti <a href=\"https:\/\/www.abf.eu\/clusone\/orientamento-2021-abf-clusone\/#:~:text=Siete%20pronti%20per%20l%27orientamento,lavoro%20attivamente%20nei%20nostri%20laboratori.\">clicca su questo link<\/a>.<\/p>\n","protected":false},"excerpt":{"rendered":"<p>Clusone ospita la Fiera Zootecnica e ABF Clusone non manca<\/p>\n","protected":false},"author":31,"featured_media":15741,"comment_status":"open","ping_status":"open","sticky":false,"template":"","format":"standard","meta":{"footnotes":""},"categories":[1],"tags":[],"class_list":["post-15719","post","type-post","status-publish","format-standard","has-post-thumbnail","hentry","category-senza-categoria"],"yoast_head":"<!-- This site is optimized with the Yoast SEO plugin v25.8 - https:\/\/yoast.com\/wordpress\/plugins\/seo\/ -->\n<title>Fiera Zootecnica: il contributo di ABF Clusone<\/title>\n<meta name=\"description\" content=\"I ragazzi del corso di operatore agricolo sono protagonisti della Fiera Zootecnica di Clusone con stand dedicati. Vieni a trovarci!\" \/>\n<meta name=\"robots\" content=\"index, follow, max-snippet:-1, max-image-preview:large, max-video-preview:-1\" \/>\n<link rel=\"canonical\" href=\"https:\/\/www.abf.eu\/clusone\/fiera-zootecnica\/\" \/>\n<meta property=\"og:locale\" content=\"it_IT\" \/>\n<meta property=\"og:type\" content=\"article\" \/>\n<meta property=\"og:title\" content=\"Fiera Zootecnica: il contributo di ABF Clusone\" \/>\n<meta property=\"og:description\" content=\"I ragazzi del corso di operatore agricolo sono protagonisti della Fiera Zootecnica di Clusone con stand dedicati. Vieni a trovarci!\" \/>\n<meta property=\"og:url\" content=\"https:\/\/www.abf.eu\/clusone\/fiera-zootecnica\/\" \/>\n<meta property=\"og:site_name\" content=\"Clusone\" \/>\n<meta property=\"article:published_time\" content=\"2023-09-23T11:02:21+00:00\" \/>\n<meta property=\"article:modified_time\" content=\"2023-09-23T11:03:14+00:00\" \/>\n<meta property=\"og:image\" content=\"https:\/\/www.abf.eu\/clusone\/wp-content\/uploads\/sites\/2\/2021\/09\/shutterstock_1409825873.jpg\" \/>\n\t<meta property=\"og:image:width\" content=\"1000\" \/>\n\t<meta property=\"og:image:height\" content=\"666\" \/>\n\t<meta property=\"og:image:type\" content=\"image\/jpeg\" \/>\n<meta name=\"author\" content=\"danilocaccia\" \/>\n<meta name=\"twitter:card\" content=\"summary_large_image\" \/>\n<meta name=\"twitter:label1\" content=\"Scritto da\" \/>\n\t<meta name=\"twitter:data1\" content=\"danilocaccia\" \/>\n\t<meta name=\"twitter:label2\" content=\"Tempo di lettura stimato\" \/>\n\t<meta name=\"twitter:data2\" content=\"3 minuti\" \/>\n<script type=\"application\/ld+json\" class=\"yoast-schema-graph\">{\"@context\":\"https:\/\/schema.org\",\"@graph\":[{\"@type\":\"WebPage\",\"@id\":\"https:\/\/www.abf.eu\/clusone\/fiera-zootecnica\/\",\"url\":\"https:\/\/www.abf.eu\/clusone\/fiera-zootecnica\/\",\"name\":\"Fiera Zootecnica: il contributo di ABF Clusone\",\"isPartOf\":{\"@id\":\"https:\/\/www.abf.eu\/clusone\/#website\"},\"primaryImageOfPage\":{\"@id\":\"https:\/\/www.abf.eu\/clusone\/fiera-zootecnica\/#primaryimage\"},\"image\":{\"@id\":\"https:\/\/www.abf.eu\/clusone\/fiera-zootecnica\/#primaryimage\"},\"thumbnailUrl\":\"https:\/\/www.abf.eu\/clusone\/wp-content\/uploads\/sites\/2\/2021\/09\/shutterstock_1409825873.jpg\",\"datePublished\":\"2023-09-23T11:02:21+00:00\",\"dateModified\":\"2023-09-23T11:03:14+00:00\",\"author\":{\"@id\":\"https:\/\/www.abf.eu\/clusone\/#\/schema\/person\/8a78d772811de95e251d66b4d5491f76\"},\"description\":\"I ragazzi del corso di operatore agricolo sono protagonisti della Fiera Zootecnica di Clusone con stand dedicati. Vieni a trovarci!\",\"breadcrumb\":{\"@id\":\"https:\/\/www.abf.eu\/clusone\/fiera-zootecnica\/#breadcrumb\"},\"inLanguage\":\"it-IT\",\"potentialAction\":[{\"@type\":\"ReadAction\",\"target\":[\"https:\/\/www.abf.eu\/clusone\/fiera-zootecnica\/\"]}]},{\"@type\":\"ImageObject\",\"inLanguage\":\"it-IT\",\"@id\":\"https:\/\/www.abf.eu\/clusone\/fiera-zootecnica\/#primaryimage\",\"url\":\"https:\/\/www.abf.eu\/clusone\/wp-content\/uploads\/sites\/2\/2021\/09\/shutterstock_1409825873.jpg\",\"contentUrl\":\"https:\/\/www.abf.eu\/clusone\/wp-content\/uploads\/sites\/2\/2021\/09\/shutterstock_1409825873.jpg\",\"width\":1000,\"height\":666,\"caption\":\"Bambino che guarda le pecore alla Fiera Zootecnica 2021 di Clusone\"},{\"@type\":\"BreadcrumbList\",\"@id\":\"https:\/\/www.abf.eu\/clusone\/fiera-zootecnica\/#breadcrumb\",\"itemListElement\":[{\"@type\":\"ListItem\",\"position\":1,\"name\":\"Home\",\"item\":\"https:\/\/www.abf.eu\/clusone\/\"},{\"@type\":\"ListItem\",\"position\":2,\"name\":\"Fiera Zootecnica: il contributo di ABF Clusone\"}]},{\"@type\":\"WebSite\",\"@id\":\"https:\/\/www.abf.eu\/clusone\/#website\",\"url\":\"https:\/\/www.abf.eu\/clusone\/\",\"name\":\"Clusone\",\"description\":\"Ecco un altro sito Abf siti\",\"potentialAction\":[{\"@type\":\"SearchAction\",\"target\":{\"@type\":\"EntryPoint\",\"urlTemplate\":\"https:\/\/www.abf.eu\/clusone\/?s={search_term_string}\"},\"query-input\":{\"@type\":\"PropertyValueSpecification\",\"valueRequired\":true,\"valueName\":\"search_term_string\"}}],\"inLanguage\":\"it-IT\"},{\"@type\":\"Person\",\"@id\":\"https:\/\/www.abf.eu\/clusone\/#\/schema\/person\/8a78d772811de95e251d66b4d5491f76\",\"name\":\"danilocaccia\",\"image\":{\"@type\":\"ImageObject\",\"inLanguage\":\"it-IT\",\"@id\":\"https:\/\/www.abf.eu\/clusone\/#\/schema\/person\/image\/\",\"url\":\"https:\/\/secure.gravatar.com\/avatar\/d87f496e2092d70f0bc729633c0c70a56c54c4f8ce3eefdacc36b91c04c2e1c0?s=96&d=mm&r=g\",\"contentUrl\":\"https:\/\/secure.gravatar.com\/avatar\/d87f496e2092d70f0bc729633c0c70a56c54c4f8ce3eefdacc36b91c04c2e1c0?s=96&d=mm&r=g\",\"caption\":\"danilocaccia\"},\"sameAs\":[\"https:\/\/www.linkedin.com\/in\/danilocaccia\/\"],\"url\":\"https:\/\/www.abf.eu\/clusone\/author\/danilocaccia\/\"}]}<\/script>\n<!-- \/ Yoast SEO plugin. -->","yoast_head_json":{"title":"Fiera Zootecnica: il contributo di ABF Clusone","description":"I ragazzi del corso di operatore agricolo sono protagonisti della Fiera Zootecnica di Clusone con stand dedicati. Vieni a trovarci!","robots":{"index":"index","follow":"follow","max-snippet":"max-snippet:-1","max-image-preview":"max-image-preview:large","max-video-preview":"max-video-preview:-1"},"canonical":"https:\/\/www.abf.eu\/clusone\/fiera-zootecnica\/","og_locale":"it_IT","og_type":"article","og_title":"Fiera Zootecnica: il contributo di ABF Clusone","og_description":"I ragazzi del corso di operatore agricolo sono protagonisti della Fiera Zootecnica di Clusone con stand dedicati. Vieni a trovarci!","og_url":"https:\/\/www.abf.eu\/clusone\/fiera-zootecnica\/","og_site_name":"Clusone","article_published_time":"2023-09-23T11:02:21+00:00","article_modified_time":"2023-09-23T11:03:14+00:00","og_image":[{"width":1000,"height":666,"url":"https:\/\/www.abf.eu\/clusone\/wp-content\/uploads\/sites\/2\/2021\/09\/shutterstock_1409825873.jpg","type":"image\/jpeg"}],"author":"danilocaccia","twitter_card":"summary_large_image","twitter_misc":{"Scritto da":"danilocaccia","Tempo di lettura stimato":"3 minuti"},"schema":{"@context":"https:\/\/schema.org","@graph":[{"@type":"WebPage","@id":"https:\/\/www.abf.eu\/clusone\/fiera-zootecnica\/","url":"https:\/\/www.abf.eu\/clusone\/fiera-zootecnica\/","name":"Fiera Zootecnica: il contributo di ABF Clusone","isPartOf":{"@id":"https:\/\/www.abf.eu\/clusone\/#website"},"primaryImageOfPage":{"@id":"https:\/\/www.abf.eu\/clusone\/fiera-zootecnica\/#primaryimage"},"image":{"@id":"https:\/\/www.abf.eu\/clusone\/fiera-zootecnica\/#primaryimage"},"thumbnailUrl":"https:\/\/www.abf.eu\/clusone\/wp-content\/uploads\/sites\/2\/2021\/09\/shutterstock_1409825873.jpg","datePublished":"2023-09-23T11:02:21+00:00","dateModified":"2023-09-23T11:03:14+00:00","author":{"@id":"https:\/\/www.abf.eu\/clusone\/#\/schema\/person\/8a78d772811de95e251d66b4d5491f76"},"description":"I ragazzi del corso di operatore agricolo sono protagonisti della Fiera Zootecnica di Clusone con stand dedicati. Vieni a trovarci!","breadcrumb":{"@id":"https:\/\/www.abf.eu\/clusone\/fiera-zootecnica\/#breadcrumb"},"inLanguage":"it-IT","potentialAction":[{"@type":"ReadAction","target":["https:\/\/www.abf.eu\/clusone\/fiera-zootecnica\/"]}]},{"@type":"ImageObject","inLanguage":"it-IT","@id":"https:\/\/www.abf.eu\/clusone\/fiera-zootecnica\/#primaryimage","url":"https:\/\/www.abf.eu\/clusone\/wp-content\/uploads\/sites\/2\/2021\/09\/shutterstock_1409825873.jpg","contentUrl":"https:\/\/www.abf.eu\/clusone\/wp-content\/uploads\/sites\/2\/2021\/09\/shutterstock_1409825873.jpg","width":1000,"height":666,"caption":"Bambino che guarda le pecore alla Fiera Zootecnica 2021 di Clusone"},{"@type":"BreadcrumbList","@id":"https:\/\/www.abf.eu\/clusone\/fiera-zootecnica\/#breadcrumb","itemListElement":[{"@type":"ListItem","position":1,"name":"Home","item":"https:\/\/www.abf.eu\/clusone\/"},{"@type":"ListItem","position":2,"name":"Fiera Zootecnica: il contributo di ABF Clusone"}]},{"@type":"WebSite","@id":"https:\/\/www.abf.eu\/clusone\/#website","url":"https:\/\/www.abf.eu\/clusone\/","name":"Clusone","description":"Ecco un altro sito Abf siti","potentialAction":[{"@type":"SearchAction","target":{"@type":"EntryPoint","urlTemplate":"https:\/\/www.abf.eu\/clusone\/?s={search_term_string}"},"query-input":{"@type":"PropertyValueSpecification","valueRequired":true,"valueName":"search_term_string"}}],"inLanguage":"it-IT"},{"@type":"Person","@id":"https:\/\/www.abf.eu\/clusone\/#\/schema\/person\/8a78d772811de95e251d66b4d5491f76","name":"danilocaccia","image":{"@type":"ImageObject","inLanguage":"it-IT","@id":"https:\/\/www.abf.eu\/clusone\/#\/schema\/person\/image\/","url":"https:\/\/secure.gravatar.com\/avatar\/d87f496e2092d70f0bc729633c0c70a56c54c4f8ce3eefdacc36b91c04c2e1c0?s=96&d=mm&r=g","contentUrl":"https:\/\/secure.gravatar.com\/avatar\/d87f496e2092d70f0bc729633c0c70a56c54c4f8ce3eefdacc36b91c04c2e1c0?s=96&d=mm&r=g","caption":"danilocaccia"},"sameAs":["https:\/\/www.linkedin.com\/in\/danilocaccia\/"],"url":"https:\/\/www.abf.eu\/clusone\/author\/danilocaccia\/"}]}},"_links":{"self":[{"href":"https:\/\/www.abf.eu\/clusone\/wp-json\/wp\/v2\/posts\/15719","targetHints":{"allow":["GET"]}}],"collection":[{"href":"https:\/\/www.abf.eu\/clusone\/wp-json\/wp\/v2\/posts"}],"about":[{"href":"https:\/\/www.abf.eu\/clusone\/wp-json\/wp\/v2\/types\/post"}],"author":[{"embeddable":true,"href":"https:\/\/www.abf.eu\/clusone\/wp-json\/wp\/v2\/users\/31"}],"replies":[{"embeddable":true,"href":"https:\/\/www.abf.eu\/clusone\/wp-json\/wp\/v2\/comments?post=15719"}],"version-history":[{"count":17,"href":"https:\/\/www.abf.eu\/clusone\/wp-json\/wp\/v2\/posts\/15719\/revisions"}],"predecessor-version":[{"id":17649,"href":"https:\/\/www.abf.eu\/clusone\/wp-json\/wp\/v2\/posts\/15719\/revisions\/17649"}],"wp:featuredmedia":[{"embeddable":true,"href":"https:\/\/www.abf.eu\/clusone\/wp-json\/wp\/v2\/media\/15741"}],"wp:attachment":[{"href":"https:\/\/www.abf.eu\/clusone\/wp-json\/wp\/v2\/media?parent=15719"}],"wp:term":[{"taxonomy":"category","embeddable":true,"href":"https:\/\/www.abf.eu\/clusone\/wp-json\/wp\/v2\/categories?post=15719"},{"taxonomy":"post_tag","embeddable":true,"href":"https:\/\/www.abf.eu\/clusone\/wp-json\/wp\/v2\/tags?post=15719"}],"curies":[{"name":"wp","href":"https:\/\/api.w.org\/{rel}","templated":true}]}}