{"id":15839,"date":"2021-11-23T09:42:39","date_gmt":"2021-11-23T08:42:39","guid":{"rendered":"https:\/\/www.abf.eu\/clusone\/?p=15839"},"modified":"2021-12-09T11:27:17","modified_gmt":"2021-12-09T10:27:17","slug":"storie-di-successo-alessandro-bergamo","status":"publish","type":"post","link":"https:\/\/www.abf.eu\/clusone\/storie-di-successo-alessandro-bergamo\/","title":{"rendered":"Storie di successo di ABF Clusone: Alessandro Bergamo"},"content":{"rendered":"\n<h3 class=\"wp-block-heading\">ABF racconta oggi la storia di successo di Alessandro Bergamo. Dopo il percorso di studi in ABF Clusone, ora Alessandro lavora a fianco di Carlo Cracco in Galleria a Milano. Recentemente ha anche partecipato al concorso Bocuse d&#8217;Or 2021, con ottimi risultati.<\/h3>\n\n\n\n<p><strong>Alessandro Bergamo<\/strong>, classe 1989, a distanza di qualche anno \u00e8 tornato in ABF Clusone per raccontarci le ultime novit\u00e0 riguardanti la sua eccellente carriera lavorativa. Alessandro infatti, non solo lavora in Galleria a Milano a fianco di uno dei migliori chef, <strong>Carlo Cracco,<\/strong> ma recentemente ha anche partecipato alla 34esima edizione del concorso <strong><em>Bocuse d&#8217;Or 2021<\/em><\/strong>.<\/p>\n\n\n\n<p><strong>Dal trasferimento in Francia al Bocuse d&#8217;Or 2021<\/strong><\/p>\n\n\n\n<p>Ma facciamo un passo indietro: sin da piccolo, Alessandro sviluppa una grandissima passione per la cucina. Nel 2006, dopo aver concluso il percorso di studi in ABF Clusone, Alessandro Bergamo si trasferisce in Francia. Qui inizia a lavorare in alcuni ristoranti piuttosto conosciuti. Inoltre, nel 2009 assiste per la prima volta da spettatore al concorso Bocuse d&#8217;Or, la pi\u00f9 importante competizione di cucina a livello mondiale. Alessandro rimane estremamente colpito dalla bellezza di questa competizione. L&#8217;Italia per\u00f2 non partecipa. E Alessandro, abbastanza deluso da questo, decide di portare la sua nazione dove merita di stare: insieme alle migliori. <\/p>\n\n\n\n<p>E ci riuscir\u00e0, esattamente dodici anni dopo. Nel 2021 infatti, <strong>Alessandro Bergamo, capitano del team italiano<\/strong>, raggiunge il decimo posto alla 34esima edizione del concorso Bocuse d&#8217;Or. Alessandro e il suo team riescono a farsi notare da tutti. Un risultato impressionante, considerando la sua giovane et\u00e0.<\/p>\n\n\n\n<div class=\"wp-block-image\"><figure class=\"aligncenter is-resized\"><img loading=\"lazy\" decoding=\"async\" src=\"https:\/\/www.abf.eu\/clusone\/wp-content\/uploads\/sites\/2\/2021\/11\/Take-away-team-Alessandro-1024x682.jpg\" alt=\"\" class=\"wp-image-15860\" width=\"1000\" height=\"666\" srcset=\"https:\/\/www.abf.eu\/clusone\/wp-content\/uploads\/sites\/2\/2021\/11\/Take-away-team-Alessandro-1024x682.jpg 1024w, https:\/\/www.abf.eu\/clusone\/wp-content\/uploads\/sites\/2\/2021\/11\/Take-away-team-Alessandro-300x200.jpg 300w, https:\/\/www.abf.eu\/clusone\/wp-content\/uploads\/sites\/2\/2021\/11\/Take-away-team-Alessandro-768x511.jpg 768w, https:\/\/www.abf.eu\/clusone\/wp-content\/uploads\/sites\/2\/2021\/11\/Take-away-team-Alessandro-600x400.jpg 600w, https:\/\/www.abf.eu\/clusone\/wp-content\/uploads\/sites\/2\/2021\/11\/Take-away-team-Alessandro.jpg 1080w\" sizes=\"auto, (max-width: 1000px) 100vw, 1000px\" \/><figcaption>Take away del Team italiano al Bocuse d&#8217;Or 2021<\/figcaption><\/figure><\/div>\n\n\n\n<div class=\"wp-block-image\"><figure class=\"aligncenter is-resized\"><img loading=\"lazy\" decoding=\"async\" src=\"https:\/\/www.abf.eu\/clusone\/wp-content\/uploads\/sites\/2\/2021\/11\/piatto-team-Alessandro-1024x681.jpg\" alt=\"\" class=\"wp-image-15859\" width=\"1000\" height=\"666\" srcset=\"https:\/\/www.abf.eu\/clusone\/wp-content\/uploads\/sites\/2\/2021\/11\/piatto-team-Alessandro-1024x681.jpg 1024w, https:\/\/www.abf.eu\/clusone\/wp-content\/uploads\/sites\/2\/2021\/11\/piatto-team-Alessandro-300x200.jpg 300w, https:\/\/www.abf.eu\/clusone\/wp-content\/uploads\/sites\/2\/2021\/11\/piatto-team-Alessandro-768x511.jpg 768w, https:\/\/www.abf.eu\/clusone\/wp-content\/uploads\/sites\/2\/2021\/11\/piatto-team-Alessandro-600x400.jpg 600w, https:\/\/www.abf.eu\/clusone\/wp-content\/uploads\/sites\/2\/2021\/11\/piatto-team-Alessandro.jpg 1031w\" sizes=\"auto, (max-width: 1000px) 100vw, 1000px\" \/><figcaption>Uno dei piatti di Alessandro Bergamo in gara al Bocuse d&#8217;Or 2021<\/figcaption><\/figure><\/div>\n\n\n\n<p><strong>Alessandro Bergamo a Milano: sous chef di Cracco<\/strong><\/p>\n\n\n\n<p>Ad Alessandro Bergamo non basta per\u00f2: la sua enorme passione non lo lascia seduto ad aspettare il prossimo concorso. Attualmente, infatti, lavora come sous chef di Carlo Cracco in Galleria a Milano, dove ha modo di crescere giorno dopo giorno, imparando dai migliori.<\/p>\n\n\n\n<div class=\"wp-block-image\"><figure class=\"aligncenter size-large\"><img loading=\"lazy\" decoding=\"async\" width=\"1000\" height=\"666\" src=\"https:\/\/www.abf.eu\/clusone\/wp-content\/uploads\/sites\/2\/2021\/11\/alessandro-con-cracco-2.jpg\" alt=\"\" class=\"wp-image-15884\" srcset=\"https:\/\/www.abf.eu\/clusone\/wp-content\/uploads\/sites\/2\/2021\/11\/alessandro-con-cracco-2.jpg 1000w, https:\/\/www.abf.eu\/clusone\/wp-content\/uploads\/sites\/2\/2021\/11\/alessandro-con-cracco-2-300x200.jpg 300w, https:\/\/www.abf.eu\/clusone\/wp-content\/uploads\/sites\/2\/2021\/11\/alessandro-con-cracco-2-768x511.jpg 768w, https:\/\/www.abf.eu\/clusone\/wp-content\/uploads\/sites\/2\/2021\/11\/alessandro-con-cracco-2-600x400.jpg 600w\" sizes=\"auto, (max-width: 1000px) 100vw, 1000px\" \/><figcaption>Alessandro Bergamo con Carlo Cracco<\/figcaption><\/figure><\/div>\n\n\n\n<p><strong>La passione di Alessandro <\/strong><\/p>\n\n\n\n<p>Nell&#8217;intervista per ABF, Alessandro Bergamo della sua passione per la cucina, di come \u00e8 nata e di come con il passare del tempo si \u00e8 affermata sempre di pi\u00f9, tanto da diventare un vero e proprio lavoro. &#8220;Quella della cucina, \u00e8 una passione speciale&#8221; sostiene Alessandro: ti permette di viaggiare in tutto il mondo, di conoscere un&#8217;infinit\u00e0 di persone e di culture differenti, di farti conoscere a livello internazionale. La cosa importante \u00e8 che per farlo non si ha bisogno di strumenti particolari: la voglia di cucinare e la passione sono le uniche armi necessarie. Alessandro ce lo spiega bene; lo si capisce subito a primo impatto, quanto tutto questo sia importante per lui.<\/p>\n\n\n\n<p><strong>L&#8217;intervista in ABF Clusone<\/strong><\/p>\n\n\n\n<p>Se siete curiosi di scoprire i consigli che Alessandro Bergamo ha lasciato a tutti i ragazzi desiderosi di intraprendere questo lavoro, di seguito trovate il video completo dell&#8217;intervista. Scoprite, insieme a noi, quali sono stati i momenti cruciali che lo hanno portato cos\u00ec in alto. Prendetene spunto e fatene tesoro; un&#8217;esperienza come quella di Alessandro Bergamo pu\u00f2 far riflettere molto sull&#8217;importanza della perseveranza e del coltivare fino in fondo una passione.<\/p>\n\n\n\n<figure class=\"wp-block-embed is-type-video is-provider-youtube wp-block-embed-youtube wp-embed-aspect-16-9 wp-has-aspect-ratio\"><div class=\"wp-block-embed__wrapper\">\n<iframe loading=\"lazy\" title=\"Le storie di successo di ABF: Alessandro Bergamo da ABF alle cucine di Cracco\" width=\"500\" height=\"281\" src=\"https:\/\/www.youtube.com\/embed\/n5ljXh2-oNo?feature=oembed\" frameborder=\"0\" allow=\"accelerometer; autoplay; clipboard-write; encrypted-media; gyroscope; picture-in-picture; web-share\" referrerpolicy=\"strict-origin-when-cross-origin\" allowfullscreen><\/iframe>\n<\/div><\/figure>\n","protected":false},"excerpt":{"rendered":"<p>Alessandro Bergamo con Carlo Cracco<\/p>\n","protected":false},"author":46,"featured_media":15884,"comment_status":"open","ping_status":"open","sticky":false,"template":"","format":"standard","meta":{"footnotes":""},"categories":[1],"tags":[],"class_list":["post-15839","post","type-post","status-publish","format-standard","has-post-thumbnail","hentry","category-senza-categoria"],"yoast_head":"<!-- This site is optimized with the Yoast SEO plugin v25.8 - https:\/\/yoast.com\/wordpress\/plugins\/seo\/ -->\n<title>Storie di successo di ABF Clusone: Alessandro Bergamo - Clusone<\/title>\n<meta name=\"description\" content=\"Alessandro Bergamo torna in Abf e ci racconta i suoi recenti successi: da sous chef di Carlo Cracco a concorrente al Bocuse d&#039;Or 2021.\" \/>\n<meta name=\"robots\" content=\"index, follow, max-snippet:-1, max-image-preview:large, max-video-preview:-1\" \/>\n<link rel=\"canonical\" href=\"https:\/\/www.abf.eu\/clusone\/storie-di-successo-alessandro-bergamo\/\" \/>\n<meta property=\"og:locale\" content=\"it_IT\" \/>\n<meta property=\"og:type\" content=\"article\" \/>\n<meta property=\"og:title\" content=\"Storie di successo di ABF Clusone: Alessandro Bergamo - Clusone\" \/>\n<meta property=\"og:description\" content=\"Alessandro Bergamo torna in Abf e ci racconta i suoi recenti successi: da sous chef di Carlo Cracco a concorrente al Bocuse d&#039;Or 2021.\" \/>\n<meta property=\"og:url\" content=\"https:\/\/www.abf.eu\/clusone\/storie-di-successo-alessandro-bergamo\/\" \/>\n<meta property=\"og:site_name\" content=\"Clusone\" \/>\n<meta property=\"article:published_time\" content=\"2021-11-23T08:42:39+00:00\" \/>\n<meta property=\"article:modified_time\" content=\"2021-12-09T10:27:17+00:00\" \/>\n<meta property=\"og:image\" content=\"https:\/\/www.abf.eu\/clusone\/wp-content\/uploads\/sites\/2\/2021\/11\/alessandro-con-cracco-2.jpg\" \/>\n\t<meta property=\"og:image:width\" content=\"1000\" \/>\n\t<meta property=\"og:image:height\" content=\"666\" \/>\n\t<meta property=\"og:image:type\" content=\"image\/jpeg\" \/>\n<meta name=\"author\" content=\"abfeditor clusone\" \/>\n<meta name=\"twitter:card\" content=\"summary_large_image\" \/>\n<meta name=\"twitter:label1\" content=\"Scritto da\" \/>\n\t<meta name=\"twitter:data1\" content=\"abfeditor clusone\" \/>\n\t<meta name=\"twitter:label2\" content=\"Tempo di lettura stimato\" \/>\n\t<meta name=\"twitter:data2\" content=\"3 minuti\" \/>\n<script type=\"application\/ld+json\" class=\"yoast-schema-graph\">{\"@context\":\"https:\/\/schema.org\",\"@graph\":[{\"@type\":\"WebPage\",\"@id\":\"https:\/\/www.abf.eu\/clusone\/storie-di-successo-alessandro-bergamo\/\",\"url\":\"https:\/\/www.abf.eu\/clusone\/storie-di-successo-alessandro-bergamo\/\",\"name\":\"Storie di successo di ABF Clusone: Alessandro Bergamo - Clusone\",\"isPartOf\":{\"@id\":\"https:\/\/www.abf.eu\/clusone\/#website\"},\"primaryImageOfPage\":{\"@id\":\"https:\/\/www.abf.eu\/clusone\/storie-di-successo-alessandro-bergamo\/#primaryimage\"},\"image\":{\"@id\":\"https:\/\/www.abf.eu\/clusone\/storie-di-successo-alessandro-bergamo\/#primaryimage\"},\"thumbnailUrl\":\"https:\/\/www.abf.eu\/clusone\/wp-content\/uploads\/sites\/2\/2021\/11\/alessandro-con-cracco-2.jpg\",\"datePublished\":\"2021-11-23T08:42:39+00:00\",\"dateModified\":\"2021-12-09T10:27:17+00:00\",\"author\":{\"@id\":\"https:\/\/www.abf.eu\/clusone\/#\/schema\/person\/210c3cc1dcad9ca85324f429567caefe\"},\"description\":\"Alessandro Bergamo torna in Abf e ci racconta i suoi recenti successi: da sous chef di Carlo Cracco a concorrente al Bocuse d'Or 2021.\",\"breadcrumb\":{\"@id\":\"https:\/\/www.abf.eu\/clusone\/storie-di-successo-alessandro-bergamo\/#breadcrumb\"},\"inLanguage\":\"it-IT\",\"potentialAction\":[{\"@type\":\"ReadAction\",\"target\":[\"https:\/\/www.abf.eu\/clusone\/storie-di-successo-alessandro-bergamo\/\"]}]},{\"@type\":\"ImageObject\",\"inLanguage\":\"it-IT\",\"@id\":\"https:\/\/www.abf.eu\/clusone\/storie-di-successo-alessandro-bergamo\/#primaryimage\",\"url\":\"https:\/\/www.abf.eu\/clusone\/wp-content\/uploads\/sites\/2\/2021\/11\/alessandro-con-cracco-2.jpg\",\"contentUrl\":\"https:\/\/www.abf.eu\/clusone\/wp-content\/uploads\/sites\/2\/2021\/11\/alessandro-con-cracco-2.jpg\",\"width\":1000,\"height\":666,\"caption\":\"Alessandro Bergamo insieme a Carlo Cracco\"},{\"@type\":\"BreadcrumbList\",\"@id\":\"https:\/\/www.abf.eu\/clusone\/storie-di-successo-alessandro-bergamo\/#breadcrumb\",\"itemListElement\":[{\"@type\":\"ListItem\",\"position\":1,\"name\":\"Home\",\"item\":\"https:\/\/www.abf.eu\/clusone\/\"},{\"@type\":\"ListItem\",\"position\":2,\"name\":\"Storie di successo di ABF Clusone: Alessandro Bergamo\"}]},{\"@type\":\"WebSite\",\"@id\":\"https:\/\/www.abf.eu\/clusone\/#website\",\"url\":\"https:\/\/www.abf.eu\/clusone\/\",\"name\":\"Clusone\",\"description\":\"Ecco un altro sito Abf siti\",\"potentialAction\":[{\"@type\":\"SearchAction\",\"target\":{\"@type\":\"EntryPoint\",\"urlTemplate\":\"https:\/\/www.abf.eu\/clusone\/?s={search_term_string}\"},\"query-input\":{\"@type\":\"PropertyValueSpecification\",\"valueRequired\":true,\"valueName\":\"search_term_string\"}}],\"inLanguage\":\"it-IT\"},{\"@type\":\"Person\",\"@id\":\"https:\/\/www.abf.eu\/clusone\/#\/schema\/person\/210c3cc1dcad9ca85324f429567caefe\",\"name\":\"abfeditor clusone\",\"image\":{\"@type\":\"ImageObject\",\"inLanguage\":\"it-IT\",\"@id\":\"https:\/\/www.abf.eu\/clusone\/#\/schema\/person\/image\/\",\"url\":\"https:\/\/secure.gravatar.com\/avatar\/02d63f720e021120d5e78941723d08b5eb0d09ea934458589f28953c6c3d806a?s=96&d=mm&r=g\",\"contentUrl\":\"https:\/\/secure.gravatar.com\/avatar\/02d63f720e021120d5e78941723d08b5eb0d09ea934458589f28953c6c3d806a?s=96&d=mm&r=g\",\"caption\":\"abfeditor clusone\"},\"url\":\"https:\/\/www.abf.eu\/clusone\/author\/abfeditor\/\"}]}<\/script>\n<!-- \/ Yoast SEO plugin. -->","yoast_head_json":{"title":"Storie di successo di ABF Clusone: Alessandro Bergamo - Clusone","description":"Alessandro Bergamo torna in Abf e ci racconta i suoi recenti successi: da sous chef di Carlo Cracco a concorrente al Bocuse d'Or 2021.","robots":{"index":"index","follow":"follow","max-snippet":"max-snippet:-1","max-image-preview":"max-image-preview:large","max-video-preview":"max-video-preview:-1"},"canonical":"https:\/\/www.abf.eu\/clusone\/storie-di-successo-alessandro-bergamo\/","og_locale":"it_IT","og_type":"article","og_title":"Storie di successo di ABF Clusone: Alessandro Bergamo - Clusone","og_description":"Alessandro Bergamo torna in Abf e ci racconta i suoi recenti successi: da sous chef di Carlo Cracco a concorrente al Bocuse d'Or 2021.","og_url":"https:\/\/www.abf.eu\/clusone\/storie-di-successo-alessandro-bergamo\/","og_site_name":"Clusone","article_published_time":"2021-11-23T08:42:39+00:00","article_modified_time":"2021-12-09T10:27:17+00:00","og_image":[{"width":1000,"height":666,"url":"https:\/\/www.abf.eu\/clusone\/wp-content\/uploads\/sites\/2\/2021\/11\/alessandro-con-cracco-2.jpg","type":"image\/jpeg"}],"author":"abfeditor clusone","twitter_card":"summary_large_image","twitter_misc":{"Scritto da":"abfeditor clusone","Tempo di lettura stimato":"3 minuti"},"schema":{"@context":"https:\/\/schema.org","@graph":[{"@type":"WebPage","@id":"https:\/\/www.abf.eu\/clusone\/storie-di-successo-alessandro-bergamo\/","url":"https:\/\/www.abf.eu\/clusone\/storie-di-successo-alessandro-bergamo\/","name":"Storie di successo di ABF Clusone: Alessandro Bergamo - Clusone","isPartOf":{"@id":"https:\/\/www.abf.eu\/clusone\/#website"},"primaryImageOfPage":{"@id":"https:\/\/www.abf.eu\/clusone\/storie-di-successo-alessandro-bergamo\/#primaryimage"},"image":{"@id":"https:\/\/www.abf.eu\/clusone\/storie-di-successo-alessandro-bergamo\/#primaryimage"},"thumbnailUrl":"https:\/\/www.abf.eu\/clusone\/wp-content\/uploads\/sites\/2\/2021\/11\/alessandro-con-cracco-2.jpg","datePublished":"2021-11-23T08:42:39+00:00","dateModified":"2021-12-09T10:27:17+00:00","author":{"@id":"https:\/\/www.abf.eu\/clusone\/#\/schema\/person\/210c3cc1dcad9ca85324f429567caefe"},"description":"Alessandro Bergamo torna in Abf e ci racconta i suoi recenti successi: da sous chef di Carlo Cracco a concorrente al Bocuse d'Or 2021.","breadcrumb":{"@id":"https:\/\/www.abf.eu\/clusone\/storie-di-successo-alessandro-bergamo\/#breadcrumb"},"inLanguage":"it-IT","potentialAction":[{"@type":"ReadAction","target":["https:\/\/www.abf.eu\/clusone\/storie-di-successo-alessandro-bergamo\/"]}]},{"@type":"ImageObject","inLanguage":"it-IT","@id":"https:\/\/www.abf.eu\/clusone\/storie-di-successo-alessandro-bergamo\/#primaryimage","url":"https:\/\/www.abf.eu\/clusone\/wp-content\/uploads\/sites\/2\/2021\/11\/alessandro-con-cracco-2.jpg","contentUrl":"https:\/\/www.abf.eu\/clusone\/wp-content\/uploads\/sites\/2\/2021\/11\/alessandro-con-cracco-2.jpg","width":1000,"height":666,"caption":"Alessandro Bergamo insieme a Carlo Cracco"},{"@type":"BreadcrumbList","@id":"https:\/\/www.abf.eu\/clusone\/storie-di-successo-alessandro-bergamo\/#breadcrumb","itemListElement":[{"@type":"ListItem","position":1,"name":"Home","item":"https:\/\/www.abf.eu\/clusone\/"},{"@type":"ListItem","position":2,"name":"Storie di successo di ABF Clusone: Alessandro Bergamo"}]},{"@type":"WebSite","@id":"https:\/\/www.abf.eu\/clusone\/#website","url":"https:\/\/www.abf.eu\/clusone\/","name":"Clusone","description":"Ecco un altro sito Abf siti","potentialAction":[{"@type":"SearchAction","target":{"@type":"EntryPoint","urlTemplate":"https:\/\/www.abf.eu\/clusone\/?s={search_term_string}"},"query-input":{"@type":"PropertyValueSpecification","valueRequired":true,"valueName":"search_term_string"}}],"inLanguage":"it-IT"},{"@type":"Person","@id":"https:\/\/www.abf.eu\/clusone\/#\/schema\/person\/210c3cc1dcad9ca85324f429567caefe","name":"abfeditor clusone","image":{"@type":"ImageObject","inLanguage":"it-IT","@id":"https:\/\/www.abf.eu\/clusone\/#\/schema\/person\/image\/","url":"https:\/\/secure.gravatar.com\/avatar\/02d63f720e021120d5e78941723d08b5eb0d09ea934458589f28953c6c3d806a?s=96&d=mm&r=g","contentUrl":"https:\/\/secure.gravatar.com\/avatar\/02d63f720e021120d5e78941723d08b5eb0d09ea934458589f28953c6c3d806a?s=96&d=mm&r=g","caption":"abfeditor clusone"},"url":"https:\/\/www.abf.eu\/clusone\/author\/abfeditor\/"}]}},"_links":{"self":[{"href":"https:\/\/www.abf.eu\/clusone\/wp-json\/wp\/v2\/posts\/15839","targetHints":{"allow":["GET"]}}],"collection":[{"href":"https:\/\/www.abf.eu\/clusone\/wp-json\/wp\/v2\/posts"}],"about":[{"href":"https:\/\/www.abf.eu\/clusone\/wp-json\/wp\/v2\/types\/post"}],"author":[{"embeddable":true,"href":"https:\/\/www.abf.eu\/clusone\/wp-json\/wp\/v2\/users\/46"}],"replies":[{"embeddable":true,"href":"https:\/\/www.abf.eu\/clusone\/wp-json\/wp\/v2\/comments?post=15839"}],"version-history":[{"count":12,"href":"https:\/\/www.abf.eu\/clusone\/wp-json\/wp\/v2\/posts\/15839\/revisions"}],"predecessor-version":[{"id":15927,"href":"https:\/\/www.abf.eu\/clusone\/wp-json\/wp\/v2\/posts\/15839\/revisions\/15927"}],"wp:featuredmedia":[{"embeddable":true,"href":"https:\/\/www.abf.eu\/clusone\/wp-json\/wp\/v2\/media\/15884"}],"wp:attachment":[{"href":"https:\/\/www.abf.eu\/clusone\/wp-json\/wp\/v2\/media?parent=15839"}],"wp:term":[{"taxonomy":"category","embeddable":true,"href":"https:\/\/www.abf.eu\/clusone\/wp-json\/wp\/v2\/categories?post=15839"},{"taxonomy":"post_tag","embeddable":true,"href":"https:\/\/www.abf.eu\/clusone\/wp-json\/wp\/v2\/tags?post=15839"}],"curies":[{"name":"wp","href":"https:\/\/api.w.org\/{rel}","templated":true}]}}