{"id":16110,"date":"2022-01-31T12:19:00","date_gmt":"2022-01-31T11:19:00","guid":{"rendered":"https:\/\/www.abf.eu\/clusone\/?p=16110"},"modified":"2022-08-02T12:49:31","modified_gmt":"2022-08-02T10:49:31","slug":"vanda","status":"publish","type":"post","link":"https:\/\/www.abf.eu\/clusone\/vanda\/","title":{"rendered":"L&#8217;agronomo risponde: il caso Vanda"},"content":{"rendered":"\n<p>L\u2019agronomo <strong>Giorgio Legrenzi<\/strong> risponde ad ogni tua esigenza sulle piante. Questa volta abbiamo analizzato il caso <strong><em>Vanda<\/em><\/strong>.<\/p>\n\n\n\n<p>Ti \u00e8 appena stata regalata una pianta e non sai come curarla? il nostro docente e agronomo ti chiarir\u00e0 tutti i dubbi per curare al meglio la tua nuova pianta domestica.<\/p>\n\n\n\n<h5 class=\"wp-block-heading\">Il caso Vanda<\/h5>\n\n\n\n<p>Oggi una nostra amica ci chiede come curare la sua Vanda, in quanto le \u00e8 stata regalata e non sa come curarla per rivedere la fioritura di questa meravigliosa pianta.<\/p>\n\n\n\n<figure class=\"wp-block-gallery has-nested-images columns-default is-cropped wp-block-gallery-1 is-layout-flex wp-block-gallery-is-layout-flex\">\n<figure class=\"wp-block-image size-large\"><img loading=\"lazy\" decoding=\"async\" width=\"682\" height=\"1024\" data-id=\"16114\" src=\"https:\/\/www.abf.eu\/clusone\/wp-content\/uploads\/sites\/2\/2022\/01\/vanda-ale-1-682x1024.png\" alt=\"\" class=\"wp-image-16114\" srcset=\"https:\/\/www.abf.eu\/clusone\/wp-content\/uploads\/sites\/2\/2022\/01\/vanda-ale-1-682x1024.png 682w, https:\/\/www.abf.eu\/clusone\/wp-content\/uploads\/sites\/2\/2022\/01\/vanda-ale-1-200x300.png 200w, https:\/\/www.abf.eu\/clusone\/wp-content\/uploads\/sites\/2\/2022\/01\/vanda-ale-1-266x400.png 266w, https:\/\/www.abf.eu\/clusone\/wp-content\/uploads\/sites\/2\/2022\/01\/vanda-ale-1.png 748w\" sizes=\"auto, (max-width: 682px) 100vw, 682px\" \/><\/figure>\n\n\n\n<figure class=\"wp-block-image size-large\"><img loading=\"lazy\" decoding=\"async\" width=\"603\" height=\"906\" data-id=\"16115\" src=\"https:\/\/www.abf.eu\/clusone\/wp-content\/uploads\/sites\/2\/2022\/01\/WhatsApp-Image-2022-01-28-at-12.05.39.png\" alt=\"\" class=\"wp-image-16115\" srcset=\"https:\/\/www.abf.eu\/clusone\/wp-content\/uploads\/sites\/2\/2022\/01\/WhatsApp-Image-2022-01-28-at-12.05.39.png 603w, https:\/\/www.abf.eu\/clusone\/wp-content\/uploads\/sites\/2\/2022\/01\/WhatsApp-Image-2022-01-28-at-12.05.39-200x300.png 200w, https:\/\/www.abf.eu\/clusone\/wp-content\/uploads\/sites\/2\/2022\/01\/WhatsApp-Image-2022-01-28-at-12.05.39-266x400.png 266w\" sizes=\"auto, (max-width: 603px) 100vw, 603px\" \/><\/figure>\n\n\n\n<figure class=\"wp-block-image size-large\"><img loading=\"lazy\" decoding=\"async\" width=\"567\" height=\"852\" data-id=\"16116\" src=\"https:\/\/www.abf.eu\/clusone\/wp-content\/uploads\/sites\/2\/2022\/01\/WhatsApp-Image-2022-01-28-at-12.05.40.png\" alt=\"\" class=\"wp-image-16116\" srcset=\"https:\/\/www.abf.eu\/clusone\/wp-content\/uploads\/sites\/2\/2022\/01\/WhatsApp-Image-2022-01-28-at-12.05.40.png 567w, https:\/\/www.abf.eu\/clusone\/wp-content\/uploads\/sites\/2\/2022\/01\/WhatsApp-Image-2022-01-28-at-12.05.40-200x300.png 200w, https:\/\/www.abf.eu\/clusone\/wp-content\/uploads\/sites\/2\/2022\/01\/WhatsApp-Image-2022-01-28-at-12.05.40-266x400.png 266w\" sizes=\"auto, (max-width: 567px) 100vw, 567px\" \/><\/figure>\n<\/figure>\n\n\n\n<p>L\u2019orchidea Vanda, detta anche &#8220;orchidea aerea&#8221;, famosa per le sue radici lunghe e penzolanti, \u00e8 una pianta meravigliosa, facente parte delle famiglie delle orchidacee originarie dei paesi del sud-est asiatico. \u00c8 grande, maestosa, ha un\u2019innata capacit\u00e0 di rubare la scena e regala una fioritura dopo l\u2019altra, se trattata con cura.<\/p>\n\n\n\n<h5 class=\"wp-block-heading\">Valutazione iniziale dell&#8217;agronomo<\/h5>\n\n\n\n<p>Ecco cosa ci dice il \u201cdr Green\u201d Legrenzi su questo caso.<\/p>\n\n\n\n<p>&#8220;<em>Posso notare subito che la pianta della nostra amica \u00e8 molto assetata e stanca, in quanto priva delle sostanza nutritive principali. Vi ricordo che l&#8217;orchidea Vanda \u00e8 tra le piante da interno pi\u00f9 difficile non come esigenze ma come metodo di coltivazione, richiede un certo impegno e dedizione a casa. Posso inoltre osservare anche la carenza di illuminazione che porter\u00e0 la pianta a non rifiorire.<\/em>&#8220;<\/p>\n\n\n\n<h5 class=\"wp-block-heading\">Consigli per la sopravvivenza<\/h5>\n\n\n\n<p>&#8220;<em>Un consiglio per l&#8217;idratazione \u00e8 di bagnarla almeno 3 volte al giorno, non di meno. In quanto, dove viene allevata la Vanda, la vaporizzazione parte ogni 15 secondi, questo per sottolinearvi l&#8217;importanza dell&#8217;idratazione per questa pianta che deve essere effettuata molteplici volte al giorno.<\/em><\/p>\n\n\n\n<p><em>Un trucco pu\u00f2 essere quella di metterla in un vaso di vetro cos\u00ec che l&#8217;acqua evapori e idrati le radici. <\/em><br><em>Un&#8217;altra soluzione alternativa alla precedente, \u00e8 quella che una volta fatta la doccia la sera le appendiate e le bagnate con il getto della doccia. Importante \u00e8 che siano idratate sia le radici che le foglie, quest&#8217;operazione \u00e8 da ripetere di nuovo prima di dormire e anche la mattina appena svegliati. In questo modo la pianta viene idratata almeno tre volte al giorno, perch\u00e9 ricordatevi che di meno la pianta soffrirebbe molto.<br>Mi raccomando di utilizzare l&#8217;acqua piovana o, qualora non se ne disponesse, di acqua distillata acquistabile in qualsiasi supermercato.<\/em><\/p>\n\n\n\n<p><em>Buona cosa \u00e8 usare del concime: non avendo la terra la pianta \u00e8 molto carente di sostanze nutritive ed \u00e8 essenziale sopperire a questa mancanza con del concime apposito per le orchidee: con azoto, fosforo e potassio nello specifico quantitativo 5-5-6.<\/em><\/p>\n\n\n\n<p>Per ottener<em>e la fioritura di questa meravigliosa orchidea, la pianta deve essere situata durante l&#8217;estate all&#8217;esterno, in un luogo ombreggiato e riparato dalle intemperie. Mi raccomando attenzione ai lumaconi che ne vanno ghiotti. Ricordate che in casa \u00e8 impossibile ottenere la fioritura perch\u00e9 la pianta necessita dello shock termico esterno, tra il giorno e la notte. In questo modo potete ammirare i loro meravigliosi fiori durante l&#8217;anno.&#8221;<\/em><\/p>\n\n\n\n<h5 class=\"wp-block-heading\">La vanda del Dr Green!<\/h5>\n\n\n\n<p>Qui sotto possiamo trovare la vanda perfettamente in salute del nostro docente e agronomo Giorgio Legrenzi che lo accompagna da ormai 7 anni grazie ai suoi trucchi, che ora potrai mettere all&#8217;opera anche tu!<\/p>\n\n\n\n<figure class=\"wp-block-gallery has-nested-images columns-3 is-cropped wp-block-gallery-2 is-layout-flex wp-block-gallery-is-layout-flex\">\n<figure class=\"wp-block-image size-large\"><img loading=\"lazy\" decoding=\"async\" width=\"683\" height=\"1024\" data-id=\"16555\" src=\"https:\/\/www.abf.eu\/clusone\/wp-content\/uploads\/sites\/2\/2022\/01\/il-caso-Vanda-683x1024.jpg\" alt=\"orchidea viola e bianca \" class=\"wp-image-16555\" srcset=\"https:\/\/www.abf.eu\/clusone\/wp-content\/uploads\/sites\/2\/2022\/01\/il-caso-Vanda-683x1024.jpg 683w, https:\/\/www.abf.eu\/clusone\/wp-content\/uploads\/sites\/2\/2022\/01\/il-caso-Vanda-200x300.jpg 200w, https:\/\/www.abf.eu\/clusone\/wp-content\/uploads\/sites\/2\/2022\/01\/il-caso-Vanda-768x1152.jpg 768w, https:\/\/www.abf.eu\/clusone\/wp-content\/uploads\/sites\/2\/2022\/01\/il-caso-Vanda-267x400.jpg 267w, https:\/\/www.abf.eu\/clusone\/wp-content\/uploads\/sites\/2\/2022\/01\/il-caso-Vanda.jpg 960w\" sizes=\"auto, (max-width: 683px) 100vw, 683px\" \/><\/figure>\n<\/figure>\n\n\n\n<h5 class=\"wp-block-heading\">Non solo Vanda!<\/h5>\n\n\n\n<p>Tenetevi pronti a fotografare le vostre piante in difficolt\u00e0 perch\u00e9 il nostro agronomo \u00e8 qua per voi. Con questa nuova rubrica: \u201cL\u2019agronomo risponde\u201d vogliamo aiutare tutti gli aspiranti pollici verdi.<\/p>\n\n\n\n<p>Siate pronti perch\u00e9 la prossima volta scoprirete altri consigli per le vostre piante domestiche.<br>Vi siete persi i consigli della volta precedente: non trovatevi mai impreparati di fronte alla <a href=\"https:\/\/www.abf.eu\/clusone\/nepenthes\/\">nepenthes<\/a>, non avr\u00e0 pi\u00f9 segreti per nessuno!<\/p>\n\n\n\n<h5 class=\"wp-block-heading\">Galleria dell&#8217;articolo:<\/h5>\n\n\n\n<p><\/p>\n","protected":false},"excerpt":{"rendered":"<p>L\u2019agronomo Giorgio Legrenzi risponde ad ogni tua esigenza sulle piante.<\/p>\n","protected":false},"author":46,"featured_media":16117,"comment_status":"open","ping_status":"open","sticky":false,"template":"","format":"standard","meta":{"footnotes":""},"categories":[1],"tags":[],"class_list":["post-16110","post","type-post","status-publish","format-standard","has-post-thumbnail","hentry","category-senza-categoria"],"yoast_head":"<!-- This site is optimized with the Yoast SEO plugin v25.8 - https:\/\/yoast.com\/wordpress\/plugins\/seo\/ -->\n<title>L&#039;agronomo risponde: il caso Vanda - Clusone<\/title>\n<meta name=\"description\" content=\"L&#039;agronomo risponde a tutti i dubbi sulla coltivazione dell&#039;orchidea Vanda, scopri i trucchi per vedere i suoi meravigliosi fiori!\" \/>\n<meta name=\"robots\" content=\"index, follow, max-snippet:-1, max-image-preview:large, max-video-preview:-1\" \/>\n<link rel=\"canonical\" href=\"https:\/\/www.abf.eu\/clusone\/vanda\/\" \/>\n<meta property=\"og:locale\" content=\"it_IT\" \/>\n<meta property=\"og:type\" content=\"article\" \/>\n<meta property=\"og:title\" content=\"L&#039;agronomo risponde: il caso Vanda - Clusone\" \/>\n<meta property=\"og:description\" content=\"L&#039;agronomo risponde a tutti i dubbi sulla coltivazione dell&#039;orchidea Vanda, scopri i trucchi per vedere i suoi meravigliosi fiori!\" \/>\n<meta property=\"og:url\" content=\"https:\/\/www.abf.eu\/clusone\/vanda\/\" \/>\n<meta property=\"og:site_name\" content=\"Clusone\" \/>\n<meta property=\"article:published_time\" content=\"2022-01-31T11:19:00+00:00\" \/>\n<meta property=\"article:modified_time\" content=\"2022-08-02T10:49:31+00:00\" \/>\n<meta property=\"og:image\" content=\"https:\/\/www.abf.eu\/clusone\/wp-content\/uploads\/sites\/2\/2022\/01\/vanda-gl-4p.png\" \/>\n\t<meta property=\"og:image:width\" content=\"977\" \/>\n\t<meta property=\"og:image:height\" content=\"650\" \/>\n\t<meta property=\"og:image:type\" content=\"image\/png\" \/>\n<meta name=\"author\" content=\"abfeditor clusone\" \/>\n<meta name=\"twitter:card\" content=\"summary_large_image\" \/>\n<meta name=\"twitter:label1\" content=\"Scritto da\" \/>\n\t<meta name=\"twitter:data1\" content=\"abfeditor clusone\" \/>\n\t<meta name=\"twitter:label2\" content=\"Tempo di lettura stimato\" \/>\n\t<meta name=\"twitter:data2\" content=\"4 minuti\" \/>\n<script type=\"application\/ld+json\" class=\"yoast-schema-graph\">{\"@context\":\"https:\/\/schema.org\",\"@graph\":[{\"@type\":\"WebPage\",\"@id\":\"https:\/\/www.abf.eu\/clusone\/vanda\/\",\"url\":\"https:\/\/www.abf.eu\/clusone\/vanda\/\",\"name\":\"L'agronomo risponde: il caso Vanda - Clusone\",\"isPartOf\":{\"@id\":\"https:\/\/www.abf.eu\/clusone\/#website\"},\"primaryImageOfPage\":{\"@id\":\"https:\/\/www.abf.eu\/clusone\/vanda\/#primaryimage\"},\"image\":{\"@id\":\"https:\/\/www.abf.eu\/clusone\/vanda\/#primaryimage\"},\"thumbnailUrl\":\"https:\/\/www.abf.eu\/clusone\/wp-content\/uploads\/sites\/2\/2022\/01\/vanda-gl-4p.png\",\"datePublished\":\"2022-01-31T11:19:00+00:00\",\"dateModified\":\"2022-08-02T10:49:31+00:00\",\"author\":{\"@id\":\"https:\/\/www.abf.eu\/clusone\/#\/schema\/person\/210c3cc1dcad9ca85324f429567caefe\"},\"description\":\"L'agronomo risponde a tutti i dubbi sulla coltivazione dell'orchidea Vanda, scopri i trucchi per vedere i suoi meravigliosi fiori!\",\"breadcrumb\":{\"@id\":\"https:\/\/www.abf.eu\/clusone\/vanda\/#breadcrumb\"},\"inLanguage\":\"it-IT\",\"potentialAction\":[{\"@type\":\"ReadAction\",\"target\":[\"https:\/\/www.abf.eu\/clusone\/vanda\/\"]}]},{\"@type\":\"ImageObject\",\"inLanguage\":\"it-IT\",\"@id\":\"https:\/\/www.abf.eu\/clusone\/vanda\/#primaryimage\",\"url\":\"https:\/\/www.abf.eu\/clusone\/wp-content\/uploads\/sites\/2\/2022\/01\/vanda-gl-4p.png\",\"contentUrl\":\"https:\/\/www.abf.eu\/clusone\/wp-content\/uploads\/sites\/2\/2022\/01\/vanda-gl-4p.png\",\"width\":977,\"height\":650,\"caption\":\"vanda legrenzi 4\"},{\"@type\":\"BreadcrumbList\",\"@id\":\"https:\/\/www.abf.eu\/clusone\/vanda\/#breadcrumb\",\"itemListElement\":[{\"@type\":\"ListItem\",\"position\":1,\"name\":\"Home\",\"item\":\"https:\/\/www.abf.eu\/clusone\/\"},{\"@type\":\"ListItem\",\"position\":2,\"name\":\"L&#8217;agronomo risponde: il caso Vanda\"}]},{\"@type\":\"WebSite\",\"@id\":\"https:\/\/www.abf.eu\/clusone\/#website\",\"url\":\"https:\/\/www.abf.eu\/clusone\/\",\"name\":\"Clusone\",\"description\":\"Ecco un altro sito Abf siti\",\"potentialAction\":[{\"@type\":\"SearchAction\",\"target\":{\"@type\":\"EntryPoint\",\"urlTemplate\":\"https:\/\/www.abf.eu\/clusone\/?s={search_term_string}\"},\"query-input\":{\"@type\":\"PropertyValueSpecification\",\"valueRequired\":true,\"valueName\":\"search_term_string\"}}],\"inLanguage\":\"it-IT\"},{\"@type\":\"Person\",\"@id\":\"https:\/\/www.abf.eu\/clusone\/#\/schema\/person\/210c3cc1dcad9ca85324f429567caefe\",\"name\":\"abfeditor clusone\",\"image\":{\"@type\":\"ImageObject\",\"inLanguage\":\"it-IT\",\"@id\":\"https:\/\/www.abf.eu\/clusone\/#\/schema\/person\/image\/\",\"url\":\"https:\/\/secure.gravatar.com\/avatar\/02d63f720e021120d5e78941723d08b5eb0d09ea934458589f28953c6c3d806a?s=96&d=mm&r=g\",\"contentUrl\":\"https:\/\/secure.gravatar.com\/avatar\/02d63f720e021120d5e78941723d08b5eb0d09ea934458589f28953c6c3d806a?s=96&d=mm&r=g\",\"caption\":\"abfeditor clusone\"},\"url\":\"https:\/\/www.abf.eu\/clusone\/author\/abfeditor\/\"}]}<\/script>\n<!-- \/ Yoast SEO plugin. -->","yoast_head_json":{"title":"L'agronomo risponde: il caso Vanda - Clusone","description":"L'agronomo risponde a tutti i dubbi sulla coltivazione dell'orchidea Vanda, scopri i trucchi per vedere i suoi meravigliosi fiori!","robots":{"index":"index","follow":"follow","max-snippet":"max-snippet:-1","max-image-preview":"max-image-preview:large","max-video-preview":"max-video-preview:-1"},"canonical":"https:\/\/www.abf.eu\/clusone\/vanda\/","og_locale":"it_IT","og_type":"article","og_title":"L'agronomo risponde: il caso Vanda - Clusone","og_description":"L'agronomo risponde a tutti i dubbi sulla coltivazione dell'orchidea Vanda, scopri i trucchi per vedere i suoi meravigliosi fiori!","og_url":"https:\/\/www.abf.eu\/clusone\/vanda\/","og_site_name":"Clusone","article_published_time":"2022-01-31T11:19:00+00:00","article_modified_time":"2022-08-02T10:49:31+00:00","og_image":[{"width":977,"height":650,"url":"https:\/\/www.abf.eu\/clusone\/wp-content\/uploads\/sites\/2\/2022\/01\/vanda-gl-4p.png","type":"image\/png"}],"author":"abfeditor clusone","twitter_card":"summary_large_image","twitter_misc":{"Scritto da":"abfeditor clusone","Tempo di lettura stimato":"4 minuti"},"schema":{"@context":"https:\/\/schema.org","@graph":[{"@type":"WebPage","@id":"https:\/\/www.abf.eu\/clusone\/vanda\/","url":"https:\/\/www.abf.eu\/clusone\/vanda\/","name":"L'agronomo risponde: il caso Vanda - Clusone","isPartOf":{"@id":"https:\/\/www.abf.eu\/clusone\/#website"},"primaryImageOfPage":{"@id":"https:\/\/www.abf.eu\/clusone\/vanda\/#primaryimage"},"image":{"@id":"https:\/\/www.abf.eu\/clusone\/vanda\/#primaryimage"},"thumbnailUrl":"https:\/\/www.abf.eu\/clusone\/wp-content\/uploads\/sites\/2\/2022\/01\/vanda-gl-4p.png","datePublished":"2022-01-31T11:19:00+00:00","dateModified":"2022-08-02T10:49:31+00:00","author":{"@id":"https:\/\/www.abf.eu\/clusone\/#\/schema\/person\/210c3cc1dcad9ca85324f429567caefe"},"description":"L'agronomo risponde a tutti i dubbi sulla coltivazione dell'orchidea Vanda, scopri i trucchi per vedere i suoi meravigliosi fiori!","breadcrumb":{"@id":"https:\/\/www.abf.eu\/clusone\/vanda\/#breadcrumb"},"inLanguage":"it-IT","potentialAction":[{"@type":"ReadAction","target":["https:\/\/www.abf.eu\/clusone\/vanda\/"]}]},{"@type":"ImageObject","inLanguage":"it-IT","@id":"https:\/\/www.abf.eu\/clusone\/vanda\/#primaryimage","url":"https:\/\/www.abf.eu\/clusone\/wp-content\/uploads\/sites\/2\/2022\/01\/vanda-gl-4p.png","contentUrl":"https:\/\/www.abf.eu\/clusone\/wp-content\/uploads\/sites\/2\/2022\/01\/vanda-gl-4p.png","width":977,"height":650,"caption":"vanda legrenzi 4"},{"@type":"BreadcrumbList","@id":"https:\/\/www.abf.eu\/clusone\/vanda\/#breadcrumb","itemListElement":[{"@type":"ListItem","position":1,"name":"Home","item":"https:\/\/www.abf.eu\/clusone\/"},{"@type":"ListItem","position":2,"name":"L&#8217;agronomo risponde: il caso Vanda"}]},{"@type":"WebSite","@id":"https:\/\/www.abf.eu\/clusone\/#website","url":"https:\/\/www.abf.eu\/clusone\/","name":"Clusone","description":"Ecco un altro sito Abf siti","potentialAction":[{"@type":"SearchAction","target":{"@type":"EntryPoint","urlTemplate":"https:\/\/www.abf.eu\/clusone\/?s={search_term_string}"},"query-input":{"@type":"PropertyValueSpecification","valueRequired":true,"valueName":"search_term_string"}}],"inLanguage":"it-IT"},{"@type":"Person","@id":"https:\/\/www.abf.eu\/clusone\/#\/schema\/person\/210c3cc1dcad9ca85324f429567caefe","name":"abfeditor clusone","image":{"@type":"ImageObject","inLanguage":"it-IT","@id":"https:\/\/www.abf.eu\/clusone\/#\/schema\/person\/image\/","url":"https:\/\/secure.gravatar.com\/avatar\/02d63f720e021120d5e78941723d08b5eb0d09ea934458589f28953c6c3d806a?s=96&d=mm&r=g","contentUrl":"https:\/\/secure.gravatar.com\/avatar\/02d63f720e021120d5e78941723d08b5eb0d09ea934458589f28953c6c3d806a?s=96&d=mm&r=g","caption":"abfeditor clusone"},"url":"https:\/\/www.abf.eu\/clusone\/author\/abfeditor\/"}]}},"_links":{"self":[{"href":"https:\/\/www.abf.eu\/clusone\/wp-json\/wp\/v2\/posts\/16110","targetHints":{"allow":["GET"]}}],"collection":[{"href":"https:\/\/www.abf.eu\/clusone\/wp-json\/wp\/v2\/posts"}],"about":[{"href":"https:\/\/www.abf.eu\/clusone\/wp-json\/wp\/v2\/types\/post"}],"author":[{"embeddable":true,"href":"https:\/\/www.abf.eu\/clusone\/wp-json\/wp\/v2\/users\/46"}],"replies":[{"embeddable":true,"href":"https:\/\/www.abf.eu\/clusone\/wp-json\/wp\/v2\/comments?post=16110"}],"version-history":[{"count":34,"href":"https:\/\/www.abf.eu\/clusone\/wp-json\/wp\/v2\/posts\/16110\/revisions"}],"predecessor-version":[{"id":16953,"href":"https:\/\/www.abf.eu\/clusone\/wp-json\/wp\/v2\/posts\/16110\/revisions\/16953"}],"wp:featuredmedia":[{"embeddable":true,"href":"https:\/\/www.abf.eu\/clusone\/wp-json\/wp\/v2\/media\/16117"}],"wp:attachment":[{"href":"https:\/\/www.abf.eu\/clusone\/wp-json\/wp\/v2\/media?parent=16110"}],"wp:term":[{"taxonomy":"category","embeddable":true,"href":"https:\/\/www.abf.eu\/clusone\/wp-json\/wp\/v2\/categories?post=16110"},{"taxonomy":"post_tag","embeddable":true,"href":"https:\/\/www.abf.eu\/clusone\/wp-json\/wp\/v2\/tags?post=16110"}],"curies":[{"name":"wp","href":"https:\/\/api.w.org\/{rel}","templated":true}]}}