{"id":16283,"date":"2022-04-08T12:48:16","date_gmt":"2022-04-08T10:48:16","guid":{"rendered":"https:\/\/www.abf.eu\/clusone\/?p=16283"},"modified":"2022-04-08T12:48:16","modified_gmt":"2022-04-08T10:48:16","slug":"tartufini-al-tiramisu","status":"publish","type":"post","link":"https:\/\/www.abf.eu\/clusone\/tartufini-al-tiramisu\/","title":{"rendered":"La ricetta del giorno: Tartufini al tiramis\u00f9."},"content":{"rendered":"\n<p>Tartufini al Tiramis\u00f9: il dolce perfetto per gli amanti di questo dolce.<\/p>\n\n\n\n<p>Oggi ti proponiamo un dolce classico vestito da alternativo per fare sempre un figurone con tutti.&nbsp;<\/p>\n\n\n\n<p>Tirati su le maniche e accendi i fornelli perch\u00e9 oggi diventerai un cuoco anche tu grazie ad ABF!<\/p>\n\n\n\n<h5 class=\"wp-block-heading\"><strong>Ingredienti<\/strong><\/h5>\n\n\n\n<ul class=\"wp-block-list\"><li>250 g di mascarpone<\/li><li>60 g di zucchero a velo<\/li><li>160 g di savoiardi<\/li><li>80 g di caff\u00e8<\/li><li>q.b. cacao amaro in polvere<\/li><\/ul>\n\n\n\n<h5 class=\"wp-block-heading\"><strong>Procedimento<\/strong><\/h5>\n\n\n\n<p>Preparate il caff\u00e8 e fatelo raffreddare fino a intiepidirsi.<\/p>\n\n\n\n<figure class=\"wp-block-image size-full is-resized\"><img loading=\"lazy\" decoding=\"async\" src=\"https:\/\/www.abf.eu\/clusone\/wp-content\/uploads\/sites\/2\/2022\/02\/Schermata-2022-02-22-alle-09.49.54-copia.png\" alt=\"\" class=\"wp-image-16286\" width=\"393\" height=\"262\" srcset=\"https:\/\/www.abf.eu\/clusone\/wp-content\/uploads\/sites\/2\/2022\/02\/Schermata-2022-02-22-alle-09.49.54-copia.png 368w, https:\/\/www.abf.eu\/clusone\/wp-content\/uploads\/sites\/2\/2022\/02\/Schermata-2022-02-22-alle-09.49.54-copia-300x200.png 300w\" sizes=\"auto, (max-width: 393px) 100vw, 393px\" \/><\/figure>\n\n\n\n<p>Preparare in un mixer i savoiardi e tritateli fino a farli diventare polvere.<\/p>\n\n\n\n<figure class=\"wp-block-image size-full\"><img loading=\"lazy\" decoding=\"async\" width=\"388\" height=\"258\" src=\"https:\/\/www.abf.eu\/clusone\/wp-content\/uploads\/sites\/2\/2022\/02\/Schermata-2022-02-22-alle-09.50.03-copia.png\" alt=\"\" class=\"wp-image-16287\" srcset=\"https:\/\/www.abf.eu\/clusone\/wp-content\/uploads\/sites\/2\/2022\/02\/Schermata-2022-02-22-alle-09.50.03-copia.png 388w, https:\/\/www.abf.eu\/clusone\/wp-content\/uploads\/sites\/2\/2022\/02\/Schermata-2022-02-22-alle-09.50.03-copia-300x199.png 300w\" sizes=\"auto, (max-width: 388px) 100vw, 388px\" \/><\/figure>\n\n\n\n<p>Nel frattempo trasferite il mascarpone in una ciotola e unite il caff\u00e8 a temperatura ambiente.<\/p>\n\n\n\n<p>Poi unite lo zucchero.<\/p>\n\n\n\n<figure class=\"wp-block-image size-full is-resized\"><img loading=\"lazy\" decoding=\"async\" src=\"https:\/\/www.abf.eu\/clusone\/wp-content\/uploads\/sites\/2\/2022\/02\/Schermata-2022-02-22-alle-09.50.11-copia-1.png\" alt=\"\" class=\"wp-image-16292\" width=\"405\" height=\"270\" srcset=\"https:\/\/www.abf.eu\/clusone\/wp-content\/uploads\/sites\/2\/2022\/02\/Schermata-2022-02-22-alle-09.50.11-copia-1.png 348w, https:\/\/www.abf.eu\/clusone\/wp-content\/uploads\/sites\/2\/2022\/02\/Schermata-2022-02-22-alle-09.50.11-copia-1-300x200.png 300w\" sizes=\"auto, (max-width: 405px) 100vw, 405px\" \/><\/figure>\n\n\n\n<p>Lavorate il tutto con una spatola fino ad ottenere una consistenza omogenea.<\/p>\n\n\n\n<figure class=\"wp-block-image size-full is-resized\"><img loading=\"lazy\" decoding=\"async\" src=\"https:\/\/www.abf.eu\/clusone\/wp-content\/uploads\/sites\/2\/2022\/02\/Schermata-2022-02-22-alle-09.50.40-copia.png\" alt=\"\" class=\"wp-image-16291\" width=\"413\" height=\"276\" srcset=\"https:\/\/www.abf.eu\/clusone\/wp-content\/uploads\/sites\/2\/2022\/02\/Schermata-2022-02-22-alle-09.50.40-copia.png 476w, https:\/\/www.abf.eu\/clusone\/wp-content\/uploads\/sites\/2\/2022\/02\/Schermata-2022-02-22-alle-09.50.40-copia-300x200.png 300w\" sizes=\"auto, (max-width: 413px) 100vw, 413px\" \/><\/figure>\n\n\n\n<p>Unite anche i savoiardi in polvere e mescolate.<\/p>\n\n\n\n<p>Prendete circa un cucchiaio da t\u00e8 dall\u2019impasto e fategli ottenere la forma di una piccola pallina.<\/p>\n\n\n\n<figure class=\"wp-block-image size-full is-resized\"><img loading=\"lazy\" decoding=\"async\" src=\"https:\/\/www.abf.eu\/clusone\/wp-content\/uploads\/sites\/2\/2022\/02\/Schermata-2022-02-22-alle-09.50.48-copia.png\" alt=\"\" class=\"wp-image-16289\" width=\"402\" height=\"268\" srcset=\"https:\/\/www.abf.eu\/clusone\/wp-content\/uploads\/sites\/2\/2022\/02\/Schermata-2022-02-22-alle-09.50.48-copia.png 568w, https:\/\/www.abf.eu\/clusone\/wp-content\/uploads\/sites\/2\/2022\/02\/Schermata-2022-02-22-alle-09.50.48-copia-300x200.png 300w\" sizes=\"auto, (max-width: 402px) 100vw, 402px\" \/><\/figure>\n\n\n\n<p>Fatele rotolare nel cacao in polvere e posizionatele su di una teglia con la carta da forno.<\/p>\n\n\n\n<figure class=\"wp-block-image size-full is-resized\"><img loading=\"lazy\" decoding=\"async\" src=\"https:\/\/www.abf.eu\/clusone\/wp-content\/uploads\/sites\/2\/2022\/02\/Schermata-2022-02-22-alle-09.50.55-copia.png\" alt=\"\" class=\"wp-image-16290\" width=\"396\" height=\"264\" srcset=\"https:\/\/www.abf.eu\/clusone\/wp-content\/uploads\/sites\/2\/2022\/02\/Schermata-2022-02-22-alle-09.50.55-copia.png 544w, https:\/\/www.abf.eu\/clusone\/wp-content\/uploads\/sites\/2\/2022\/02\/Schermata-2022-02-22-alle-09.50.55-copia-300x200.png 300w\" sizes=\"auto, (max-width: 396px) 100vw, 396px\" \/><\/figure>\n\n\n\n<h5 class=\"wp-block-heading\"><strong>Impiattamento<\/strong><\/h5>\n\n\n\n<p>Se volete servirle subito riponete 30 minuti all&#8217;interno del freezer altrimenti lasciatele riposare nel frigorifero.<\/p>\n\n\n\n<figure class=\"wp-block-image size-full is-resized\"><img loading=\"lazy\" decoding=\"async\" src=\"https:\/\/www.abf.eu\/clusone\/wp-content\/uploads\/sites\/2\/2022\/02\/piatto-1-1.jpg\" alt=\"\" class=\"wp-image-16293\" width=\"419\" height=\"262\" srcset=\"https:\/\/www.abf.eu\/clusone\/wp-content\/uploads\/sites\/2\/2022\/02\/piatto-1-1.jpg 930w, https:\/\/www.abf.eu\/clusone\/wp-content\/uploads\/sites\/2\/2022\/02\/piatto-1-1-300x188.jpg 300w, https:\/\/www.abf.eu\/clusone\/wp-content\/uploads\/sites\/2\/2022\/02\/piatto-1-1-768x481.jpg 768w, https:\/\/www.abf.eu\/clusone\/wp-content\/uploads\/sites\/2\/2022\/02\/piatto-1-1-600x376.jpg 600w\" sizes=\"auto, (max-width: 419px) 100vw, 419px\" \/><\/figure>\n\n\n\n<h5 class=\"wp-block-heading\"><strong>Tartufini al tiramis\u00f9&#8230;ma non solo!<\/strong><\/h5>\n\n\n\n<p>Se siamo riusciti a farti venire l\u2019acquolina in bocca, qui sotto troverai la video ricetta realizzata dai nostri allievi del corso di Cucina, cos\u00ec la realizzazione sar\u00e0 pi\u00f9 facile anche per i principianti.<\/p>\n\n\n\n<p>Non perderti le altre ricetta della Rubrica \u201cla ricetta del giorno\u201d per essere sempre preparato alle cene improvvise.<br>Ti sei perso la ricetta della scorsa settimana: prepara anche tu dei buonissimi <a href=\"https:\/\/www.abf.eu\/clusone\/gamberoni-allo-zafferano\/\">Gamberoni allo zafferano<\/a>.<\/p>\n\n\n\n<h5 class=\"wp-block-heading\">Vuoi iniziare a fare sul serio?<\/h5>\n\n\n\n<p>Se ti \u00e8 piaciuto questa ricetta non puoi perderti i nostri corsi di <a href=\"https:\/\/www.abf.eu\/clusone\/corsi\/corso-di-pasticceria-base-serale-2\/\">pasticceria base<\/a> e <a href=\"https:\/\/www.abf.eu\/clusone\/corsi\/corso-di-pasticceria-intermedio\/\">pasticceria intermedia<\/a>, per diventare il cuoco dei tuoi sogni, fai un giro a vedere i nostri corsi!<\/p>\n\n\n\n<figure class=\"wp-block-embed is-type-video is-provider-youtube wp-block-embed-youtube wp-embed-aspect-16-9 wp-has-aspect-ratio\"><div class=\"wp-block-embed__wrapper\">\nhttps:\/\/www.youtube.com\/watch?v=sxjZELvQD28\n<\/div><\/figure>\n","protected":false},"excerpt":{"rendered":"<p>Tartufini al Tiramis\u00f9: il dolce perfetto per gli amanti di<\/p>\n","protected":false},"author":46,"featured_media":16285,"comment_status":"open","ping_status":"open","sticky":false,"template":"","format":"standard","meta":{"footnotes":""},"categories":[1],"tags":[],"class_list":["post-16283","post","type-post","status-publish","format-standard","has-post-thumbnail","hentry","category-senza-categoria"],"yoast_head":"<!-- This site is optimized with the Yoast SEO plugin v25.8 - https:\/\/yoast.com\/wordpress\/plugins\/seo\/ -->\n<title>La ricetta del giorno: Tartufini al tiramis\u00f9. - Clusone<\/title>\n<meta name=\"description\" content=\"Ricetta del giorno: Tartufini al Tiramis\u00f9. Una rivisitazione moderna di un classico che lascer\u00e0 tutti a bocca aperta.\" \/>\n<meta name=\"robots\" content=\"index, follow, max-snippet:-1, max-image-preview:large, max-video-preview:-1\" \/>\n<link rel=\"canonical\" href=\"https:\/\/www.abf.eu\/clusone\/tartufini-al-tiramisu\/\" \/>\n<meta property=\"og:locale\" content=\"it_IT\" \/>\n<meta property=\"og:type\" content=\"article\" \/>\n<meta property=\"og:title\" content=\"La ricetta del giorno: Tartufini al tiramis\u00f9. - Clusone\" \/>\n<meta property=\"og:description\" content=\"Ricetta del giorno: Tartufini al Tiramis\u00f9. Una rivisitazione moderna di un classico che lascer\u00e0 tutti a bocca aperta.\" \/>\n<meta property=\"og:url\" content=\"https:\/\/www.abf.eu\/clusone\/tartufini-al-tiramisu\/\" \/>\n<meta property=\"og:site_name\" content=\"Clusone\" \/>\n<meta property=\"article:published_time\" content=\"2022-04-08T10:48:16+00:00\" \/>\n<meta property=\"og:image\" content=\"https:\/\/www.abf.eu\/clusone\/wp-content\/uploads\/sites\/2\/2022\/02\/piatto-1.jpg\" \/>\n\t<meta property=\"og:image:width\" content=\"930\" \/>\n\t<meta property=\"og:image:height\" content=\"583\" \/>\n\t<meta property=\"og:image:type\" content=\"image\/jpeg\" \/>\n<meta name=\"author\" content=\"abfeditor clusone\" \/>\n<meta name=\"twitter:card\" content=\"summary_large_image\" \/>\n<meta name=\"twitter:label1\" content=\"Scritto da\" \/>\n\t<meta name=\"twitter:data1\" content=\"abfeditor clusone\" \/>\n\t<meta name=\"twitter:label2\" content=\"Tempo di lettura stimato\" \/>\n\t<meta name=\"twitter:data2\" content=\"3 minuti\" \/>\n<script type=\"application\/ld+json\" class=\"yoast-schema-graph\">{\"@context\":\"https:\/\/schema.org\",\"@graph\":[{\"@type\":\"WebPage\",\"@id\":\"https:\/\/www.abf.eu\/clusone\/tartufini-al-tiramisu\/\",\"url\":\"https:\/\/www.abf.eu\/clusone\/tartufini-al-tiramisu\/\",\"name\":\"La ricetta del giorno: Tartufini al tiramis\u00f9. - Clusone\",\"isPartOf\":{\"@id\":\"https:\/\/www.abf.eu\/clusone\/#website\"},\"primaryImageOfPage\":{\"@id\":\"https:\/\/www.abf.eu\/clusone\/tartufini-al-tiramisu\/#primaryimage\"},\"image\":{\"@id\":\"https:\/\/www.abf.eu\/clusone\/tartufini-al-tiramisu\/#primaryimage\"},\"thumbnailUrl\":\"https:\/\/www.abf.eu\/clusone\/wp-content\/uploads\/sites\/2\/2022\/02\/piatto-1.jpg\",\"datePublished\":\"2022-04-08T10:48:16+00:00\",\"author\":{\"@id\":\"https:\/\/www.abf.eu\/clusone\/#\/schema\/person\/210c3cc1dcad9ca85324f429567caefe\"},\"description\":\"Ricetta del giorno: Tartufini al Tiramis\u00f9. Una rivisitazione moderna di un classico che lascer\u00e0 tutti a bocca aperta.\",\"breadcrumb\":{\"@id\":\"https:\/\/www.abf.eu\/clusone\/tartufini-al-tiramisu\/#breadcrumb\"},\"inLanguage\":\"it-IT\",\"potentialAction\":[{\"@type\":\"ReadAction\",\"target\":[\"https:\/\/www.abf.eu\/clusone\/tartufini-al-tiramisu\/\"]}]},{\"@type\":\"ImageObject\",\"inLanguage\":\"it-IT\",\"@id\":\"https:\/\/www.abf.eu\/clusone\/tartufini-al-tiramisu\/#primaryimage\",\"url\":\"https:\/\/www.abf.eu\/clusone\/wp-content\/uploads\/sites\/2\/2022\/02\/piatto-1.jpg\",\"contentUrl\":\"https:\/\/www.abf.eu\/clusone\/wp-content\/uploads\/sites\/2\/2022\/02\/piatto-1.jpg\",\"width\":930,\"height\":583,\"caption\":\"impiattamento tartufini\"},{\"@type\":\"BreadcrumbList\",\"@id\":\"https:\/\/www.abf.eu\/clusone\/tartufini-al-tiramisu\/#breadcrumb\",\"itemListElement\":[{\"@type\":\"ListItem\",\"position\":1,\"name\":\"Home\",\"item\":\"https:\/\/www.abf.eu\/clusone\/\"},{\"@type\":\"ListItem\",\"position\":2,\"name\":\"La ricetta del giorno: Tartufini al tiramis\u00f9.\"}]},{\"@type\":\"WebSite\",\"@id\":\"https:\/\/www.abf.eu\/clusone\/#website\",\"url\":\"https:\/\/www.abf.eu\/clusone\/\",\"name\":\"Clusone\",\"description\":\"Ecco un altro sito Abf siti\",\"potentialAction\":[{\"@type\":\"SearchAction\",\"target\":{\"@type\":\"EntryPoint\",\"urlTemplate\":\"https:\/\/www.abf.eu\/clusone\/?s={search_term_string}\"},\"query-input\":{\"@type\":\"PropertyValueSpecification\",\"valueRequired\":true,\"valueName\":\"search_term_string\"}}],\"inLanguage\":\"it-IT\"},{\"@type\":\"Person\",\"@id\":\"https:\/\/www.abf.eu\/clusone\/#\/schema\/person\/210c3cc1dcad9ca85324f429567caefe\",\"name\":\"abfeditor clusone\",\"image\":{\"@type\":\"ImageObject\",\"inLanguage\":\"it-IT\",\"@id\":\"https:\/\/www.abf.eu\/clusone\/#\/schema\/person\/image\/\",\"url\":\"https:\/\/secure.gravatar.com\/avatar\/02d63f720e021120d5e78941723d08b5eb0d09ea934458589f28953c6c3d806a?s=96&d=mm&r=g\",\"contentUrl\":\"https:\/\/secure.gravatar.com\/avatar\/02d63f720e021120d5e78941723d08b5eb0d09ea934458589f28953c6c3d806a?s=96&d=mm&r=g\",\"caption\":\"abfeditor clusone\"},\"url\":\"https:\/\/www.abf.eu\/clusone\/author\/abfeditor\/\"}]}<\/script>\n<!-- \/ Yoast SEO plugin. -->","yoast_head_json":{"title":"La ricetta del giorno: Tartufini al tiramis\u00f9. - Clusone","description":"Ricetta del giorno: Tartufini al Tiramis\u00f9. Una rivisitazione moderna di un classico che lascer\u00e0 tutti a bocca aperta.","robots":{"index":"index","follow":"follow","max-snippet":"max-snippet:-1","max-image-preview":"max-image-preview:large","max-video-preview":"max-video-preview:-1"},"canonical":"https:\/\/www.abf.eu\/clusone\/tartufini-al-tiramisu\/","og_locale":"it_IT","og_type":"article","og_title":"La ricetta del giorno: Tartufini al tiramis\u00f9. - Clusone","og_description":"Ricetta del giorno: Tartufini al Tiramis\u00f9. Una rivisitazione moderna di un classico che lascer\u00e0 tutti a bocca aperta.","og_url":"https:\/\/www.abf.eu\/clusone\/tartufini-al-tiramisu\/","og_site_name":"Clusone","article_published_time":"2022-04-08T10:48:16+00:00","og_image":[{"width":930,"height":583,"url":"https:\/\/www.abf.eu\/clusone\/wp-content\/uploads\/sites\/2\/2022\/02\/piatto-1.jpg","type":"image\/jpeg"}],"author":"abfeditor clusone","twitter_card":"summary_large_image","twitter_misc":{"Scritto da":"abfeditor clusone","Tempo di lettura stimato":"3 minuti"},"schema":{"@context":"https:\/\/schema.org","@graph":[{"@type":"WebPage","@id":"https:\/\/www.abf.eu\/clusone\/tartufini-al-tiramisu\/","url":"https:\/\/www.abf.eu\/clusone\/tartufini-al-tiramisu\/","name":"La ricetta del giorno: Tartufini al tiramis\u00f9. - Clusone","isPartOf":{"@id":"https:\/\/www.abf.eu\/clusone\/#website"},"primaryImageOfPage":{"@id":"https:\/\/www.abf.eu\/clusone\/tartufini-al-tiramisu\/#primaryimage"},"image":{"@id":"https:\/\/www.abf.eu\/clusone\/tartufini-al-tiramisu\/#primaryimage"},"thumbnailUrl":"https:\/\/www.abf.eu\/clusone\/wp-content\/uploads\/sites\/2\/2022\/02\/piatto-1.jpg","datePublished":"2022-04-08T10:48:16+00:00","author":{"@id":"https:\/\/www.abf.eu\/clusone\/#\/schema\/person\/210c3cc1dcad9ca85324f429567caefe"},"description":"Ricetta del giorno: Tartufini al Tiramis\u00f9. Una rivisitazione moderna di un classico che lascer\u00e0 tutti a bocca aperta.","breadcrumb":{"@id":"https:\/\/www.abf.eu\/clusone\/tartufini-al-tiramisu\/#breadcrumb"},"inLanguage":"it-IT","potentialAction":[{"@type":"ReadAction","target":["https:\/\/www.abf.eu\/clusone\/tartufini-al-tiramisu\/"]}]},{"@type":"ImageObject","inLanguage":"it-IT","@id":"https:\/\/www.abf.eu\/clusone\/tartufini-al-tiramisu\/#primaryimage","url":"https:\/\/www.abf.eu\/clusone\/wp-content\/uploads\/sites\/2\/2022\/02\/piatto-1.jpg","contentUrl":"https:\/\/www.abf.eu\/clusone\/wp-content\/uploads\/sites\/2\/2022\/02\/piatto-1.jpg","width":930,"height":583,"caption":"impiattamento tartufini"},{"@type":"BreadcrumbList","@id":"https:\/\/www.abf.eu\/clusone\/tartufini-al-tiramisu\/#breadcrumb","itemListElement":[{"@type":"ListItem","position":1,"name":"Home","item":"https:\/\/www.abf.eu\/clusone\/"},{"@type":"ListItem","position":2,"name":"La ricetta del giorno: Tartufini al tiramis\u00f9."}]},{"@type":"WebSite","@id":"https:\/\/www.abf.eu\/clusone\/#website","url":"https:\/\/www.abf.eu\/clusone\/","name":"Clusone","description":"Ecco un altro sito Abf siti","potentialAction":[{"@type":"SearchAction","target":{"@type":"EntryPoint","urlTemplate":"https:\/\/www.abf.eu\/clusone\/?s={search_term_string}"},"query-input":{"@type":"PropertyValueSpecification","valueRequired":true,"valueName":"search_term_string"}}],"inLanguage":"it-IT"},{"@type":"Person","@id":"https:\/\/www.abf.eu\/clusone\/#\/schema\/person\/210c3cc1dcad9ca85324f429567caefe","name":"abfeditor clusone","image":{"@type":"ImageObject","inLanguage":"it-IT","@id":"https:\/\/www.abf.eu\/clusone\/#\/schema\/person\/image\/","url":"https:\/\/secure.gravatar.com\/avatar\/02d63f720e021120d5e78941723d08b5eb0d09ea934458589f28953c6c3d806a?s=96&d=mm&r=g","contentUrl":"https:\/\/secure.gravatar.com\/avatar\/02d63f720e021120d5e78941723d08b5eb0d09ea934458589f28953c6c3d806a?s=96&d=mm&r=g","caption":"abfeditor clusone"},"url":"https:\/\/www.abf.eu\/clusone\/author\/abfeditor\/"}]}},"_links":{"self":[{"href":"https:\/\/www.abf.eu\/clusone\/wp-json\/wp\/v2\/posts\/16283","targetHints":{"allow":["GET"]}}],"collection":[{"href":"https:\/\/www.abf.eu\/clusone\/wp-json\/wp\/v2\/posts"}],"about":[{"href":"https:\/\/www.abf.eu\/clusone\/wp-json\/wp\/v2\/types\/post"}],"author":[{"embeddable":true,"href":"https:\/\/www.abf.eu\/clusone\/wp-json\/wp\/v2\/users\/46"}],"replies":[{"embeddable":true,"href":"https:\/\/www.abf.eu\/clusone\/wp-json\/wp\/v2\/comments?post=16283"}],"version-history":[{"count":8,"href":"https:\/\/www.abf.eu\/clusone\/wp-json\/wp\/v2\/posts\/16283\/revisions"}],"predecessor-version":[{"id":16758,"href":"https:\/\/www.abf.eu\/clusone\/wp-json\/wp\/v2\/posts\/16283\/revisions\/16758"}],"wp:featuredmedia":[{"embeddable":true,"href":"https:\/\/www.abf.eu\/clusone\/wp-json\/wp\/v2\/media\/16285"}],"wp:attachment":[{"href":"https:\/\/www.abf.eu\/clusone\/wp-json\/wp\/v2\/media?parent=16283"}],"wp:term":[{"taxonomy":"category","embeddable":true,"href":"https:\/\/www.abf.eu\/clusone\/wp-json\/wp\/v2\/categories?post=16283"},{"taxonomy":"post_tag","embeddable":true,"href":"https:\/\/www.abf.eu\/clusone\/wp-json\/wp\/v2\/tags?post=16283"}],"curies":[{"name":"wp","href":"https:\/\/api.w.org\/{rel}","templated":true}]}}