{"id":16380,"date":"2022-03-11T13:16:38","date_gmt":"2022-03-11T12:16:38","guid":{"rendered":"https:\/\/www.abf.eu\/clusone\/?p=16380"},"modified":"2022-03-24T14:38:12","modified_gmt":"2022-03-24T13:38:12","slug":"progetto-hackathon-2022","status":"publish","type":"post","link":"https:\/\/www.abf.eu\/clusone\/progetto-hackathon-2022\/","title":{"rendered":"Progetto Hackathon: valorizziamo il territorio"},"content":{"rendered":"\n<h3 class=\"wp-block-heading\"><strong>Il Progetto Hackathon&nbsp;<\/strong><\/h3>\n\n\n\n<p>In questi giorni i ragazzi di ABF Clusone hanno partecipato ad una iniziativa promossa dal <strong><a href=\"https:\/\/www.galvalleserianaedeilaghi.com\/\" target=\"_blank\" rel=\"noreferrer noopener\">GAL Valle Seriana e dei laghi bergamaschi<\/a><\/strong>: il <em>Progetto Hackathon<\/em>. Questo progetto si inserisce nel contesto del pi\u00f9 ampio <a href=\"https:\/\/www.abf.eu\/clusone\/progetto-join-abf-clusone\/\">progetto JOIN<\/a>, che prevedeva l\u2019organizzazione di un hackathon sullo sviluppo e la valorizzazione delle imprese rurali. L\u2019obiettivo di questa attivit\u00e0 era quello di formare e sensibilizzare diverse categorie, tra cui i nostri giovani, futuri imprenditori del territorio, alla promozione di idee che coniughino innovazione, tradizione e sviluppo sostenibile. In aggiunta alle 2 giornate di Hackathon erano previsti dei seminari utili all\u2019approfondimento delle tematiche oggetto dell\u2019evento ed alla realizzazione delle proposte progettuali.\u00a0<\/p>\n\n\n\n<h3 class=\"wp-block-heading\"><strong>Cos\u2019\u00e8 un hackathon?<\/strong><\/h3>\n\n\n\n<p>Un hackathon \u00e8 un\u2019attivit\u00e0 durante la quale i partecipanti si riuniscono per risolvere alcuni particolari problemi\/opportunit\u00e0 della vita reale, in una competizione amichevole e leale. \u00c8 un metodo di partecipazione applicabile trasversalmente a pi\u00f9 settori e si rivolge a persone che abbiano voglia e stimoli per affrontare un problema comune oppure sviluppare idee, progetti e prodotti su argomenti specifici. Pu\u00f2 avere obiettivi didattici, formativi fino ad arrivare alla concretizzazione di proposte, prodotti o progetti innovativi per rispondere a bisogni reali.<\/p>\n\n\n\n<p>Il termine hackathon si compone da due parole:<\/p>\n\n\n\n<ul class=\"wp-block-list\"><li><strong>Hacking<\/strong>: \u00e8 una parola che solitamente viene associata ad azioni di natura illegale (<em>hacker<\/em>) per\u00f2 in questo caso il principio \u00e8 l\u2019opposto. L&#8217;idea \u00e8 quella di risolvere i problemi in modo insolito attraverso l&#8217;innovazione, la condivisione e il lavoro in team.<\/li><\/ul>\n\n\n\n<ul class=\"wp-block-list\"><li><strong>Marathon<\/strong>: come in una maratona in cui il tratto di percorrenza \u00e8 ben definito. <\/li><\/ul>\n\n\n\n<p><strong>L\u2019obiettivo <\/strong>dell&#8217;iniziativa \u00e8 quello di stimolare i giovani alla <strong>cittadinanza attiva<\/strong>, all\u2019interesse per una occupazione sul territorio della valle Seriana e dei laghi bergamaschi. Questo porta allo sviluppo della propria creativit\u00e0 ed a coltivare dei progetti innovativi in risposta a determinate sfide.<\/p>\n\n\n\n<p>Il target a cui \u00e8 rivolto questo progetto sono i giovani in et\u00e0 scolare nella fascia 16-18 anni di indirizzi di studi eterogenei e rappresentativi del sistema formativo dell\u2019area circoscritta dal GAL, come gli studenti di <strong>ABF Clusone<\/strong>. <\/p>\n\n\n\n<figure class=\"wp-block-image size-large\"><img loading=\"lazy\" decoding=\"async\" width=\"1024\" height=\"683\" src=\"https:\/\/www.abf.eu\/clusone\/wp-content\/uploads\/sites\/2\/2022\/03\/progetto-hackanton-valorizziamo-il-territorio-1024x683.jpg\" alt=\"ragazzi seduti al tavolo discutono tra di loro\" class=\"wp-image-16562\" srcset=\"https:\/\/www.abf.eu\/clusone\/wp-content\/uploads\/sites\/2\/2022\/03\/progetto-hackanton-valorizziamo-il-territorio-1024x683.jpg 1024w, https:\/\/www.abf.eu\/clusone\/wp-content\/uploads\/sites\/2\/2022\/03\/progetto-hackanton-valorizziamo-il-territorio-300x200.jpg 300w, https:\/\/www.abf.eu\/clusone\/wp-content\/uploads\/sites\/2\/2022\/03\/progetto-hackanton-valorizziamo-il-territorio-768x512.jpg 768w, https:\/\/www.abf.eu\/clusone\/wp-content\/uploads\/sites\/2\/2022\/03\/progetto-hackanton-valorizziamo-il-territorio-600x400.jpg 600w, https:\/\/www.abf.eu\/clusone\/wp-content\/uploads\/sites\/2\/2022\/03\/progetto-hackanton-valorizziamo-il-territorio.jpg 1440w\" sizes=\"auto, (max-width: 1024px) 100vw, 1024px\" \/><\/figure>\n\n\n\n<p>Durante l&#8217;attivit\u00e0 i partecipanti sono suddivisi in Team, ognuno dei quali supportato da un <strong>mentor<\/strong> che li accompagna nello sviluppo del proprio progetto. I giovani che vivono nelle aree pi\u00f9 periferiche spesso si trovano a dover lasciare il paese natale per cercare occupazione in citt\u00e0 o all\u2019estero. Questa tendenza ha subito un&#8217;accelerazione a seguito dell\u2018insorgenza della crisi economica e della crescente disoccupazione giovanile. Tuttavia ricerche recenti hanno evidenziato come due ragazzi su tre vogliano rimanere nel territorio dove sono nati e cresciuti. La pandemia ha accentuato il desiderio dei giovani di poter costruire il proprio futuro mettendo al centro relazioni e ambiente naturale. <\/p>\n\n\n\n<p>La sfida risponde alla necessit\u00e0 di proporre progetti innovativi connessi con le filiere di riferimento dell\u2019area del GAL Valle Seriana e dei laghi bergamaschi.<\/p>\n\n\n\n<p>Tra le varie proposte c&#8217;\u00e8 l&#8217;ideazione di alcuni progetti che permettano agli agricoltori di adottare <strong>strategie commerciali <\/strong>che cercano di ridurre i passaggi della filiera agroalimentare, dal campo alla tavola. <\/p>\n\n\n\n<p>Altri interventi proposti riguardano l\u2019<strong>economia circolare <\/strong>come il riutilizzo di prodotti della produzione primaria. Tra questi troviamo, ad esempio, il caglio per la filiera lattiero-casearia o la lanolina. Attualmente costituiscono uno scarto, o il loro riutilizzo \u00e8 poco performante. L&#8217;obbiettivo diventa quindi quello di far comprendere come sfruttare questi prodotti nel modo pi\u00f9 efficace e sostenibile.<\/p>\n\n\n\n<p>La <em>Call To Action<\/em> \u00e8 rivolta agli <em>stakeholders<\/em> del territorio, i quali potranno proporre sfide con le quali i partecipanti potranno scegliere di misurarsi.  In questo caso gli  <em>stakeholders<\/em> che possiamo considerare sono: enti pubblici, aziende di settore, consorzi di tutela, cooperative, associazioni e tutti soggetti che gravitano intorno alle filiere agroalimentari ed allo sviluppo rurale.<\/p>\n\n\n\n<h3 class=\"wp-block-heading\"><strong>Chi sono i mentors?<\/strong><\/h3>\n\n\n\n<p>I <strong>mentors<\/strong> sono figure di riferimento che aiutano e supportano i ragazzi nelle attivit\u00e0 previste dal progetto. Possono essere ragazzi universitari o giovani imprenditori che in qualche modo hanno saputo rispondere ad una o pi\u00f9 sfide tra quelle proposte. In questo modo si intende favorire un approccio di apprendimento tra pari, grazie all&#8217;esperienza di chi ha vissuto in prima persona queste difficolt\u00e0. <\/p>\n\n\n\n<figure class=\"wp-block-image size-full\"><img loading=\"lazy\" decoding=\"async\" width=\"1000\" height=\"666\" src=\"https:\/\/www.abf.eu\/clusone\/wp-content\/uploads\/sites\/2\/2022\/03\/Hackhathon.png\" alt=\"ragazzi per Hackathon\" class=\"wp-image-16556\" srcset=\"https:\/\/www.abf.eu\/clusone\/wp-content\/uploads\/sites\/2\/2022\/03\/Hackhathon.png 1000w, https:\/\/www.abf.eu\/clusone\/wp-content\/uploads\/sites\/2\/2022\/03\/Hackhathon-300x200.png 300w, https:\/\/www.abf.eu\/clusone\/wp-content\/uploads\/sites\/2\/2022\/03\/Hackhathon-768x511.png 768w, https:\/\/www.abf.eu\/clusone\/wp-content\/uploads\/sites\/2\/2022\/03\/Hackhathon-600x400.png 600w\" sizes=\"auto, (max-width: 1000px) 100vw, 1000px\" \/><\/figure>\n\n\n\n<figure class=\"wp-block-image size-large\"><img loading=\"lazy\" decoding=\"async\" width=\"1024\" height=\"683\" src=\"https:\/\/www.abf.eu\/clusone\/wp-content\/uploads\/sites\/2\/2022\/03\/progetto-hackalthon-1024x683.jpg\" alt=\"confronto al tavolo tra i ragazzi\" class=\"wp-image-16524\" srcset=\"https:\/\/www.abf.eu\/clusone\/wp-content\/uploads\/sites\/2\/2022\/03\/progetto-hackalthon-1024x683.jpg 1024w, https:\/\/www.abf.eu\/clusone\/wp-content\/uploads\/sites\/2\/2022\/03\/progetto-hackalthon-300x200.jpg 300w, https:\/\/www.abf.eu\/clusone\/wp-content\/uploads\/sites\/2\/2022\/03\/progetto-hackalthon-768x512.jpg 768w, https:\/\/www.abf.eu\/clusone\/wp-content\/uploads\/sites\/2\/2022\/03\/progetto-hackalthon-600x400.jpg 600w, https:\/\/www.abf.eu\/clusone\/wp-content\/uploads\/sites\/2\/2022\/03\/progetto-hackalthon.jpg 1440w\" sizes=\"auto, (max-width: 1024px) 100vw, 1024px\" \/><\/figure>\n\n\n\n<h3 class=\"wp-block-heading\">Hackathon e le attivit\u00e0 con i ragazzi di ABF<\/h3>\n\n\n\n<p>Gli studenti di terza agricolo, quarta grafica e quarta agricolo di ABF Clusone hanno partecipato a questa esperienza nei giorni 7 e 8 marzo 2022 presso il Bioparco Valle delle Sorgenti di Gaverina Terme. Gli allievi erano stati suddivisi in team ciascuno capeggiato da un team leader. <\/p>\n\n\n\n<p>Ad ogni squadra era stato assegnato un mentor, scelto dal team leader in modo casuale. I team poi si erano spostati nel Bioparco in cui hanno svolto attivit\u00e0 che li hanno avvicinati sempre di pi\u00f9 al valore culturale del proprio territorio. <\/p>\n\n\n\n<p>Dopo aver compreso ci\u00f2 hanno analizzato i punti di forza e di debolezza del territorio, per averne una visione pi\u00f9 completa da un punto di vista imprenditoriale. Alla fine della giornata c&#8217;era stato un confronto\u00a0con il mentor e il team, utile per individuare la sfida con la quale competere in hackathon. <\/p>\n\n\n\n<p>La presenza di un tecnico informatico era necessaria per presentare ad ogni squadra la piattaforma <em>Trust<\/em> sul quale \u00e8 stata caricata la propria idea di business. I ragazzi hanno sviluppato poi quest&#8217;idea ed hanno avuto il confronto con il proprio mentor sull&#8217;avanzamento della stessa. In conclusione ogni team leader presenter\u00e0 a tutti i partecipanti il risultato del brainstorming della squadra e le proposte per il proprio progetto di business. <\/p>\n\n\n\n<figure class=\"wp-block-image size-full\"><img loading=\"lazy\" decoding=\"async\" width=\"1000\" height=\"666\" src=\"https:\/\/www.abf.eu\/clusone\/wp-content\/uploads\/sites\/2\/2022\/03\/Foto-di-gruppo-Hackathon.png\" alt=\"foto di gruppo Hackathon\" class=\"wp-image-16602\" srcset=\"https:\/\/www.abf.eu\/clusone\/wp-content\/uploads\/sites\/2\/2022\/03\/Foto-di-gruppo-Hackathon.png 1000w, https:\/\/www.abf.eu\/clusone\/wp-content\/uploads\/sites\/2\/2022\/03\/Foto-di-gruppo-Hackathon-300x200.png 300w, https:\/\/www.abf.eu\/clusone\/wp-content\/uploads\/sites\/2\/2022\/03\/Foto-di-gruppo-Hackathon-768x511.png 768w, https:\/\/www.abf.eu\/clusone\/wp-content\/uploads\/sites\/2\/2022\/03\/Foto-di-gruppo-Hackathon-600x400.png 600w\" sizes=\"auto, (max-width: 1000px) 100vw, 1000px\" \/><\/figure>\n\n\n\n<h3 class=\"wp-block-heading\">La conclusione del progetto Hackathon <\/h3>\n\n\n\n<p>Il giorno 22 marzo 2022, presso l&#8217;oratorio di Clusone, si \u00e8 concluso il progetto Hackathon. Gli allievi di ABF Clusone e <a href=\"https:\/\/www.afppatronatosv.org\/scuola-professionale-2\/\" target=\"_blank\" rel=\"noreferrer noopener\">AFP Patronato San Vincenzo di Endine<\/a> hanno esposto i loro progetti relativi alla valorizzazione del territorio. L&#8217;obiettivo era identificare le attivit\u00e0 concrete che possano contribuire a ridare vita a luoghi pi\u00f9 periferici. Un occhio di riguardo \u00e8 stato dedicato all&#8217;aspetto <em>green<\/em> dei progetti, valutandone anche la sostenibilit\u00e0 ambientale. I ragazzi dei due enti di formazione erano stati suddivisi in gruppi che avvicinassero le due distinte realt\u00e0 scolastiche I gruppi formati per incentivare il lavoro in modo sinergico: diverse competenze messe a confronto si sono rinforzate l&#8217;un l&#8217;altra contribuendo al raggiungimento di un obiettivo comune. <\/p>\n\n\n\n<p>A giudicare i loro progetti c&#8217;era una giuria che ha assegnato il primo posto al gruppo #Futurama. Il loro progetto prevede la realizzazione di un&#8217;app che amplia l&#8217;idea dello sport come lo si intende in modo tradizionale, rendendolo &#8220;collaborativo e social&#8221;. Questa app prenderebbe il nome di <em>&#8220;WhereSPORT<\/em>&#8220;, permetterebbe agli iscritti di prenotare gli impianti e le strutture sportive del territorio, consentendo per\u00f2 anche ad altri iscritti di dare la propria adesione a quella prenotazione e raggiungere cos\u00ec il numero necessario di partecipanti allo sport di squadra scelto. Tramite l&#8217;app, quindi, sarebbe possibile fare sport in compagnia di tutti gli iscritti all&#8217;applicazione, non necessariamente appartenenti alla nostra cerchia di amicizie.<\/p>\n\n\n\n<p>Complimenti quindi ai #Futurama! Ma non di meno sono stati tutti gli altri gruppi che hanno dimostrato grande competenza con idee innovative e funzionali.  <\/p>\n\n\n\n<figure class=\"wp-block-image size-full is-resized\"><img loading=\"lazy\" decoding=\"async\" src=\"https:\/\/www.abf.eu\/clusone\/wp-content\/uploads\/sites\/2\/2022\/03\/Hackathon.png\" alt=\"\" class=\"wp-image-16609\" width=\"1041\" height=\"695\" srcset=\"https:\/\/www.abf.eu\/clusone\/wp-content\/uploads\/sites\/2\/2022\/03\/Hackathon-300x200.png 300w, https:\/\/www.abf.eu\/clusone\/wp-content\/uploads\/sites\/2\/2022\/03\/Hackathon-600x400.png 600w\" sizes=\"auto, (max-width: 1041px) 100vw, 1041px\" \/><\/figure>\n\n\n\n<p><\/p>\n","protected":false},"excerpt":{"rendered":"<p>Il Progetto Hackathon&nbsp; In questi giorni i ragazzi di ABF<\/p>\n","protected":false},"author":46,"featured_media":16554,"comment_status":"open","ping_status":"open","sticky":false,"template":"","format":"standard","meta":{"footnotes":""},"categories":[1],"tags":[],"class_list":["post-16380","post","type-post","status-publish","format-standard","has-post-thumbnail","hentry","category-senza-categoria"],"yoast_head":"<!-- This site is optimized with the Yoast SEO plugin v25.8 - https:\/\/yoast.com\/wordpress\/plugins\/seo\/ -->\n<title>Progetto Hackathon: valorizziamo il territorio - Clusone<\/title>\n<meta name=\"description\" content=\"In questi giorni i ragazzi di ABF Clusone hanno partecipato ad una iniziativa promossa dal GAL: il Progetto Hackathon.\" \/>\n<meta name=\"robots\" content=\"index, follow, max-snippet:-1, max-image-preview:large, max-video-preview:-1\" \/>\n<link rel=\"canonical\" href=\"https:\/\/www.abf.eu\/clusone\/progetto-hackathon-2022\/\" \/>\n<meta property=\"og:locale\" content=\"it_IT\" \/>\n<meta property=\"og:type\" content=\"article\" \/>\n<meta property=\"og:title\" content=\"Progetto Hackathon: valorizziamo il territorio - Clusone\" \/>\n<meta property=\"og:description\" content=\"In questi giorni i ragazzi di ABF Clusone hanno partecipato ad una iniziativa promossa dal GAL: il Progetto Hackathon.\" \/>\n<meta property=\"og:url\" content=\"https:\/\/www.abf.eu\/clusone\/progetto-hackathon-2022\/\" \/>\n<meta property=\"og:site_name\" content=\"Clusone\" \/>\n<meta property=\"article:published_time\" content=\"2022-03-11T12:16:38+00:00\" \/>\n<meta property=\"article:modified_time\" content=\"2022-03-24T13:38:12+00:00\" \/>\n<meta property=\"og:image\" content=\"https:\/\/www.abf.eu\/clusone\/wp-content\/uploads\/sites\/2\/2022\/03\/Hack.png\" \/>\n\t<meta property=\"og:image:width\" content=\"1000\" \/>\n\t<meta property=\"og:image:height\" content=\"666\" \/>\n\t<meta property=\"og:image:type\" content=\"image\/png\" \/>\n<meta name=\"author\" content=\"abfeditor clusone\" \/>\n<meta name=\"twitter:card\" content=\"summary_large_image\" \/>\n<meta name=\"twitter:label1\" content=\"Scritto da\" \/>\n\t<meta name=\"twitter:data1\" content=\"abfeditor clusone\" \/>\n\t<meta name=\"twitter:label2\" content=\"Tempo di lettura stimato\" \/>\n\t<meta name=\"twitter:data2\" content=\"8 minuti\" \/>\n<script type=\"application\/ld+json\" class=\"yoast-schema-graph\">{\"@context\":\"https:\/\/schema.org\",\"@graph\":[{\"@type\":\"WebPage\",\"@id\":\"https:\/\/www.abf.eu\/clusone\/progetto-hackathon-2022\/\",\"url\":\"https:\/\/www.abf.eu\/clusone\/progetto-hackathon-2022\/\",\"name\":\"Progetto Hackathon: valorizziamo il territorio - Clusone\",\"isPartOf\":{\"@id\":\"https:\/\/www.abf.eu\/clusone\/#website\"},\"primaryImageOfPage\":{\"@id\":\"https:\/\/www.abf.eu\/clusone\/progetto-hackathon-2022\/#primaryimage\"},\"image\":{\"@id\":\"https:\/\/www.abf.eu\/clusone\/progetto-hackathon-2022\/#primaryimage\"},\"thumbnailUrl\":\"https:\/\/www.abf.eu\/clusone\/wp-content\/uploads\/sites\/2\/2022\/03\/Hack.png\",\"datePublished\":\"2022-03-11T12:16:38+00:00\",\"dateModified\":\"2022-03-24T13:38:12+00:00\",\"author\":{\"@id\":\"https:\/\/www.abf.eu\/clusone\/#\/schema\/person\/210c3cc1dcad9ca85324f429567caefe\"},\"description\":\"In questi giorni i ragazzi di ABF Clusone hanno partecipato ad una iniziativa promossa dal GAL: il Progetto Hackathon.\",\"breadcrumb\":{\"@id\":\"https:\/\/www.abf.eu\/clusone\/progetto-hackathon-2022\/#breadcrumb\"},\"inLanguage\":\"it-IT\",\"potentialAction\":[{\"@type\":\"ReadAction\",\"target\":[\"https:\/\/www.abf.eu\/clusone\/progetto-hackathon-2022\/\"]}]},{\"@type\":\"ImageObject\",\"inLanguage\":\"it-IT\",\"@id\":\"https:\/\/www.abf.eu\/clusone\/progetto-hackathon-2022\/#primaryimage\",\"url\":\"https:\/\/www.abf.eu\/clusone\/wp-content\/uploads\/sites\/2\/2022\/03\/Hack.png\",\"contentUrl\":\"https:\/\/www.abf.eu\/clusone\/wp-content\/uploads\/sites\/2\/2022\/03\/Hack.png\",\"width\":1000,\"height\":666,\"caption\":\"Ragazzi per il progetto Hackathon\"},{\"@type\":\"BreadcrumbList\",\"@id\":\"https:\/\/www.abf.eu\/clusone\/progetto-hackathon-2022\/#breadcrumb\",\"itemListElement\":[{\"@type\":\"ListItem\",\"position\":1,\"name\":\"Home\",\"item\":\"https:\/\/www.abf.eu\/clusone\/\"},{\"@type\":\"ListItem\",\"position\":2,\"name\":\"Progetto Hackathon: valorizziamo il territorio\"}]},{\"@type\":\"WebSite\",\"@id\":\"https:\/\/www.abf.eu\/clusone\/#website\",\"url\":\"https:\/\/www.abf.eu\/clusone\/\",\"name\":\"Clusone\",\"description\":\"Ecco un altro sito Abf siti\",\"potentialAction\":[{\"@type\":\"SearchAction\",\"target\":{\"@type\":\"EntryPoint\",\"urlTemplate\":\"https:\/\/www.abf.eu\/clusone\/?s={search_term_string}\"},\"query-input\":{\"@type\":\"PropertyValueSpecification\",\"valueRequired\":true,\"valueName\":\"search_term_string\"}}],\"inLanguage\":\"it-IT\"},{\"@type\":\"Person\",\"@id\":\"https:\/\/www.abf.eu\/clusone\/#\/schema\/person\/210c3cc1dcad9ca85324f429567caefe\",\"name\":\"abfeditor clusone\",\"image\":{\"@type\":\"ImageObject\",\"inLanguage\":\"it-IT\",\"@id\":\"https:\/\/www.abf.eu\/clusone\/#\/schema\/person\/image\/\",\"url\":\"https:\/\/secure.gravatar.com\/avatar\/02d63f720e021120d5e78941723d08b5eb0d09ea934458589f28953c6c3d806a?s=96&d=mm&r=g\",\"contentUrl\":\"https:\/\/secure.gravatar.com\/avatar\/02d63f720e021120d5e78941723d08b5eb0d09ea934458589f28953c6c3d806a?s=96&d=mm&r=g\",\"caption\":\"abfeditor clusone\"},\"url\":\"https:\/\/www.abf.eu\/clusone\/author\/abfeditor\/\"}]}<\/script>\n<!-- \/ Yoast SEO plugin. -->","yoast_head_json":{"title":"Progetto Hackathon: valorizziamo il territorio - Clusone","description":"In questi giorni i ragazzi di ABF Clusone hanno partecipato ad una iniziativa promossa dal GAL: il Progetto Hackathon.","robots":{"index":"index","follow":"follow","max-snippet":"max-snippet:-1","max-image-preview":"max-image-preview:large","max-video-preview":"max-video-preview:-1"},"canonical":"https:\/\/www.abf.eu\/clusone\/progetto-hackathon-2022\/","og_locale":"it_IT","og_type":"article","og_title":"Progetto Hackathon: valorizziamo il territorio - Clusone","og_description":"In questi giorni i ragazzi di ABF Clusone hanno partecipato ad una iniziativa promossa dal GAL: il Progetto Hackathon.","og_url":"https:\/\/www.abf.eu\/clusone\/progetto-hackathon-2022\/","og_site_name":"Clusone","article_published_time":"2022-03-11T12:16:38+00:00","article_modified_time":"2022-03-24T13:38:12+00:00","og_image":[{"width":1000,"height":666,"url":"https:\/\/www.abf.eu\/clusone\/wp-content\/uploads\/sites\/2\/2022\/03\/Hack.png","type":"image\/png"}],"author":"abfeditor clusone","twitter_card":"summary_large_image","twitter_misc":{"Scritto da":"abfeditor clusone","Tempo di lettura stimato":"8 minuti"},"schema":{"@context":"https:\/\/schema.org","@graph":[{"@type":"WebPage","@id":"https:\/\/www.abf.eu\/clusone\/progetto-hackathon-2022\/","url":"https:\/\/www.abf.eu\/clusone\/progetto-hackathon-2022\/","name":"Progetto Hackathon: valorizziamo il territorio - Clusone","isPartOf":{"@id":"https:\/\/www.abf.eu\/clusone\/#website"},"primaryImageOfPage":{"@id":"https:\/\/www.abf.eu\/clusone\/progetto-hackathon-2022\/#primaryimage"},"image":{"@id":"https:\/\/www.abf.eu\/clusone\/progetto-hackathon-2022\/#primaryimage"},"thumbnailUrl":"https:\/\/www.abf.eu\/clusone\/wp-content\/uploads\/sites\/2\/2022\/03\/Hack.png","datePublished":"2022-03-11T12:16:38+00:00","dateModified":"2022-03-24T13:38:12+00:00","author":{"@id":"https:\/\/www.abf.eu\/clusone\/#\/schema\/person\/210c3cc1dcad9ca85324f429567caefe"},"description":"In questi giorni i ragazzi di ABF Clusone hanno partecipato ad una iniziativa promossa dal GAL: il Progetto Hackathon.","breadcrumb":{"@id":"https:\/\/www.abf.eu\/clusone\/progetto-hackathon-2022\/#breadcrumb"},"inLanguage":"it-IT","potentialAction":[{"@type":"ReadAction","target":["https:\/\/www.abf.eu\/clusone\/progetto-hackathon-2022\/"]}]},{"@type":"ImageObject","inLanguage":"it-IT","@id":"https:\/\/www.abf.eu\/clusone\/progetto-hackathon-2022\/#primaryimage","url":"https:\/\/www.abf.eu\/clusone\/wp-content\/uploads\/sites\/2\/2022\/03\/Hack.png","contentUrl":"https:\/\/www.abf.eu\/clusone\/wp-content\/uploads\/sites\/2\/2022\/03\/Hack.png","width":1000,"height":666,"caption":"Ragazzi per il progetto Hackathon"},{"@type":"BreadcrumbList","@id":"https:\/\/www.abf.eu\/clusone\/progetto-hackathon-2022\/#breadcrumb","itemListElement":[{"@type":"ListItem","position":1,"name":"Home","item":"https:\/\/www.abf.eu\/clusone\/"},{"@type":"ListItem","position":2,"name":"Progetto Hackathon: valorizziamo il territorio"}]},{"@type":"WebSite","@id":"https:\/\/www.abf.eu\/clusone\/#website","url":"https:\/\/www.abf.eu\/clusone\/","name":"Clusone","description":"Ecco un altro sito Abf siti","potentialAction":[{"@type":"SearchAction","target":{"@type":"EntryPoint","urlTemplate":"https:\/\/www.abf.eu\/clusone\/?s={search_term_string}"},"query-input":{"@type":"PropertyValueSpecification","valueRequired":true,"valueName":"search_term_string"}}],"inLanguage":"it-IT"},{"@type":"Person","@id":"https:\/\/www.abf.eu\/clusone\/#\/schema\/person\/210c3cc1dcad9ca85324f429567caefe","name":"abfeditor clusone","image":{"@type":"ImageObject","inLanguage":"it-IT","@id":"https:\/\/www.abf.eu\/clusone\/#\/schema\/person\/image\/","url":"https:\/\/secure.gravatar.com\/avatar\/02d63f720e021120d5e78941723d08b5eb0d09ea934458589f28953c6c3d806a?s=96&d=mm&r=g","contentUrl":"https:\/\/secure.gravatar.com\/avatar\/02d63f720e021120d5e78941723d08b5eb0d09ea934458589f28953c6c3d806a?s=96&d=mm&r=g","caption":"abfeditor clusone"},"url":"https:\/\/www.abf.eu\/clusone\/author\/abfeditor\/"}]}},"_links":{"self":[{"href":"https:\/\/www.abf.eu\/clusone\/wp-json\/wp\/v2\/posts\/16380","targetHints":{"allow":["GET"]}}],"collection":[{"href":"https:\/\/www.abf.eu\/clusone\/wp-json\/wp\/v2\/posts"}],"about":[{"href":"https:\/\/www.abf.eu\/clusone\/wp-json\/wp\/v2\/types\/post"}],"author":[{"embeddable":true,"href":"https:\/\/www.abf.eu\/clusone\/wp-json\/wp\/v2\/users\/46"}],"replies":[{"embeddable":true,"href":"https:\/\/www.abf.eu\/clusone\/wp-json\/wp\/v2\/comments?post=16380"}],"version-history":[{"count":44,"href":"https:\/\/www.abf.eu\/clusone\/wp-json\/wp\/v2\/posts\/16380\/revisions"}],"predecessor-version":[{"id":16654,"href":"https:\/\/www.abf.eu\/clusone\/wp-json\/wp\/v2\/posts\/16380\/revisions\/16654"}],"wp:featuredmedia":[{"embeddable":true,"href":"https:\/\/www.abf.eu\/clusone\/wp-json\/wp\/v2\/media\/16554"}],"wp:attachment":[{"href":"https:\/\/www.abf.eu\/clusone\/wp-json\/wp\/v2\/media?parent=16380"}],"wp:term":[{"taxonomy":"category","embeddable":true,"href":"https:\/\/www.abf.eu\/clusone\/wp-json\/wp\/v2\/categories?post=16380"},{"taxonomy":"post_tag","embeddable":true,"href":"https:\/\/www.abf.eu\/clusone\/wp-json\/wp\/v2\/tags?post=16380"}],"curies":[{"name":"wp","href":"https:\/\/api.w.org\/{rel}","templated":true}]}}