{"id":16716,"date":"2022-04-02T12:00:14","date_gmt":"2022-04-02T10:00:14","guid":{"rendered":"https:\/\/www.abf.eu\/clusone\/?p=16716"},"modified":"2022-04-03T10:14:32","modified_gmt":"2022-04-03T08:14:32","slug":"storie-di-successo-e-di-laurea-dottor-andrea-carlessi","status":"publish","type":"post","link":"https:\/\/www.abf.eu\/clusone\/storie-di-successo-e-di-laurea-dottor-andrea-carlessi\/","title":{"rendered":"Storie di successo e di laurea: dottor Andrea Carlessi"},"content":{"rendered":"\n<p>Condividiamo con orgoglio il successo di uno dei nostri docenti, <strong>Andrea Carlessi<\/strong>, che ha concluso il 31 marzo 2022 il suo percorso di studi presso l&#8217;<strong>Universit\u00e0 degli studi di Bergamo<\/strong>.<\/p>\n\n\n\n<figure class=\"wp-block-image size-full\"><img loading=\"lazy\" decoding=\"async\" width=\"666\" height=\"1000\" src=\"https:\/\/www.abf.eu\/clusone\/wp-content\/uploads\/sites\/2\/2022\/04\/Andrea-carlessi-1000.jpg\" alt=\"Dottor Andrea Carlessi\" class=\"wp-image-16720\" srcset=\"https:\/\/www.abf.eu\/clusone\/wp-content\/uploads\/sites\/2\/2022\/04\/Andrea-carlessi-1000.jpg 666w, https:\/\/www.abf.eu\/clusone\/wp-content\/uploads\/sites\/2\/2022\/04\/Andrea-carlessi-1000-200x300.jpg 200w, https:\/\/www.abf.eu\/clusone\/wp-content\/uploads\/sites\/2\/2022\/04\/Andrea-carlessi-1000-266x400.jpg 266w\" sizes=\"auto, (max-width: 666px) 100vw, 666px\" \/><\/figure>\n\n\n\n<p>Andrea si \u00e8 inserito nell&#8217;organico di ABF nell&#8217;Anno Formativo 2021\/22 come docente di IRC. L&#8217;entusiasmo e l&#8217;attenzione nei confronti dei nostri allievi lo caratterizza e lo rende un prezioso membro del corpo docente della sede di Clusone.<\/p>\n\n\n\n<p>Estremamente attivo nei contesti sociali e pedagogici, ha incarnato il vecchio adagio &#8220;<em>chi si forma non si ferma<\/em>&#8220;, soprattutto perch\u00e9 il suo intento \u00e8 arricchire sempre di pi\u00f9 le competenze e trasmettere ai suoi studenti la stessa passione per la conoscenza dell'&#8221;altro&#8221;. Questa \u00e8 la scelta che lo ha portato ad iscriversi e quindi ottenere la laurea in &#8220;Lingue e letterature straniere moderne&#8221;, dopo aver gi\u00e0 concluso il percorso di 6 anni al termine del quale ha conseguito la Laurea in Teologia.<\/p>\n\n\n\n<figure class=\"wp-block-image size-full\"><img loading=\"lazy\" decoding=\"async\" width=\"666\" height=\"1000\" src=\"https:\/\/www.abf.eu\/clusone\/wp-content\/uploads\/sites\/2\/2022\/04\/Andrea-carlessi-10002.jpg\" alt=\"\" class=\"wp-image-16719\" srcset=\"https:\/\/www.abf.eu\/clusone\/wp-content\/uploads\/sites\/2\/2022\/04\/Andrea-carlessi-10002.jpg 666w, https:\/\/www.abf.eu\/clusone\/wp-content\/uploads\/sites\/2\/2022\/04\/Andrea-carlessi-10002-200x300.jpg 200w, https:\/\/www.abf.eu\/clusone\/wp-content\/uploads\/sites\/2\/2022\/04\/Andrea-carlessi-10002-266x400.jpg 266w\" sizes=\"auto, (max-width: 666px) 100vw, 666px\" \/><\/figure>\n\n\n\n<p> La proclamazione \u00e8 avvenuta presso la sede di Sant&#8217;Agostino dell&#8217;Universit\u00e0, con tesi \u00ab&#8221;<em>Noi ti narreremo ora la pi\u00f9 bella delle storie&#8221; (Cor. XII, 3): riflessioni sulle fonti e sul lessico della sura di Giuseppe<\/em><strong>\u00bb<\/strong>. L&#8217;elaborato riguarda uno studio comparato della sura dodicesima del Corano, messa a confronto con alcuni passaggi della Bibbia, omelie di padri siriani ed etiopici.<\/p>\n\n\n\n<p>La delicatezza di Andrea emerge anche nel suo racconto della giornata: &#8220;<em>i miei genitori forse erano ancora pi\u00f9 emozionati di me<\/em>.<em> Comunque \u00e8 stato un bellissimo momento<\/em>, <em>la proclamazione \u00e8 un po&#8217; un punto di arrivo ma allo stesso tempo di partenza.<\/em>&#8220;. Subito per\u00f2 si sente di chiarire che il suo impegno lavorativo \u00e8 per lui prioritario: &#8220;<em>dopo la proclamazione ho fatto un pranzo con i miei genitori e il pomeriggio sono tornato al lavoro; in serata invece ho avuto un corso di abilitazione<\/em>&#8220;. In tutto questo non dimentica i colleghi di scuola, con una battuta: &#8220;<em>porter\u00f2 qualche confetto anche a Clusone. Avevo pensato ad una torta, ma temo troppo il giudizio dei nostri chef, quindi direi che i confetti sono la scelta pi\u00f9 sicura!&#8221;.<\/em><\/p>\n\n\n\n<p>Congratulazioni Andrea, \u00e8 un piacere averti tra noi!<em> <\/em> <\/p>\n","protected":false},"excerpt":{"rendered":"<p>Condividiamo con orgoglio il successo di uno dei nostri docenti,<\/p>\n","protected":false},"author":31,"featured_media":16717,"comment_status":"open","ping_status":"open","sticky":false,"template":"","format":"standard","meta":{"footnotes":""},"categories":[1],"tags":[],"class_list":["post-16716","post","type-post","status-publish","format-standard","has-post-thumbnail","hentry","category-senza-categoria"],"yoast_head":"<!-- This site is optimized with the Yoast SEO plugin v25.8 - https:\/\/yoast.com\/wordpress\/plugins\/seo\/ -->\n<title>Storie di successo e di laurea: dottor Andrea Carlessi - Clusone<\/title>\n<meta name=\"robots\" content=\"index, follow, max-snippet:-1, max-image-preview:large, max-video-preview:-1\" \/>\n<link rel=\"canonical\" href=\"https:\/\/www.abf.eu\/clusone\/storie-di-successo-e-di-laurea-dottor-andrea-carlessi\/\" \/>\n<meta property=\"og:locale\" content=\"it_IT\" \/>\n<meta property=\"og:type\" content=\"article\" \/>\n<meta property=\"og:title\" content=\"Storie di successo e di laurea: dottor Andrea Carlessi - Clusone\" \/>\n<meta property=\"og:description\" content=\"Condividiamo con orgoglio il successo di uno dei nostri docenti,\" \/>\n<meta property=\"og:url\" content=\"https:\/\/www.abf.eu\/clusone\/storie-di-successo-e-di-laurea-dottor-andrea-carlessi\/\" \/>\n<meta property=\"og:site_name\" content=\"Clusone\" \/>\n<meta property=\"article:published_time\" content=\"2022-04-02T10:00:14+00:00\" \/>\n<meta property=\"article:modified_time\" content=\"2022-04-03T08:14:32+00:00\" \/>\n<meta property=\"og:image\" content=\"https:\/\/www.abf.eu\/clusone\/wp-content\/uploads\/sites\/2\/2022\/04\/Andrea-carlessi-3.jpg\" \/>\n\t<meta property=\"og:image:width\" content=\"1000\" \/>\n\t<meta property=\"og:image:height\" content=\"666\" \/>\n\t<meta property=\"og:image:type\" content=\"image\/jpeg\" \/>\n<meta name=\"author\" content=\"danilocaccia\" \/>\n<meta name=\"twitter:card\" content=\"summary_large_image\" \/>\n<meta name=\"twitter:label1\" content=\"Scritto da\" \/>\n\t<meta name=\"twitter:data1\" content=\"danilocaccia\" \/>\n\t<meta name=\"twitter:label2\" content=\"Tempo di lettura stimato\" \/>\n\t<meta name=\"twitter:data2\" content=\"3 minuti\" \/>\n<script type=\"application\/ld+json\" class=\"yoast-schema-graph\">{\"@context\":\"https:\/\/schema.org\",\"@graph\":[{\"@type\":\"WebPage\",\"@id\":\"https:\/\/www.abf.eu\/clusone\/storie-di-successo-e-di-laurea-dottor-andrea-carlessi\/\",\"url\":\"https:\/\/www.abf.eu\/clusone\/storie-di-successo-e-di-laurea-dottor-andrea-carlessi\/\",\"name\":\"Storie di successo e di laurea: dottor Andrea Carlessi - Clusone\",\"isPartOf\":{\"@id\":\"https:\/\/www.abf.eu\/clusone\/#website\"},\"primaryImageOfPage\":{\"@id\":\"https:\/\/www.abf.eu\/clusone\/storie-di-successo-e-di-laurea-dottor-andrea-carlessi\/#primaryimage\"},\"image\":{\"@id\":\"https:\/\/www.abf.eu\/clusone\/storie-di-successo-e-di-laurea-dottor-andrea-carlessi\/#primaryimage\"},\"thumbnailUrl\":\"https:\/\/www.abf.eu\/clusone\/wp-content\/uploads\/sites\/2\/2022\/04\/Andrea-carlessi-3.jpg\",\"datePublished\":\"2022-04-02T10:00:14+00:00\",\"dateModified\":\"2022-04-03T08:14:32+00:00\",\"author\":{\"@id\":\"https:\/\/www.abf.eu\/clusone\/#\/schema\/person\/8a78d772811de95e251d66b4d5491f76\"},\"breadcrumb\":{\"@id\":\"https:\/\/www.abf.eu\/clusone\/storie-di-successo-e-di-laurea-dottor-andrea-carlessi\/#breadcrumb\"},\"inLanguage\":\"it-IT\",\"potentialAction\":[{\"@type\":\"ReadAction\",\"target\":[\"https:\/\/www.abf.eu\/clusone\/storie-di-successo-e-di-laurea-dottor-andrea-carlessi\/\"]}]},{\"@type\":\"ImageObject\",\"inLanguage\":\"it-IT\",\"@id\":\"https:\/\/www.abf.eu\/clusone\/storie-di-successo-e-di-laurea-dottor-andrea-carlessi\/#primaryimage\",\"url\":\"https:\/\/www.abf.eu\/clusone\/wp-content\/uploads\/sites\/2\/2022\/04\/Andrea-carlessi-3.jpg\",\"contentUrl\":\"https:\/\/www.abf.eu\/clusone\/wp-content\/uploads\/sites\/2\/2022\/04\/Andrea-carlessi-3.jpg\",\"width\":1000,\"height\":666,\"caption\":\"Andrea Carlessi\"},{\"@type\":\"BreadcrumbList\",\"@id\":\"https:\/\/www.abf.eu\/clusone\/storie-di-successo-e-di-laurea-dottor-andrea-carlessi\/#breadcrumb\",\"itemListElement\":[{\"@type\":\"ListItem\",\"position\":1,\"name\":\"Home\",\"item\":\"https:\/\/www.abf.eu\/clusone\/\"},{\"@type\":\"ListItem\",\"position\":2,\"name\":\"Storie di successo e di laurea: dottor Andrea Carlessi\"}]},{\"@type\":\"WebSite\",\"@id\":\"https:\/\/www.abf.eu\/clusone\/#website\",\"url\":\"https:\/\/www.abf.eu\/clusone\/\",\"name\":\"Clusone\",\"description\":\"Ecco un altro sito Abf siti\",\"potentialAction\":[{\"@type\":\"SearchAction\",\"target\":{\"@type\":\"EntryPoint\",\"urlTemplate\":\"https:\/\/www.abf.eu\/clusone\/?s={search_term_string}\"},\"query-input\":{\"@type\":\"PropertyValueSpecification\",\"valueRequired\":true,\"valueName\":\"search_term_string\"}}],\"inLanguage\":\"it-IT\"},{\"@type\":\"Person\",\"@id\":\"https:\/\/www.abf.eu\/clusone\/#\/schema\/person\/8a78d772811de95e251d66b4d5491f76\",\"name\":\"danilocaccia\",\"image\":{\"@type\":\"ImageObject\",\"inLanguage\":\"it-IT\",\"@id\":\"https:\/\/www.abf.eu\/clusone\/#\/schema\/person\/image\/\",\"url\":\"https:\/\/secure.gravatar.com\/avatar\/d87f496e2092d70f0bc729633c0c70a56c54c4f8ce3eefdacc36b91c04c2e1c0?s=96&d=mm&r=g\",\"contentUrl\":\"https:\/\/secure.gravatar.com\/avatar\/d87f496e2092d70f0bc729633c0c70a56c54c4f8ce3eefdacc36b91c04c2e1c0?s=96&d=mm&r=g\",\"caption\":\"danilocaccia\"},\"sameAs\":[\"https:\/\/www.linkedin.com\/in\/danilocaccia\/\"],\"url\":\"https:\/\/www.abf.eu\/clusone\/author\/danilocaccia\/\"}]}<\/script>\n<!-- \/ Yoast SEO plugin. -->","yoast_head_json":{"title":"Storie di successo e di laurea: dottor Andrea Carlessi - Clusone","robots":{"index":"index","follow":"follow","max-snippet":"max-snippet:-1","max-image-preview":"max-image-preview:large","max-video-preview":"max-video-preview:-1"},"canonical":"https:\/\/www.abf.eu\/clusone\/storie-di-successo-e-di-laurea-dottor-andrea-carlessi\/","og_locale":"it_IT","og_type":"article","og_title":"Storie di successo e di laurea: dottor Andrea Carlessi - Clusone","og_description":"Condividiamo con orgoglio il successo di uno dei nostri docenti,","og_url":"https:\/\/www.abf.eu\/clusone\/storie-di-successo-e-di-laurea-dottor-andrea-carlessi\/","og_site_name":"Clusone","article_published_time":"2022-04-02T10:00:14+00:00","article_modified_time":"2022-04-03T08:14:32+00:00","og_image":[{"width":1000,"height":666,"url":"https:\/\/www.abf.eu\/clusone\/wp-content\/uploads\/sites\/2\/2022\/04\/Andrea-carlessi-3.jpg","type":"image\/jpeg"}],"author":"danilocaccia","twitter_card":"summary_large_image","twitter_misc":{"Scritto da":"danilocaccia","Tempo di lettura stimato":"3 minuti"},"schema":{"@context":"https:\/\/schema.org","@graph":[{"@type":"WebPage","@id":"https:\/\/www.abf.eu\/clusone\/storie-di-successo-e-di-laurea-dottor-andrea-carlessi\/","url":"https:\/\/www.abf.eu\/clusone\/storie-di-successo-e-di-laurea-dottor-andrea-carlessi\/","name":"Storie di successo e di laurea: dottor Andrea Carlessi - Clusone","isPartOf":{"@id":"https:\/\/www.abf.eu\/clusone\/#website"},"primaryImageOfPage":{"@id":"https:\/\/www.abf.eu\/clusone\/storie-di-successo-e-di-laurea-dottor-andrea-carlessi\/#primaryimage"},"image":{"@id":"https:\/\/www.abf.eu\/clusone\/storie-di-successo-e-di-laurea-dottor-andrea-carlessi\/#primaryimage"},"thumbnailUrl":"https:\/\/www.abf.eu\/clusone\/wp-content\/uploads\/sites\/2\/2022\/04\/Andrea-carlessi-3.jpg","datePublished":"2022-04-02T10:00:14+00:00","dateModified":"2022-04-03T08:14:32+00:00","author":{"@id":"https:\/\/www.abf.eu\/clusone\/#\/schema\/person\/8a78d772811de95e251d66b4d5491f76"},"breadcrumb":{"@id":"https:\/\/www.abf.eu\/clusone\/storie-di-successo-e-di-laurea-dottor-andrea-carlessi\/#breadcrumb"},"inLanguage":"it-IT","potentialAction":[{"@type":"ReadAction","target":["https:\/\/www.abf.eu\/clusone\/storie-di-successo-e-di-laurea-dottor-andrea-carlessi\/"]}]},{"@type":"ImageObject","inLanguage":"it-IT","@id":"https:\/\/www.abf.eu\/clusone\/storie-di-successo-e-di-laurea-dottor-andrea-carlessi\/#primaryimage","url":"https:\/\/www.abf.eu\/clusone\/wp-content\/uploads\/sites\/2\/2022\/04\/Andrea-carlessi-3.jpg","contentUrl":"https:\/\/www.abf.eu\/clusone\/wp-content\/uploads\/sites\/2\/2022\/04\/Andrea-carlessi-3.jpg","width":1000,"height":666,"caption":"Andrea Carlessi"},{"@type":"BreadcrumbList","@id":"https:\/\/www.abf.eu\/clusone\/storie-di-successo-e-di-laurea-dottor-andrea-carlessi\/#breadcrumb","itemListElement":[{"@type":"ListItem","position":1,"name":"Home","item":"https:\/\/www.abf.eu\/clusone\/"},{"@type":"ListItem","position":2,"name":"Storie di successo e di laurea: dottor Andrea Carlessi"}]},{"@type":"WebSite","@id":"https:\/\/www.abf.eu\/clusone\/#website","url":"https:\/\/www.abf.eu\/clusone\/","name":"Clusone","description":"Ecco un altro sito Abf siti","potentialAction":[{"@type":"SearchAction","target":{"@type":"EntryPoint","urlTemplate":"https:\/\/www.abf.eu\/clusone\/?s={search_term_string}"},"query-input":{"@type":"PropertyValueSpecification","valueRequired":true,"valueName":"search_term_string"}}],"inLanguage":"it-IT"},{"@type":"Person","@id":"https:\/\/www.abf.eu\/clusone\/#\/schema\/person\/8a78d772811de95e251d66b4d5491f76","name":"danilocaccia","image":{"@type":"ImageObject","inLanguage":"it-IT","@id":"https:\/\/www.abf.eu\/clusone\/#\/schema\/person\/image\/","url":"https:\/\/secure.gravatar.com\/avatar\/d87f496e2092d70f0bc729633c0c70a56c54c4f8ce3eefdacc36b91c04c2e1c0?s=96&d=mm&r=g","contentUrl":"https:\/\/secure.gravatar.com\/avatar\/d87f496e2092d70f0bc729633c0c70a56c54c4f8ce3eefdacc36b91c04c2e1c0?s=96&d=mm&r=g","caption":"danilocaccia"},"sameAs":["https:\/\/www.linkedin.com\/in\/danilocaccia\/"],"url":"https:\/\/www.abf.eu\/clusone\/author\/danilocaccia\/"}]}},"_links":{"self":[{"href":"https:\/\/www.abf.eu\/clusone\/wp-json\/wp\/v2\/posts\/16716","targetHints":{"allow":["GET"]}}],"collection":[{"href":"https:\/\/www.abf.eu\/clusone\/wp-json\/wp\/v2\/posts"}],"about":[{"href":"https:\/\/www.abf.eu\/clusone\/wp-json\/wp\/v2\/types\/post"}],"author":[{"embeddable":true,"href":"https:\/\/www.abf.eu\/clusone\/wp-json\/wp\/v2\/users\/31"}],"replies":[{"embeddable":true,"href":"https:\/\/www.abf.eu\/clusone\/wp-json\/wp\/v2\/comments?post=16716"}],"version-history":[{"count":3,"href":"https:\/\/www.abf.eu\/clusone\/wp-json\/wp\/v2\/posts\/16716\/revisions"}],"predecessor-version":[{"id":16723,"href":"https:\/\/www.abf.eu\/clusone\/wp-json\/wp\/v2\/posts\/16716\/revisions\/16723"}],"wp:featuredmedia":[{"embeddable":true,"href":"https:\/\/www.abf.eu\/clusone\/wp-json\/wp\/v2\/media\/16717"}],"wp:attachment":[{"href":"https:\/\/www.abf.eu\/clusone\/wp-json\/wp\/v2\/media?parent=16716"}],"wp:term":[{"taxonomy":"category","embeddable":true,"href":"https:\/\/www.abf.eu\/clusone\/wp-json\/wp\/v2\/categories?post=16716"},{"taxonomy":"post_tag","embeddable":true,"href":"https:\/\/www.abf.eu\/clusone\/wp-json\/wp\/v2\/tags?post=16716"}],"curies":[{"name":"wp","href":"https:\/\/api.w.org\/{rel}","templated":true}]}}