{"id":17375,"date":"2023-04-05T12:39:26","date_gmt":"2023-04-05T10:39:26","guid":{"rendered":"https:\/\/www.abf.eu\/clusone\/?p=17375"},"modified":"2024-12-19T07:42:26","modified_gmt":"2024-12-19T06:42:26","slug":"esami-eipass","status":"publish","type":"post","link":"https:\/\/www.abf.eu\/clusone\/esami-eipass\/","title":{"rendered":"Pianificazione Esami EIPASS"},"content":{"rendered":"\n<h3 class=\"wp-block-heading\">Azienda Bergamasca Formazione \u00e8 un&nbsp;<strong><em>Ei-Center<\/em><\/strong>! <\/h3>\n\n\n\n<h5 class=\"wp-block-heading\">Azienda Bergamasca Formazione \u00e8 un ente accreditato per il conseguimento del passaporto europeo di informatica: supera gli esami inclusi nell\u2019acquisto della tessera EIPASS e ottieni la tua certificazione!<\/h5>\n\n\n\n<p>Le sedi di ABF sono abilitate alla somministrazione degli esami EIPASS per ottenere le certificazioni che l&#8217;ente mette a disposizione.<\/p>\n\n\n\n<p>ABF propone da anni, per i propri allievi e per i corsisti pomeridiani, la possibilit\u00e0 di ottenere la tessere EIPASS e quindi ottenere le certificazioni, prevalentemente per i percorsi<\/p>\n\n\n\n<ul class=\"wp-block-list\">\n<li><strong><em>7 Moduli User<\/em><\/strong><\/li>\n\n\n\n<li><strong><em>Social Media Manager<\/em><\/strong><\/li>\n<\/ul>\n\n\n\n<p>EIPASS per\u00f2 si spinge oltre con numerose altre certificazioni disponibili che possono essere verificate presso un ente accreditato quale \u00e8 ABF.<\/p>\n\n\n\n<div id=\"linkcontent-block_642d4c0da6934\" class=\"link-content \">\n    <a class='animated-arrow font-weight-bold' href='https:\/\/bit.ly\/eipassABF' target=\"_blank\">\n        <span class='the-arrow -left'>\n            <span class='shaft'><\/span>\n        <\/span>\n        <span class='main'>\n            <span class='text'>Scopri di pi\u00f9 su EIPASS<\/span>\n            <span class='the-arrow -right'>\n                <span class='shaft'><\/span>\n            <\/span>\n        <\/span>\n    <\/a>\n<\/div>\n\n\n\n\n\n<hr class=\"wp-block-separator has-alpha-channel-opacity\"\/>\n\n\n\n<h5 class=\"wp-block-heading\">Le prossime sessioni di esame EIPASS<\/h5>\n\n\n\n<p>Tra le sedi accreditate c&#8217;\u00e8 ABF, che organizza ogni anno corsi EIPASS serali, oltre che proporre le certificazioni ai propri allievi dei percorsi DDIF mattutini.<\/p>\n\n\n\n<p>Segue l&#8217;elenco delle prossime sessioni di esame.<\/p>\n\n\n\n<figure class=\"wp-block-table is-style-regular\"><table><tbody><tr><td>Data<\/td><td>Giorno<\/td><td>Orario<\/td><\/tr><tr><td>27 febbraio<\/td><td>Marted\u00ec<\/td><td>18.00-20.00<\/td><\/tr><tr><td>20 marzo<\/td><td>Mercoled\u00ec<\/td><td>17.30-19.30<\/td><\/tr><tr><td>16 aprile<\/td><td>Marted\u00ec<\/td><td>18.00-20.00<\/td><\/tr><tr><td>25 maggio<\/td><td>Sabato<\/td><td>10.30-12.30<\/td><\/tr><tr><td>17 giugno<\/td><td>Luned\u00ec<\/td><td>18.00-20.00<\/td><\/tr><tr><td>17 luglio<\/td><td>Mercoled\u00ec<\/td><td>18.30-20.30<\/td><\/tr><tr><td>27 agosto<\/td><td>Marted\u00ec<\/td><td>18.00-20.00<\/td><\/tr><tr><td>18 settembre<\/td><td>Mercoled\u00ec<\/td><td>18.30-20.30<\/td><\/tr><tr><td>8 ottobre<\/td><td>Marted\u00ec<\/td><td>18.00-20.00<\/td><\/tr><tr><td>29 ottobre<\/td><td>Marted\u00ec<\/td><td>18.30-20.30<\/td><\/tr><tr><td>14 novembre<\/td><td>Gioved\u00ec<\/td><td>18.00-20.00<\/td><\/tr><tr><td>19 dicembre<\/td><td>Gioved\u00ec<\/td><td>17.30-20.00<\/td><\/tr><\/tbody><\/table><\/figure>\n\n\n\n<p>Per l&#8217;iscrizione all&#8217;esame sar\u00e0 importante contattare il referente di sede, <strong>Caccia Danilo<\/strong>, via mail a danilo.caccia@abf.eu, indicando:<\/p>\n\n\n\n<ul class=\"wp-block-list\">\n<li>Tipologia di corso&nbsp;EIPASS&nbsp;(Social Media Manager \/\/ 7 Moduli User)<\/li>\n\n\n\n<li>Modulo o Moduli che si intendono sostenere<\/li>\n<\/ul>\n\n\n\n<p>Altre indicazioni utili:<\/p>\n\n\n\n<ul class=\"wp-block-list\">\n<li><strong>La sessione di&nbsp;esame&nbsp;sar\u00e0 attivata con un minimo di 4 iscritti.&nbsp;<\/strong><\/li>\n\n\n\n<li><strong>Tutti gli iscritti saranno poi nuovamente contattati per la conferma definitiva.<\/strong><\/li>\n\n\n\n<li>Il giorno dell&#8217;esame \u00e8 fondamentale presentarsi con un <strong>documento di identit\u00e0<\/strong> in corso di validit\u00e0.<\/li>\n\n\n\n<li>Per ogni modulo \u00e8 previsto un tempo limite di 30 minuti, ma lo svolgimento effettivo \u00e8 in genere inferiore, e questo consente di svolgere l&#8217;esame di pi\u00f9 moduli nel corso della stessa sessione, qualora l&#8217;esaminando lo richieda. <\/li>\n<\/ul>\n","protected":false},"excerpt":{"rendered":"<p>Azienda Bergamasca Formazione \u00e8 un&nbsp;Ei-Center! Azienda Bergamasca Formazione \u00e8 un<\/p>\n","protected":false},"author":31,"featured_media":15992,"comment_status":"open","ping_status":"open","sticky":false,"template":"","format":"standard","meta":{"footnotes":""},"categories":[1],"tags":[],"class_list":["post-17375","post","type-post","status-publish","format-standard","has-post-thumbnail","hentry","category-senza-categoria"],"yoast_head":"<!-- This site is optimized with the Yoast SEO plugin v25.8 - https:\/\/yoast.com\/wordpress\/plugins\/seo\/ -->\n<title>Pianificazione Esami EIPASS - Clusone<\/title>\n<meta name=\"robots\" content=\"index, follow, max-snippet:-1, max-image-preview:large, max-video-preview:-1\" \/>\n<link rel=\"canonical\" href=\"https:\/\/www.abf.eu\/clusone\/esami-eipass\/\" \/>\n<meta property=\"og:locale\" content=\"it_IT\" \/>\n<meta property=\"og:type\" content=\"article\" \/>\n<meta property=\"og:title\" content=\"Pianificazione Esami EIPASS - Clusone\" \/>\n<meta property=\"og:description\" content=\"Azienda Bergamasca Formazione \u00e8 un&nbsp;Ei-Center! Azienda Bergamasca Formazione \u00e8 un\" \/>\n<meta property=\"og:url\" content=\"https:\/\/www.abf.eu\/clusone\/esami-eipass\/\" \/>\n<meta property=\"og:site_name\" content=\"Clusone\" \/>\n<meta property=\"article:published_time\" content=\"2023-04-05T10:39:26+00:00\" \/>\n<meta property=\"article:modified_time\" content=\"2024-12-19T06:42:26+00:00\" \/>\n<meta property=\"og:image\" content=\"https:\/\/www.abf.eu\/clusone\/wp-content\/uploads\/sites\/2\/2021\/12\/shutterstock_1463151758-1.jpg\" \/>\n\t<meta property=\"og:image:width\" content=\"1000\" \/>\n\t<meta property=\"og:image:height\" content=\"666\" \/>\n\t<meta property=\"og:image:type\" content=\"image\/jpeg\" \/>\n<meta name=\"author\" content=\"danilocaccia\" \/>\n<meta name=\"twitter:card\" content=\"summary_large_image\" \/>\n<meta name=\"twitter:label1\" content=\"Scritto da\" \/>\n\t<meta name=\"twitter:data1\" content=\"danilocaccia\" \/>\n\t<meta name=\"twitter:label2\" content=\"Tempo di lettura stimato\" \/>\n\t<meta name=\"twitter:data2\" content=\"2 minuti\" \/>\n<script type=\"application\/ld+json\" class=\"yoast-schema-graph\">{\"@context\":\"https:\/\/schema.org\",\"@graph\":[{\"@type\":\"WebPage\",\"@id\":\"https:\/\/www.abf.eu\/clusone\/esami-eipass\/\",\"url\":\"https:\/\/www.abf.eu\/clusone\/esami-eipass\/\",\"name\":\"Pianificazione Esami EIPASS - Clusone\",\"isPartOf\":{\"@id\":\"https:\/\/www.abf.eu\/clusone\/#website\"},\"primaryImageOfPage\":{\"@id\":\"https:\/\/www.abf.eu\/clusone\/esami-eipass\/#primaryimage\"},\"image\":{\"@id\":\"https:\/\/www.abf.eu\/clusone\/esami-eipass\/#primaryimage\"},\"thumbnailUrl\":\"https:\/\/www.abf.eu\/clusone\/wp-content\/uploads\/sites\/2\/2021\/12\/shutterstock_1463151758-1.jpg\",\"datePublished\":\"2023-04-05T10:39:26+00:00\",\"dateModified\":\"2024-12-19T06:42:26+00:00\",\"author\":{\"@id\":\"https:\/\/www.abf.eu\/clusone\/#\/schema\/person\/8a78d772811de95e251d66b4d5491f76\"},\"breadcrumb\":{\"@id\":\"https:\/\/www.abf.eu\/clusone\/esami-eipass\/#breadcrumb\"},\"inLanguage\":\"it-IT\",\"potentialAction\":[{\"@type\":\"ReadAction\",\"target\":[\"https:\/\/www.abf.eu\/clusone\/esami-eipass\/\"]}]},{\"@type\":\"ImageObject\",\"inLanguage\":\"it-IT\",\"@id\":\"https:\/\/www.abf.eu\/clusone\/esami-eipass\/#primaryimage\",\"url\":\"https:\/\/www.abf.eu\/clusone\/wp-content\/uploads\/sites\/2\/2021\/12\/shutterstock_1463151758-1.jpg\",\"contentUrl\":\"https:\/\/www.abf.eu\/clusone\/wp-content\/uploads\/sites\/2\/2021\/12\/shutterstock_1463151758-1.jpg\",\"width\":1000,\"height\":666,\"caption\":\"Social Media Manager EIPASS\"},{\"@type\":\"BreadcrumbList\",\"@id\":\"https:\/\/www.abf.eu\/clusone\/esami-eipass\/#breadcrumb\",\"itemListElement\":[{\"@type\":\"ListItem\",\"position\":1,\"name\":\"Home\",\"item\":\"https:\/\/www.abf.eu\/clusone\/\"},{\"@type\":\"ListItem\",\"position\":2,\"name\":\"Pianificazione Esami EIPASS\"}]},{\"@type\":\"WebSite\",\"@id\":\"https:\/\/www.abf.eu\/clusone\/#website\",\"url\":\"https:\/\/www.abf.eu\/clusone\/\",\"name\":\"Clusone\",\"description\":\"Ecco un altro sito Abf siti\",\"potentialAction\":[{\"@type\":\"SearchAction\",\"target\":{\"@type\":\"EntryPoint\",\"urlTemplate\":\"https:\/\/www.abf.eu\/clusone\/?s={search_term_string}\"},\"query-input\":{\"@type\":\"PropertyValueSpecification\",\"valueRequired\":true,\"valueName\":\"search_term_string\"}}],\"inLanguage\":\"it-IT\"},{\"@type\":\"Person\",\"@id\":\"https:\/\/www.abf.eu\/clusone\/#\/schema\/person\/8a78d772811de95e251d66b4d5491f76\",\"name\":\"danilocaccia\",\"image\":{\"@type\":\"ImageObject\",\"inLanguage\":\"it-IT\",\"@id\":\"https:\/\/www.abf.eu\/clusone\/#\/schema\/person\/image\/\",\"url\":\"https:\/\/secure.gravatar.com\/avatar\/d87f496e2092d70f0bc729633c0c70a56c54c4f8ce3eefdacc36b91c04c2e1c0?s=96&d=mm&r=g\",\"contentUrl\":\"https:\/\/secure.gravatar.com\/avatar\/d87f496e2092d70f0bc729633c0c70a56c54c4f8ce3eefdacc36b91c04c2e1c0?s=96&d=mm&r=g\",\"caption\":\"danilocaccia\"},\"sameAs\":[\"https:\/\/www.linkedin.com\/in\/danilocaccia\/\"],\"url\":\"https:\/\/www.abf.eu\/clusone\/author\/danilocaccia\/\"}]}<\/script>\n<!-- \/ Yoast SEO plugin. -->","yoast_head_json":{"title":"Pianificazione Esami EIPASS - Clusone","robots":{"index":"index","follow":"follow","max-snippet":"max-snippet:-1","max-image-preview":"max-image-preview:large","max-video-preview":"max-video-preview:-1"},"canonical":"https:\/\/www.abf.eu\/clusone\/esami-eipass\/","og_locale":"it_IT","og_type":"article","og_title":"Pianificazione Esami EIPASS - Clusone","og_description":"Azienda Bergamasca Formazione \u00e8 un&nbsp;Ei-Center! Azienda Bergamasca Formazione \u00e8 un","og_url":"https:\/\/www.abf.eu\/clusone\/esami-eipass\/","og_site_name":"Clusone","article_published_time":"2023-04-05T10:39:26+00:00","article_modified_time":"2024-12-19T06:42:26+00:00","og_image":[{"width":1000,"height":666,"url":"https:\/\/www.abf.eu\/clusone\/wp-content\/uploads\/sites\/2\/2021\/12\/shutterstock_1463151758-1.jpg","type":"image\/jpeg"}],"author":"danilocaccia","twitter_card":"summary_large_image","twitter_misc":{"Scritto da":"danilocaccia","Tempo di lettura stimato":"2 minuti"},"schema":{"@context":"https:\/\/schema.org","@graph":[{"@type":"WebPage","@id":"https:\/\/www.abf.eu\/clusone\/esami-eipass\/","url":"https:\/\/www.abf.eu\/clusone\/esami-eipass\/","name":"Pianificazione Esami EIPASS - Clusone","isPartOf":{"@id":"https:\/\/www.abf.eu\/clusone\/#website"},"primaryImageOfPage":{"@id":"https:\/\/www.abf.eu\/clusone\/esami-eipass\/#primaryimage"},"image":{"@id":"https:\/\/www.abf.eu\/clusone\/esami-eipass\/#primaryimage"},"thumbnailUrl":"https:\/\/www.abf.eu\/clusone\/wp-content\/uploads\/sites\/2\/2021\/12\/shutterstock_1463151758-1.jpg","datePublished":"2023-04-05T10:39:26+00:00","dateModified":"2024-12-19T06:42:26+00:00","author":{"@id":"https:\/\/www.abf.eu\/clusone\/#\/schema\/person\/8a78d772811de95e251d66b4d5491f76"},"breadcrumb":{"@id":"https:\/\/www.abf.eu\/clusone\/esami-eipass\/#breadcrumb"},"inLanguage":"it-IT","potentialAction":[{"@type":"ReadAction","target":["https:\/\/www.abf.eu\/clusone\/esami-eipass\/"]}]},{"@type":"ImageObject","inLanguage":"it-IT","@id":"https:\/\/www.abf.eu\/clusone\/esami-eipass\/#primaryimage","url":"https:\/\/www.abf.eu\/clusone\/wp-content\/uploads\/sites\/2\/2021\/12\/shutterstock_1463151758-1.jpg","contentUrl":"https:\/\/www.abf.eu\/clusone\/wp-content\/uploads\/sites\/2\/2021\/12\/shutterstock_1463151758-1.jpg","width":1000,"height":666,"caption":"Social Media Manager EIPASS"},{"@type":"BreadcrumbList","@id":"https:\/\/www.abf.eu\/clusone\/esami-eipass\/#breadcrumb","itemListElement":[{"@type":"ListItem","position":1,"name":"Home","item":"https:\/\/www.abf.eu\/clusone\/"},{"@type":"ListItem","position":2,"name":"Pianificazione Esami EIPASS"}]},{"@type":"WebSite","@id":"https:\/\/www.abf.eu\/clusone\/#website","url":"https:\/\/www.abf.eu\/clusone\/","name":"Clusone","description":"Ecco un altro sito Abf siti","potentialAction":[{"@type":"SearchAction","target":{"@type":"EntryPoint","urlTemplate":"https:\/\/www.abf.eu\/clusone\/?s={search_term_string}"},"query-input":{"@type":"PropertyValueSpecification","valueRequired":true,"valueName":"search_term_string"}}],"inLanguage":"it-IT"},{"@type":"Person","@id":"https:\/\/www.abf.eu\/clusone\/#\/schema\/person\/8a78d772811de95e251d66b4d5491f76","name":"danilocaccia","image":{"@type":"ImageObject","inLanguage":"it-IT","@id":"https:\/\/www.abf.eu\/clusone\/#\/schema\/person\/image\/","url":"https:\/\/secure.gravatar.com\/avatar\/d87f496e2092d70f0bc729633c0c70a56c54c4f8ce3eefdacc36b91c04c2e1c0?s=96&d=mm&r=g","contentUrl":"https:\/\/secure.gravatar.com\/avatar\/d87f496e2092d70f0bc729633c0c70a56c54c4f8ce3eefdacc36b91c04c2e1c0?s=96&d=mm&r=g","caption":"danilocaccia"},"sameAs":["https:\/\/www.linkedin.com\/in\/danilocaccia\/"],"url":"https:\/\/www.abf.eu\/clusone\/author\/danilocaccia\/"}]}},"_links":{"self":[{"href":"https:\/\/www.abf.eu\/clusone\/wp-json\/wp\/v2\/posts\/17375","targetHints":{"allow":["GET"]}}],"collection":[{"href":"https:\/\/www.abf.eu\/clusone\/wp-json\/wp\/v2\/posts"}],"about":[{"href":"https:\/\/www.abf.eu\/clusone\/wp-json\/wp\/v2\/types\/post"}],"author":[{"embeddable":true,"href":"https:\/\/www.abf.eu\/clusone\/wp-json\/wp\/v2\/users\/31"}],"replies":[{"embeddable":true,"href":"https:\/\/www.abf.eu\/clusone\/wp-json\/wp\/v2\/comments?post=17375"}],"version-history":[{"count":37,"href":"https:\/\/www.abf.eu\/clusone\/wp-json\/wp\/v2\/posts\/17375\/revisions"}],"predecessor-version":[{"id":22874,"href":"https:\/\/www.abf.eu\/clusone\/wp-json\/wp\/v2\/posts\/17375\/revisions\/22874"}],"wp:featuredmedia":[{"embeddable":true,"href":"https:\/\/www.abf.eu\/clusone\/wp-json\/wp\/v2\/media\/15992"}],"wp:attachment":[{"href":"https:\/\/www.abf.eu\/clusone\/wp-json\/wp\/v2\/media?parent=17375"}],"wp:term":[{"taxonomy":"category","embeddable":true,"href":"https:\/\/www.abf.eu\/clusone\/wp-json\/wp\/v2\/categories?post=17375"},{"taxonomy":"post_tag","embeddable":true,"href":"https:\/\/www.abf.eu\/clusone\/wp-json\/wp\/v2\/tags?post=17375"}],"curies":[{"name":"wp","href":"https:\/\/api.w.org\/{rel}","templated":true}]}}