{"id":17419,"date":"2023-04-19T11:19:42","date_gmt":"2023-04-19T09:19:42","guid":{"rendered":"https:\/\/www.abf.eu\/clusone\/?p=17419"},"modified":"2023-04-19T12:34:52","modified_gmt":"2023-04-19T10:34:52","slug":"sereni-e-sempre-uniti","status":"publish","type":"post","link":"https:\/\/www.abf.eu\/clusone\/sereni-e-sempre-uniti\/","title":{"rendered":"L&#8217;associazione &#8220;Sereni e sempre uniti&#8221; incontra ABF"},"content":{"rendered":"\n<h5 class=\"wp-block-heading\">Iniziativa educativa con l&#8217;associazione &#8220;Sereni e sempre uniti&#8221; <\/h5>\n\n\n\n<p>La sede di Clusone di Azienda Bergamasca Formazione ha avuto il piacere di ospitare l&#8217;Associazione &#8220;<strong><em>Sereni e Sempre Uniti<\/em><\/strong>&#8221; per un progetto che coinvolge gli studenti delle classi terze e quarte. L&#8217;iniziativa si \u00e8 concentrata sulla promozione della resilienza e dell&#8217;unit\u00e0 tra le persone, due valori che sono diventati ancora pi\u00f9 importanti durante il periodo di pandemia che abbiamo vissuto.<\/p>\n\n\n\n<p>Il progetto \u00e8 stato strutturato in due fasi. La prima fase ha visto le classi riunite per partecipare a un incontro con l&#8217;Associazione, durante il quale i ragazzi hanno avuto l&#8217;opportunit\u00e0 di confrontarsi e condividere le proprie esperienze del periodo Covid. Successivamente, l&#8217;Associazione si \u00e8 spostata nelle singole classi per approfondire il tema della resilienza e dell&#8217;impegno sociale.<\/p>\n\n\n\n<p>Questa iniziativa educativa e formativa \u00e8 stata di grande importanza per i nostri studenti, poich\u00e9 ha promosso l&#8217;importanza della solidariet\u00e0 e dell&#8217;unit\u00e0 tra le persone, incoraggiando allo stesso tempo lo sviluppo di un atteggiamento positivo e proattivo verso la vita. Grazie alla collaborazione con l&#8217;Associazione &#8220;Sereni e Sempre Uniti&#8221;, i nostri ragazzi hanno avuto l&#8217;opportunit\u00e0 di acquisire nuove conoscenze e competenze, sviluppando allo stesso tempo un senso di appartenenza alla comunit\u00e0.<\/p>\n\n\n\n<h5 class=\"wp-block-heading\">Il nome della associazione &#8220;Sereni e sempre uniti&#8221;<\/h5>\n\n\n\n<p>La scelta di questo nome nasce da una chat di mutuo sostegno nata durante il Covid. Dal confronto tra suoi membri \u00e8 emerso il bisogno di unit\u00e0, di fare squadra per poter mantenere alto il morale e la consapevolezza. Per poter restare &#8220;<em>sereni<\/em>&#8221; grazie alla vicinanza e al sostegno di chi ha vissuto esperienze drammatiche.<\/p>\n\n\n\n<figure class=\"wp-block-image size-full\"><img loading=\"lazy\" decoding=\"async\" width=\"1000\" height=\"666\" src=\"https:\/\/www.abf.eu\/clusone\/wp-content\/uploads\/sites\/2\/2023\/04\/associazione.png\" alt=\"\" class=\"wp-image-17443\" srcset=\"https:\/\/www.abf.eu\/clusone\/wp-content\/uploads\/sites\/2\/2023\/04\/associazione.png 1000w, https:\/\/www.abf.eu\/clusone\/wp-content\/uploads\/sites\/2\/2023\/04\/associazione-300x200.png 300w, https:\/\/www.abf.eu\/clusone\/wp-content\/uploads\/sites\/2\/2023\/04\/associazione-768x511.png 768w, https:\/\/www.abf.eu\/clusone\/wp-content\/uploads\/sites\/2\/2023\/04\/associazione-600x400.png 600w\" sizes=\"auto, (max-width: 1000px) 100vw, 1000px\" \/><\/figure>\n\n\n\n<blockquote class=\"wp-block-quote is-layout-flow wp-block-quote-is-layout-flow\">\n<p>&#8220;<em>Le storie diventano emozioni, le emozioni che diventano azioni.<\/em>&#8220;<\/p>\n<cite>Il motto che accompagna le attivit\u00e0 della associazione<\/cite><\/blockquote>\n\n\n\n<h5 class=\"wp-block-heading\">Il libro &#8220;<em>Quello che resta da una vita<\/em>&#8221; e le iniziative nelle scuole<\/h5>\n\n\n\n<p>Dopo la nascita del blog nel 2020 e la fondazione della associazione a fine 2021, inizia una raccolta di testi ad opera di 12 diversi autori, famigliari, amici e persone che hanno perso qualcuno di importante per conseguenze del Covid. Si tratta di una raccolta di considerazioni, dediche e accorati racconti di quei dolorosi momenti che sono stati uniti in un&#8217;unica pubblicazione, con l&#8217;intento di tenere vivo il ricordo e far nascere qualcosa di bello dalle parole di chi ha vissuto questa esperienza.<\/p>\n\n\n\n<p>\u00c8 cos\u00ec che il 18 marzo 2022, in occasione della seconda giornata nazionale delle vittime del Covid, il libro viene presentato per la prima volta in provincia di Bergamo.<\/p>\n\n\n\n<p>La volont\u00e0 di diffondere la cultura del ricordo e aiutare a superare i dolori pi\u00f9 forti non si ferma con la pubblicazione del libro, ma si realizza nella proposta alle scuole. <\/p>\n\n\n\n<p>In quanto associazione, tutte le entrate derivate dalla vendita del libro o raccolti durante le numerose iniziative sono finalizzate alla promozione e al sostegno azioni socialmente responsabili e attente ai bisogni della persona: la presentazione del libro all\u2019interno di scuole secondarie, universit\u00e0, circoli culturali, enti del terzo settore, istituzioni pubbliche o private vuole rappresentare uno scambio di esperienze e di sinergie. <\/p>\n\n\n\n<p>L\u2019associazione <strong><em>Sereni e sempre uniti<\/em><\/strong> devolver\u00e0 parte del ricavato dalle vendite del libro e\/o eventuali donazioni in sostegno a progetti realizzati dagli enti ospitanti. <\/p>\n\n\n\n<p>Attualmente l&#8217;associazione sta partecipando al bando &#8220;<em>Una mano a chi sostiene<\/em>&#8221; promosso da Cattolica Assicurazioni e finalizzato a sostenere azioni capaci di promuovere l\u2019inclusione e la coesione sociale. L&#8217;eventuale aggiudicazione del premio consentir\u00e0 alla associazione di poter supportare le future attivit\u00e0. Se anche voi volete aiutare, con un voto gratuito, potete cliccare sul link sottostante.<\/p>\n\n\n\n<div id=\"linkcontent-block_643f9095f2283\" class=\"link-content \">\n    <a class='animated-arrow font-weight-bold' href='https:\/\/cattolica.unamanoachisostiene.it\/progetto\/sereniesempreuniti-associazione-familiari-vittime-covid-19\/' target=\"_blank\">\n        <span class='the-arrow -left'>\n            <span class='shaft'><\/span>\n        <\/span>\n        <span class='main'>\n            <span class='text'>Sostieni il progetto con il tuo voto gratuito<\/span>\n            <span class='the-arrow -right'>\n                <span class='shaft'><\/span>\n            <\/span>\n        <\/span>\n    <\/a>\n<\/div>\n\n\n","protected":false},"excerpt":{"rendered":"<p>Iniziativa educativa con l&#8217;associazione &#8220;Sereni e sempre uniti&#8221; La sede<\/p>\n","protected":false},"author":31,"featured_media":17432,"comment_status":"open","ping_status":"open","sticky":false,"template":"","format":"standard","meta":{"footnotes":""},"categories":[1],"tags":[],"class_list":["post-17419","post","type-post","status-publish","format-standard","has-post-thumbnail","hentry","category-senza-categoria"],"yoast_head":"<!-- This site is optimized with the Yoast SEO plugin v25.8 - https:\/\/yoast.com\/wordpress\/plugins\/seo\/ -->\n<title>L&#039;associazione &quot;Sereni e sempre uniti&quot; incontra ABF - Clusone<\/title>\n<meta name=\"robots\" content=\"index, follow, max-snippet:-1, max-image-preview:large, max-video-preview:-1\" \/>\n<link rel=\"canonical\" href=\"https:\/\/www.abf.eu\/clusone\/sereni-e-sempre-uniti\/\" \/>\n<meta property=\"og:locale\" content=\"it_IT\" \/>\n<meta property=\"og:type\" content=\"article\" \/>\n<meta property=\"og:title\" content=\"L&#039;associazione &quot;Sereni e sempre uniti&quot; incontra ABF - Clusone\" \/>\n<meta property=\"og:description\" content=\"Iniziativa educativa con l&#8217;associazione &#8220;Sereni e sempre uniti&#8221; La sede\" \/>\n<meta property=\"og:url\" content=\"https:\/\/www.abf.eu\/clusone\/sereni-e-sempre-uniti\/\" \/>\n<meta property=\"og:site_name\" content=\"Clusone\" \/>\n<meta property=\"article:published_time\" content=\"2023-04-19T09:19:42+00:00\" \/>\n<meta property=\"article:modified_time\" content=\"2023-04-19T10:34:52+00:00\" \/>\n<meta property=\"og:image\" content=\"https:\/\/www.abf.eu\/clusone\/wp-content\/uploads\/sites\/2\/2023\/04\/sereni-sempre-uniti-1024x682.png\" \/>\n\t<meta property=\"og:image:width\" content=\"1024\" \/>\n\t<meta property=\"og:image:height\" content=\"682\" \/>\n\t<meta property=\"og:image:type\" content=\"image\/png\" \/>\n<meta name=\"author\" content=\"danilocaccia\" \/>\n<meta name=\"twitter:card\" content=\"summary_large_image\" \/>\n<meta name=\"twitter:label1\" content=\"Scritto da\" \/>\n\t<meta name=\"twitter:data1\" content=\"danilocaccia\" \/>\n\t<meta name=\"twitter:label2\" content=\"Tempo di lettura stimato\" \/>\n\t<meta name=\"twitter:data2\" content=\"4 minuti\" \/>\n<script type=\"application\/ld+json\" class=\"yoast-schema-graph\">{\"@context\":\"https:\/\/schema.org\",\"@graph\":[{\"@type\":\"WebPage\",\"@id\":\"https:\/\/www.abf.eu\/clusone\/sereni-e-sempre-uniti\/\",\"url\":\"https:\/\/www.abf.eu\/clusone\/sereni-e-sempre-uniti\/\",\"name\":\"L'associazione \\\"Sereni e sempre uniti\\\" incontra ABF - Clusone\",\"isPartOf\":{\"@id\":\"https:\/\/www.abf.eu\/clusone\/#website\"},\"primaryImageOfPage\":{\"@id\":\"https:\/\/www.abf.eu\/clusone\/sereni-e-sempre-uniti\/#primaryimage\"},\"image\":{\"@id\":\"https:\/\/www.abf.eu\/clusone\/sereni-e-sempre-uniti\/#primaryimage\"},\"thumbnailUrl\":\"https:\/\/www.abf.eu\/clusone\/wp-content\/uploads\/sites\/2\/2023\/04\/sereni-sempre-uniti.png\",\"datePublished\":\"2023-04-19T09:19:42+00:00\",\"dateModified\":\"2023-04-19T10:34:52+00:00\",\"author\":{\"@id\":\"https:\/\/www.abf.eu\/clusone\/#\/schema\/person\/8a78d772811de95e251d66b4d5491f76\"},\"breadcrumb\":{\"@id\":\"https:\/\/www.abf.eu\/clusone\/sereni-e-sempre-uniti\/#breadcrumb\"},\"inLanguage\":\"it-IT\",\"potentialAction\":[{\"@type\":\"ReadAction\",\"target\":[\"https:\/\/www.abf.eu\/clusone\/sereni-e-sempre-uniti\/\"]}]},{\"@type\":\"ImageObject\",\"inLanguage\":\"it-IT\",\"@id\":\"https:\/\/www.abf.eu\/clusone\/sereni-e-sempre-uniti\/#primaryimage\",\"url\":\"https:\/\/www.abf.eu\/clusone\/wp-content\/uploads\/sites\/2\/2023\/04\/sereni-sempre-uniti.png\",\"contentUrl\":\"https:\/\/www.abf.eu\/clusone\/wp-content\/uploads\/sites\/2\/2023\/04\/sereni-sempre-uniti.png\",\"width\":2702,\"height\":1800,\"caption\":\"Associazione sereni e sempre uniti\"},{\"@type\":\"BreadcrumbList\",\"@id\":\"https:\/\/www.abf.eu\/clusone\/sereni-e-sempre-uniti\/#breadcrumb\",\"itemListElement\":[{\"@type\":\"ListItem\",\"position\":1,\"name\":\"Home\",\"item\":\"https:\/\/www.abf.eu\/clusone\/\"},{\"@type\":\"ListItem\",\"position\":2,\"name\":\"L&#8217;associazione &#8220;Sereni e sempre uniti&#8221; incontra ABF\"}]},{\"@type\":\"WebSite\",\"@id\":\"https:\/\/www.abf.eu\/clusone\/#website\",\"url\":\"https:\/\/www.abf.eu\/clusone\/\",\"name\":\"Clusone\",\"description\":\"Ecco un altro sito Abf siti\",\"potentialAction\":[{\"@type\":\"SearchAction\",\"target\":{\"@type\":\"EntryPoint\",\"urlTemplate\":\"https:\/\/www.abf.eu\/clusone\/?s={search_term_string}\"},\"query-input\":{\"@type\":\"PropertyValueSpecification\",\"valueRequired\":true,\"valueName\":\"search_term_string\"}}],\"inLanguage\":\"it-IT\"},{\"@type\":\"Person\",\"@id\":\"https:\/\/www.abf.eu\/clusone\/#\/schema\/person\/8a78d772811de95e251d66b4d5491f76\",\"name\":\"danilocaccia\",\"image\":{\"@type\":\"ImageObject\",\"inLanguage\":\"it-IT\",\"@id\":\"https:\/\/www.abf.eu\/clusone\/#\/schema\/person\/image\/\",\"url\":\"https:\/\/secure.gravatar.com\/avatar\/d87f496e2092d70f0bc729633c0c70a56c54c4f8ce3eefdacc36b91c04c2e1c0?s=96&d=mm&r=g\",\"contentUrl\":\"https:\/\/secure.gravatar.com\/avatar\/d87f496e2092d70f0bc729633c0c70a56c54c4f8ce3eefdacc36b91c04c2e1c0?s=96&d=mm&r=g\",\"caption\":\"danilocaccia\"},\"sameAs\":[\"https:\/\/www.linkedin.com\/in\/danilocaccia\/\"],\"url\":\"https:\/\/www.abf.eu\/clusone\/author\/danilocaccia\/\"}]}<\/script>\n<!-- \/ Yoast SEO plugin. -->","yoast_head_json":{"title":"L'associazione \"Sereni e sempre uniti\" incontra ABF - Clusone","robots":{"index":"index","follow":"follow","max-snippet":"max-snippet:-1","max-image-preview":"max-image-preview:large","max-video-preview":"max-video-preview:-1"},"canonical":"https:\/\/www.abf.eu\/clusone\/sereni-e-sempre-uniti\/","og_locale":"it_IT","og_type":"article","og_title":"L'associazione \"Sereni e sempre uniti\" incontra ABF - Clusone","og_description":"Iniziativa educativa con l&#8217;associazione &#8220;Sereni e sempre uniti&#8221; La sede","og_url":"https:\/\/www.abf.eu\/clusone\/sereni-e-sempre-uniti\/","og_site_name":"Clusone","article_published_time":"2023-04-19T09:19:42+00:00","article_modified_time":"2023-04-19T10:34:52+00:00","og_image":[{"width":1024,"height":682,"url":"https:\/\/www.abf.eu\/clusone\/wp-content\/uploads\/sites\/2\/2023\/04\/sereni-sempre-uniti-1024x682.png","type":"image\/png"}],"author":"danilocaccia","twitter_card":"summary_large_image","twitter_misc":{"Scritto da":"danilocaccia","Tempo di lettura stimato":"4 minuti"},"schema":{"@context":"https:\/\/schema.org","@graph":[{"@type":"WebPage","@id":"https:\/\/www.abf.eu\/clusone\/sereni-e-sempre-uniti\/","url":"https:\/\/www.abf.eu\/clusone\/sereni-e-sempre-uniti\/","name":"L'associazione \"Sereni e sempre uniti\" incontra ABF - Clusone","isPartOf":{"@id":"https:\/\/www.abf.eu\/clusone\/#website"},"primaryImageOfPage":{"@id":"https:\/\/www.abf.eu\/clusone\/sereni-e-sempre-uniti\/#primaryimage"},"image":{"@id":"https:\/\/www.abf.eu\/clusone\/sereni-e-sempre-uniti\/#primaryimage"},"thumbnailUrl":"https:\/\/www.abf.eu\/clusone\/wp-content\/uploads\/sites\/2\/2023\/04\/sereni-sempre-uniti.png","datePublished":"2023-04-19T09:19:42+00:00","dateModified":"2023-04-19T10:34:52+00:00","author":{"@id":"https:\/\/www.abf.eu\/clusone\/#\/schema\/person\/8a78d772811de95e251d66b4d5491f76"},"breadcrumb":{"@id":"https:\/\/www.abf.eu\/clusone\/sereni-e-sempre-uniti\/#breadcrumb"},"inLanguage":"it-IT","potentialAction":[{"@type":"ReadAction","target":["https:\/\/www.abf.eu\/clusone\/sereni-e-sempre-uniti\/"]}]},{"@type":"ImageObject","inLanguage":"it-IT","@id":"https:\/\/www.abf.eu\/clusone\/sereni-e-sempre-uniti\/#primaryimage","url":"https:\/\/www.abf.eu\/clusone\/wp-content\/uploads\/sites\/2\/2023\/04\/sereni-sempre-uniti.png","contentUrl":"https:\/\/www.abf.eu\/clusone\/wp-content\/uploads\/sites\/2\/2023\/04\/sereni-sempre-uniti.png","width":2702,"height":1800,"caption":"Associazione sereni e sempre uniti"},{"@type":"BreadcrumbList","@id":"https:\/\/www.abf.eu\/clusone\/sereni-e-sempre-uniti\/#breadcrumb","itemListElement":[{"@type":"ListItem","position":1,"name":"Home","item":"https:\/\/www.abf.eu\/clusone\/"},{"@type":"ListItem","position":2,"name":"L&#8217;associazione &#8220;Sereni e sempre uniti&#8221; incontra ABF"}]},{"@type":"WebSite","@id":"https:\/\/www.abf.eu\/clusone\/#website","url":"https:\/\/www.abf.eu\/clusone\/","name":"Clusone","description":"Ecco un altro sito Abf siti","potentialAction":[{"@type":"SearchAction","target":{"@type":"EntryPoint","urlTemplate":"https:\/\/www.abf.eu\/clusone\/?s={search_term_string}"},"query-input":{"@type":"PropertyValueSpecification","valueRequired":true,"valueName":"search_term_string"}}],"inLanguage":"it-IT"},{"@type":"Person","@id":"https:\/\/www.abf.eu\/clusone\/#\/schema\/person\/8a78d772811de95e251d66b4d5491f76","name":"danilocaccia","image":{"@type":"ImageObject","inLanguage":"it-IT","@id":"https:\/\/www.abf.eu\/clusone\/#\/schema\/person\/image\/","url":"https:\/\/secure.gravatar.com\/avatar\/d87f496e2092d70f0bc729633c0c70a56c54c4f8ce3eefdacc36b91c04c2e1c0?s=96&d=mm&r=g","contentUrl":"https:\/\/secure.gravatar.com\/avatar\/d87f496e2092d70f0bc729633c0c70a56c54c4f8ce3eefdacc36b91c04c2e1c0?s=96&d=mm&r=g","caption":"danilocaccia"},"sameAs":["https:\/\/www.linkedin.com\/in\/danilocaccia\/"],"url":"https:\/\/www.abf.eu\/clusone\/author\/danilocaccia\/"}]}},"_links":{"self":[{"href":"https:\/\/www.abf.eu\/clusone\/wp-json\/wp\/v2\/posts\/17419","targetHints":{"allow":["GET"]}}],"collection":[{"href":"https:\/\/www.abf.eu\/clusone\/wp-json\/wp\/v2\/posts"}],"about":[{"href":"https:\/\/www.abf.eu\/clusone\/wp-json\/wp\/v2\/types\/post"}],"author":[{"embeddable":true,"href":"https:\/\/www.abf.eu\/clusone\/wp-json\/wp\/v2\/users\/31"}],"replies":[{"embeddable":true,"href":"https:\/\/www.abf.eu\/clusone\/wp-json\/wp\/v2\/comments?post=17419"}],"version-history":[{"count":23,"href":"https:\/\/www.abf.eu\/clusone\/wp-json\/wp\/v2\/posts\/17419\/revisions"}],"predecessor-version":[{"id":17445,"href":"https:\/\/www.abf.eu\/clusone\/wp-json\/wp\/v2\/posts\/17419\/revisions\/17445"}],"wp:featuredmedia":[{"embeddable":true,"href":"https:\/\/www.abf.eu\/clusone\/wp-json\/wp\/v2\/media\/17432"}],"wp:attachment":[{"href":"https:\/\/www.abf.eu\/clusone\/wp-json\/wp\/v2\/media?parent=17419"}],"wp:term":[{"taxonomy":"category","embeddable":true,"href":"https:\/\/www.abf.eu\/clusone\/wp-json\/wp\/v2\/categories?post=17419"},{"taxonomy":"post_tag","embeddable":true,"href":"https:\/\/www.abf.eu\/clusone\/wp-json\/wp\/v2\/tags?post=17419"}],"curies":[{"name":"wp","href":"https:\/\/api.w.org\/{rel}","templated":true}]}}