{"id":17490,"date":"2023-05-05T12:52:58","date_gmt":"2023-05-05T10:52:58","guid":{"rendered":"https:\/\/www.abf.eu\/clusone\/?p=17490"},"modified":"2023-05-16T08:11:55","modified_gmt":"2023-05-16T06:11:55","slug":"la-sfilata-dei-mestieri","status":"publish","type":"post","link":"https:\/\/www.abf.eu\/clusone\/la-sfilata-dei-mestieri\/","title":{"rendered":"La sfilata dei mestieri"},"content":{"rendered":"\n<h3 class=\"wp-block-heading\">Albino e Clusone uniti per la &#8220;Sfilata dei mestieri&#8221;<\/h3>\n\n\n\n<h5 class=\"wp-block-heading\">Un lavoro di collaborazione, per l&#8217;evento del 5 maggio 23<\/h5>\n\n\n\n<p>Tra le mura di Villa Barbarigo, sede di ABF Clusone si respira un&#8217;aria di fermento: si sta organizzando la &#8220;Sfilata dei Mestieri&#8221;, un evento unico nel suo genere che vedr\u00e0 gli allievi di Clusone e Albino mettere in campo le proprie competenze per realizzare una magica serata dedicata alle professioni artigiane. L&#8217;evento avr\u00e0 luogo il 5 maggio 2023 e promette di essere un momento indimenticabile per gli allievi e le loro famiglie.<\/p>\n\n\n\n<p>A curare la creazione e l&#8217;organizzazione della serata \u00e8 stato un team di docenti pratici e teorici delle due sedi, coadiuvati dagli allievi delle classi terze e quarte di ogni settore e la prima estetica. Ogni settore ha dato il suo apporto, dalla preparazione dell&#8217;apericena alla costruzione di componenti ornamentali con la macchina 3D, fino alla pettinatura e al trucco degli allievi.<\/p>\n\n\n\n<p>Ecco un video del backstage dei preparativi.<\/p>\n\n\n\n<figure class=\"wp-block-embed is-type-video is-provider-youtube wp-block-embed-youtube wp-embed-aspect-16-9 wp-has-aspect-ratio\"><div class=\"wp-block-embed__wrapper\">\n<iframe loading=\"lazy\" title=\"Backstage - &quot;La sfilata dei mestieri&quot;\" width=\"500\" height=\"281\" src=\"https:\/\/www.youtube.com\/embed\/4mYbFuKTpV4?feature=oembed&#038;enablejsapi=1&#038;origin=https:\/\/www.abf.eu\" frameborder=\"0\" allow=\"accelerometer; autoplay; clipboard-write; encrypted-media; gyroscope; picture-in-picture; web-share\" referrerpolicy=\"strict-origin-when-cross-origin\" allowfullscreen><\/iframe>\n<\/div><\/figure>\n\n\n\n<h5 class=\"wp-block-heading\">Una sfilata per valorizzare le professioni artigiane<\/h5>\n\n\n\n<p>ABF si distingue per la sua didattica pratica, che permette agli allievi di imparare le competenze necessarie per le professioni del futuro mettendole in campo fin da subito. Grazie alle unit\u00e0 formative che integrano pi\u00f9 discipline e al coinvolgimento diretto di aziende e professionisti del territorio, i nostri allievi hanno l&#8217;opportunit\u00e0 di sviluppare una visione complessiva delle professioni, acquisendo competenze trasversali che li rendono pi\u00f9 competitivi sul mercato del lavoro.<\/p>\n\n\n\n<p>L&#8217;evento della <strong>sfilata dei mestieri organizzata dalle sedi di Clusone e Albino<\/strong> \u00e8 l&#8217;esempio perfetto di come la formazione professionale possa diventare spettacolo e allo stesso tempo rappresentare un&#8217;occasione di crescita per gli allievi. Grazie alla collaborazione tra docenti pratici e teorici, gli allievi hanno avuto l&#8217;opportunit\u00e0 di mettere in campo le proprie competenze in un contesto diverso dal solito, vestendo i panni dei professionisti del passato e del futuro e interpretando personaggi cinematografici correlati ai loro ambiti lavorativi. Tra i personaggi cinematografici che ispireranno le sfilate ci saranno Coco Chanel per l&#8217;Estetica, Matrix per l&#8217;Elettrico, La fabbrica di cioccolato per la Pasticceria e L&#8217;albero degli zoccoli per l&#8217;Agricolo. I modelli saranno acconciati e truccati dalle allieve di Albino, con il loro estro creativo al servizio dell&#8217;immaginazione.<\/p>\n\n\n\n<p>In entrambi i casi, la formazione professionale diventa il punto di partenza per un futuro di successo, in cui le competenze acquisite diventano strumenti per la realizzazione personale e la costruzione di una carriera solida e gratificante.<\/p>\n\n\n\n<p>La sfilata vedr\u00e0 la partecipazione di 4 allievi\/e per ogni settore, due in rappresentanza del loro ambito professionale incarneranno il passato e il futuro delle loro professioni, mentre gli altri due impersoneranno film che hanno una correlazione con il loro mondo lavorativo. Gli allievi dimostreranno le loro competenze in modo originale e creativo.<\/p>\n\n\n\n<p>La sfilata sar\u00e0 l&#8217;occasione per valorizzare le professioni artigiane e per far conoscere al pubblico le competenze dei nostri allievi. ABF Clusone e ABF Albino si sono unite per creare un grande evento che metta in luce l&#8217;importanza delle professioni artigiane.<\/p>\n\n\n\n<h5 class=\"wp-block-heading\">La sfilata del 5 maggio<\/h5>\n\n\n\n<p>La creazione e l&#8217;organizzazione della sfilata sono state affidate ad un team di docenti pratici e teorici delle due sedi, coadiuvati dagli allievi delle classi terze e quarte di ogni settore, oltre alla classe prima estetica di Albino. Il contributo proviene da ogni ambito professionale rappresentato dalle due scuole, tra cui Cucina, Pasticceria, Sala e Bar, Agricolo, Grafico, Acconciatura, Estetica, Elettrico e Meccatronico. Ogni gruppo ha dato il suo apporto in base alle specificit\u00e0 e alle competenze proprie del proprio settore.<\/p>\n\n\n\n<p>La Sfilata dei Mestieri rappresenta un evento unico, che valorizza le professionalit\u00e0 dei ragazzi in un contesto diverso da quello scolastico e ne mette in luce le competenze, la creativit\u00e0 e la passione. ABF Clusone e ABF Albino hanno unito le loro forze e la loro creativit\u00e0 per creare un evento destinato ad allievi e famiglie, ma anche a tutti coloro che vogliono conoscere meglio le professionalit\u00e0 artigiane che contraddistinguono i percorsi scolastici dell&#8217;Azienda Bergamasca Formazione.<\/p>\n\n\n\n<p>La giuria che giudicher\u00e0 la sfilata dei mestieri sar\u00e0 composta dai direttori delle sedi ABF Riva e Fiorina, dal sindaco Albino, dall&#8217;assessore Clusone e da tre rappresentanti degli studenti. La scelta di coinvolgere le autorit\u00e0 locali e gli studenti rappresenta un&#8217;opportunit\u00e0 per valorizzare le competenze dei nostri allievi di ABF, stimolando la loro crescita professionale e personale. Inoltre, il coinvolgimento delle autorit\u00e0 locali sottolinea l&#8217;importanza della formazione professionale e delle attivit\u00e0 pratiche per il territorio e per la sua economia, in linea con la missione di ABF di formare professionisti dell&#8217;artigianato..<\/p>\n\n\n\n<p>Per la buona riuscita della sfilata, tutti i settori professionali coinvolti hanno lavorato di concerto. Il contributo proviene da ogni settore, nella fattispecie Cucina, Pasticceria, Sala e Bar, Agricolo e Grafico per Clusone, Acconciatura, Estetica, Elettrico e il neo-nato Meccatronico per Albino. Alla base delle specificit\u00e0 e delle competenze di ciascuno, ognuno ha dato il suo apporto: chi si \u00e8 occupato di allestire la scalinata e il cortile con fiori, fiocchi, panche, chi di preparare l\u2019apericena, chi dei volantini e della sponsorizzazione, chi di pettinare, truccare, imbellettare, chi di costruire con la macchina 3D delle componentistiche ornamentali per le acconciatrici\u2026 E questa \u00e8 solo una minima parte del lavoro del retroscena.<\/p>\n\n\n\n<hr class=\"wp-block-separator has-alpha-channel-opacity\"\/>\n\n\n\n<h3 class=\"wp-block-heading\">Il video dell&#8217;evento<\/h3>\n\n\n\n<p>Il video qui sotto \u00e8 stato realizzato dai ragazzi del corso di Operatore Grafico e montato sotto la guida del professor Andrea Pezzotti, docente di fotografia e videomaking.<\/p>\n\n\n\n<figure class=\"wp-block-embed is-type-video is-provider-youtube wp-block-embed-youtube wp-embed-aspect-16-9 wp-has-aspect-ratio\"><div class=\"wp-block-embed__wrapper\">\n<iframe loading=\"lazy\" title=\"Sfilata dei Mestieri - 2023\" width=\"500\" height=\"281\" src=\"https:\/\/www.youtube.com\/embed\/wMuSy0gPI5w?feature=oembed&#038;enablejsapi=1&#038;origin=https:\/\/www.abf.eu\" frameborder=\"0\" allow=\"accelerometer; autoplay; clipboard-write; encrypted-media; gyroscope; picture-in-picture; web-share\" referrerpolicy=\"strict-origin-when-cross-origin\" allowfullscreen><\/iframe>\n<\/div><\/figure>\n\n\n\n<hr class=\"wp-block-separator has-alpha-channel-opacity\"\/>\n\n\n\n<div id=\"linkcontent-block_6454b519293ed\" class=\"link-content \">\n    <a class='animated-arrow font-weight-bold' href='https:\/\/www.abf.eu\/clusone\/wp-content\/uploads\/sites\/2\/2023\/05\/a4_stampa_raster.pdf' target=\"_blank\">\n        <span class='the-arrow -left'>\n            <span class='shaft'><\/span>\n        <\/span>\n        <span class='main'>\n            <span class='text'>Scarica la locandina dell&#8217;evento<\/span>\n            <span class='the-arrow -right'>\n                <span class='shaft'><\/span>\n            <\/span>\n        <\/span>\n    <\/a>\n<\/div>\n\n\n","protected":false},"excerpt":{"rendered":"<p>Albino e Clusone uniti per la &#8220;Sfilata dei mestieri&#8221; Un<\/p>\n","protected":false},"author":31,"featured_media":17495,"comment_status":"open","ping_status":"open","sticky":false,"template":"","format":"standard","meta":{"footnotes":""},"categories":[1],"tags":[],"class_list":["post-17490","post","type-post","status-publish","format-standard","has-post-thumbnail","hentry","category-senza-categoria"],"yoast_head":"<!-- This site is optimized with the Yoast SEO plugin v25.8 - https:\/\/yoast.com\/wordpress\/plugins\/seo\/ -->\n<title>La sfilata dei mestieri - Clusone<\/title>\n<meta name=\"description\" content=\"ABF Albino e Clusone si uniscono per organizzare la sfilata dei mestieri, presso Villa Barbarigo a Clusone.\" \/>\n<meta name=\"robots\" content=\"index, follow, max-snippet:-1, max-image-preview:large, max-video-preview:-1\" \/>\n<link rel=\"canonical\" href=\"https:\/\/www.abf.eu\/clusone\/la-sfilata-dei-mestieri\/\" \/>\n<meta property=\"og:locale\" content=\"it_IT\" \/>\n<meta property=\"og:type\" content=\"article\" \/>\n<meta property=\"og:title\" content=\"La sfilata dei mestieri - Clusone\" \/>\n<meta property=\"og:description\" content=\"ABF Albino e Clusone si uniscono per organizzare la sfilata dei mestieri, presso Villa Barbarigo a Clusone.\" \/>\n<meta property=\"og:url\" content=\"https:\/\/www.abf.eu\/clusone\/la-sfilata-dei-mestieri\/\" \/>\n<meta property=\"og:site_name\" content=\"Clusone\" \/>\n<meta property=\"article:published_time\" content=\"2023-05-05T10:52:58+00:00\" \/>\n<meta property=\"article:modified_time\" content=\"2023-05-16T06:11:55+00:00\" \/>\n<meta property=\"og:image\" content=\"https:\/\/www.abf.eu\/clusone\/wp-content\/uploads\/sites\/2\/2023\/05\/locandina_web.png\" \/>\n\t<meta property=\"og:image:width\" content=\"1000\" \/>\n\t<meta property=\"og:image:height\" content=\"666\" \/>\n\t<meta property=\"og:image:type\" content=\"image\/png\" \/>\n<meta name=\"author\" content=\"danilocaccia\" \/>\n<meta name=\"twitter:card\" content=\"summary_large_image\" \/>\n<meta name=\"twitter:label1\" content=\"Scritto da\" \/>\n\t<meta name=\"twitter:data1\" content=\"danilocaccia\" \/>\n\t<meta name=\"twitter:label2\" content=\"Tempo di lettura stimato\" \/>\n\t<meta name=\"twitter:data2\" content=\"5 minuti\" \/>\n<script type=\"application\/ld+json\" class=\"yoast-schema-graph\">{\"@context\":\"https:\/\/schema.org\",\"@graph\":[{\"@type\":\"WebPage\",\"@id\":\"https:\/\/www.abf.eu\/clusone\/la-sfilata-dei-mestieri\/\",\"url\":\"https:\/\/www.abf.eu\/clusone\/la-sfilata-dei-mestieri\/\",\"name\":\"La sfilata dei mestieri - Clusone\",\"isPartOf\":{\"@id\":\"https:\/\/www.abf.eu\/clusone\/#website\"},\"primaryImageOfPage\":{\"@id\":\"https:\/\/www.abf.eu\/clusone\/la-sfilata-dei-mestieri\/#primaryimage\"},\"image\":{\"@id\":\"https:\/\/www.abf.eu\/clusone\/la-sfilata-dei-mestieri\/#primaryimage\"},\"thumbnailUrl\":\"https:\/\/www.abf.eu\/clusone\/wp-content\/uploads\/sites\/2\/2023\/05\/locandina_web.png\",\"datePublished\":\"2023-05-05T10:52:58+00:00\",\"dateModified\":\"2023-05-16T06:11:55+00:00\",\"author\":{\"@id\":\"https:\/\/www.abf.eu\/clusone\/#\/schema\/person\/8a78d772811de95e251d66b4d5491f76\"},\"description\":\"ABF Albino e Clusone si uniscono per organizzare la sfilata dei mestieri, presso Villa Barbarigo a Clusone.\",\"breadcrumb\":{\"@id\":\"https:\/\/www.abf.eu\/clusone\/la-sfilata-dei-mestieri\/#breadcrumb\"},\"inLanguage\":\"it-IT\",\"potentialAction\":[{\"@type\":\"ReadAction\",\"target\":[\"https:\/\/www.abf.eu\/clusone\/la-sfilata-dei-mestieri\/\"]}]},{\"@type\":\"ImageObject\",\"inLanguage\":\"it-IT\",\"@id\":\"https:\/\/www.abf.eu\/clusone\/la-sfilata-dei-mestieri\/#primaryimage\",\"url\":\"https:\/\/www.abf.eu\/clusone\/wp-content\/uploads\/sites\/2\/2023\/05\/locandina_web.png\",\"contentUrl\":\"https:\/\/www.abf.eu\/clusone\/wp-content\/uploads\/sites\/2\/2023\/05\/locandina_web.png\",\"width\":1000,\"height\":666,\"caption\":\"Sfilata dei mestieri\"},{\"@type\":\"BreadcrumbList\",\"@id\":\"https:\/\/www.abf.eu\/clusone\/la-sfilata-dei-mestieri\/#breadcrumb\",\"itemListElement\":[{\"@type\":\"ListItem\",\"position\":1,\"name\":\"Home\",\"item\":\"https:\/\/www.abf.eu\/clusone\/\"},{\"@type\":\"ListItem\",\"position\":2,\"name\":\"La sfilata dei mestieri\"}]},{\"@type\":\"WebSite\",\"@id\":\"https:\/\/www.abf.eu\/clusone\/#website\",\"url\":\"https:\/\/www.abf.eu\/clusone\/\",\"name\":\"Clusone\",\"description\":\"Ecco un altro sito Abf siti\",\"potentialAction\":[{\"@type\":\"SearchAction\",\"target\":{\"@type\":\"EntryPoint\",\"urlTemplate\":\"https:\/\/www.abf.eu\/clusone\/?s={search_term_string}\"},\"query-input\":{\"@type\":\"PropertyValueSpecification\",\"valueRequired\":true,\"valueName\":\"search_term_string\"}}],\"inLanguage\":\"it-IT\"},{\"@type\":\"Person\",\"@id\":\"https:\/\/www.abf.eu\/clusone\/#\/schema\/person\/8a78d772811de95e251d66b4d5491f76\",\"name\":\"danilocaccia\",\"image\":{\"@type\":\"ImageObject\",\"inLanguage\":\"it-IT\",\"@id\":\"https:\/\/www.abf.eu\/clusone\/#\/schema\/person\/image\/\",\"url\":\"https:\/\/secure.gravatar.com\/avatar\/d87f496e2092d70f0bc729633c0c70a56c54c4f8ce3eefdacc36b91c04c2e1c0?s=96&d=mm&r=g\",\"contentUrl\":\"https:\/\/secure.gravatar.com\/avatar\/d87f496e2092d70f0bc729633c0c70a56c54c4f8ce3eefdacc36b91c04c2e1c0?s=96&d=mm&r=g\",\"caption\":\"danilocaccia\"},\"sameAs\":[\"https:\/\/www.linkedin.com\/in\/danilocaccia\/\"],\"url\":\"https:\/\/www.abf.eu\/clusone\/author\/danilocaccia\/\"}]}<\/script>\n<!-- \/ Yoast SEO plugin. -->","yoast_head_json":{"title":"La sfilata dei mestieri - Clusone","description":"ABF Albino e Clusone si uniscono per organizzare la sfilata dei mestieri, presso Villa Barbarigo a Clusone.","robots":{"index":"index","follow":"follow","max-snippet":"max-snippet:-1","max-image-preview":"max-image-preview:large","max-video-preview":"max-video-preview:-1"},"canonical":"https:\/\/www.abf.eu\/clusone\/la-sfilata-dei-mestieri\/","og_locale":"it_IT","og_type":"article","og_title":"La sfilata dei mestieri - Clusone","og_description":"ABF Albino e Clusone si uniscono per organizzare la sfilata dei mestieri, presso Villa Barbarigo a Clusone.","og_url":"https:\/\/www.abf.eu\/clusone\/la-sfilata-dei-mestieri\/","og_site_name":"Clusone","article_published_time":"2023-05-05T10:52:58+00:00","article_modified_time":"2023-05-16T06:11:55+00:00","og_image":[{"width":1000,"height":666,"url":"https:\/\/www.abf.eu\/clusone\/wp-content\/uploads\/sites\/2\/2023\/05\/locandina_web.png","type":"image\/png"}],"author":"danilocaccia","twitter_card":"summary_large_image","twitter_misc":{"Scritto da":"danilocaccia","Tempo di lettura stimato":"5 minuti"},"schema":{"@context":"https:\/\/schema.org","@graph":[{"@type":"WebPage","@id":"https:\/\/www.abf.eu\/clusone\/la-sfilata-dei-mestieri\/","url":"https:\/\/www.abf.eu\/clusone\/la-sfilata-dei-mestieri\/","name":"La sfilata dei mestieri - Clusone","isPartOf":{"@id":"https:\/\/www.abf.eu\/clusone\/#website"},"primaryImageOfPage":{"@id":"https:\/\/www.abf.eu\/clusone\/la-sfilata-dei-mestieri\/#primaryimage"},"image":{"@id":"https:\/\/www.abf.eu\/clusone\/la-sfilata-dei-mestieri\/#primaryimage"},"thumbnailUrl":"https:\/\/www.abf.eu\/clusone\/wp-content\/uploads\/sites\/2\/2023\/05\/locandina_web.png","datePublished":"2023-05-05T10:52:58+00:00","dateModified":"2023-05-16T06:11:55+00:00","author":{"@id":"https:\/\/www.abf.eu\/clusone\/#\/schema\/person\/8a78d772811de95e251d66b4d5491f76"},"description":"ABF Albino e Clusone si uniscono per organizzare la sfilata dei mestieri, presso Villa Barbarigo a Clusone.","breadcrumb":{"@id":"https:\/\/www.abf.eu\/clusone\/la-sfilata-dei-mestieri\/#breadcrumb"},"inLanguage":"it-IT","potentialAction":[{"@type":"ReadAction","target":["https:\/\/www.abf.eu\/clusone\/la-sfilata-dei-mestieri\/"]}]},{"@type":"ImageObject","inLanguage":"it-IT","@id":"https:\/\/www.abf.eu\/clusone\/la-sfilata-dei-mestieri\/#primaryimage","url":"https:\/\/www.abf.eu\/clusone\/wp-content\/uploads\/sites\/2\/2023\/05\/locandina_web.png","contentUrl":"https:\/\/www.abf.eu\/clusone\/wp-content\/uploads\/sites\/2\/2023\/05\/locandina_web.png","width":1000,"height":666,"caption":"Sfilata dei mestieri"},{"@type":"BreadcrumbList","@id":"https:\/\/www.abf.eu\/clusone\/la-sfilata-dei-mestieri\/#breadcrumb","itemListElement":[{"@type":"ListItem","position":1,"name":"Home","item":"https:\/\/www.abf.eu\/clusone\/"},{"@type":"ListItem","position":2,"name":"La sfilata dei mestieri"}]},{"@type":"WebSite","@id":"https:\/\/www.abf.eu\/clusone\/#website","url":"https:\/\/www.abf.eu\/clusone\/","name":"Clusone","description":"Ecco un altro sito Abf siti","potentialAction":[{"@type":"SearchAction","target":{"@type":"EntryPoint","urlTemplate":"https:\/\/www.abf.eu\/clusone\/?s={search_term_string}"},"query-input":{"@type":"PropertyValueSpecification","valueRequired":true,"valueName":"search_term_string"}}],"inLanguage":"it-IT"},{"@type":"Person","@id":"https:\/\/www.abf.eu\/clusone\/#\/schema\/person\/8a78d772811de95e251d66b4d5491f76","name":"danilocaccia","image":{"@type":"ImageObject","inLanguage":"it-IT","@id":"https:\/\/www.abf.eu\/clusone\/#\/schema\/person\/image\/","url":"https:\/\/secure.gravatar.com\/avatar\/d87f496e2092d70f0bc729633c0c70a56c54c4f8ce3eefdacc36b91c04c2e1c0?s=96&d=mm&r=g","contentUrl":"https:\/\/secure.gravatar.com\/avatar\/d87f496e2092d70f0bc729633c0c70a56c54c4f8ce3eefdacc36b91c04c2e1c0?s=96&d=mm&r=g","caption":"danilocaccia"},"sameAs":["https:\/\/www.linkedin.com\/in\/danilocaccia\/"],"url":"https:\/\/www.abf.eu\/clusone\/author\/danilocaccia\/"}]}},"_links":{"self":[{"href":"https:\/\/www.abf.eu\/clusone\/wp-json\/wp\/v2\/posts\/17490","targetHints":{"allow":["GET"]}}],"collection":[{"href":"https:\/\/www.abf.eu\/clusone\/wp-json\/wp\/v2\/posts"}],"about":[{"href":"https:\/\/www.abf.eu\/clusone\/wp-json\/wp\/v2\/types\/post"}],"author":[{"embeddable":true,"href":"https:\/\/www.abf.eu\/clusone\/wp-json\/wp\/v2\/users\/31"}],"replies":[{"embeddable":true,"href":"https:\/\/www.abf.eu\/clusone\/wp-json\/wp\/v2\/comments?post=17490"}],"version-history":[{"count":8,"href":"https:\/\/www.abf.eu\/clusone\/wp-json\/wp\/v2\/posts\/17490\/revisions"}],"predecessor-version":[{"id":17509,"href":"https:\/\/www.abf.eu\/clusone\/wp-json\/wp\/v2\/posts\/17490\/revisions\/17509"}],"wp:featuredmedia":[{"embeddable":true,"href":"https:\/\/www.abf.eu\/clusone\/wp-json\/wp\/v2\/media\/17495"}],"wp:attachment":[{"href":"https:\/\/www.abf.eu\/clusone\/wp-json\/wp\/v2\/media?parent=17490"}],"wp:term":[{"taxonomy":"category","embeddable":true,"href":"https:\/\/www.abf.eu\/clusone\/wp-json\/wp\/v2\/categories?post=17490"},{"taxonomy":"post_tag","embeddable":true,"href":"https:\/\/www.abf.eu\/clusone\/wp-json\/wp\/v2\/tags?post=17490"}],"curies":[{"name":"wp","href":"https:\/\/api.w.org\/{rel}","templated":true}]}}