{"id":17672,"date":"2023-10-16T13:56:04","date_gmt":"2023-10-16T11:56:04","guid":{"rendered":"https:\/\/www.abf.eu\/clusone\/?p=17672"},"modified":"2023-11-17T16:38:41","modified_gmt":"2023-11-17T15:38:41","slug":"unesperienza-indimenticabile-per-eleonora","status":"publish","type":"post","link":"https:\/\/www.abf.eu\/clusone\/unesperienza-indimenticabile-per-eleonora\/","title":{"rendered":"Un&#8217;esperienza indimenticabile per Eleonora"},"content":{"rendered":"\n<h3 class=\"wp-block-heading\">La nostra studentessa Eleonora Arcaini di ABF Clusone vince la borsa di studio per la Summer school di Alma<\/h3>\n\n\n\n<p>Eleonora Alcalini, classe 2005 apprendista del quarto anno di cucina presso ABF Clusone, ha sempre dimostrato grande passione e molto interesse per il mondo della cucina e, questo suo grande impegno l\u2019ha portata ad ottenere una borsa di studio offerta da RistoTeam e consegnata da Aldo Belli per prendere parte alla Summer School presso la scuola di Alma a Parma, una prestigiosa scuola internazionale di cucina.<\/p>\n\n\n\n<hr class=\"wp-block-separator has-alpha-channel-opacity\"\/>\n\n\n\n<h5 class=\"wp-block-heading\"><strong>Una premio pi\u00f9 che meritato: Summer School di Alma<\/strong><\/h5>\n\n\n\n<p>Eleonora si \u00e8 distinta nel corso di cucina grazie al suo impegno instancabile e alla sua straordinaria passione per l&#8217;arte culinaria. La sua dedizione e il suo talento l&#8217;hanno elevata al ruolo di migliore allieva del corso, meritandosi cos\u00ec il prestigioso riconoscimento di partecipare a un&#8217;esperienza formativa straordinaria. Nel periodo dal 23 al 28 luglio, ha avuto l&#8217;occasione di approfondire ulteriormente le sue competenze culinarie, assistendo a lezioni tenute dai pi\u00f9 rinomati chef e immergendosi completamente nell&#8217;atmosfera unica che caratterizza Alma.<\/p>\n\n\n\n<figure class=\"wp-block-image size-full is-resized\"><img loading=\"lazy\" decoding=\"async\" src=\"https:\/\/www.abf.eu\/clusone\/wp-content\/uploads\/sites\/2\/2023\/10\/Progetto-senza-titolo-6.png\" alt=\"\" class=\"wp-image-17748\" width=\"534\" height=\"355\" srcset=\"https:\/\/www.abf.eu\/clusone\/wp-content\/uploads\/sites\/2\/2023\/10\/Progetto-senza-titolo-6.png 1000w, https:\/\/www.abf.eu\/clusone\/wp-content\/uploads\/sites\/2\/2023\/10\/Progetto-senza-titolo-6-300x200.png 300w, https:\/\/www.abf.eu\/clusone\/wp-content\/uploads\/sites\/2\/2023\/10\/Progetto-senza-titolo-6-768x511.png 768w, https:\/\/www.abf.eu\/clusone\/wp-content\/uploads\/sites\/2\/2023\/10\/Progetto-senza-titolo-6-600x400.png 600w\" sizes=\"auto, (max-width: 534px) 100vw, 534px\" \/><\/figure>\n\n\n\n<hr class=\"wp-block-separator has-alpha-channel-opacity\"\/>\n\n\n\n<h5 class=\"wp-block-heading\">Il racconto di Eleonora: <strong>una settimana densa di impegni e attivit\u00e0<\/strong><\/h5>\n\n\n\n<p>Nel corso della settimana trascorsa all&#8217;ALMA, Eleonora ha condiviso con noi le sue esperienze riguardo le attivit\u00e0 svolte. Per iniziare, ha partecipato a una lezione incentrata sulla sostenibilit\u00e0 nel contesto gastronomico. Subito dopo, insieme al suo gruppo, si \u00e8 impegnata nella creazione di un concept di locale sostenibile, seguendo il metodo dei \u201c6 cappelli\u201d.<\/p>\n\n\n\n<p>Nel secondo giorno, Eleonora \u00e8 stata coinvolta nella preparazione di un men\u00f9 composto da sette portate, ideato e realizzato dai due chef che hanno tenuto lezioni precedenti, ha partecipato successivamente al servizio culinario. Il corso prevedeva una giornata dedicata alla pasticceria, durante la quale Eleonora ha lavorato con i suoi compagni per realizzare i bab\u00e0 al limone, seguendo la ricetta di una ragazza che ha tenuto la lezione insieme al pasticcere.<\/p>\n\n\n\n<figure class=\"wp-block-image size-full is-resized\"><img loading=\"lazy\" decoding=\"async\" src=\"https:\/\/www.abf.eu\/clusone\/wp-content\/uploads\/sites\/2\/2023\/10\/Progetto-senza-titolo-7.png\" alt=\"\" class=\"wp-image-17747\" width=\"436\" height=\"290\" srcset=\"https:\/\/www.abf.eu\/clusone\/wp-content\/uploads\/sites\/2\/2023\/10\/Progetto-senza-titolo-7.png 1000w, https:\/\/www.abf.eu\/clusone\/wp-content\/uploads\/sites\/2\/2023\/10\/Progetto-senza-titolo-7-300x200.png 300w, https:\/\/www.abf.eu\/clusone\/wp-content\/uploads\/sites\/2\/2023\/10\/Progetto-senza-titolo-7-768x511.png 768w, https:\/\/www.abf.eu\/clusone\/wp-content\/uploads\/sites\/2\/2023\/10\/Progetto-senza-titolo-7-600x400.png 600w\" sizes=\"auto, (max-width: 436px) 100vw, 436px\" \/><\/figure>\n\n\n\n<p>Nel penultimo giorno ha partecipato a una degustazione di acqua, vino, t\u00e8 e caff\u00e8. La giornata \u00e8 proseguita con una visita alla produzione del culatello, immergendosi nella cantina dove vengono conservati questi prodotti. La serata \u00e8 stata conclusa con una cena presso la struttura, che dispone di due ristoranti interni e di un ampio orto di produzione propria.<\/p>\n\n\n\n<figure class=\"wp-block-image size-full is-resized\"><img loading=\"lazy\" decoding=\"async\" src=\"https:\/\/www.abf.eu\/clusone\/wp-content\/uploads\/sites\/2\/2023\/10\/Progetto-senza-titolo-9.png\" alt=\"\" class=\"wp-image-17753\" width=\"415\" height=\"276\" srcset=\"https:\/\/www.abf.eu\/clusone\/wp-content\/uploads\/sites\/2\/2023\/10\/Progetto-senza-titolo-9.png 1000w, https:\/\/www.abf.eu\/clusone\/wp-content\/uploads\/sites\/2\/2023\/10\/Progetto-senza-titolo-9-300x200.png 300w, https:\/\/www.abf.eu\/clusone\/wp-content\/uploads\/sites\/2\/2023\/10\/Progetto-senza-titolo-9-768x511.png 768w, https:\/\/www.abf.eu\/clusone\/wp-content\/uploads\/sites\/2\/2023\/10\/Progetto-senza-titolo-9-600x400.png 600w\" sizes=\"auto, (max-width: 415px) 100vw, 415px\" \/><\/figure>\n\n\n\n<p>Nell&#8217;ultimo giorno, Eleonora ha preso parte alla cerimonia di chiusura, durante la quale sono stati consegnati gli attestati.<\/p>\n\n\n\n<hr class=\"wp-block-separator has-alpha-channel-opacity\"\/>\n\n\n\n<h5 class=\"wp-block-heading\">L&#8217;entusiasmo e la paura di essere parte di questa esperienza<\/h5>\n\n\n\n<p>Abbiamo chiesto ad Eleonora cosa ha provato quando ha scoperto di essersi aggiudicata la borsa di studio e ha condiviso con noi le sue sensazioni:<\/p>\n\n\n\n<p class=\"has-text-align-center\"><em>\u201cQuando ho saputo di aver vinto la borsa di studio per poter andare all\u2019Alma una settimana sono saltata dalla gioia, la consideravo un\u2019esperienza che per la mia crescita personale poteva aprirmi una porta per il mio futuro\u201d<\/em><\/p>\n\n\n\n<p>Tuttavia, si \u00e8 sentita preoccupata e incerta poich\u00e9 stava per affrontare questa avventura da sola e non aveva una chiara idea di cosa l&#8217;aspettasse. Sapeva che doveva frequentare delle lezioni sia teoriche che pratiche, ma non aveva la certezza di essere all&#8217;altezza di questa nuova esperienza&nbsp; poich\u00e9 l&#8217;istituto Alma \u00e8 conosciuto per la sua prestigiosa reputazione e il suo approccio rigoroso nei programmi di studio, e la borsa di studio \u00e8 stata ottenuta grazie al suo impegno e alla dedizione dimostrati sia nella scuola che nel lavoro. Questa opportunit\u00e0 costituisce per lei una notevole fonte di soddisfazione, rappresentando il risultato di un duro lavoro.<\/p>\n\n\n\n<p class=\"has-text-align-center\" id=\"block-544ecfde-f954-4454-892a-c233162e063e\"><em>\u201cQuando sono arrivata mi sono trovata davanti 36 ragazzi\/e dell\u2019et\u00e0 vicino alla mia che partecipavano come partecipavo io, la prima sera seduti tutti intorno a un tavolo a parlare mi si \u00e8 scaldato il cuore perch\u00e9 vedere cos\u00ec tanti ragazzi con la mia stessa passione per questo tipo di lavoro e che anche<\/em> <em>loro se lo sono guadagnato per me \u00e8 stata una grande vittoria a livello professionale.&#8221;<\/em><\/p>\n\n\n\n<p class=\"has-text-align-center\" id=\"block-544ecfde-f954-4454-892a-c233162e063e\"><br><em>\u201c\u00c8 stata anche una esperienza interculturale perch\u00e9 eravamo ragazzi che venivano da tutta Italia e con la cena a tema organizzata dall\u2019alma che abbiamo fatto sui prodotti territoriali \u00e8 stato un modo per conoscere l\u2019Italia e per far conoscere i prodotti locali che abbiamo nel territorio, questo \u00e8 stato il primo bagaglio che mi sono portata a casa perch\u00e9 con questo abbiamo capito tante differenze che abbiamo che cambiano da regione a regione.\u201d&nbsp;<\/em><\/p>\n\n\n\n<p class=\"has-text-align-center\"><\/p>\n\n\n\n<p>All\u2019inizio per lei \u00e8 stato strano trovarsi l\u00ec, doveva condividere la casa con altre ragazze sconosciute e affrontare lezioni teoriche e lavori pratici in coppia. Tuttavia, si ritiene che ognuno dei partecipanti sia riuscito a mostrare il proprio lato migliore, lavorando e studiando come se fossero stati in classe insieme da diversi anni.<\/p>\n\n\n\n<p class=\"has-text-align-center\" id=\"block-080d123b-5b39-4e15-9fac-4412a3d7bbbb\"><em>\u201cL\u2019esperienza \u00e8 stata unica nel suo genere e molto educativa sia a livello professionale che a livello emozionale, ero fin quasi triste a dovermene andare, mi sarebbe piaciuto rimanere ancora un po\u2019 per imparare molto di pi\u00f9 perch\u00e9 c\u2019era ancora molto da imparare. \u201c<\/em>\ufeff<\/p>\n\n\n\n<p class=\"has-text-align-left\">Questa esperienza l&#8217;ha portata a riflettere sulla possibilit\u00e0 di frequentare Alma come scuola per continuare a imparare sempre di pi\u00f9. Ci\u00f2 che l&#8217;ha colpita maggiormente sono state la prima lezione di pratica quando le \u00e8 stato spiegato come gestire la postazione e&nbsp;l&#8217;ultima lezione teorica sulla degustazione dell&#8217;acqua.&nbsp;<\/p>\n\n\n\n<p class=\"has-text-align-center\"><br><em>\u201cDi questa esperienza mi rimane la capacit\u00e0 di voler continuare nel mondo della ristorazione e la consapevolezza che posso farcela e che non \u00e8 vero che non sono abbastanza per poter fare il cuoco e soprattutto mi rimangono degli amici sparsi per tutta Italia con cui ho condiviso questa magnifica esperienza.&nbsp;<br><br>L\u2019unico consiglio che penso di poter dare \u00e8 che se c\u2019\u00e8 la possibilit\u00e0 di farlo di buttarsi e farla assolutamente perch\u00e9 ti cresce davvero molto come persona e come lavoratore.<br>Infine ringrazio RistoTeam e ABF Clusone per avermi dato la possibilit\u00e0 di partecipare a questa fantastica esperienza che mi ha lasciato un segno e che mi rester\u00e0 impressa nella memoria per sempre\u201d.<br><\/em><\/p>\n\n\n\n<div style=\"height:50px\" aria-hidden=\"true\" class=\"wp-block-spacer\"><\/div>\n\n\n\n<p>Per scoprire la parte precedente di questa fantastica esperienza clicca sotto<\/p>\n\n\n\n<div id=\"linkcontent-block_6523b86667fbb\" class=\"link-content \">\n    <a class='animated-arrow font-weight-bold' href='https:\/\/www.abf.eu\/clusone\/una-borsa-di-studio-per-allievi-meritevoli\/' target=\"_blank\">\n        <span class='the-arrow -left'>\n            <span class='shaft'><\/span>\n        <\/span>\n        <span class='main'>\n            <span class='text'>scopri di pi\u00f9!<\/span>\n            <span class='the-arrow -right'>\n                <span class='shaft'><\/span>\n            <\/span>\n        <\/span>\n    <\/a>\n<\/div>\n\n\n\n\n\n<p class=\"has-text-align-right\">NS<\/p>\n","protected":false},"excerpt":{"rendered":"<p>La nostra studentessa Eleonora Arcaini di ABF Clusone vince la<\/p>\n","protected":false},"author":46,"featured_media":17750,"comment_status":"open","ping_status":"open","sticky":false,"template":"","format":"standard","meta":{"footnotes":""},"categories":[1],"tags":[],"class_list":["post-17672","post","type-post","status-publish","format-standard","has-post-thumbnail","hentry","category-senza-categoria"],"yoast_head":"<!-- This site is optimized with the Yoast SEO plugin v25.8 - https:\/\/yoast.com\/wordpress\/plugins\/seo\/ -->\n<title>Un&#039;esperienza indimenticabile per Eleonora - Clusone<\/title>\n<meta name=\"robots\" content=\"index, follow, max-snippet:-1, max-image-preview:large, max-video-preview:-1\" \/>\n<link rel=\"canonical\" href=\"https:\/\/www.abf.eu\/clusone\/unesperienza-indimenticabile-per-eleonora\/\" \/>\n<meta property=\"og:locale\" content=\"it_IT\" \/>\n<meta property=\"og:type\" content=\"article\" \/>\n<meta property=\"og:title\" content=\"Un&#039;esperienza indimenticabile per Eleonora - Clusone\" \/>\n<meta property=\"og:description\" content=\"La nostra studentessa Eleonora Arcaini di ABF Clusone vince la\" \/>\n<meta property=\"og:url\" content=\"https:\/\/www.abf.eu\/clusone\/unesperienza-indimenticabile-per-eleonora\/\" \/>\n<meta property=\"og:site_name\" content=\"Clusone\" \/>\n<meta property=\"article:published_time\" content=\"2023-10-16T11:56:04+00:00\" \/>\n<meta property=\"article:modified_time\" content=\"2023-11-17T15:38:41+00:00\" \/>\n<meta property=\"og:image\" content=\"https:\/\/www.abf.eu\/clusone\/wp-content\/uploads\/sites\/2\/2023\/10\/Progetto-senza-titolo-11.png\" \/>\n\t<meta property=\"og:image:width\" content=\"1000\" \/>\n\t<meta property=\"og:image:height\" content=\"666\" \/>\n\t<meta property=\"og:image:type\" content=\"image\/png\" \/>\n<meta name=\"author\" content=\"abfeditor clusone\" \/>\n<meta name=\"twitter:card\" content=\"summary_large_image\" \/>\n<meta name=\"twitter:label1\" content=\"Scritto da\" \/>\n\t<meta name=\"twitter:data1\" content=\"abfeditor clusone\" \/>\n\t<meta name=\"twitter:label2\" content=\"Tempo di lettura stimato\" \/>\n\t<meta name=\"twitter:data2\" content=\"6 minuti\" \/>\n<script type=\"application\/ld+json\" class=\"yoast-schema-graph\">{\"@context\":\"https:\/\/schema.org\",\"@graph\":[{\"@type\":\"WebPage\",\"@id\":\"https:\/\/www.abf.eu\/clusone\/unesperienza-indimenticabile-per-eleonora\/\",\"url\":\"https:\/\/www.abf.eu\/clusone\/unesperienza-indimenticabile-per-eleonora\/\",\"name\":\"Un'esperienza indimenticabile per Eleonora - Clusone\",\"isPartOf\":{\"@id\":\"https:\/\/www.abf.eu\/clusone\/#website\"},\"primaryImageOfPage\":{\"@id\":\"https:\/\/www.abf.eu\/clusone\/unesperienza-indimenticabile-per-eleonora\/#primaryimage\"},\"image\":{\"@id\":\"https:\/\/www.abf.eu\/clusone\/unesperienza-indimenticabile-per-eleonora\/#primaryimage\"},\"thumbnailUrl\":\"https:\/\/www.abf.eu\/clusone\/wp-content\/uploads\/sites\/2\/2023\/10\/Progetto-senza-titolo-11.png\",\"datePublished\":\"2023-10-16T11:56:04+00:00\",\"dateModified\":\"2023-11-17T15:38:41+00:00\",\"author\":{\"@id\":\"https:\/\/www.abf.eu\/clusone\/#\/schema\/person\/210c3cc1dcad9ca85324f429567caefe\"},\"breadcrumb\":{\"@id\":\"https:\/\/www.abf.eu\/clusone\/unesperienza-indimenticabile-per-eleonora\/#breadcrumb\"},\"inLanguage\":\"it-IT\",\"potentialAction\":[{\"@type\":\"ReadAction\",\"target\":[\"https:\/\/www.abf.eu\/clusone\/unesperienza-indimenticabile-per-eleonora\/\"]}]},{\"@type\":\"ImageObject\",\"inLanguage\":\"it-IT\",\"@id\":\"https:\/\/www.abf.eu\/clusone\/unesperienza-indimenticabile-per-eleonora\/#primaryimage\",\"url\":\"https:\/\/www.abf.eu\/clusone\/wp-content\/uploads\/sites\/2\/2023\/10\/Progetto-senza-titolo-11.png\",\"contentUrl\":\"https:\/\/www.abf.eu\/clusone\/wp-content\/uploads\/sites\/2\/2023\/10\/Progetto-senza-titolo-11.png\",\"width\":1000,\"height\":666},{\"@type\":\"BreadcrumbList\",\"@id\":\"https:\/\/www.abf.eu\/clusone\/unesperienza-indimenticabile-per-eleonora\/#breadcrumb\",\"itemListElement\":[{\"@type\":\"ListItem\",\"position\":1,\"name\":\"Home\",\"item\":\"https:\/\/www.abf.eu\/clusone\/\"},{\"@type\":\"ListItem\",\"position\":2,\"name\":\"Un&#8217;esperienza indimenticabile per Eleonora\"}]},{\"@type\":\"WebSite\",\"@id\":\"https:\/\/www.abf.eu\/clusone\/#website\",\"url\":\"https:\/\/www.abf.eu\/clusone\/\",\"name\":\"Clusone\",\"description\":\"Ecco un altro sito Abf siti\",\"potentialAction\":[{\"@type\":\"SearchAction\",\"target\":{\"@type\":\"EntryPoint\",\"urlTemplate\":\"https:\/\/www.abf.eu\/clusone\/?s={search_term_string}\"},\"query-input\":{\"@type\":\"PropertyValueSpecification\",\"valueRequired\":true,\"valueName\":\"search_term_string\"}}],\"inLanguage\":\"it-IT\"},{\"@type\":\"Person\",\"@id\":\"https:\/\/www.abf.eu\/clusone\/#\/schema\/person\/210c3cc1dcad9ca85324f429567caefe\",\"name\":\"abfeditor clusone\",\"image\":{\"@type\":\"ImageObject\",\"inLanguage\":\"it-IT\",\"@id\":\"https:\/\/www.abf.eu\/clusone\/#\/schema\/person\/image\/\",\"url\":\"https:\/\/secure.gravatar.com\/avatar\/02d63f720e021120d5e78941723d08b5eb0d09ea934458589f28953c6c3d806a?s=96&d=mm&r=g\",\"contentUrl\":\"https:\/\/secure.gravatar.com\/avatar\/02d63f720e021120d5e78941723d08b5eb0d09ea934458589f28953c6c3d806a?s=96&d=mm&r=g\",\"caption\":\"abfeditor clusone\"},\"url\":\"https:\/\/www.abf.eu\/clusone\/author\/abfeditor\/\"}]}<\/script>\n<!-- \/ Yoast SEO plugin. -->","yoast_head_json":{"title":"Un'esperienza indimenticabile per Eleonora - Clusone","robots":{"index":"index","follow":"follow","max-snippet":"max-snippet:-1","max-image-preview":"max-image-preview:large","max-video-preview":"max-video-preview:-1"},"canonical":"https:\/\/www.abf.eu\/clusone\/unesperienza-indimenticabile-per-eleonora\/","og_locale":"it_IT","og_type":"article","og_title":"Un'esperienza indimenticabile per Eleonora - Clusone","og_description":"La nostra studentessa Eleonora Arcaini di ABF Clusone vince la","og_url":"https:\/\/www.abf.eu\/clusone\/unesperienza-indimenticabile-per-eleonora\/","og_site_name":"Clusone","article_published_time":"2023-10-16T11:56:04+00:00","article_modified_time":"2023-11-17T15:38:41+00:00","og_image":[{"width":1000,"height":666,"url":"https:\/\/www.abf.eu\/clusone\/wp-content\/uploads\/sites\/2\/2023\/10\/Progetto-senza-titolo-11.png","type":"image\/png"}],"author":"abfeditor clusone","twitter_card":"summary_large_image","twitter_misc":{"Scritto da":"abfeditor clusone","Tempo di lettura stimato":"6 minuti"},"schema":{"@context":"https:\/\/schema.org","@graph":[{"@type":"WebPage","@id":"https:\/\/www.abf.eu\/clusone\/unesperienza-indimenticabile-per-eleonora\/","url":"https:\/\/www.abf.eu\/clusone\/unesperienza-indimenticabile-per-eleonora\/","name":"Un'esperienza indimenticabile per Eleonora - Clusone","isPartOf":{"@id":"https:\/\/www.abf.eu\/clusone\/#website"},"primaryImageOfPage":{"@id":"https:\/\/www.abf.eu\/clusone\/unesperienza-indimenticabile-per-eleonora\/#primaryimage"},"image":{"@id":"https:\/\/www.abf.eu\/clusone\/unesperienza-indimenticabile-per-eleonora\/#primaryimage"},"thumbnailUrl":"https:\/\/www.abf.eu\/clusone\/wp-content\/uploads\/sites\/2\/2023\/10\/Progetto-senza-titolo-11.png","datePublished":"2023-10-16T11:56:04+00:00","dateModified":"2023-11-17T15:38:41+00:00","author":{"@id":"https:\/\/www.abf.eu\/clusone\/#\/schema\/person\/210c3cc1dcad9ca85324f429567caefe"},"breadcrumb":{"@id":"https:\/\/www.abf.eu\/clusone\/unesperienza-indimenticabile-per-eleonora\/#breadcrumb"},"inLanguage":"it-IT","potentialAction":[{"@type":"ReadAction","target":["https:\/\/www.abf.eu\/clusone\/unesperienza-indimenticabile-per-eleonora\/"]}]},{"@type":"ImageObject","inLanguage":"it-IT","@id":"https:\/\/www.abf.eu\/clusone\/unesperienza-indimenticabile-per-eleonora\/#primaryimage","url":"https:\/\/www.abf.eu\/clusone\/wp-content\/uploads\/sites\/2\/2023\/10\/Progetto-senza-titolo-11.png","contentUrl":"https:\/\/www.abf.eu\/clusone\/wp-content\/uploads\/sites\/2\/2023\/10\/Progetto-senza-titolo-11.png","width":1000,"height":666},{"@type":"BreadcrumbList","@id":"https:\/\/www.abf.eu\/clusone\/unesperienza-indimenticabile-per-eleonora\/#breadcrumb","itemListElement":[{"@type":"ListItem","position":1,"name":"Home","item":"https:\/\/www.abf.eu\/clusone\/"},{"@type":"ListItem","position":2,"name":"Un&#8217;esperienza indimenticabile per Eleonora"}]},{"@type":"WebSite","@id":"https:\/\/www.abf.eu\/clusone\/#website","url":"https:\/\/www.abf.eu\/clusone\/","name":"Clusone","description":"Ecco un altro sito Abf siti","potentialAction":[{"@type":"SearchAction","target":{"@type":"EntryPoint","urlTemplate":"https:\/\/www.abf.eu\/clusone\/?s={search_term_string}"},"query-input":{"@type":"PropertyValueSpecification","valueRequired":true,"valueName":"search_term_string"}}],"inLanguage":"it-IT"},{"@type":"Person","@id":"https:\/\/www.abf.eu\/clusone\/#\/schema\/person\/210c3cc1dcad9ca85324f429567caefe","name":"abfeditor clusone","image":{"@type":"ImageObject","inLanguage":"it-IT","@id":"https:\/\/www.abf.eu\/clusone\/#\/schema\/person\/image\/","url":"https:\/\/secure.gravatar.com\/avatar\/02d63f720e021120d5e78941723d08b5eb0d09ea934458589f28953c6c3d806a?s=96&d=mm&r=g","contentUrl":"https:\/\/secure.gravatar.com\/avatar\/02d63f720e021120d5e78941723d08b5eb0d09ea934458589f28953c6c3d806a?s=96&d=mm&r=g","caption":"abfeditor clusone"},"url":"https:\/\/www.abf.eu\/clusone\/author\/abfeditor\/"}]}},"_links":{"self":[{"href":"https:\/\/www.abf.eu\/clusone\/wp-json\/wp\/v2\/posts\/17672","targetHints":{"allow":["GET"]}}],"collection":[{"href":"https:\/\/www.abf.eu\/clusone\/wp-json\/wp\/v2\/posts"}],"about":[{"href":"https:\/\/www.abf.eu\/clusone\/wp-json\/wp\/v2\/types\/post"}],"author":[{"embeddable":true,"href":"https:\/\/www.abf.eu\/clusone\/wp-json\/wp\/v2\/users\/46"}],"replies":[{"embeddable":true,"href":"https:\/\/www.abf.eu\/clusone\/wp-json\/wp\/v2\/comments?post=17672"}],"version-history":[{"count":49,"href":"https:\/\/www.abf.eu\/clusone\/wp-json\/wp\/v2\/posts\/17672\/revisions"}],"predecessor-version":[{"id":17931,"href":"https:\/\/www.abf.eu\/clusone\/wp-json\/wp\/v2\/posts\/17672\/revisions\/17931"}],"wp:featuredmedia":[{"embeddable":true,"href":"https:\/\/www.abf.eu\/clusone\/wp-json\/wp\/v2\/media\/17750"}],"wp:attachment":[{"href":"https:\/\/www.abf.eu\/clusone\/wp-json\/wp\/v2\/media?parent=17672"}],"wp:term":[{"taxonomy":"category","embeddable":true,"href":"https:\/\/www.abf.eu\/clusone\/wp-json\/wp\/v2\/categories?post=17672"},{"taxonomy":"post_tag","embeddable":true,"href":"https:\/\/www.abf.eu\/clusone\/wp-json\/wp\/v2\/tags?post=17672"}],"curies":[{"name":"wp","href":"https:\/\/api.w.org\/{rel}","templated":true}]}}