{"id":18015,"date":"2023-12-13T10:48:15","date_gmt":"2023-12-13T09:48:15","guid":{"rendered":"https:\/\/www.abf.eu\/clusone\/?p=18015"},"modified":"2023-12-18T09:57:09","modified_gmt":"2023-12-18T08:57:09","slug":"inaugurazione-centro-cura-dca-di-piario","status":"publish","type":"post","link":"https:\/\/www.abf.eu\/clusone\/inaugurazione-centro-cura-dca-di-piario\/","title":{"rendered":"Inaugurazione centro cura DCA di Piario"},"content":{"rendered":"\n<h3 class=\"wp-block-heading\">ABF e la collaborazione con il centro per i Disturbi del Comportamento Alimentare di Piario<\/h3>\n\n\n\n<p>Nella giornata del 6 dicembre 2023, alla presenza del Presidente di Regione Lombardia, Attilio Fontana, si \u00e8 svolta l&#8217;inaugurazione del nuovo centro per la cura dei disturbi del comportamento alimentare di Piario. Questa struttura \u00e8 collocata nell&#8217;edificio che un tempo ospitava la lavanderia dell\u2019allora sanatorio e fa parte del complesso di edifici del polo ospedaliero di Piario. In questa importante iniziativa, ABF Clusone ha collaborato con ASST Bergamo per la creazione del logo del nuovo centro.<\/p>\n\n\n\n<figure class=\"wp-block-image size-full is-resized\"><img loading=\"lazy\" decoding=\"async\" src=\"https:\/\/www.abf.eu\/clusone\/wp-content\/uploads\/sites\/2\/2023\/12\/Progetto-senza-titolo-14.png\" alt=\"\" class=\"wp-image-18067\" width=\"751\" height=\"506\" \/><\/figure>\n\n\n\n<hr class=\"wp-block-separator has-alpha-channel-opacity\" \/>\n\n\n\n<h5 class=\"wp-block-heading\">Il logo progettato dagli studenti per il centro DCA di Piario<\/h5>\n\n\n\n<p>Gli studenti delle classi terze grafico sono stati coinvolti in modo attivo e creativo in questo progetto di grande rilevanza. Organizzato come un contest, i ragazzi sono stati suddivisi in gruppi e hanno lavorato alle proposte grafiche per il logo. La proposta vincente \u00e8 stata quella ideata e realizzata da Alice Bonardini, Reham Mosleh, Simone Messa e Chiara Bernini. Il logo, ispirato a uno spazio comune di living e confronto presente all&#8217;interno della struttura, rappresenta il &#8220;muro delle emozioni&#8221;, una parete dove le persone possono esprimere le proprie emozioni in modo grafico e visivo.<\/p>\n\n\n\n<figure class=\"wp-block-image size-large is-resized\"><img loading=\"lazy\" decoding=\"async\" src=\"https:\/\/www.abf.eu\/clusone\/wp-content\/uploads\/sites\/2\/2023\/12\/image-3-1024x768.png\" alt=\"\" class=\"wp-image-18065\" width=\"732\" height=\"549\" srcset=\"https:\/\/www.abf.eu\/clusone\/wp-content\/uploads\/sites\/2\/2023\/12\/image-3-1024x768.png 1024w, https:\/\/www.abf.eu\/clusone\/wp-content\/uploads\/sites\/2\/2023\/12\/image-3-300x225.png 300w, https:\/\/www.abf.eu\/clusone\/wp-content\/uploads\/sites\/2\/2023\/12\/image-3-768x576.png 768w, https:\/\/www.abf.eu\/clusone\/wp-content\/uploads\/sites\/2\/2023\/12\/image-3-1536x1152.png 1536w, https:\/\/www.abf.eu\/clusone\/wp-content\/uploads\/sites\/2\/2023\/12\/image-3-533x400.png 533w, https:\/\/www.abf.eu\/clusone\/wp-content\/uploads\/sites\/2\/2023\/12\/image-3.png 2048w\" sizes=\"auto, (max-width: 732px) 100vw, 732px\" \/><\/figure>\n\n\n\n<p>Il logo, con la sua linea curva che taglia il rettangolo, simboleggia un abbraccio, l\u2019accoglienza e un senso di appartenenza e sostegno. Questa scelta intende trasmettere la natura del centro non come un luogo di ricovero, ma come una casa temporanea che accoglie e accompagna le persone nel loro percorso di cura.<\/p>\n\n\n\n<p>Collaborare a un progetto cos\u00ec significativo per il territorio \u00e8 stata un&#8217;opportunit\u00e0 unica per i giovani studenti di grafica di ABF. Hanno affrontato una sfida di rilievo dal punto di vista professionale e hanno approfondito la tematica dei disturbi del comportamento alimentare, una problematica che colpisce direttamente numerosi adolescenti e giovani adulti, a cui, attraverso il loro logo, hanno voluto trasmettere vicinanza e speranza.<\/p>\n","protected":false},"excerpt":{"rendered":"<p>ABF e la collaborazione con il centro per i Disturbi<\/p>\n","protected":false},"author":46,"featured_media":18022,"comment_status":"open","ping_status":"open","sticky":false,"template":"","format":"standard","meta":{"footnotes":""},"categories":[1],"tags":[],"class_list":["post-18015","post","type-post","status-publish","format-standard","has-post-thumbnail","hentry","category-senza-categoria"],"yoast_head":"<!-- This site is optimized with the Yoast SEO plugin v25.8 - https:\/\/yoast.com\/wordpress\/plugins\/seo\/ -->\n<title>Inaugurazione centro cura DCA di Piario - Clusone<\/title>\n<meta name=\"description\" content=\"ABF e la Collaborazione con il Centro per i Disturbi del Comportamento Alimentare di Piario, inaugurazione centro cura DCA di Piario\" \/>\n<meta name=\"robots\" content=\"index, follow, max-snippet:-1, max-image-preview:large, max-video-preview:-1\" \/>\n<link rel=\"canonical\" href=\"https:\/\/www.abf.eu\/clusone\/inaugurazione-centro-cura-dca-di-piario\/\" \/>\n<meta property=\"og:locale\" content=\"it_IT\" \/>\n<meta property=\"og:type\" content=\"article\" \/>\n<meta property=\"og:title\" content=\"Inaugurazione centro cura DCA di Piario - Clusone\" \/>\n<meta property=\"og:description\" content=\"ABF e la Collaborazione con il Centro per i Disturbi del Comportamento Alimentare di Piario, inaugurazione centro cura DCA di Piario\" \/>\n<meta property=\"og:url\" content=\"https:\/\/www.abf.eu\/clusone\/inaugurazione-centro-cura-dca-di-piario\/\" \/>\n<meta property=\"og:site_name\" content=\"Clusone\" \/>\n<meta property=\"article:published_time\" content=\"2023-12-13T09:48:15+00:00\" \/>\n<meta property=\"article:modified_time\" content=\"2023-12-18T08:57:09+00:00\" \/>\n<meta property=\"og:image\" content=\"https:\/\/www.abf.eu\/clusone\/wp-content\/uploads\/sites\/2\/2023\/12\/Progetto-senza-titolo-11.png\" \/>\n\t<meta property=\"og:image:width\" content=\"1000\" \/>\n\t<meta property=\"og:image:height\" content=\"666\" \/>\n\t<meta property=\"og:image:type\" content=\"image\/png\" \/>\n<meta name=\"author\" content=\"abfeditor clusone\" \/>\n<meta name=\"twitter:card\" content=\"summary_large_image\" \/>\n<meta name=\"twitter:label1\" content=\"Scritto da\" \/>\n\t<meta name=\"twitter:data1\" content=\"abfeditor clusone\" \/>\n\t<meta name=\"twitter:label2\" content=\"Tempo di lettura stimato\" \/>\n\t<meta name=\"twitter:data2\" content=\"3 minuti\" \/>\n<script type=\"application\/ld+json\" class=\"yoast-schema-graph\">{\"@context\":\"https:\/\/schema.org\",\"@graph\":[{\"@type\":\"WebPage\",\"@id\":\"https:\/\/www.abf.eu\/clusone\/inaugurazione-centro-cura-dca-di-piario\/\",\"url\":\"https:\/\/www.abf.eu\/clusone\/inaugurazione-centro-cura-dca-di-piario\/\",\"name\":\"Inaugurazione centro cura DCA di Piario - Clusone\",\"isPartOf\":{\"@id\":\"https:\/\/www.abf.eu\/clusone\/#website\"},\"primaryImageOfPage\":{\"@id\":\"https:\/\/www.abf.eu\/clusone\/inaugurazione-centro-cura-dca-di-piario\/#primaryimage\"},\"image\":{\"@id\":\"https:\/\/www.abf.eu\/clusone\/inaugurazione-centro-cura-dca-di-piario\/#primaryimage\"},\"thumbnailUrl\":\"https:\/\/www.abf.eu\/clusone\/wp-content\/uploads\/sites\/2\/2023\/12\/Progetto-senza-titolo-11.png\",\"datePublished\":\"2023-12-13T09:48:15+00:00\",\"dateModified\":\"2023-12-18T08:57:09+00:00\",\"author\":{\"@id\":\"https:\/\/www.abf.eu\/clusone\/#\/schema\/person\/210c3cc1dcad9ca85324f429567caefe\"},\"description\":\"ABF e la Collaborazione con il Centro per i Disturbi del Comportamento Alimentare di Piario, inaugurazione centro cura DCA di Piario\",\"breadcrumb\":{\"@id\":\"https:\/\/www.abf.eu\/clusone\/inaugurazione-centro-cura-dca-di-piario\/#breadcrumb\"},\"inLanguage\":\"it-IT\",\"potentialAction\":[{\"@type\":\"ReadAction\",\"target\":[\"https:\/\/www.abf.eu\/clusone\/inaugurazione-centro-cura-dca-di-piario\/\"]}]},{\"@type\":\"ImageObject\",\"inLanguage\":\"it-IT\",\"@id\":\"https:\/\/www.abf.eu\/clusone\/inaugurazione-centro-cura-dca-di-piario\/#primaryimage\",\"url\":\"https:\/\/www.abf.eu\/clusone\/wp-content\/uploads\/sites\/2\/2023\/12\/Progetto-senza-titolo-11.png\",\"contentUrl\":\"https:\/\/www.abf.eu\/clusone\/wp-content\/uploads\/sites\/2\/2023\/12\/Progetto-senza-titolo-11.png\",\"width\":1000,\"height\":666},{\"@type\":\"BreadcrumbList\",\"@id\":\"https:\/\/www.abf.eu\/clusone\/inaugurazione-centro-cura-dca-di-piario\/#breadcrumb\",\"itemListElement\":[{\"@type\":\"ListItem\",\"position\":1,\"name\":\"Home\",\"item\":\"https:\/\/www.abf.eu\/clusone\/\"},{\"@type\":\"ListItem\",\"position\":2,\"name\":\"Inaugurazione centro cura DCA di Piario\"}]},{\"@type\":\"WebSite\",\"@id\":\"https:\/\/www.abf.eu\/clusone\/#website\",\"url\":\"https:\/\/www.abf.eu\/clusone\/\",\"name\":\"Clusone\",\"description\":\"Ecco un altro sito Abf siti\",\"potentialAction\":[{\"@type\":\"SearchAction\",\"target\":{\"@type\":\"EntryPoint\",\"urlTemplate\":\"https:\/\/www.abf.eu\/clusone\/?s={search_term_string}\"},\"query-input\":{\"@type\":\"PropertyValueSpecification\",\"valueRequired\":true,\"valueName\":\"search_term_string\"}}],\"inLanguage\":\"it-IT\"},{\"@type\":\"Person\",\"@id\":\"https:\/\/www.abf.eu\/clusone\/#\/schema\/person\/210c3cc1dcad9ca85324f429567caefe\",\"name\":\"abfeditor clusone\",\"image\":{\"@type\":\"ImageObject\",\"inLanguage\":\"it-IT\",\"@id\":\"https:\/\/www.abf.eu\/clusone\/#\/schema\/person\/image\/\",\"url\":\"https:\/\/secure.gravatar.com\/avatar\/02d63f720e021120d5e78941723d08b5eb0d09ea934458589f28953c6c3d806a?s=96&d=mm&r=g\",\"contentUrl\":\"https:\/\/secure.gravatar.com\/avatar\/02d63f720e021120d5e78941723d08b5eb0d09ea934458589f28953c6c3d806a?s=96&d=mm&r=g\",\"caption\":\"abfeditor clusone\"},\"url\":\"https:\/\/www.abf.eu\/clusone\/author\/abfeditor\/\"}]}<\/script>\n<!-- \/ Yoast SEO plugin. -->","yoast_head_json":{"title":"Inaugurazione centro cura DCA di Piario - Clusone","description":"ABF e la Collaborazione con il Centro per i Disturbi del Comportamento Alimentare di Piario, inaugurazione centro cura DCA di Piario","robots":{"index":"index","follow":"follow","max-snippet":"max-snippet:-1","max-image-preview":"max-image-preview:large","max-video-preview":"max-video-preview:-1"},"canonical":"https:\/\/www.abf.eu\/clusone\/inaugurazione-centro-cura-dca-di-piario\/","og_locale":"it_IT","og_type":"article","og_title":"Inaugurazione centro cura DCA di Piario - Clusone","og_description":"ABF e la Collaborazione con il Centro per i Disturbi del Comportamento Alimentare di Piario, inaugurazione centro cura DCA di Piario","og_url":"https:\/\/www.abf.eu\/clusone\/inaugurazione-centro-cura-dca-di-piario\/","og_site_name":"Clusone","article_published_time":"2023-12-13T09:48:15+00:00","article_modified_time":"2023-12-18T08:57:09+00:00","og_image":[{"width":1000,"height":666,"url":"https:\/\/www.abf.eu\/clusone\/wp-content\/uploads\/sites\/2\/2023\/12\/Progetto-senza-titolo-11.png","type":"image\/png"}],"author":"abfeditor clusone","twitter_card":"summary_large_image","twitter_misc":{"Scritto da":"abfeditor clusone","Tempo di lettura stimato":"3 minuti"},"schema":{"@context":"https:\/\/schema.org","@graph":[{"@type":"WebPage","@id":"https:\/\/www.abf.eu\/clusone\/inaugurazione-centro-cura-dca-di-piario\/","url":"https:\/\/www.abf.eu\/clusone\/inaugurazione-centro-cura-dca-di-piario\/","name":"Inaugurazione centro cura DCA di Piario - Clusone","isPartOf":{"@id":"https:\/\/www.abf.eu\/clusone\/#website"},"primaryImageOfPage":{"@id":"https:\/\/www.abf.eu\/clusone\/inaugurazione-centro-cura-dca-di-piario\/#primaryimage"},"image":{"@id":"https:\/\/www.abf.eu\/clusone\/inaugurazione-centro-cura-dca-di-piario\/#primaryimage"},"thumbnailUrl":"https:\/\/www.abf.eu\/clusone\/wp-content\/uploads\/sites\/2\/2023\/12\/Progetto-senza-titolo-11.png","datePublished":"2023-12-13T09:48:15+00:00","dateModified":"2023-12-18T08:57:09+00:00","author":{"@id":"https:\/\/www.abf.eu\/clusone\/#\/schema\/person\/210c3cc1dcad9ca85324f429567caefe"},"description":"ABF e la Collaborazione con il Centro per i Disturbi del Comportamento Alimentare di Piario, inaugurazione centro cura DCA di Piario","breadcrumb":{"@id":"https:\/\/www.abf.eu\/clusone\/inaugurazione-centro-cura-dca-di-piario\/#breadcrumb"},"inLanguage":"it-IT","potentialAction":[{"@type":"ReadAction","target":["https:\/\/www.abf.eu\/clusone\/inaugurazione-centro-cura-dca-di-piario\/"]}]},{"@type":"ImageObject","inLanguage":"it-IT","@id":"https:\/\/www.abf.eu\/clusone\/inaugurazione-centro-cura-dca-di-piario\/#primaryimage","url":"https:\/\/www.abf.eu\/clusone\/wp-content\/uploads\/sites\/2\/2023\/12\/Progetto-senza-titolo-11.png","contentUrl":"https:\/\/www.abf.eu\/clusone\/wp-content\/uploads\/sites\/2\/2023\/12\/Progetto-senza-titolo-11.png","width":1000,"height":666},{"@type":"BreadcrumbList","@id":"https:\/\/www.abf.eu\/clusone\/inaugurazione-centro-cura-dca-di-piario\/#breadcrumb","itemListElement":[{"@type":"ListItem","position":1,"name":"Home","item":"https:\/\/www.abf.eu\/clusone\/"},{"@type":"ListItem","position":2,"name":"Inaugurazione centro cura DCA di Piario"}]},{"@type":"WebSite","@id":"https:\/\/www.abf.eu\/clusone\/#website","url":"https:\/\/www.abf.eu\/clusone\/","name":"Clusone","description":"Ecco un altro sito Abf siti","potentialAction":[{"@type":"SearchAction","target":{"@type":"EntryPoint","urlTemplate":"https:\/\/www.abf.eu\/clusone\/?s={search_term_string}"},"query-input":{"@type":"PropertyValueSpecification","valueRequired":true,"valueName":"search_term_string"}}],"inLanguage":"it-IT"},{"@type":"Person","@id":"https:\/\/www.abf.eu\/clusone\/#\/schema\/person\/210c3cc1dcad9ca85324f429567caefe","name":"abfeditor clusone","image":{"@type":"ImageObject","inLanguage":"it-IT","@id":"https:\/\/www.abf.eu\/clusone\/#\/schema\/person\/image\/","url":"https:\/\/secure.gravatar.com\/avatar\/02d63f720e021120d5e78941723d08b5eb0d09ea934458589f28953c6c3d806a?s=96&d=mm&r=g","contentUrl":"https:\/\/secure.gravatar.com\/avatar\/02d63f720e021120d5e78941723d08b5eb0d09ea934458589f28953c6c3d806a?s=96&d=mm&r=g","caption":"abfeditor clusone"},"url":"https:\/\/www.abf.eu\/clusone\/author\/abfeditor\/"}]}},"_links":{"self":[{"href":"https:\/\/www.abf.eu\/clusone\/wp-json\/wp\/v2\/posts\/18015","targetHints":{"allow":["GET"]}}],"collection":[{"href":"https:\/\/www.abf.eu\/clusone\/wp-json\/wp\/v2\/posts"}],"about":[{"href":"https:\/\/www.abf.eu\/clusone\/wp-json\/wp\/v2\/types\/post"}],"author":[{"embeddable":true,"href":"https:\/\/www.abf.eu\/clusone\/wp-json\/wp\/v2\/users\/46"}],"replies":[{"embeddable":true,"href":"https:\/\/www.abf.eu\/clusone\/wp-json\/wp\/v2\/comments?post=18015"}],"version-history":[{"count":7,"href":"https:\/\/www.abf.eu\/clusone\/wp-json\/wp\/v2\/posts\/18015\/revisions"}],"predecessor-version":[{"id":18068,"href":"https:\/\/www.abf.eu\/clusone\/wp-json\/wp\/v2\/posts\/18015\/revisions\/18068"}],"wp:featuredmedia":[{"embeddable":true,"href":"https:\/\/www.abf.eu\/clusone\/wp-json\/wp\/v2\/media\/18022"}],"wp:attachment":[{"href":"https:\/\/www.abf.eu\/clusone\/wp-json\/wp\/v2\/media?parent=18015"}],"wp:term":[{"taxonomy":"category","embeddable":true,"href":"https:\/\/www.abf.eu\/clusone\/wp-json\/wp\/v2\/categories?post=18015"},{"taxonomy":"post_tag","embeddable":true,"href":"https:\/\/www.abf.eu\/clusone\/wp-json\/wp\/v2\/tags?post=18015"}],"curies":[{"name":"wp","href":"https:\/\/api.w.org\/{rel}","templated":true}]}}