{"id":18025,"date":"2023-12-07T18:16:14","date_gmt":"2023-12-07T17:16:14","guid":{"rendered":"https:\/\/www.abf.eu\/clusone\/?p=18025"},"modified":"2023-12-07T18:16:14","modified_gmt":"2023-12-07T17:16:14","slug":"incontro-associazione-federica-albergoni","status":"publish","type":"post","link":"https:\/\/www.abf.eu\/clusone\/incontro-associazione-federica-albergoni\/","title":{"rendered":"Incontro associazione Federica Albergoni"},"content":{"rendered":"\n<h3 class=\"wp-block-heading\">La missione dell&#8217;associazione in collaborazione con ADMO<\/h3>\n\n\n\n<p>Fondata nel dicembre 2010 ad Albino, l&#8217;<strong>Associazione Federica Albergoni<\/strong> \u00e8 un faro di speranza e impegno nella causa della donazione del midollo osseo. Collaborando strettamente con l&#8217;ADMO (Associazione Donatori Midollo Osseo), questa organizzazione si dedica con passione ad avvicinare il maggior numero di persone possibile alla generosa pratica della donazione.<\/p>\n\n\n\n<p>Gioved\u00ec 7 dicembre, alcuni rappresentanti dell&#8217;Associazione Federica Albergoni sono stati ospiti presso il nostro istituto, condividendo informazioni fondamentali sulla <strong>donazione del midollo osseo<\/strong>. Una pratica vitale che pu\u00f2 salvare vite umane, poich\u00e9 la leucemia \u00e8 un grave tumore che colpisce i progenitori delle cellule del sangue, provocando un aumento significativo dei globuli bianchi. Questa neoplasia maligna pu\u00f2 colpire persone di ogni et\u00e0, incluso i bambini.<\/p>\n\n\n\n<figure class=\"wp-block-image size-full is-resized\"><img loading=\"lazy\" decoding=\"async\" src=\"https:\/\/www.abf.eu\/clusone\/wp-content\/uploads\/sites\/2\/2023\/12\/Progetto-senza-titolo-13.png\" alt=\"\" class=\"wp-image-18036\" width=\"422\" height=\"280\" srcset=\"https:\/\/www.abf.eu\/clusone\/wp-content\/uploads\/sites\/2\/2023\/12\/Progetto-senza-titolo-13.png 1000w, https:\/\/www.abf.eu\/clusone\/wp-content\/uploads\/sites\/2\/2023\/12\/Progetto-senza-titolo-13-300x200.png 300w, https:\/\/www.abf.eu\/clusone\/wp-content\/uploads\/sites\/2\/2023\/12\/Progetto-senza-titolo-13-768x511.png 768w, https:\/\/www.abf.eu\/clusone\/wp-content\/uploads\/sites\/2\/2023\/12\/Progetto-senza-titolo-13-600x400.png 600w\" sizes=\"auto, (max-width: 422px) 100vw, 422px\" \/><\/figure>\n\n\n\n<h5 class=\"wp-block-heading\">Cosa bisogna fare se decido di donare?<\/h5>\n\n\n\n<p>Per coloro che scelgono di donare il proprio midollo, il <strong>primo passo<\/strong> \u00e8 sottoporsi alla <strong>tipizzazione<\/strong>. Questo processo implica un semplice prelievo di sangue o saliva, attraverso il quale viene determinato il grado di compatibilit\u00e0 con i pazienti in attesa di un trapianto di midollo.<\/p>\n\n\n\n<p>Successivamente, il <strong>donatore<\/strong> viene registrato nel <strong>registro italiano donatori midollo osseo.<\/strong><\/p>\n\n\n\n<p>In caso di compatibilit\u00e0 con un paziente, il donatore viene contattato per ulteriori analisi e per procedere con le fasi successive del processo di donazione.<\/p>\n\n\n\n<p>La variet\u00e0 di modalit\u00e0 di donazione offre opzioni accessibili a tutti, dal <strong>prelievo<\/strong> <strong>delle cellule staminali ematopoietiche dal cordone ombelicale <\/strong>al processo di <strong>aferesi<\/strong>, in cui il sangue viene prelevato, centrifugato e reinfuso. Le iscrizioni sono possibili presso gli ospedali locali o attraverso il camper <em>&#8220;unit\u00e0 mobile per la tipizzazione&#8221;,<\/em> che porta la donazione direttamente nelle comunit\u00e0.<\/p>\n\n\n\n<h5 class=\"wp-block-heading\">Chi pu\u00f2 donare? <\/h5>\n\n\n\n<p>L&#8217;Associazione Federica Albergoni cerca di coinvolgere persone maggiorenni, con un peso superiore ai 50 kg, in buono stato di salute e con un&#8217;et\u00e0 compresa tra i 18 e i 55 anni al momento della donazione. La tipizzazione \u00e8 aperta a coloro tra i 18 e i 36 anni, mentre la donazione pu\u00f2 estendersi fino ai 55 anni.<\/p>\n\n\n\n<p>Il processo di donazione inizia con il prelievo di saliva o sangue, svolto dall&#8217;Unit\u00e0 Mobile dell&#8217;Associazione. Volontari e infermieri guidano il futuro donatore attraverso l&#8217;anamnesi e l&#8217;utilizzo del kit, rendendo il processo accessibile a tutti. La compatibilit\u00e0, cruciale per il successo della donazione, \u00e8 di almeno il 50% in famiglia, mentre nel mondo \u00e8 un caso su 100 mila.<\/p>\n\n\n\n<p>L&#8217;Associazione Federica Albergoni trova la sua ragione d&#8217;essere nel ricordo di Federica, una giovane donna che perse la vita a causa di una leucemia fulminante nel Natale del 2009 alla tenera et\u00e0 di 19 anni. Con un impegno costante, gli amici di Federica cercano di onorare la sua memoria attraverso attivit\u00e0 come concerti, progetti per le scuole, tornei sportivi e spettacoli, coinvolgendo la comunit\u00e0 per avvicinare i giovani alla donazione di vita, offrendo il prezioso dono del midollo osseo. Un&#8217;iniziativa che unisce cuori per un bene comune.<\/p>\n\n\n\n<p><\/p>\n\n\n\n<p>Per saperne di pi\u00f9 visita il loro sito <a href=\"http:\/\/www.associazionefedericaalbergoni.org\">http:\/\/www.associazionefedericaalbergoni.org<\/a> <\/p>\n","protected":false},"excerpt":{"rendered":"<p>La missione dell&#8217;associazione in collaborazione con ADMO Fondata nel dicembre<\/p>\n","protected":false},"author":46,"featured_media":18031,"comment_status":"open","ping_status":"open","sticky":false,"template":"","format":"standard","meta":{"footnotes":""},"categories":[1],"tags":[],"class_list":["post-18025","post","type-post","status-publish","format-standard","has-post-thumbnail","hentry","category-senza-categoria"],"yoast_head":"<!-- This site is optimized with the Yoast SEO plugin v25.8 - https:\/\/yoast.com\/wordpress\/plugins\/seo\/ -->\n<title>Incontro associazione Federica Albergoni - Clusone<\/title>\n<meta name=\"description\" content=\"Incontro associazione Federica Albergoni, la missione dell&#039;associazione in collaborazione con ADMO per donazione midollo spinale.\" \/>\n<meta name=\"robots\" content=\"index, follow, max-snippet:-1, max-image-preview:large, max-video-preview:-1\" \/>\n<link rel=\"canonical\" href=\"https:\/\/www.abf.eu\/clusone\/incontro-associazione-federica-albergoni\/\" \/>\n<meta property=\"og:locale\" content=\"it_IT\" \/>\n<meta property=\"og:type\" content=\"article\" \/>\n<meta property=\"og:title\" content=\"Incontro associazione Federica Albergoni - Clusone\" \/>\n<meta property=\"og:description\" content=\"Incontro associazione Federica Albergoni, la missione dell&#039;associazione in collaborazione con ADMO per donazione midollo spinale.\" \/>\n<meta property=\"og:url\" content=\"https:\/\/www.abf.eu\/clusone\/incontro-associazione-federica-albergoni\/\" \/>\n<meta property=\"og:site_name\" content=\"Clusone\" \/>\n<meta property=\"article:published_time\" content=\"2023-12-07T17:16:14+00:00\" \/>\n<meta property=\"og:image\" content=\"https:\/\/www.abf.eu\/clusone\/wp-content\/uploads\/sites\/2\/2023\/12\/Progetto-senza-titolo-12.png\" \/>\n\t<meta property=\"og:image:width\" content=\"1000\" \/>\n\t<meta property=\"og:image:height\" content=\"666\" \/>\n\t<meta property=\"og:image:type\" content=\"image\/png\" \/>\n<meta name=\"author\" content=\"abfeditor clusone\" \/>\n<meta name=\"twitter:card\" content=\"summary_large_image\" \/>\n<meta name=\"twitter:label1\" content=\"Scritto da\" \/>\n\t<meta name=\"twitter:data1\" content=\"abfeditor clusone\" \/>\n\t<meta name=\"twitter:label2\" content=\"Tempo di lettura stimato\" \/>\n\t<meta name=\"twitter:data2\" content=\"3 minuti\" \/>\n<script type=\"application\/ld+json\" class=\"yoast-schema-graph\">{\"@context\":\"https:\/\/schema.org\",\"@graph\":[{\"@type\":\"WebPage\",\"@id\":\"https:\/\/www.abf.eu\/clusone\/incontro-associazione-federica-albergoni\/\",\"url\":\"https:\/\/www.abf.eu\/clusone\/incontro-associazione-federica-albergoni\/\",\"name\":\"Incontro associazione Federica Albergoni - Clusone\",\"isPartOf\":{\"@id\":\"https:\/\/www.abf.eu\/clusone\/#website\"},\"primaryImageOfPage\":{\"@id\":\"https:\/\/www.abf.eu\/clusone\/incontro-associazione-federica-albergoni\/#primaryimage\"},\"image\":{\"@id\":\"https:\/\/www.abf.eu\/clusone\/incontro-associazione-federica-albergoni\/#primaryimage\"},\"thumbnailUrl\":\"https:\/\/www.abf.eu\/clusone\/wp-content\/uploads\/sites\/2\/2023\/12\/Progetto-senza-titolo-12.png\",\"datePublished\":\"2023-12-07T17:16:14+00:00\",\"author\":{\"@id\":\"https:\/\/www.abf.eu\/clusone\/#\/schema\/person\/210c3cc1dcad9ca85324f429567caefe\"},\"description\":\"Incontro associazione Federica Albergoni, la missione dell'associazione in collaborazione con ADMO per donazione midollo spinale.\",\"breadcrumb\":{\"@id\":\"https:\/\/www.abf.eu\/clusone\/incontro-associazione-federica-albergoni\/#breadcrumb\"},\"inLanguage\":\"it-IT\",\"potentialAction\":[{\"@type\":\"ReadAction\",\"target\":[\"https:\/\/www.abf.eu\/clusone\/incontro-associazione-federica-albergoni\/\"]}]},{\"@type\":\"ImageObject\",\"inLanguage\":\"it-IT\",\"@id\":\"https:\/\/www.abf.eu\/clusone\/incontro-associazione-federica-albergoni\/#primaryimage\",\"url\":\"https:\/\/www.abf.eu\/clusone\/wp-content\/uploads\/sites\/2\/2023\/12\/Progetto-senza-titolo-12.png\",\"contentUrl\":\"https:\/\/www.abf.eu\/clusone\/wp-content\/uploads\/sites\/2\/2023\/12\/Progetto-senza-titolo-12.png\",\"width\":1000,\"height\":666},{\"@type\":\"BreadcrumbList\",\"@id\":\"https:\/\/www.abf.eu\/clusone\/incontro-associazione-federica-albergoni\/#breadcrumb\",\"itemListElement\":[{\"@type\":\"ListItem\",\"position\":1,\"name\":\"Home\",\"item\":\"https:\/\/www.abf.eu\/clusone\/\"},{\"@type\":\"ListItem\",\"position\":2,\"name\":\"Incontro associazione Federica Albergoni\"}]},{\"@type\":\"WebSite\",\"@id\":\"https:\/\/www.abf.eu\/clusone\/#website\",\"url\":\"https:\/\/www.abf.eu\/clusone\/\",\"name\":\"Clusone\",\"description\":\"Ecco un altro sito Abf siti\",\"potentialAction\":[{\"@type\":\"SearchAction\",\"target\":{\"@type\":\"EntryPoint\",\"urlTemplate\":\"https:\/\/www.abf.eu\/clusone\/?s={search_term_string}\"},\"query-input\":{\"@type\":\"PropertyValueSpecification\",\"valueRequired\":true,\"valueName\":\"search_term_string\"}}],\"inLanguage\":\"it-IT\"},{\"@type\":\"Person\",\"@id\":\"https:\/\/www.abf.eu\/clusone\/#\/schema\/person\/210c3cc1dcad9ca85324f429567caefe\",\"name\":\"abfeditor clusone\",\"image\":{\"@type\":\"ImageObject\",\"inLanguage\":\"it-IT\",\"@id\":\"https:\/\/www.abf.eu\/clusone\/#\/schema\/person\/image\/\",\"url\":\"https:\/\/secure.gravatar.com\/avatar\/02d63f720e021120d5e78941723d08b5eb0d09ea934458589f28953c6c3d806a?s=96&d=mm&r=g\",\"contentUrl\":\"https:\/\/secure.gravatar.com\/avatar\/02d63f720e021120d5e78941723d08b5eb0d09ea934458589f28953c6c3d806a?s=96&d=mm&r=g\",\"caption\":\"abfeditor clusone\"},\"url\":\"https:\/\/www.abf.eu\/clusone\/author\/abfeditor\/\"}]}<\/script>\n<!-- \/ Yoast SEO plugin. -->","yoast_head_json":{"title":"Incontro associazione Federica Albergoni - Clusone","description":"Incontro associazione Federica Albergoni, la missione dell'associazione in collaborazione con ADMO per donazione midollo spinale.","robots":{"index":"index","follow":"follow","max-snippet":"max-snippet:-1","max-image-preview":"max-image-preview:large","max-video-preview":"max-video-preview:-1"},"canonical":"https:\/\/www.abf.eu\/clusone\/incontro-associazione-federica-albergoni\/","og_locale":"it_IT","og_type":"article","og_title":"Incontro associazione Federica Albergoni - Clusone","og_description":"Incontro associazione Federica Albergoni, la missione dell'associazione in collaborazione con ADMO per donazione midollo spinale.","og_url":"https:\/\/www.abf.eu\/clusone\/incontro-associazione-federica-albergoni\/","og_site_name":"Clusone","article_published_time":"2023-12-07T17:16:14+00:00","og_image":[{"width":1000,"height":666,"url":"https:\/\/www.abf.eu\/clusone\/wp-content\/uploads\/sites\/2\/2023\/12\/Progetto-senza-titolo-12.png","type":"image\/png"}],"author":"abfeditor clusone","twitter_card":"summary_large_image","twitter_misc":{"Scritto da":"abfeditor clusone","Tempo di lettura stimato":"3 minuti"},"schema":{"@context":"https:\/\/schema.org","@graph":[{"@type":"WebPage","@id":"https:\/\/www.abf.eu\/clusone\/incontro-associazione-federica-albergoni\/","url":"https:\/\/www.abf.eu\/clusone\/incontro-associazione-federica-albergoni\/","name":"Incontro associazione Federica Albergoni - Clusone","isPartOf":{"@id":"https:\/\/www.abf.eu\/clusone\/#website"},"primaryImageOfPage":{"@id":"https:\/\/www.abf.eu\/clusone\/incontro-associazione-federica-albergoni\/#primaryimage"},"image":{"@id":"https:\/\/www.abf.eu\/clusone\/incontro-associazione-federica-albergoni\/#primaryimage"},"thumbnailUrl":"https:\/\/www.abf.eu\/clusone\/wp-content\/uploads\/sites\/2\/2023\/12\/Progetto-senza-titolo-12.png","datePublished":"2023-12-07T17:16:14+00:00","author":{"@id":"https:\/\/www.abf.eu\/clusone\/#\/schema\/person\/210c3cc1dcad9ca85324f429567caefe"},"description":"Incontro associazione Federica Albergoni, la missione dell'associazione in collaborazione con ADMO per donazione midollo spinale.","breadcrumb":{"@id":"https:\/\/www.abf.eu\/clusone\/incontro-associazione-federica-albergoni\/#breadcrumb"},"inLanguage":"it-IT","potentialAction":[{"@type":"ReadAction","target":["https:\/\/www.abf.eu\/clusone\/incontro-associazione-federica-albergoni\/"]}]},{"@type":"ImageObject","inLanguage":"it-IT","@id":"https:\/\/www.abf.eu\/clusone\/incontro-associazione-federica-albergoni\/#primaryimage","url":"https:\/\/www.abf.eu\/clusone\/wp-content\/uploads\/sites\/2\/2023\/12\/Progetto-senza-titolo-12.png","contentUrl":"https:\/\/www.abf.eu\/clusone\/wp-content\/uploads\/sites\/2\/2023\/12\/Progetto-senza-titolo-12.png","width":1000,"height":666},{"@type":"BreadcrumbList","@id":"https:\/\/www.abf.eu\/clusone\/incontro-associazione-federica-albergoni\/#breadcrumb","itemListElement":[{"@type":"ListItem","position":1,"name":"Home","item":"https:\/\/www.abf.eu\/clusone\/"},{"@type":"ListItem","position":2,"name":"Incontro associazione Federica Albergoni"}]},{"@type":"WebSite","@id":"https:\/\/www.abf.eu\/clusone\/#website","url":"https:\/\/www.abf.eu\/clusone\/","name":"Clusone","description":"Ecco un altro sito Abf siti","potentialAction":[{"@type":"SearchAction","target":{"@type":"EntryPoint","urlTemplate":"https:\/\/www.abf.eu\/clusone\/?s={search_term_string}"},"query-input":{"@type":"PropertyValueSpecification","valueRequired":true,"valueName":"search_term_string"}}],"inLanguage":"it-IT"},{"@type":"Person","@id":"https:\/\/www.abf.eu\/clusone\/#\/schema\/person\/210c3cc1dcad9ca85324f429567caefe","name":"abfeditor clusone","image":{"@type":"ImageObject","inLanguage":"it-IT","@id":"https:\/\/www.abf.eu\/clusone\/#\/schema\/person\/image\/","url":"https:\/\/secure.gravatar.com\/avatar\/02d63f720e021120d5e78941723d08b5eb0d09ea934458589f28953c6c3d806a?s=96&d=mm&r=g","contentUrl":"https:\/\/secure.gravatar.com\/avatar\/02d63f720e021120d5e78941723d08b5eb0d09ea934458589f28953c6c3d806a?s=96&d=mm&r=g","caption":"abfeditor clusone"},"url":"https:\/\/www.abf.eu\/clusone\/author\/abfeditor\/"}]}},"_links":{"self":[{"href":"https:\/\/www.abf.eu\/clusone\/wp-json\/wp\/v2\/posts\/18025","targetHints":{"allow":["GET"]}}],"collection":[{"href":"https:\/\/www.abf.eu\/clusone\/wp-json\/wp\/v2\/posts"}],"about":[{"href":"https:\/\/www.abf.eu\/clusone\/wp-json\/wp\/v2\/types\/post"}],"author":[{"embeddable":true,"href":"https:\/\/www.abf.eu\/clusone\/wp-json\/wp\/v2\/users\/46"}],"replies":[{"embeddable":true,"href":"https:\/\/www.abf.eu\/clusone\/wp-json\/wp\/v2\/comments?post=18025"}],"version-history":[{"count":7,"href":"https:\/\/www.abf.eu\/clusone\/wp-json\/wp\/v2\/posts\/18025\/revisions"}],"predecessor-version":[{"id":18037,"href":"https:\/\/www.abf.eu\/clusone\/wp-json\/wp\/v2\/posts\/18025\/revisions\/18037"}],"wp:featuredmedia":[{"embeddable":true,"href":"https:\/\/www.abf.eu\/clusone\/wp-json\/wp\/v2\/media\/18031"}],"wp:attachment":[{"href":"https:\/\/www.abf.eu\/clusone\/wp-json\/wp\/v2\/media?parent=18025"}],"wp:term":[{"taxonomy":"category","embeddable":true,"href":"https:\/\/www.abf.eu\/clusone\/wp-json\/wp\/v2\/categories?post=18025"},{"taxonomy":"post_tag","embeddable":true,"href":"https:\/\/www.abf.eu\/clusone\/wp-json\/wp\/v2\/tags?post=18025"}],"curies":[{"name":"wp","href":"https:\/\/api.w.org\/{rel}","templated":true}]}}