{"id":18353,"date":"2024-03-26T13:49:34","date_gmt":"2024-03-26T12:49:34","guid":{"rendered":"https:\/\/www.abf.eu\/clusone\/?p=18353"},"modified":"2024-03-26T13:49:35","modified_gmt":"2024-03-26T12:49:35","slug":"talento-grafico","status":"publish","type":"post","link":"https:\/\/www.abf.eu\/clusone\/talento-grafico\/","title":{"rendered":"Serata evento: &#8220;Il talento grafico della nuova generazione&#8221;"},"content":{"rendered":"\n<h3 class=\"wp-block-heading\">Una serata dedicata al percorso di Operatore Grafico e alle opportunit\u00e0 del territorio<\/h3>\n\n\n\n<p>L&#8217;industria creativa \u00e8 in continua evoluzione, e nel cuore di questa rivoluzione digitale si trova il talento inarrestabile dei giovani creativi. <\/p>\n\n\n\n<p>La sede di Clusone di ABF ha organizzato una serata intitolata &#8220;<strong><em>Il talento grafico della nuova generazione<\/em><\/strong>&#8220;. Questo evento \u00e8 una vetrina per le aziende locali per scoprire non solo la qualit\u00e0 dell&#8217;offerta formativa del percorso di Operatore Grafico offerto da ABF ma anche l&#8217;avanguardia tecnologica dei suoi laboratori.<\/p>\n\n\n\n<blockquote class=\"wp-block-quote is-layout-flow wp-block-quote-is-layout-flow\">\n<p>L&#8217;evento si svolger\u00e0 il 12 aprile a partire dalle ore 18.00<\/p>\n<\/blockquote>\n\n\n\n<h5 class=\"wp-block-heading\">Un viaggio nella creativit\u00e0<\/h5>\n\n\n\n<p>La serata del 12 aprile sar\u00e0 l&#8217;occasione per le aziende del territorio di immergersi nelle esperienze formative degli allievi del corso di Operatore e Tecnico Grafico Ipermediale. Attraverso la presentazione di esperienze di stage e di progetti innovativi nel campo della grafica, fotografia e social media marketing, l&#8217;evento mira a sottolineare l&#8217;importanza dell&#8217;apprendimento pratico e della sperimentazione creativa, raggiungibile anche grazie alle esperienze di alternanza scuola-lavoro che ogni ragazzo vive nel corso della sua carriera scolastica.<\/p>\n\n\n\n<p>La serata sar\u00e0 quindi un&#8217;occasione per le aziende di valutare il potenziale di tirocini e apprendistati, favorendo cos\u00ec una sinergia tra il mondo della formazione e quello lavorativo.<\/p>\n\n\n\n<h5 class=\"wp-block-heading\">Un momento di convivialit\u00e0<\/h5>\n\n\n\n<p>Al termine della presentazione ci sar\u00e0 un aperitivo organizzato dagli allievi del corso di Operatore di Cucina. Questo momento di convivialit\u00e0 non solo permetter\u00e0 ai partecipanti di assaporare le creazioni culinarie dei nostri ragazzi ma anche di instaurare connessioni significative con studenti, docenti e altri professionisti del settore, rafforzando la rete sul territorio.<\/p>\n\n\n\n<h5 class=\"wp-block-heading\">Informazioni Utili<\/h5>\n\n\n\n<ul class=\"wp-block-list\">\n<li><strong>Data e ora<\/strong>: Venerd\u00ec, 12 Aprile, ore 18.00<\/li>\n\n\n\n<li><strong>Luogo<\/strong>: ABF Clusone &#8211; Via S. Gregorio Barbarigo, 27, Clusone BG<\/li>\n\n\n\n<li><strong>Conferme<\/strong> e informazioni: Gentile conferma entro mercoled\u00ec 3 aprile al seguente indirizzo: <a href=\"mailto:mara.cattaneo@abf.eu\">mara.cattaneo@abf.eu<\/a>.<\/li>\n<\/ul>\n\n\n\n<hr class=\"wp-block-separator has-alpha-channel-opacity\"\/>\n\n\n\n<div id=\"linkcontent-block_6602af36f0f74\" class=\"link-content \">\n    <a class='animated-arrow font-weight-bold' href='https:\/\/www.abf.eu\/clusone\/wp-content\/uploads\/sites\/2\/2024\/03\/locandina-evento.pdf' target=\"_blank\">\n        <span class='the-arrow -left'>\n            <span class='shaft'><\/span>\n        <\/span>\n        <span class='main'>\n            <span class='text'>Scarica la locandina dell&#8217;evento!<\/span>\n            <span class='the-arrow -right'>\n                <span class='shaft'><\/span>\n            <\/span>\n        <\/span>\n    <\/a>\n<\/div>\n\n\n","protected":false},"excerpt":{"rendered":"<p>Una serata dedicata al percorso di Operatore Grafico e alle<\/p>\n","protected":false},"author":31,"featured_media":18354,"comment_status":"open","ping_status":"open","sticky":false,"template":"","format":"standard","meta":{"footnotes":""},"categories":[1],"tags":[],"class_list":["post-18353","post","type-post","status-publish","format-standard","has-post-thumbnail","hentry","category-senza-categoria"],"yoast_head":"<!-- This site is optimized with the Yoast SEO plugin v25.8 - https:\/\/yoast.com\/wordpress\/plugins\/seo\/ -->\n<title>Serata evento: &quot;Il talento grafico della nuova generazione&quot; - Clusone<\/title>\n<meta name=\"description\" content=\"ABF Clusone organizza una serata dedicata al corso di Operatore Grafico, per conoscerne le peculiarit\u00e0 e favorirne l&#039;inserimento lavorativo.\" \/>\n<meta name=\"robots\" content=\"index, follow, max-snippet:-1, max-image-preview:large, max-video-preview:-1\" \/>\n<link rel=\"canonical\" href=\"https:\/\/www.abf.eu\/clusone\/talento-grafico\/\" \/>\n<meta property=\"og:locale\" content=\"it_IT\" \/>\n<meta property=\"og:type\" content=\"article\" \/>\n<meta property=\"og:title\" content=\"Serata evento: &quot;Il talento grafico della nuova generazione&quot; - Clusone\" \/>\n<meta property=\"og:description\" content=\"ABF Clusone organizza una serata dedicata al corso di Operatore Grafico, per conoscerne le peculiarit\u00e0 e favorirne l&#039;inserimento lavorativo.\" \/>\n<meta property=\"og:url\" content=\"https:\/\/www.abf.eu\/clusone\/talento-grafico\/\" \/>\n<meta property=\"og:site_name\" content=\"Clusone\" \/>\n<meta property=\"article:published_time\" content=\"2024-03-26T12:49:34+00:00\" \/>\n<meta property=\"article:modified_time\" content=\"2024-03-26T12:49:35+00:00\" \/>\n<meta property=\"og:image\" content=\"https:\/\/www.abf.eu\/clusone\/wp-content\/uploads\/sites\/2\/2024\/03\/il-futuro-della-grafica.jpg\" \/>\n\t<meta property=\"og:image:width\" content=\"1000\" \/>\n\t<meta property=\"og:image:height\" content=\"666\" \/>\n\t<meta property=\"og:image:type\" content=\"image\/jpeg\" \/>\n<meta name=\"author\" content=\"danilocaccia\" \/>\n<meta name=\"twitter:card\" content=\"summary_large_image\" \/>\n<meta name=\"twitter:label1\" content=\"Scritto da\" \/>\n\t<meta name=\"twitter:data1\" content=\"danilocaccia\" \/>\n\t<meta name=\"twitter:label2\" content=\"Tempo di lettura stimato\" \/>\n\t<meta name=\"twitter:data2\" content=\"2 minuti\" \/>\n<script type=\"application\/ld+json\" class=\"yoast-schema-graph\">{\"@context\":\"https:\/\/schema.org\",\"@graph\":[{\"@type\":\"WebPage\",\"@id\":\"https:\/\/www.abf.eu\/clusone\/talento-grafico\/\",\"url\":\"https:\/\/www.abf.eu\/clusone\/talento-grafico\/\",\"name\":\"Serata evento: \\\"Il talento grafico della nuova generazione\\\" - Clusone\",\"isPartOf\":{\"@id\":\"https:\/\/www.abf.eu\/clusone\/#website\"},\"primaryImageOfPage\":{\"@id\":\"https:\/\/www.abf.eu\/clusone\/talento-grafico\/#primaryimage\"},\"image\":{\"@id\":\"https:\/\/www.abf.eu\/clusone\/talento-grafico\/#primaryimage\"},\"thumbnailUrl\":\"https:\/\/www.abf.eu\/clusone\/wp-content\/uploads\/sites\/2\/2024\/03\/il-futuro-della-grafica.jpg\",\"datePublished\":\"2024-03-26T12:49:34+00:00\",\"dateModified\":\"2024-03-26T12:49:35+00:00\",\"author\":{\"@id\":\"https:\/\/www.abf.eu\/clusone\/#\/schema\/person\/8a78d772811de95e251d66b4d5491f76\"},\"description\":\"ABF Clusone organizza una serata dedicata al corso di Operatore Grafico, per conoscerne le peculiarit\u00e0 e favorirne l'inserimento lavorativo.\",\"breadcrumb\":{\"@id\":\"https:\/\/www.abf.eu\/clusone\/talento-grafico\/#breadcrumb\"},\"inLanguage\":\"it-IT\",\"potentialAction\":[{\"@type\":\"ReadAction\",\"target\":[\"https:\/\/www.abf.eu\/clusone\/talento-grafico\/\"]}]},{\"@type\":\"ImageObject\",\"inLanguage\":\"it-IT\",\"@id\":\"https:\/\/www.abf.eu\/clusone\/talento-grafico\/#primaryimage\",\"url\":\"https:\/\/www.abf.eu\/clusone\/wp-content\/uploads\/sites\/2\/2024\/03\/il-futuro-della-grafica.jpg\",\"contentUrl\":\"https:\/\/www.abf.eu\/clusone\/wp-content\/uploads\/sites\/2\/2024\/03\/il-futuro-della-grafica.jpg\",\"width\":1000,\"height\":666},{\"@type\":\"BreadcrumbList\",\"@id\":\"https:\/\/www.abf.eu\/clusone\/talento-grafico\/#breadcrumb\",\"itemListElement\":[{\"@type\":\"ListItem\",\"position\":1,\"name\":\"Home\",\"item\":\"https:\/\/www.abf.eu\/clusone\/\"},{\"@type\":\"ListItem\",\"position\":2,\"name\":\"Serata evento: &#8220;Il talento grafico della nuova generazione&#8221;\"}]},{\"@type\":\"WebSite\",\"@id\":\"https:\/\/www.abf.eu\/clusone\/#website\",\"url\":\"https:\/\/www.abf.eu\/clusone\/\",\"name\":\"Clusone\",\"description\":\"Ecco un altro sito Abf siti\",\"potentialAction\":[{\"@type\":\"SearchAction\",\"target\":{\"@type\":\"EntryPoint\",\"urlTemplate\":\"https:\/\/www.abf.eu\/clusone\/?s={search_term_string}\"},\"query-input\":{\"@type\":\"PropertyValueSpecification\",\"valueRequired\":true,\"valueName\":\"search_term_string\"}}],\"inLanguage\":\"it-IT\"},{\"@type\":\"Person\",\"@id\":\"https:\/\/www.abf.eu\/clusone\/#\/schema\/person\/8a78d772811de95e251d66b4d5491f76\",\"name\":\"danilocaccia\",\"image\":{\"@type\":\"ImageObject\",\"inLanguage\":\"it-IT\",\"@id\":\"https:\/\/www.abf.eu\/clusone\/#\/schema\/person\/image\/\",\"url\":\"https:\/\/secure.gravatar.com\/avatar\/d87f496e2092d70f0bc729633c0c70a56c54c4f8ce3eefdacc36b91c04c2e1c0?s=96&d=mm&r=g\",\"contentUrl\":\"https:\/\/secure.gravatar.com\/avatar\/d87f496e2092d70f0bc729633c0c70a56c54c4f8ce3eefdacc36b91c04c2e1c0?s=96&d=mm&r=g\",\"caption\":\"danilocaccia\"},\"sameAs\":[\"https:\/\/www.linkedin.com\/in\/danilocaccia\/\"],\"url\":\"https:\/\/www.abf.eu\/clusone\/author\/danilocaccia\/\"}]}<\/script>\n<!-- \/ Yoast SEO plugin. -->","yoast_head_json":{"title":"Serata evento: \"Il talento grafico della nuova generazione\" - Clusone","description":"ABF Clusone organizza una serata dedicata al corso di Operatore Grafico, per conoscerne le peculiarit\u00e0 e favorirne l'inserimento lavorativo.","robots":{"index":"index","follow":"follow","max-snippet":"max-snippet:-1","max-image-preview":"max-image-preview:large","max-video-preview":"max-video-preview:-1"},"canonical":"https:\/\/www.abf.eu\/clusone\/talento-grafico\/","og_locale":"it_IT","og_type":"article","og_title":"Serata evento: \"Il talento grafico della nuova generazione\" - Clusone","og_description":"ABF Clusone organizza una serata dedicata al corso di Operatore Grafico, per conoscerne le peculiarit\u00e0 e favorirne l'inserimento lavorativo.","og_url":"https:\/\/www.abf.eu\/clusone\/talento-grafico\/","og_site_name":"Clusone","article_published_time":"2024-03-26T12:49:34+00:00","article_modified_time":"2024-03-26T12:49:35+00:00","og_image":[{"width":1000,"height":666,"url":"https:\/\/www.abf.eu\/clusone\/wp-content\/uploads\/sites\/2\/2024\/03\/il-futuro-della-grafica.jpg","type":"image\/jpeg"}],"author":"danilocaccia","twitter_card":"summary_large_image","twitter_misc":{"Scritto da":"danilocaccia","Tempo di lettura stimato":"2 minuti"},"schema":{"@context":"https:\/\/schema.org","@graph":[{"@type":"WebPage","@id":"https:\/\/www.abf.eu\/clusone\/talento-grafico\/","url":"https:\/\/www.abf.eu\/clusone\/talento-grafico\/","name":"Serata evento: \"Il talento grafico della nuova generazione\" - Clusone","isPartOf":{"@id":"https:\/\/www.abf.eu\/clusone\/#website"},"primaryImageOfPage":{"@id":"https:\/\/www.abf.eu\/clusone\/talento-grafico\/#primaryimage"},"image":{"@id":"https:\/\/www.abf.eu\/clusone\/talento-grafico\/#primaryimage"},"thumbnailUrl":"https:\/\/www.abf.eu\/clusone\/wp-content\/uploads\/sites\/2\/2024\/03\/il-futuro-della-grafica.jpg","datePublished":"2024-03-26T12:49:34+00:00","dateModified":"2024-03-26T12:49:35+00:00","author":{"@id":"https:\/\/www.abf.eu\/clusone\/#\/schema\/person\/8a78d772811de95e251d66b4d5491f76"},"description":"ABF Clusone organizza una serata dedicata al corso di Operatore Grafico, per conoscerne le peculiarit\u00e0 e favorirne l'inserimento lavorativo.","breadcrumb":{"@id":"https:\/\/www.abf.eu\/clusone\/talento-grafico\/#breadcrumb"},"inLanguage":"it-IT","potentialAction":[{"@type":"ReadAction","target":["https:\/\/www.abf.eu\/clusone\/talento-grafico\/"]}]},{"@type":"ImageObject","inLanguage":"it-IT","@id":"https:\/\/www.abf.eu\/clusone\/talento-grafico\/#primaryimage","url":"https:\/\/www.abf.eu\/clusone\/wp-content\/uploads\/sites\/2\/2024\/03\/il-futuro-della-grafica.jpg","contentUrl":"https:\/\/www.abf.eu\/clusone\/wp-content\/uploads\/sites\/2\/2024\/03\/il-futuro-della-grafica.jpg","width":1000,"height":666},{"@type":"BreadcrumbList","@id":"https:\/\/www.abf.eu\/clusone\/talento-grafico\/#breadcrumb","itemListElement":[{"@type":"ListItem","position":1,"name":"Home","item":"https:\/\/www.abf.eu\/clusone\/"},{"@type":"ListItem","position":2,"name":"Serata evento: &#8220;Il talento grafico della nuova generazione&#8221;"}]},{"@type":"WebSite","@id":"https:\/\/www.abf.eu\/clusone\/#website","url":"https:\/\/www.abf.eu\/clusone\/","name":"Clusone","description":"Ecco un altro sito Abf siti","potentialAction":[{"@type":"SearchAction","target":{"@type":"EntryPoint","urlTemplate":"https:\/\/www.abf.eu\/clusone\/?s={search_term_string}"},"query-input":{"@type":"PropertyValueSpecification","valueRequired":true,"valueName":"search_term_string"}}],"inLanguage":"it-IT"},{"@type":"Person","@id":"https:\/\/www.abf.eu\/clusone\/#\/schema\/person\/8a78d772811de95e251d66b4d5491f76","name":"danilocaccia","image":{"@type":"ImageObject","inLanguage":"it-IT","@id":"https:\/\/www.abf.eu\/clusone\/#\/schema\/person\/image\/","url":"https:\/\/secure.gravatar.com\/avatar\/d87f496e2092d70f0bc729633c0c70a56c54c4f8ce3eefdacc36b91c04c2e1c0?s=96&d=mm&r=g","contentUrl":"https:\/\/secure.gravatar.com\/avatar\/d87f496e2092d70f0bc729633c0c70a56c54c4f8ce3eefdacc36b91c04c2e1c0?s=96&d=mm&r=g","caption":"danilocaccia"},"sameAs":["https:\/\/www.linkedin.com\/in\/danilocaccia\/"],"url":"https:\/\/www.abf.eu\/clusone\/author\/danilocaccia\/"}]}},"_links":{"self":[{"href":"https:\/\/www.abf.eu\/clusone\/wp-json\/wp\/v2\/posts\/18353","targetHints":{"allow":["GET"]}}],"collection":[{"href":"https:\/\/www.abf.eu\/clusone\/wp-json\/wp\/v2\/posts"}],"about":[{"href":"https:\/\/www.abf.eu\/clusone\/wp-json\/wp\/v2\/types\/post"}],"author":[{"embeddable":true,"href":"https:\/\/www.abf.eu\/clusone\/wp-json\/wp\/v2\/users\/31"}],"replies":[{"embeddable":true,"href":"https:\/\/www.abf.eu\/clusone\/wp-json\/wp\/v2\/comments?post=18353"}],"version-history":[{"count":11,"href":"https:\/\/www.abf.eu\/clusone\/wp-json\/wp\/v2\/posts\/18353\/revisions"}],"predecessor-version":[{"id":18366,"href":"https:\/\/www.abf.eu\/clusone\/wp-json\/wp\/v2\/posts\/18353\/revisions\/18366"}],"wp:featuredmedia":[{"embeddable":true,"href":"https:\/\/www.abf.eu\/clusone\/wp-json\/wp\/v2\/media\/18354"}],"wp:attachment":[{"href":"https:\/\/www.abf.eu\/clusone\/wp-json\/wp\/v2\/media?parent=18353"}],"wp:term":[{"taxonomy":"category","embeddable":true,"href":"https:\/\/www.abf.eu\/clusone\/wp-json\/wp\/v2\/categories?post=18353"},{"taxonomy":"post_tag","embeddable":true,"href":"https:\/\/www.abf.eu\/clusone\/wp-json\/wp\/v2\/tags?post=18353"}],"curies":[{"name":"wp","href":"https:\/\/api.w.org\/{rel}","templated":true}]}}