{"id":18414,"date":"2024-04-22T13:20:25","date_gmt":"2024-04-22T11:20:25","guid":{"rendered":"https:\/\/www.abf.eu\/clusone\/?p=18414"},"modified":"2024-04-22T13:20:26","modified_gmt":"2024-04-22T11:20:26","slug":"fior-di-loto","status":"publish","type":"post","link":"https:\/\/www.abf.eu\/clusone\/fior-di-loto\/","title":{"rendered":"Incontro associazione Fior di Loto"},"content":{"rendered":"\n<h3 class=\"wp-block-heading\">Contro la violenza e il maltrattamento sulle donne<\/h3>\n\n\n\n<h5 class=\"wp-block-heading\">La missione dell&#8217;associazione<\/h5>\n\n\n\n<p>Recentemente le classi terza agricolo e seconda grafico B del nostro istituto hanno avuto la bellissima opportunit\u00e0 di incontrare le operatrici volontarie e la psicologa volontaria dell&#8217;<strong>associazione Fior di Loto<\/strong> di Gazzaniga. <\/p>\n\n\n\n<p>L&#8217;associazione, nata da un gruppo di amiche, si impegna ad offrire uno <strong>spazio di ascolto<\/strong> dove le donne vittime di violenza possono rivolgersi in totale riservatezza e anonimato, trovando sostegno e supporto ai problemi che vivono ogni giorno. Inoltre, vi \u00e8 anche la possibilit\u00e0 per chi chiede aiuto di ricevere una consulenza psicologica e legale gratuita grazie alla preziosa collaborazione di psicologhe e avvocate. <\/p>\n\n\n\n<figure class=\"wp-block-image size-full\"><img loading=\"lazy\" decoding=\"async\" width=\"1000\" height=\"666\" src=\"https:\/\/www.abf.eu\/clusone\/wp-content\/uploads\/sites\/2\/2024\/04\/2-2.png\" alt=\"\" class=\"wp-image-18441\" srcset=\"https:\/\/www.abf.eu\/clusone\/wp-content\/uploads\/sites\/2\/2024\/04\/2-2.png 1000w, https:\/\/www.abf.eu\/clusone\/wp-content\/uploads\/sites\/2\/2024\/04\/2-2-300x200.png 300w, https:\/\/www.abf.eu\/clusone\/wp-content\/uploads\/sites\/2\/2024\/04\/2-2-768x511.png 768w, https:\/\/www.abf.eu\/clusone\/wp-content\/uploads\/sites\/2\/2024\/04\/2-2-600x400.png 600w\" sizes=\"auto, (max-width: 1000px) 100vw, 1000px\" \/><\/figure>\n\n\n\n<h5 class=\"wp-block-heading\">I diversi tipi di violenza <\/h5>\n\n\n\n<p>La violenza di genere include varie tipologie di violenza: <strong>psicologica<\/strong>, <strong>fisica<\/strong>, <strong>sessuale<\/strong> ed <strong>economica<\/strong>. La nota comune a tutte queste situazioni \u00e8 una sola: chi subisce violenza \u00e8 una donna. <\/p>\n\n\n\n<ul class=\"wp-block-list\">\n<li>La <strong>violenza psicologica<\/strong> \u00e8 la pi\u00f9 subdola e include tutti quei comportamenti che hanno a che fare con derisione, controllo ossessivo, intimidazioni, lesione della dignit\u00e0 della persona e strategie di isolamento dal mondo esterno. <\/li>\n\n\n\n<li>La <strong>violenza fisica<\/strong> comporta calci, pugni, schiaffi e altri tipi di abuso fisico che feriscono fisicamente la donna. <\/li>\n\n\n\n<li>La <strong>violenza sessuale<\/strong> consiste nel costringere la vittima a partecipare ad un atto sessuale contro la sua volont\u00e0 ed \u00e8 un tipo di violenza che pu\u00f2 verificarsi anche all&#8217;interno di una relazione stabile. <\/li>\n\n\n\n<li>La <strong>violenza economica <\/strong>implica il tentativo di rendere la donna economicamente dipendente. <\/li>\n<\/ul>\n\n\n\n<p>All&#8217;interno della violenza di genere vi \u00e8 anche la <strong>violenza domestica<\/strong>, ovvero quella che avviene all&#8217;interno delle mura di casa, in ambito familiare. In questo caso \u00e8 possibile che, oltre alla donna, siano anche i figli a subire la violenza. Si parla allora di <strong>violenza assistita<\/strong>. <\/p>\n\n\n\n<p>In ogni caso, l&#8217;obiettivo della violenza \u00e8 sempre quello di dominare e di sottomettere in maniera reiterata e sistematica.  <\/p>\n\n\n\n<figure class=\"wp-block-image size-full\"><img loading=\"lazy\" decoding=\"async\" width=\"1000\" height=\"666\" src=\"https:\/\/www.abf.eu\/clusone\/wp-content\/uploads\/sites\/2\/2024\/04\/4-2.png\" alt=\"\" class=\"wp-image-18442\" srcset=\"https:\/\/www.abf.eu\/clusone\/wp-content\/uploads\/sites\/2\/2024\/04\/4-2.png 1000w, https:\/\/www.abf.eu\/clusone\/wp-content\/uploads\/sites\/2\/2024\/04\/4-2-300x200.png 300w, https:\/\/www.abf.eu\/clusone\/wp-content\/uploads\/sites\/2\/2024\/04\/4-2-768x511.png 768w, https:\/\/www.abf.eu\/clusone\/wp-content\/uploads\/sites\/2\/2024\/04\/4-2-600x400.png 600w\" sizes=\"auto, (max-width: 1000px) 100vw, 1000px\" \/><\/figure>\n\n\n\n<h5 class=\"wp-block-heading\">I risvolti psicofisici <\/h5>\n\n\n\n<p>La violenza ha innumerevoli risvolti sia di natura fisica che di natura psicologica. <\/p>\n\n\n\n<ul class=\"wp-block-list\">\n<li><strong>Risvolti fisici<\/strong>: tachicardia, insonnia, difficolt\u00e0 a deglutire, sensazione di avere &#8220;un nodo alla gola&#8221;, disturbi gastrointestinali e silenzio interno. <\/li>\n\n\n\n<li><strong>Risvolti psicologici<\/strong>: difficolt\u00e0 di attenzione, instabilit\u00e0 emotiva, paura e sfiducia verso gli altri, ansia costante e difficolt\u00e0 in relazione alla sessualit\u00e0. <\/li>\n<\/ul>\n\n\n\n<h5 class=\"wp-block-heading\">Quali segnali osservare?<\/h5>\n\n\n\n<p>Le operatrici volontarie si sono soffermate poi sull&#8217;importanza di riconoscere i &#8220;<strong>campanelli d&#8217;allarme<\/strong>&#8221; e i segnali che possono aiutare ad identificare situazioni di pericolo. Tra i principali vi sono:<\/p>\n\n\n\n<ul class=\"wp-block-list\">\n<li>Controllo ossessivo attraverso telefonate, messaggi frequenti e insistenti<\/li>\n\n\n\n<li>Liti frequenti causate da mancate risposte ai messaggi e al telefono<\/li>\n\n\n\n<li>Improvvisate sul luogo di lavoro e di studio<\/li>\n\n\n\n<li>Richiesta di non frequentare determinate persone<\/li>\n\n\n\n<li>Isolamento dalla famiglia e dagli amici<\/li>\n\n\n\n<li>Pretesa di essere sempre informati su luoghi e persone frequentati<\/li>\n\n\n\n<li>Eccessiva gelosia, obblighi (vestiario, abitudini) e pretesa di esclusivit\u00e0<\/li>\n\n\n\n<li>Tendenza a dire &#8220;se mi lasci, mi uccido&#8221;<\/li>\n<\/ul>\n\n\n\n<h5 class=\"wp-block-heading\">Associazioni presenti sul territorio <\/h5>\n\n\n\n<p>L&#8217;incontro informativo sul tema della violenza sulle donne si \u00e8 concluso con la presentazione del <strong>numero verde<\/strong> (<strong>1522<\/strong>), che pu\u00f2 contattare sia una donna quando si sente in difficolt\u00e0, raccontando ci\u00f2 che sta vivendo (anche in forma anonima), sia chi vede situazioni di violenza, e con la presentazione delle <strong>associazioni presenti sul territorio<\/strong>: <\/p>\n\n\n\n<ul class=\"wp-block-list\">\n<li>Associazione Fior di Loto (Gazzaniga)<\/li>\n\n\n\n<li>Aiuto Donna (Bergamo)<\/li>\n\n\n\n<li>Sportello Donna (Treviglio)<\/li>\n\n\n\n<li>Consultori familiari<\/li>\n<\/ul>\n\n\n\n<figure class=\"wp-block-image size-full\"><img loading=\"lazy\" decoding=\"async\" width=\"1000\" height=\"666\" src=\"https:\/\/www.abf.eu\/clusone\/wp-content\/uploads\/sites\/2\/2024\/04\/volantino.png\" alt=\"\" class=\"wp-image-18453\" srcset=\"https:\/\/www.abf.eu\/clusone\/wp-content\/uploads\/sites\/2\/2024\/04\/volantino.png 1000w, https:\/\/www.abf.eu\/clusone\/wp-content\/uploads\/sites\/2\/2024\/04\/volantino-300x200.png 300w, https:\/\/www.abf.eu\/clusone\/wp-content\/uploads\/sites\/2\/2024\/04\/volantino-768x511.png 768w, https:\/\/www.abf.eu\/clusone\/wp-content\/uploads\/sites\/2\/2024\/04\/volantino-600x400.png 600w\" sizes=\"auto, (max-width: 1000px) 100vw, 1000px\" \/><\/figure>\n\n\n\n<h5 class=\"wp-block-heading\">Un&#8217;esperienza educativa <\/h5>\n\n\n\n<p>Per i ragazzi \u00e8 stata un&#8217;esperienza estremamente educativa che ha offerto loro la possibilit\u00e0 di approfondire le tematiche legate a questo grave problema sociale. In particolare, ci si \u00e8 soffermati sui risvolti psicologici della violenza e sui segnali da cogliere poich\u00e9 risulta fondamentale che anche alla loro giovane et\u00e0 sappiano riconoscere i segnali di una relazione completamente disfunzionale e potenzialmente pericolosa. <\/p>\n\n\n\n<p>La scuola rappresenta un luogo formativo fondamentale ed \u00e8 da questo ambiente che potrebbe compiersi il primo passo per produrre cambiamenti importanti.<\/p>\n","protected":false},"excerpt":{"rendered":"<p>Contro la violenza e il maltrattamento sulle donne La missione<\/p>\n","protected":false},"author":46,"featured_media":18416,"comment_status":"open","ping_status":"open","sticky":false,"template":"","format":"standard","meta":{"footnotes":""},"categories":[1],"tags":[],"class_list":["post-18414","post","type-post","status-publish","format-standard","has-post-thumbnail","hentry","category-senza-categoria"],"yoast_head":"<!-- This site is optimized with the Yoast SEO plugin v25.8 - https:\/\/yoast.com\/wordpress\/plugins\/seo\/ -->\n<title>Incontro associazione Fior di Loto - Clusone<\/title>\n<meta name=\"description\" content=\"Alcune classi dell&#039;istituto hanno partecipato ad un incontro sul tema della violenza sulle donne tenuto dall&#039;associazione Fior di Loto.\" \/>\n<meta name=\"robots\" content=\"index, follow, max-snippet:-1, max-image-preview:large, max-video-preview:-1\" \/>\n<link rel=\"canonical\" href=\"https:\/\/www.abf.eu\/clusone\/fior-di-loto\/\" \/>\n<meta property=\"og:locale\" content=\"it_IT\" \/>\n<meta property=\"og:type\" content=\"article\" \/>\n<meta property=\"og:title\" content=\"Incontro associazione Fior di Loto - Clusone\" \/>\n<meta property=\"og:description\" content=\"Alcune classi dell&#039;istituto hanno partecipato ad un incontro sul tema della violenza sulle donne tenuto dall&#039;associazione Fior di Loto.\" \/>\n<meta property=\"og:url\" content=\"https:\/\/www.abf.eu\/clusone\/fior-di-loto\/\" \/>\n<meta property=\"og:site_name\" content=\"Clusone\" \/>\n<meta property=\"article:published_time\" content=\"2024-04-22T11:20:25+00:00\" \/>\n<meta property=\"article:modified_time\" content=\"2024-04-22T11:20:26+00:00\" \/>\n<meta property=\"og:image\" content=\"https:\/\/www.abf.eu\/clusone\/wp-content\/uploads\/sites\/2\/2024\/04\/foto-copertina-1.png\" \/>\n\t<meta property=\"og:image:width\" content=\"1000\" \/>\n\t<meta property=\"og:image:height\" content=\"666\" \/>\n\t<meta property=\"og:image:type\" content=\"image\/png\" \/>\n<meta name=\"author\" content=\"abfeditor clusone\" \/>\n<meta name=\"twitter:card\" content=\"summary_large_image\" \/>\n<meta name=\"twitter:label1\" content=\"Scritto da\" \/>\n\t<meta name=\"twitter:data1\" content=\"abfeditor clusone\" \/>\n\t<meta name=\"twitter:label2\" content=\"Tempo di lettura stimato\" \/>\n\t<meta name=\"twitter:data2\" content=\"5 minuti\" \/>\n<script type=\"application\/ld+json\" class=\"yoast-schema-graph\">{\"@context\":\"https:\/\/schema.org\",\"@graph\":[{\"@type\":\"WebPage\",\"@id\":\"https:\/\/www.abf.eu\/clusone\/fior-di-loto\/\",\"url\":\"https:\/\/www.abf.eu\/clusone\/fior-di-loto\/\",\"name\":\"Incontro associazione Fior di Loto - Clusone\",\"isPartOf\":{\"@id\":\"https:\/\/www.abf.eu\/clusone\/#website\"},\"primaryImageOfPage\":{\"@id\":\"https:\/\/www.abf.eu\/clusone\/fior-di-loto\/#primaryimage\"},\"image\":{\"@id\":\"https:\/\/www.abf.eu\/clusone\/fior-di-loto\/#primaryimage\"},\"thumbnailUrl\":\"https:\/\/www.abf.eu\/clusone\/wp-content\/uploads\/sites\/2\/2024\/04\/foto-copertina-1.png\",\"datePublished\":\"2024-04-22T11:20:25+00:00\",\"dateModified\":\"2024-04-22T11:20:26+00:00\",\"author\":{\"@id\":\"https:\/\/www.abf.eu\/clusone\/#\/schema\/person\/210c3cc1dcad9ca85324f429567caefe\"},\"description\":\"Alcune classi dell'istituto hanno partecipato ad un incontro sul tema della violenza sulle donne tenuto dall'associazione Fior di Loto.\",\"breadcrumb\":{\"@id\":\"https:\/\/www.abf.eu\/clusone\/fior-di-loto\/#breadcrumb\"},\"inLanguage\":\"it-IT\",\"potentialAction\":[{\"@type\":\"ReadAction\",\"target\":[\"https:\/\/www.abf.eu\/clusone\/fior-di-loto\/\"]}]},{\"@type\":\"ImageObject\",\"inLanguage\":\"it-IT\",\"@id\":\"https:\/\/www.abf.eu\/clusone\/fior-di-loto\/#primaryimage\",\"url\":\"https:\/\/www.abf.eu\/clusone\/wp-content\/uploads\/sites\/2\/2024\/04\/foto-copertina-1.png\",\"contentUrl\":\"https:\/\/www.abf.eu\/clusone\/wp-content\/uploads\/sites\/2\/2024\/04\/foto-copertina-1.png\",\"width\":1000,\"height\":666},{\"@type\":\"BreadcrumbList\",\"@id\":\"https:\/\/www.abf.eu\/clusone\/fior-di-loto\/#breadcrumb\",\"itemListElement\":[{\"@type\":\"ListItem\",\"position\":1,\"name\":\"Home\",\"item\":\"https:\/\/www.abf.eu\/clusone\/\"},{\"@type\":\"ListItem\",\"position\":2,\"name\":\"Incontro associazione Fior di Loto\"}]},{\"@type\":\"WebSite\",\"@id\":\"https:\/\/www.abf.eu\/clusone\/#website\",\"url\":\"https:\/\/www.abf.eu\/clusone\/\",\"name\":\"Clusone\",\"description\":\"Ecco un altro sito Abf siti\",\"potentialAction\":[{\"@type\":\"SearchAction\",\"target\":{\"@type\":\"EntryPoint\",\"urlTemplate\":\"https:\/\/www.abf.eu\/clusone\/?s={search_term_string}\"},\"query-input\":{\"@type\":\"PropertyValueSpecification\",\"valueRequired\":true,\"valueName\":\"search_term_string\"}}],\"inLanguage\":\"it-IT\"},{\"@type\":\"Person\",\"@id\":\"https:\/\/www.abf.eu\/clusone\/#\/schema\/person\/210c3cc1dcad9ca85324f429567caefe\",\"name\":\"abfeditor clusone\",\"image\":{\"@type\":\"ImageObject\",\"inLanguage\":\"it-IT\",\"@id\":\"https:\/\/www.abf.eu\/clusone\/#\/schema\/person\/image\/\",\"url\":\"https:\/\/secure.gravatar.com\/avatar\/02d63f720e021120d5e78941723d08b5eb0d09ea934458589f28953c6c3d806a?s=96&d=mm&r=g\",\"contentUrl\":\"https:\/\/secure.gravatar.com\/avatar\/02d63f720e021120d5e78941723d08b5eb0d09ea934458589f28953c6c3d806a?s=96&d=mm&r=g\",\"caption\":\"abfeditor clusone\"},\"url\":\"https:\/\/www.abf.eu\/clusone\/author\/abfeditor\/\"}]}<\/script>\n<!-- \/ Yoast SEO plugin. -->","yoast_head_json":{"title":"Incontro associazione Fior di Loto - Clusone","description":"Alcune classi dell'istituto hanno partecipato ad un incontro sul tema della violenza sulle donne tenuto dall'associazione Fior di Loto.","robots":{"index":"index","follow":"follow","max-snippet":"max-snippet:-1","max-image-preview":"max-image-preview:large","max-video-preview":"max-video-preview:-1"},"canonical":"https:\/\/www.abf.eu\/clusone\/fior-di-loto\/","og_locale":"it_IT","og_type":"article","og_title":"Incontro associazione Fior di Loto - Clusone","og_description":"Alcune classi dell'istituto hanno partecipato ad un incontro sul tema della violenza sulle donne tenuto dall'associazione Fior di Loto.","og_url":"https:\/\/www.abf.eu\/clusone\/fior-di-loto\/","og_site_name":"Clusone","article_published_time":"2024-04-22T11:20:25+00:00","article_modified_time":"2024-04-22T11:20:26+00:00","og_image":[{"width":1000,"height":666,"url":"https:\/\/www.abf.eu\/clusone\/wp-content\/uploads\/sites\/2\/2024\/04\/foto-copertina-1.png","type":"image\/png"}],"author":"abfeditor clusone","twitter_card":"summary_large_image","twitter_misc":{"Scritto da":"abfeditor clusone","Tempo di lettura stimato":"5 minuti"},"schema":{"@context":"https:\/\/schema.org","@graph":[{"@type":"WebPage","@id":"https:\/\/www.abf.eu\/clusone\/fior-di-loto\/","url":"https:\/\/www.abf.eu\/clusone\/fior-di-loto\/","name":"Incontro associazione Fior di Loto - Clusone","isPartOf":{"@id":"https:\/\/www.abf.eu\/clusone\/#website"},"primaryImageOfPage":{"@id":"https:\/\/www.abf.eu\/clusone\/fior-di-loto\/#primaryimage"},"image":{"@id":"https:\/\/www.abf.eu\/clusone\/fior-di-loto\/#primaryimage"},"thumbnailUrl":"https:\/\/www.abf.eu\/clusone\/wp-content\/uploads\/sites\/2\/2024\/04\/foto-copertina-1.png","datePublished":"2024-04-22T11:20:25+00:00","dateModified":"2024-04-22T11:20:26+00:00","author":{"@id":"https:\/\/www.abf.eu\/clusone\/#\/schema\/person\/210c3cc1dcad9ca85324f429567caefe"},"description":"Alcune classi dell'istituto hanno partecipato ad un incontro sul tema della violenza sulle donne tenuto dall'associazione Fior di Loto.","breadcrumb":{"@id":"https:\/\/www.abf.eu\/clusone\/fior-di-loto\/#breadcrumb"},"inLanguage":"it-IT","potentialAction":[{"@type":"ReadAction","target":["https:\/\/www.abf.eu\/clusone\/fior-di-loto\/"]}]},{"@type":"ImageObject","inLanguage":"it-IT","@id":"https:\/\/www.abf.eu\/clusone\/fior-di-loto\/#primaryimage","url":"https:\/\/www.abf.eu\/clusone\/wp-content\/uploads\/sites\/2\/2024\/04\/foto-copertina-1.png","contentUrl":"https:\/\/www.abf.eu\/clusone\/wp-content\/uploads\/sites\/2\/2024\/04\/foto-copertina-1.png","width":1000,"height":666},{"@type":"BreadcrumbList","@id":"https:\/\/www.abf.eu\/clusone\/fior-di-loto\/#breadcrumb","itemListElement":[{"@type":"ListItem","position":1,"name":"Home","item":"https:\/\/www.abf.eu\/clusone\/"},{"@type":"ListItem","position":2,"name":"Incontro associazione Fior di Loto"}]},{"@type":"WebSite","@id":"https:\/\/www.abf.eu\/clusone\/#website","url":"https:\/\/www.abf.eu\/clusone\/","name":"Clusone","description":"Ecco un altro sito Abf siti","potentialAction":[{"@type":"SearchAction","target":{"@type":"EntryPoint","urlTemplate":"https:\/\/www.abf.eu\/clusone\/?s={search_term_string}"},"query-input":{"@type":"PropertyValueSpecification","valueRequired":true,"valueName":"search_term_string"}}],"inLanguage":"it-IT"},{"@type":"Person","@id":"https:\/\/www.abf.eu\/clusone\/#\/schema\/person\/210c3cc1dcad9ca85324f429567caefe","name":"abfeditor clusone","image":{"@type":"ImageObject","inLanguage":"it-IT","@id":"https:\/\/www.abf.eu\/clusone\/#\/schema\/person\/image\/","url":"https:\/\/secure.gravatar.com\/avatar\/02d63f720e021120d5e78941723d08b5eb0d09ea934458589f28953c6c3d806a?s=96&d=mm&r=g","contentUrl":"https:\/\/secure.gravatar.com\/avatar\/02d63f720e021120d5e78941723d08b5eb0d09ea934458589f28953c6c3d806a?s=96&d=mm&r=g","caption":"abfeditor clusone"},"url":"https:\/\/www.abf.eu\/clusone\/author\/abfeditor\/"}]}},"_links":{"self":[{"href":"https:\/\/www.abf.eu\/clusone\/wp-json\/wp\/v2\/posts\/18414","targetHints":{"allow":["GET"]}}],"collection":[{"href":"https:\/\/www.abf.eu\/clusone\/wp-json\/wp\/v2\/posts"}],"about":[{"href":"https:\/\/www.abf.eu\/clusone\/wp-json\/wp\/v2\/types\/post"}],"author":[{"embeddable":true,"href":"https:\/\/www.abf.eu\/clusone\/wp-json\/wp\/v2\/users\/46"}],"replies":[{"embeddable":true,"href":"https:\/\/www.abf.eu\/clusone\/wp-json\/wp\/v2\/comments?post=18414"}],"version-history":[{"count":31,"href":"https:\/\/www.abf.eu\/clusone\/wp-json\/wp\/v2\/posts\/18414\/revisions"}],"predecessor-version":[{"id":18470,"href":"https:\/\/www.abf.eu\/clusone\/wp-json\/wp\/v2\/posts\/18414\/revisions\/18470"}],"wp:featuredmedia":[{"embeddable":true,"href":"https:\/\/www.abf.eu\/clusone\/wp-json\/wp\/v2\/media\/18416"}],"wp:attachment":[{"href":"https:\/\/www.abf.eu\/clusone\/wp-json\/wp\/v2\/media?parent=18414"}],"wp:term":[{"taxonomy":"category","embeddable":true,"href":"https:\/\/www.abf.eu\/clusone\/wp-json\/wp\/v2\/categories?post=18414"},{"taxonomy":"post_tag","embeddable":true,"href":"https:\/\/www.abf.eu\/clusone\/wp-json\/wp\/v2\/tags?post=18414"}],"curies":[{"name":"wp","href":"https:\/\/api.w.org\/{rel}","templated":true}]}}