{"id":18537,"date":"2024-05-07T14:42:40","date_gmt":"2024-05-07T12:42:40","guid":{"rendered":"https:\/\/www.abf.eu\/clusone\/?p=18537"},"modified":"2024-05-07T14:46:10","modified_gmt":"2024-05-07T12:46:10","slug":"progetto-che-squadra","status":"publish","type":"post","link":"https:\/\/www.abf.eu\/clusone\/progetto-che-squadra\/","title":{"rendered":"&#8220;Che squadra&#8221;: lo sport come mezzo di inclusione"},"content":{"rendered":"\n<h3 class=\"wp-block-heading\">Insuperabili e Lactalis ad ABF Clusone per sensibilizzare gli allievi sui temi della disabilit\u00e0 e dell&#8217;inclusione<\/h3>\n\n\n\n<h5 class=\"wp-block-heading\">La collaborazione tra due realt\u00e0<\/h5>\n\n\n\n<p><strong>Lactalis<\/strong>, leader del settore agroalimentare, e <strong>Insuperabili<\/strong>, la societ\u00e0 e onlus calcistica per atleti disabili fondata dall\u2019ex calciatore Giorgio Chiellini a Torino nel 2012, si pongono come obiettivo la <strong>sensibilizzazione<\/strong> dei ragazzi delle scuole superiori <strong>sul tema dell\u2019inclusione sociale e sportiva<\/strong> <strong>di persone affette da disabilit\u00e0<\/strong>.<\/p>\n\n\n\n<p>Grazie a questo obiettivo comune le due realt\u00e0 si sono unite per proporre alle scuole superiori alcuni incontri di sensibilizzazione. <\/p>\n\n\n\n<blockquote class=\"wp-block-quote is-layout-flow wp-block-quote-is-layout-flow\">\n<p>\u201cCon Insuperabili vogliamo aiutare le nuove generazioni su un tema su cui siamo molto sensibili: l\u2019inclusione di persone con disabilit\u00e0. Qui in Lombardia abbiamo coinvolto i ragazzi dell\u2019Istituto ABF Clusone, con l\u2019obiettivo di superare la percezione convenzionale della &#8220;differenza&#8221; quale barriera, valorizzando le potenzialit\u00e0 degli individui e promuovendo un\u2019inclusione sempre pi\u00f9 ampia\u201d<\/p>\n<cite>Vittorio Fiore, Direttore Comunicazione e Responsabile progetti CSR di Lactalis in Italia.<\/cite><\/blockquote>\n\n\n\n<p>Insuperabili attualmente \u00e8 presente con le proprie scuole calcio in 18 citt\u00e0 diverse in tutta Italia. In Lombardia sono attive cinque sedi diverse tra Milano, Bergamo e Rovetta. Il club, in generale, conta 6 prime squadre, oltre 750 atleti iscritti e 200 coach.<\/p>\n\n\n\n<div style=\"height:10px\" aria-hidden=\"true\" class=\"wp-block-spacer\"><\/div>\n\n\n\n<figure class=\"wp-block-image size-full\"><img loading=\"lazy\" decoding=\"async\" width=\"1000\" height=\"666\" src=\"https:\/\/www.abf.eu\/clusone\/wp-content\/uploads\/sites\/2\/2024\/05\/2.png\" alt=\"\" class=\"wp-image-18550\" srcset=\"https:\/\/www.abf.eu\/clusone\/wp-content\/uploads\/sites\/2\/2024\/05\/2.png 1000w, https:\/\/www.abf.eu\/clusone\/wp-content\/uploads\/sites\/2\/2024\/05\/2-300x200.png 300w, https:\/\/www.abf.eu\/clusone\/wp-content\/uploads\/sites\/2\/2024\/05\/2-768x511.png 768w, https:\/\/www.abf.eu\/clusone\/wp-content\/uploads\/sites\/2\/2024\/05\/2-600x400.png 600w\" sizes=\"auto, (max-width: 1000px) 100vw, 1000px\" \/><\/figure>\n\n\n\n<h5 class=\"wp-block-heading\">Progetto &#8220;Che squadra!&#8221; ad ABF Clusone<\/h5>\n\n\n\n<p>Gli allievi di classe prima del percorso di <a href=\"https:\/\/www.abf.eu\/clusone\/corsi\/operatore-grafico-ipermediale\/\" target=\"_blank\" rel=\"noreferrer noopener\">operatore grafico<\/a> sono stati coinvolti in un <strong>incontro con Insuperabili <\/strong>dedicato ai temi della <strong>fragilit\u00e0 <\/strong>e della <strong>disabilit\u00e0<\/strong>, durante il quale sono stati approfonditi alcuni valori fondamentali per la crescita dei giovani: <strong>lealt\u00e0, semplicit\u00e0, ambizione e collaborazione<\/strong>.<\/p>\n\n\n\n<blockquote class=\"wp-block-quote is-layout-flow wp-block-quote-is-layout-flow\">\n<p>\u201cParlare agli studenti di lealt\u00e0, semplicit\u00e0, ambizione e collaborazione, valori che condividiamo con Lactalis e che cerchiamo di insegnare ogni giorno ai nostri atleti\/e sul campo, \u00e8 uno degli strumenti pi\u00f9 potenti che potessimo avere per cercare di costruire, passo dopo passo, una societ\u00e0 pi\u00f9 inclusiva.\u201d<\/p>\n<cite>Davide Leonardi, Presidente di Insuperabili.<\/cite><\/blockquote>\n\n\n\n<p>Successivamente gli studenti sono <strong>scesi in campo<\/strong> per giocare una partita di calcio con Davide Finardi, allenatore di Insuperabili, e nove atleti che fanno parte del club: Sean Poloni, Mauro Morstabilini, Alessandro Calzaferri, Nicolasa Nozza, Davide Costantino, Assane Diop, Simone Mocellin, Nicolas Paganessi e Lucas Palamini. Allievi e atleti hanno unito le loro forze formando una squadra all&#8217;insegna dell&#8217;inclusione. <\/p>\n\n\n\n<figure class=\"wp-block-image size-full\"><img loading=\"lazy\" decoding=\"async\" width=\"1000\" height=\"666\" src=\"https:\/\/www.abf.eu\/clusone\/wp-content\/uploads\/sites\/2\/2024\/05\/4.png\" alt=\"\" class=\"wp-image-18552\" srcset=\"https:\/\/www.abf.eu\/clusone\/wp-content\/uploads\/sites\/2\/2024\/05\/4.png 1000w, https:\/\/www.abf.eu\/clusone\/wp-content\/uploads\/sites\/2\/2024\/05\/4-300x200.png 300w, https:\/\/www.abf.eu\/clusone\/wp-content\/uploads\/sites\/2\/2024\/05\/4-768x511.png 768w, https:\/\/www.abf.eu\/clusone\/wp-content\/uploads\/sites\/2\/2024\/05\/4-600x400.png 600w\" sizes=\"auto, (max-width: 1000px) 100vw, 1000px\" \/><\/figure>\n\n\n\n<h5 class=\"wp-block-heading\">Lo sport come mezzo di inclusione<\/h5>\n\n\n\n<p>La giornata trascorsa insieme a Lactalis e Insuperabili ha concesso ai nostri allievi di approfondire diversi temi di rilevanza sociale tra cui inclusione, collaborazione e comprensione dell&#8217;altro. <\/p>\n\n\n\n<p>Il progetto ha innestato nei ragazzi una nuova percezione della disabilit\u00e0, che non viene pi\u00f9 vista come una differenza ma come un valore aggiunto. <\/p>\n\n\n\n<p>Lo <strong>sport <\/strong>e il <strong>calcio<\/strong> rappresentano alcuni dei mezzi con i quali \u00e8 possibile <strong>abbattere le barriere <\/strong>e agire per costruire una societ\u00e0 sempre pi\u00f9 inclusiva.<\/p>\n\n\n\n<figure class=\"wp-block-image size-full\"><img loading=\"lazy\" decoding=\"async\" width=\"1000\" height=\"666\" src=\"https:\/\/www.abf.eu\/clusone\/wp-content\/uploads\/sites\/2\/2024\/05\/9.png\" alt=\"\" class=\"wp-image-18565\" srcset=\"https:\/\/www.abf.eu\/clusone\/wp-content\/uploads\/sites\/2\/2024\/05\/9.png 1000w, https:\/\/www.abf.eu\/clusone\/wp-content\/uploads\/sites\/2\/2024\/05\/9-300x200.png 300w, https:\/\/www.abf.eu\/clusone\/wp-content\/uploads\/sites\/2\/2024\/05\/9-768x511.png 768w, https:\/\/www.abf.eu\/clusone\/wp-content\/uploads\/sites\/2\/2024\/05\/9-600x400.png 600w\" sizes=\"auto, (max-width: 1000px) 100vw, 1000px\" \/><\/figure>\n","protected":false},"excerpt":{"rendered":"<p>Insuperabili e Lactalis ad ABF Clusone per sensibilizzare gli allievi<\/p>\n","protected":false},"author":61,"featured_media":18651,"comment_status":"open","ping_status":"open","sticky":false,"template":"","format":"standard","meta":{"footnotes":""},"categories":[1],"tags":[],"class_list":["post-18537","post","type-post","status-publish","format-standard","has-post-thumbnail","hentry","category-senza-categoria"],"yoast_head":"<!-- This site is optimized with the Yoast SEO plugin v25.8 - https:\/\/yoast.com\/wordpress\/plugins\/seo\/ -->\n<title>&quot;Che squadra&quot;: lo sport come mezzo di inclusione - Clusone<\/title>\n<meta name=\"description\" content=\"Insuperabili e Lactalis a Clusone con &quot;Che squadra&quot;, un progetto per sensibilizzare gli allievi sul tema dell&#039;inclusione\" \/>\n<meta name=\"robots\" content=\"index, follow, max-snippet:-1, max-image-preview:large, max-video-preview:-1\" \/>\n<link rel=\"canonical\" href=\"https:\/\/www.abf.eu\/clusone\/progetto-che-squadra\/\" \/>\n<meta property=\"og:locale\" content=\"it_IT\" \/>\n<meta property=\"og:type\" content=\"article\" \/>\n<meta property=\"og:title\" content=\"&quot;Che squadra&quot;: lo sport come mezzo di inclusione - Clusone\" \/>\n<meta property=\"og:description\" content=\"Insuperabili e Lactalis a Clusone con &quot;Che squadra&quot;, un progetto per sensibilizzare gli allievi sul tema dell&#039;inclusione\" \/>\n<meta property=\"og:url\" content=\"https:\/\/www.abf.eu\/clusone\/progetto-che-squadra\/\" \/>\n<meta property=\"og:site_name\" content=\"Clusone\" \/>\n<meta property=\"article:published_time\" content=\"2024-05-07T12:42:40+00:00\" \/>\n<meta property=\"article:modified_time\" content=\"2024-05-07T12:46:10+00:00\" \/>\n<meta property=\"og:image\" content=\"https:\/\/www.abf.eu\/clusone\/wp-content\/uploads\/sites\/2\/2024\/05\/Che-squadra.png\" \/>\n\t<meta property=\"og:image:width\" content=\"1000\" \/>\n\t<meta property=\"og:image:height\" content=\"666\" \/>\n\t<meta property=\"og:image:type\" content=\"image\/png\" \/>\n<meta name=\"author\" content=\"giadabrembilla\" \/>\n<meta name=\"twitter:card\" content=\"summary_large_image\" \/>\n<meta name=\"twitter:label1\" content=\"Scritto da\" \/>\n\t<meta name=\"twitter:data1\" content=\"giadabrembilla\" \/>\n\t<meta name=\"twitter:label2\" content=\"Tempo di lettura stimato\" \/>\n\t<meta name=\"twitter:data2\" content=\"3 minuti\" \/>\n<script type=\"application\/ld+json\" class=\"yoast-schema-graph\">{\"@context\":\"https:\/\/schema.org\",\"@graph\":[{\"@type\":\"WebPage\",\"@id\":\"https:\/\/www.abf.eu\/clusone\/progetto-che-squadra\/\",\"url\":\"https:\/\/www.abf.eu\/clusone\/progetto-che-squadra\/\",\"name\":\"\\\"Che squadra\\\": lo sport come mezzo di inclusione - Clusone\",\"isPartOf\":{\"@id\":\"https:\/\/www.abf.eu\/clusone\/#website\"},\"primaryImageOfPage\":{\"@id\":\"https:\/\/www.abf.eu\/clusone\/progetto-che-squadra\/#primaryimage\"},\"image\":{\"@id\":\"https:\/\/www.abf.eu\/clusone\/progetto-che-squadra\/#primaryimage\"},\"thumbnailUrl\":\"https:\/\/www.abf.eu\/clusone\/wp-content\/uploads\/sites\/2\/2024\/05\/Che-squadra.png\",\"datePublished\":\"2024-05-07T12:42:40+00:00\",\"dateModified\":\"2024-05-07T12:46:10+00:00\",\"author\":{\"@id\":\"https:\/\/www.abf.eu\/clusone\/#\/schema\/person\/0daf58404dacb015e5a8d3000f24219b\"},\"description\":\"Insuperabili e Lactalis a Clusone con \\\"Che squadra\\\", un progetto per sensibilizzare gli allievi sul tema dell'inclusione\",\"breadcrumb\":{\"@id\":\"https:\/\/www.abf.eu\/clusone\/progetto-che-squadra\/#breadcrumb\"},\"inLanguage\":\"it-IT\",\"potentialAction\":[{\"@type\":\"ReadAction\",\"target\":[\"https:\/\/www.abf.eu\/clusone\/progetto-che-squadra\/\"]}]},{\"@type\":\"ImageObject\",\"inLanguage\":\"it-IT\",\"@id\":\"https:\/\/www.abf.eu\/clusone\/progetto-che-squadra\/#primaryimage\",\"url\":\"https:\/\/www.abf.eu\/clusone\/wp-content\/uploads\/sites\/2\/2024\/05\/Che-squadra.png\",\"contentUrl\":\"https:\/\/www.abf.eu\/clusone\/wp-content\/uploads\/sites\/2\/2024\/05\/Che-squadra.png\",\"width\":1000,\"height\":666},{\"@type\":\"BreadcrumbList\",\"@id\":\"https:\/\/www.abf.eu\/clusone\/progetto-che-squadra\/#breadcrumb\",\"itemListElement\":[{\"@type\":\"ListItem\",\"position\":1,\"name\":\"Home\",\"item\":\"https:\/\/www.abf.eu\/clusone\/\"},{\"@type\":\"ListItem\",\"position\":2,\"name\":\"&#8220;Che squadra&#8221;: lo sport come mezzo di inclusione\"}]},{\"@type\":\"WebSite\",\"@id\":\"https:\/\/www.abf.eu\/clusone\/#website\",\"url\":\"https:\/\/www.abf.eu\/clusone\/\",\"name\":\"Clusone\",\"description\":\"Ecco un altro sito Abf siti\",\"potentialAction\":[{\"@type\":\"SearchAction\",\"target\":{\"@type\":\"EntryPoint\",\"urlTemplate\":\"https:\/\/www.abf.eu\/clusone\/?s={search_term_string}\"},\"query-input\":{\"@type\":\"PropertyValueSpecification\",\"valueRequired\":true,\"valueName\":\"search_term_string\"}}],\"inLanguage\":\"it-IT\"},{\"@type\":\"Person\",\"@id\":\"https:\/\/www.abf.eu\/clusone\/#\/schema\/person\/0daf58404dacb015e5a8d3000f24219b\",\"name\":\"giadabrembilla\",\"image\":{\"@type\":\"ImageObject\",\"inLanguage\":\"it-IT\",\"@id\":\"https:\/\/www.abf.eu\/clusone\/#\/schema\/person\/image\/\",\"url\":\"https:\/\/secure.gravatar.com\/avatar\/11deae43922794eea4da2521866db72e0b94af2824c985037486ebe200326260?s=96&d=mm&r=g\",\"contentUrl\":\"https:\/\/secure.gravatar.com\/avatar\/11deae43922794eea4da2521866db72e0b94af2824c985037486ebe200326260?s=96&d=mm&r=g\",\"caption\":\"giadabrembilla\"},\"url\":\"https:\/\/www.abf.eu\/clusone\/author\/giadabrembilla\/\"}]}<\/script>\n<!-- \/ Yoast SEO plugin. -->","yoast_head_json":{"title":"\"Che squadra\": lo sport come mezzo di inclusione - Clusone","description":"Insuperabili e Lactalis a Clusone con \"Che squadra\", un progetto per sensibilizzare gli allievi sul tema dell'inclusione","robots":{"index":"index","follow":"follow","max-snippet":"max-snippet:-1","max-image-preview":"max-image-preview:large","max-video-preview":"max-video-preview:-1"},"canonical":"https:\/\/www.abf.eu\/clusone\/progetto-che-squadra\/","og_locale":"it_IT","og_type":"article","og_title":"\"Che squadra\": lo sport come mezzo di inclusione - Clusone","og_description":"Insuperabili e Lactalis a Clusone con \"Che squadra\", un progetto per sensibilizzare gli allievi sul tema dell'inclusione","og_url":"https:\/\/www.abf.eu\/clusone\/progetto-che-squadra\/","og_site_name":"Clusone","article_published_time":"2024-05-07T12:42:40+00:00","article_modified_time":"2024-05-07T12:46:10+00:00","og_image":[{"width":1000,"height":666,"url":"https:\/\/www.abf.eu\/clusone\/wp-content\/uploads\/sites\/2\/2024\/05\/Che-squadra.png","type":"image\/png"}],"author":"giadabrembilla","twitter_card":"summary_large_image","twitter_misc":{"Scritto da":"giadabrembilla","Tempo di lettura stimato":"3 minuti"},"schema":{"@context":"https:\/\/schema.org","@graph":[{"@type":"WebPage","@id":"https:\/\/www.abf.eu\/clusone\/progetto-che-squadra\/","url":"https:\/\/www.abf.eu\/clusone\/progetto-che-squadra\/","name":"\"Che squadra\": lo sport come mezzo di inclusione - Clusone","isPartOf":{"@id":"https:\/\/www.abf.eu\/clusone\/#website"},"primaryImageOfPage":{"@id":"https:\/\/www.abf.eu\/clusone\/progetto-che-squadra\/#primaryimage"},"image":{"@id":"https:\/\/www.abf.eu\/clusone\/progetto-che-squadra\/#primaryimage"},"thumbnailUrl":"https:\/\/www.abf.eu\/clusone\/wp-content\/uploads\/sites\/2\/2024\/05\/Che-squadra.png","datePublished":"2024-05-07T12:42:40+00:00","dateModified":"2024-05-07T12:46:10+00:00","author":{"@id":"https:\/\/www.abf.eu\/clusone\/#\/schema\/person\/0daf58404dacb015e5a8d3000f24219b"},"description":"Insuperabili e Lactalis a Clusone con \"Che squadra\", un progetto per sensibilizzare gli allievi sul tema dell'inclusione","breadcrumb":{"@id":"https:\/\/www.abf.eu\/clusone\/progetto-che-squadra\/#breadcrumb"},"inLanguage":"it-IT","potentialAction":[{"@type":"ReadAction","target":["https:\/\/www.abf.eu\/clusone\/progetto-che-squadra\/"]}]},{"@type":"ImageObject","inLanguage":"it-IT","@id":"https:\/\/www.abf.eu\/clusone\/progetto-che-squadra\/#primaryimage","url":"https:\/\/www.abf.eu\/clusone\/wp-content\/uploads\/sites\/2\/2024\/05\/Che-squadra.png","contentUrl":"https:\/\/www.abf.eu\/clusone\/wp-content\/uploads\/sites\/2\/2024\/05\/Che-squadra.png","width":1000,"height":666},{"@type":"BreadcrumbList","@id":"https:\/\/www.abf.eu\/clusone\/progetto-che-squadra\/#breadcrumb","itemListElement":[{"@type":"ListItem","position":1,"name":"Home","item":"https:\/\/www.abf.eu\/clusone\/"},{"@type":"ListItem","position":2,"name":"&#8220;Che squadra&#8221;: lo sport come mezzo di inclusione"}]},{"@type":"WebSite","@id":"https:\/\/www.abf.eu\/clusone\/#website","url":"https:\/\/www.abf.eu\/clusone\/","name":"Clusone","description":"Ecco un altro sito Abf siti","potentialAction":[{"@type":"SearchAction","target":{"@type":"EntryPoint","urlTemplate":"https:\/\/www.abf.eu\/clusone\/?s={search_term_string}"},"query-input":{"@type":"PropertyValueSpecification","valueRequired":true,"valueName":"search_term_string"}}],"inLanguage":"it-IT"},{"@type":"Person","@id":"https:\/\/www.abf.eu\/clusone\/#\/schema\/person\/0daf58404dacb015e5a8d3000f24219b","name":"giadabrembilla","image":{"@type":"ImageObject","inLanguage":"it-IT","@id":"https:\/\/www.abf.eu\/clusone\/#\/schema\/person\/image\/","url":"https:\/\/secure.gravatar.com\/avatar\/11deae43922794eea4da2521866db72e0b94af2824c985037486ebe200326260?s=96&d=mm&r=g","contentUrl":"https:\/\/secure.gravatar.com\/avatar\/11deae43922794eea4da2521866db72e0b94af2824c985037486ebe200326260?s=96&d=mm&r=g","caption":"giadabrembilla"},"url":"https:\/\/www.abf.eu\/clusone\/author\/giadabrembilla\/"}]}},"_links":{"self":[{"href":"https:\/\/www.abf.eu\/clusone\/wp-json\/wp\/v2\/posts\/18537","targetHints":{"allow":["GET"]}}],"collection":[{"href":"https:\/\/www.abf.eu\/clusone\/wp-json\/wp\/v2\/posts"}],"about":[{"href":"https:\/\/www.abf.eu\/clusone\/wp-json\/wp\/v2\/types\/post"}],"author":[{"embeddable":true,"href":"https:\/\/www.abf.eu\/clusone\/wp-json\/wp\/v2\/users\/61"}],"replies":[{"embeddable":true,"href":"https:\/\/www.abf.eu\/clusone\/wp-json\/wp\/v2\/comments?post=18537"}],"version-history":[{"count":104,"href":"https:\/\/www.abf.eu\/clusone\/wp-json\/wp\/v2\/posts\/18537\/revisions"}],"predecessor-version":[{"id":18650,"href":"https:\/\/www.abf.eu\/clusone\/wp-json\/wp\/v2\/posts\/18537\/revisions\/18650"}],"wp:featuredmedia":[{"embeddable":true,"href":"https:\/\/www.abf.eu\/clusone\/wp-json\/wp\/v2\/media\/18651"}],"wp:attachment":[{"href":"https:\/\/www.abf.eu\/clusone\/wp-json\/wp\/v2\/media?parent=18537"}],"wp:term":[{"taxonomy":"category","embeddable":true,"href":"https:\/\/www.abf.eu\/clusone\/wp-json\/wp\/v2\/categories?post=18537"},{"taxonomy":"post_tag","embeddable":true,"href":"https:\/\/www.abf.eu\/clusone\/wp-json\/wp\/v2\/tags?post=18537"}],"curies":[{"name":"wp","href":"https:\/\/api.w.org\/{rel}","templated":true}]}}