{"id":14530,"date":"2020-11-16T11:20:29","date_gmt":"2020-11-16T10:20:29","guid":{"rendered":"https:\/\/www.abf.eu\/curno\/?p=14530"},"modified":"2021-01-27T14:31:57","modified_gmt":"2021-01-27T13:31:57","slug":"stai-comodo-e-decidi-il-tuo-futuro-open-day-on-line","status":"publish","type":"post","link":"https:\/\/www.abf.eu\/curno\/stai-comodo-e-decidi-il-tuo-futuro-open-day-on-line\/","title":{"rendered":"Stai comodo e decidi il tuo futuro: OPEN DAY ON-LINE"},"content":{"rendered":"\n<h3 class=\"wp-block-heading\">ABF di Curno da il via alle iscrizioni per partecipare agli Open Day virtuali<\/h3>\n\n\n\n<p>\u201cSe la montagna non va da Maometto, Maometto va alla montagna\u201d cos\u00ec recita un famoso detto. Niente di pi\u00f9 attuale in un periodo particolare come questo e cos\u00ec quest\u2019anno sar\u00e0 la nostra scuola a venire virtualmente da voi. Come? Baster\u00e0 mettersi comodi con un pc, tablet o telefono e collegarsi a <strong>Google Meet<\/strong> e il Coordinatore di ogni corso sar\u00e0 a vostra disposizione per illustrarvi le specificit\u00e0 dei nostri corsi.<\/p>\n\n\n\n<h5 class=\"wp-block-heading\"><strong><strong>LA NOSTRA PROPOSTA FORMATIVA<\/strong><\/strong><\/h5>\n\n\n\n<p>I percorsi formativi presenti nel nostro <strong>Cfp di Curno<\/strong> sono:<\/p>\n\n\n\n<ul class=\"wp-block-list\"><li>Operatore dei veicoli a motori \u2013 <strong>Meccanica d\u2019auto<\/strong><\/li><li>Operatore dei veicoli a motore \u2013<strong> Carrozzeria<\/strong><\/li><li>Operatore <strong>Meccatronico<\/strong><\/li><li>Operatore del <strong>Legno<\/strong><\/li><\/ul>\n\n\n\n<p>Durante il <strong>Virtual Open Day<\/strong> sar\u00e0 possibile vedere <strong>i nostri laboratori di meccanica, carrozzeria e falegnameria<\/strong> e vedere anche i nostri ragazzi all\u2019opera attraverso dei piccoli video\/reportage.<\/p>\n\n\n\n<hr class=\"wp-block-separator\" \/>\n\n\n\n<h5 class=\"wp-block-heading\"><strong><strong>LE DATE<\/strong><\/strong> DELLE SEDI DI CURNO E ALMENNO<\/h5>\n\n\n\n<p><strong>Meccanica d\u2019auto<br><\/strong>Sabato 28 novembre e 19 dicembre dalle ore 9.00 alle 12.00 e dalle 14.00 alle 17.00<\/p>\n\n\n\n<p><strong>Carrozzeria<br><\/strong>Sabato 21 novembre e 12 dicembre dalle ore 9.00 alle 12.00 e dalle 14.00 alle 17.00<\/p>\n\n\n\n<p><strong>Meccatronica<br><\/strong>Sabato 14 novembre e 5 dicembre dalle ore 9.00 alle 12.00 e dalle 14.00 alle 17.00<\/p>\n\n\n\n<p><strong>Legno (Almenno San Bartolomeo)<br><\/strong>Sabato 7 e 28 novembre, 12 dicembre dalle ore 14.00 alle 17.00<\/p>\n\n\n\n<div class=\"wp-block-buttons is-layout-flex wp-block-buttons-is-layout-flex\">\n<div class=\"wp-block-button is-style-fill\"><a class=\"wp-block-button__link has-black-color has-cyan-bluish-gray-background-color has-text-color has-background no-border-radius\" href=\"http:\/\/bit.ly\/open-day-almenno-curno\" target=\"_blank\" rel=\"http:\/\/bit.ly\/open-day-almenno-curno noopener noreferrer\">PRENOTA SUBITO<\/a><\/div>\n<\/div>\n","protected":false},"excerpt":{"rendered":"<p>ABF di Curno da il via alle iscrizioni per partecipare<\/p>\n","protected":false},"author":52,"featured_media":14537,"comment_status":"closed","ping_status":"open","sticky":false,"template":"","format":"standard","meta":{"footnotes":""},"categories":[116],"tags":[],"class_list":["post-14530","post","type-post","status-publish","format-standard","has-post-thumbnail","hentry","category-news-curno"],"yoast_head":"<!-- This site is optimized with the Yoast SEO plugin v25.8 - https:\/\/yoast.com\/wordpress\/plugins\/seo\/ -->\n<title>Stai comodo e decidi il tuo futuro: OPEN DAY ON-LINE - Curno<\/title>\n<meta name=\"robots\" content=\"index, follow, max-snippet:-1, max-image-preview:large, max-video-preview:-1\" \/>\n<link rel=\"canonical\" href=\"https:\/\/www.abf.eu\/curno\/stai-comodo-e-decidi-il-tuo-futuro-open-day-on-line\/\" \/>\n<meta property=\"og:locale\" content=\"it_IT\" \/>\n<meta property=\"og:type\" content=\"article\" \/>\n<meta property=\"og:title\" content=\"Stai comodo e decidi il tuo futuro: OPEN DAY ON-LINE - Curno\" \/>\n<meta property=\"og:description\" content=\"ABF di Curno da il via alle iscrizioni per partecipare\" \/>\n<meta property=\"og:url\" content=\"https:\/\/www.abf.eu\/curno\/stai-comodo-e-decidi-il-tuo-futuro-open-day-on-line\/\" \/>\n<meta property=\"og:site_name\" content=\"Curno\" \/>\n<meta property=\"article:published_time\" content=\"2020-11-16T10:20:29+00:00\" \/>\n<meta property=\"article:modified_time\" content=\"2021-01-27T13:31:57+00:00\" \/>\n<meta property=\"og:image\" content=\"https:\/\/www.abf.eu\/curno\/wp-content\/uploads\/sites\/5\/2020\/11\/ABF-NEWS-OPEN-DAY-CURNO.jpg\" \/>\n\t<meta property=\"og:image:width\" content=\"1440\" \/>\n\t<meta property=\"og:image:height\" content=\"990\" \/>\n\t<meta property=\"og:image:type\" content=\"image\/jpeg\" \/>\n<meta name=\"author\" content=\"abfeditorcurno\" \/>\n<meta name=\"twitter:card\" content=\"summary_large_image\" \/>\n<meta name=\"twitter:label1\" content=\"Scritto da\" \/>\n\t<meta name=\"twitter:data1\" content=\"abfeditorcurno\" \/>\n\t<meta name=\"twitter:label2\" content=\"Tempo di lettura stimato\" \/>\n\t<meta name=\"twitter:data2\" content=\"1 minuto\" \/>\n<script type=\"application\/ld+json\" class=\"yoast-schema-graph\">{\"@context\":\"https:\/\/schema.org\",\"@graph\":[{\"@type\":\"WebPage\",\"@id\":\"https:\/\/www.abf.eu\/curno\/stai-comodo-e-decidi-il-tuo-futuro-open-day-on-line\/\",\"url\":\"https:\/\/www.abf.eu\/curno\/stai-comodo-e-decidi-il-tuo-futuro-open-day-on-line\/\",\"name\":\"Stai comodo e decidi il tuo futuro: OPEN DAY ON-LINE - Curno\",\"isPartOf\":{\"@id\":\"https:\/\/www.abf.eu\/curno\/#website\"},\"primaryImageOfPage\":{\"@id\":\"https:\/\/www.abf.eu\/curno\/stai-comodo-e-decidi-il-tuo-futuro-open-day-on-line\/#primaryimage\"},\"image\":{\"@id\":\"https:\/\/www.abf.eu\/curno\/stai-comodo-e-decidi-il-tuo-futuro-open-day-on-line\/#primaryimage\"},\"thumbnailUrl\":\"https:\/\/www.abf.eu\/curno\/wp-content\/uploads\/sites\/5\/2020\/11\/ABF-NEWS-OPEN-DAY-CURNO.jpg\",\"datePublished\":\"2020-11-16T10:20:29+00:00\",\"dateModified\":\"2021-01-27T13:31:57+00:00\",\"author\":{\"@id\":\"https:\/\/www.abf.eu\/curno\/#\/schema\/person\/d83df5bb64ca34eb55803f4ef20b849e\"},\"breadcrumb\":{\"@id\":\"https:\/\/www.abf.eu\/curno\/stai-comodo-e-decidi-il-tuo-futuro-open-day-on-line\/#breadcrumb\"},\"inLanguage\":\"it-IT\",\"potentialAction\":[{\"@type\":\"ReadAction\",\"target\":[\"https:\/\/www.abf.eu\/curno\/stai-comodo-e-decidi-il-tuo-futuro-open-day-on-line\/\"]}]},{\"@type\":\"ImageObject\",\"inLanguage\":\"it-IT\",\"@id\":\"https:\/\/www.abf.eu\/curno\/stai-comodo-e-decidi-il-tuo-futuro-open-day-on-line\/#primaryimage\",\"url\":\"https:\/\/www.abf.eu\/curno\/wp-content\/uploads\/sites\/5\/2020\/11\/ABF-NEWS-OPEN-DAY-CURNO.jpg\",\"contentUrl\":\"https:\/\/www.abf.eu\/curno\/wp-content\/uploads\/sites\/5\/2020\/11\/ABF-NEWS-OPEN-DAY-CURNO.jpg\",\"width\":1440,\"height\":990},{\"@type\":\"BreadcrumbList\",\"@id\":\"https:\/\/www.abf.eu\/curno\/stai-comodo-e-decidi-il-tuo-futuro-open-day-on-line\/#breadcrumb\",\"itemListElement\":[{\"@type\":\"ListItem\",\"position\":1,\"name\":\"Home\",\"item\":\"https:\/\/www.abf.eu\/curno\/\"},{\"@type\":\"ListItem\",\"position\":2,\"name\":\"Stai comodo e decidi il tuo futuro: OPEN DAY ON-LINE\"}]},{\"@type\":\"WebSite\",\"@id\":\"https:\/\/www.abf.eu\/curno\/#website\",\"url\":\"https:\/\/www.abf.eu\/curno\/\",\"name\":\"Curno\",\"description\":\"Ecco un altro sito Abf siti\",\"potentialAction\":[{\"@type\":\"SearchAction\",\"target\":{\"@type\":\"EntryPoint\",\"urlTemplate\":\"https:\/\/www.abf.eu\/curno\/?s={search_term_string}\"},\"query-input\":{\"@type\":\"PropertyValueSpecification\",\"valueRequired\":true,\"valueName\":\"search_term_string\"}}],\"inLanguage\":\"it-IT\"},{\"@type\":\"Person\",\"@id\":\"https:\/\/www.abf.eu\/curno\/#\/schema\/person\/d83df5bb64ca34eb55803f4ef20b849e\",\"name\":\"abfeditorcurno\",\"image\":{\"@type\":\"ImageObject\",\"inLanguage\":\"it-IT\",\"@id\":\"https:\/\/www.abf.eu\/curno\/#\/schema\/person\/image\/\",\"url\":\"https:\/\/secure.gravatar.com\/avatar\/057f1c420b2c84430ad648e1d52d25a446691d3f4155c4d3d9059a9ee20af77f?s=96&d=mm&r=g\",\"contentUrl\":\"https:\/\/secure.gravatar.com\/avatar\/057f1c420b2c84430ad648e1d52d25a446691d3f4155c4d3d9059a9ee20af77f?s=96&d=mm&r=g\",\"caption\":\"abfeditorcurno\"},\"url\":\"https:\/\/www.abf.eu\/curno\/author\/abfeditorcurno\/\"}]}<\/script>\n<!-- \/ Yoast SEO plugin. -->","yoast_head_json":{"title":"Stai comodo e decidi il tuo futuro: OPEN DAY ON-LINE - Curno","robots":{"index":"index","follow":"follow","max-snippet":"max-snippet:-1","max-image-preview":"max-image-preview:large","max-video-preview":"max-video-preview:-1"},"canonical":"https:\/\/www.abf.eu\/curno\/stai-comodo-e-decidi-il-tuo-futuro-open-day-on-line\/","og_locale":"it_IT","og_type":"article","og_title":"Stai comodo e decidi il tuo futuro: OPEN DAY ON-LINE - Curno","og_description":"ABF di Curno da il via alle iscrizioni per partecipare","og_url":"https:\/\/www.abf.eu\/curno\/stai-comodo-e-decidi-il-tuo-futuro-open-day-on-line\/","og_site_name":"Curno","article_published_time":"2020-11-16T10:20:29+00:00","article_modified_time":"2021-01-27T13:31:57+00:00","og_image":[{"width":1440,"height":990,"url":"https:\/\/www.abf.eu\/curno\/wp-content\/uploads\/sites\/5\/2020\/11\/ABF-NEWS-OPEN-DAY-CURNO.jpg","type":"image\/jpeg"}],"author":"abfeditorcurno","twitter_card":"summary_large_image","twitter_misc":{"Scritto da":"abfeditorcurno","Tempo di lettura stimato":"1 minuto"},"schema":{"@context":"https:\/\/schema.org","@graph":[{"@type":"WebPage","@id":"https:\/\/www.abf.eu\/curno\/stai-comodo-e-decidi-il-tuo-futuro-open-day-on-line\/","url":"https:\/\/www.abf.eu\/curno\/stai-comodo-e-decidi-il-tuo-futuro-open-day-on-line\/","name":"Stai comodo e decidi il tuo futuro: OPEN DAY ON-LINE - Curno","isPartOf":{"@id":"https:\/\/www.abf.eu\/curno\/#website"},"primaryImageOfPage":{"@id":"https:\/\/www.abf.eu\/curno\/stai-comodo-e-decidi-il-tuo-futuro-open-day-on-line\/#primaryimage"},"image":{"@id":"https:\/\/www.abf.eu\/curno\/stai-comodo-e-decidi-il-tuo-futuro-open-day-on-line\/#primaryimage"},"thumbnailUrl":"https:\/\/www.abf.eu\/curno\/wp-content\/uploads\/sites\/5\/2020\/11\/ABF-NEWS-OPEN-DAY-CURNO.jpg","datePublished":"2020-11-16T10:20:29+00:00","dateModified":"2021-01-27T13:31:57+00:00","author":{"@id":"https:\/\/www.abf.eu\/curno\/#\/schema\/person\/d83df5bb64ca34eb55803f4ef20b849e"},"breadcrumb":{"@id":"https:\/\/www.abf.eu\/curno\/stai-comodo-e-decidi-il-tuo-futuro-open-day-on-line\/#breadcrumb"},"inLanguage":"it-IT","potentialAction":[{"@type":"ReadAction","target":["https:\/\/www.abf.eu\/curno\/stai-comodo-e-decidi-il-tuo-futuro-open-day-on-line\/"]}]},{"@type":"ImageObject","inLanguage":"it-IT","@id":"https:\/\/www.abf.eu\/curno\/stai-comodo-e-decidi-il-tuo-futuro-open-day-on-line\/#primaryimage","url":"https:\/\/www.abf.eu\/curno\/wp-content\/uploads\/sites\/5\/2020\/11\/ABF-NEWS-OPEN-DAY-CURNO.jpg","contentUrl":"https:\/\/www.abf.eu\/curno\/wp-content\/uploads\/sites\/5\/2020\/11\/ABF-NEWS-OPEN-DAY-CURNO.jpg","width":1440,"height":990},{"@type":"BreadcrumbList","@id":"https:\/\/www.abf.eu\/curno\/stai-comodo-e-decidi-il-tuo-futuro-open-day-on-line\/#breadcrumb","itemListElement":[{"@type":"ListItem","position":1,"name":"Home","item":"https:\/\/www.abf.eu\/curno\/"},{"@type":"ListItem","position":2,"name":"Stai comodo e decidi il tuo futuro: OPEN DAY ON-LINE"}]},{"@type":"WebSite","@id":"https:\/\/www.abf.eu\/curno\/#website","url":"https:\/\/www.abf.eu\/curno\/","name":"Curno","description":"Ecco un altro sito Abf siti","potentialAction":[{"@type":"SearchAction","target":{"@type":"EntryPoint","urlTemplate":"https:\/\/www.abf.eu\/curno\/?s={search_term_string}"},"query-input":{"@type":"PropertyValueSpecification","valueRequired":true,"valueName":"search_term_string"}}],"inLanguage":"it-IT"},{"@type":"Person","@id":"https:\/\/www.abf.eu\/curno\/#\/schema\/person\/d83df5bb64ca34eb55803f4ef20b849e","name":"abfeditorcurno","image":{"@type":"ImageObject","inLanguage":"it-IT","@id":"https:\/\/www.abf.eu\/curno\/#\/schema\/person\/image\/","url":"https:\/\/secure.gravatar.com\/avatar\/057f1c420b2c84430ad648e1d52d25a446691d3f4155c4d3d9059a9ee20af77f?s=96&d=mm&r=g","contentUrl":"https:\/\/secure.gravatar.com\/avatar\/057f1c420b2c84430ad648e1d52d25a446691d3f4155c4d3d9059a9ee20af77f?s=96&d=mm&r=g","caption":"abfeditorcurno"},"url":"https:\/\/www.abf.eu\/curno\/author\/abfeditorcurno\/"}]}},"_links":{"self":[{"href":"https:\/\/www.abf.eu\/curno\/wp-json\/wp\/v2\/posts\/14530","targetHints":{"allow":["GET"]}}],"collection":[{"href":"https:\/\/www.abf.eu\/curno\/wp-json\/wp\/v2\/posts"}],"about":[{"href":"https:\/\/www.abf.eu\/curno\/wp-json\/wp\/v2\/types\/post"}],"author":[{"embeddable":true,"href":"https:\/\/www.abf.eu\/curno\/wp-json\/wp\/v2\/users\/52"}],"replies":[{"embeddable":true,"href":"https:\/\/www.abf.eu\/curno\/wp-json\/wp\/v2\/comments?post=14530"}],"version-history":[{"count":11,"href":"https:\/\/www.abf.eu\/curno\/wp-json\/wp\/v2\/posts\/14530\/revisions"}],"predecessor-version":[{"id":14739,"href":"https:\/\/www.abf.eu\/curno\/wp-json\/wp\/v2\/posts\/14530\/revisions\/14739"}],"wp:featuredmedia":[{"embeddable":true,"href":"https:\/\/www.abf.eu\/curno\/wp-json\/wp\/v2\/media\/14537"}],"wp:attachment":[{"href":"https:\/\/www.abf.eu\/curno\/wp-json\/wp\/v2\/media?parent=14530"}],"wp:term":[{"taxonomy":"category","embeddable":true,"href":"https:\/\/www.abf.eu\/curno\/wp-json\/wp\/v2\/categories?post=14530"},{"taxonomy":"post_tag","embeddable":true,"href":"https:\/\/www.abf.eu\/curno\/wp-json\/wp\/v2\/tags?post=14530"}],"curies":[{"name":"wp","href":"https:\/\/api.w.org\/{rel}","templated":true}]}}