{"id":14581,"date":"2020-12-03T15:14:40","date_gmt":"2020-12-03T14:14:40","guid":{"rendered":"https:\/\/www.abf.eu\/curno\/?p=14581"},"modified":"2020-12-03T21:29:49","modified_gmt":"2020-12-03T20:29:49","slug":"save-the-meccatronica-day","status":"publish","type":"post","link":"https:\/\/www.abf.eu\/curno\/save-the-meccatronica-day\/","title":{"rendered":"Save the Meccatronica DAY"},"content":{"rendered":"\n<h3 class=\"wp-block-heading\"><strong>5 Dicembre<\/strong> 2020: OPEN DAY Operatore Meccatronico dove potrai scoprire il nostro corso dopo la 3^ media <\/h3>\n\n\n\n<p><strong>ABF &#8211; Azienda Bergamasca Formazione- <\/strong>\u00e8 un\u2019Azienda Speciale della Provincia di Bergamo, nata nel 2005 per riunire tutti i Cfp, Centri di formazione professionale. Vanta un\u2019esperienza di oltre 45 anni nel campo dell\u2019istruzione, della formazione e dell\u2019accompagnamento al mondo del lavoro ed ha una presenza capillare sul territorio. Sette sono le sedi distribuite in tutta la Bergamasca: Albino, Bergamo, Clusone, <strong>Curno<\/strong>, San Giovanni Bianco, Trescore Balneario, Treviglio. L\u201980% degli allievi qualificati e diplomati trova un impiego entro pochi mesi, grazie ai contatti con pi\u00f9 di 1800 imprese per tirocini, apprendistato, inserimenti lavorativi e formazione continua.<\/p>\n\n\n\n<p>Dare agli studenti una formazione professionale che li aiuti a inserirsi prontamente nel mondo del lavoro: questo l\u2019obiettivo dei percorsi triennali IeFP di Azienda Bergamasca Formazione, pensati per i ragazzi che dopo la terza media, oltre ad assolvere all\u2019obbligo d\u2019istruzione (Diritto e Dovere di Istruzione e Formazione), vogliono prepararsi concretamente al futuro.<\/p>\n\n\n\n<p>Tra i percorsi triennali,  ABF di Curno vanta un nuovo percorso formativo: il <strong>corso di Operatore Meccatronico<\/strong>, nato lo scorso settembre dall&#8217;esigenza di far incontrare la domanda e offerta del tessuto produttivo del territorio. <\/p>\n\n\n\n<p>Tante sono le aziende del settore meccanico che richiedono sempre pi\u00f9 figure, profili specializzati da inserire nel proprio organico. L&#8217;obiettivo del percorso di <strong>Operatore Meccatronico<\/strong> \u00e8 quello di formare una figura professionale in grado di  intervenire nel montaggio, manutenzione e riparazione di componenti e sistemi meccanici, interpretare correttamente schemi e disegni, utilizzare strumenti e e attrezzature di precisione. L&#8217;operatore meccatronico si specializza nell&#8217;installazione e il cablaggio dei componenti meccatronici, elettrici, elettronici e fluidici, collabora all&#8217;avvio, la regolazione e il collaudo degli impianti di automazione. <\/p>\n\n\n\n<div style=\"height:20px\" aria-hidden=\"true\" class=\"wp-block-spacer\"><\/div>\n\n\n\n<figure class=\"wp-block-embed-youtube wp-block-embed is-type-video is-provider-youtube wp-embed-aspect-16-9 wp-has-aspect-ratio\"><div class=\"wp-block-embed__wrapper\">\n<iframe loading=\"lazy\" title=\"OPERATORE MECCATRONICO - ABF Curno\" width=\"500\" height=\"281\" src=\"https:\/\/www.youtube.com\/embed\/dkgmNhqIbJI?feature=oembed\" frameborder=\"0\" allow=\"accelerometer; autoplay; clipboard-write; encrypted-media; gyroscope; picture-in-picture; web-share\" referrerpolicy=\"strict-origin-when-cross-origin\" allowfullscreen><\/iframe>\n<\/div><\/figure>\n\n\n\n<div style=\"height:20px\" aria-hidden=\"true\" class=\"wp-block-spacer\"><\/div>\n\n\n\n<h5 class=\"wp-block-heading\">Per saperne di pi\u00f9 prenotati al nostro OPEN DAY che si terr\u00e0 sabato 5 dicembre 2020 in modalit\u00e0 on line. <\/h5>\n\n\n\n<div class=\"wp-block-buttons is-layout-flex wp-block-buttons-is-layout-flex\">\n<div class=\"wp-block-button is-style-fill\"><a class=\"wp-block-button__link has-black-color has-cyan-bluish-gray-background-color has-text-color has-background no-border-radius\" href=\"http:\/\/bit.ly\/open-day-almenno-curno\" target=\"_blank\" rel=\"http:\/\/bit.ly\/open-day-almenno-curno noopener noreferrer\">PRENOTA SUBITO<\/a><\/div>\n<\/div>\n","protected":false},"excerpt":{"rendered":"<p>5 Dicembre 2020: OPEN DAY Operatore Meccatronico dove potrai scoprire<\/p>\n","protected":false},"author":29,"featured_media":14587,"comment_status":"closed","ping_status":"open","sticky":false,"template":"","format":"standard","meta":{"footnotes":""},"categories":[116],"tags":[],"class_list":["post-14581","post","type-post","status-publish","format-standard","has-post-thumbnail","hentry","category-news-curno"],"yoast_head":"<!-- This site is optimized with the Yoast SEO plugin v25.8 - https:\/\/yoast.com\/wordpress\/plugins\/seo\/ -->\n<title>Save the Meccatronica DAY - Curno<\/title>\n<meta name=\"robots\" content=\"index, follow, max-snippet:-1, max-image-preview:large, max-video-preview:-1\" \/>\n<link rel=\"canonical\" href=\"https:\/\/www.abf.eu\/curno\/save-the-meccatronica-day\/\" \/>\n<meta property=\"og:locale\" content=\"it_IT\" \/>\n<meta property=\"og:type\" content=\"article\" \/>\n<meta property=\"og:title\" content=\"Save the Meccatronica DAY - Curno\" \/>\n<meta property=\"og:description\" content=\"5 Dicembre 2020: OPEN DAY Operatore Meccatronico dove potrai scoprire\" \/>\n<meta property=\"og:url\" content=\"https:\/\/www.abf.eu\/curno\/save-the-meccatronica-day\/\" \/>\n<meta property=\"og:site_name\" content=\"Curno\" \/>\n<meta property=\"article:published_time\" content=\"2020-12-03T14:14:40+00:00\" \/>\n<meta property=\"article:modified_time\" content=\"2020-12-03T20:29:49+00:00\" \/>\n<meta property=\"og:image\" content=\"https:\/\/www.abf.eu\/curno\/wp-content\/uploads\/sites\/5\/2020\/12\/ABF-Curno-meccatronica.jpg\" \/>\n\t<meta property=\"og:image:width\" content=\"1440\" \/>\n\t<meta property=\"og:image:height\" content=\"960\" \/>\n\t<meta property=\"og:image:type\" content=\"image\/jpeg\" \/>\n<meta name=\"author\" content=\"valentinalamperti\" \/>\n<meta name=\"twitter:card\" content=\"summary_large_image\" \/>\n<meta name=\"twitter:label1\" content=\"Scritto da\" \/>\n\t<meta name=\"twitter:data1\" content=\"valentinalamperti\" \/>\n\t<meta name=\"twitter:label2\" content=\"Tempo di lettura stimato\" \/>\n\t<meta name=\"twitter:data2\" content=\"2 minuti\" \/>\n<script type=\"application\/ld+json\" class=\"yoast-schema-graph\">{\"@context\":\"https:\/\/schema.org\",\"@graph\":[{\"@type\":\"WebPage\",\"@id\":\"https:\/\/www.abf.eu\/curno\/save-the-meccatronica-day\/\",\"url\":\"https:\/\/www.abf.eu\/curno\/save-the-meccatronica-day\/\",\"name\":\"Save the Meccatronica DAY - Curno\",\"isPartOf\":{\"@id\":\"https:\/\/www.abf.eu\/curno\/#website\"},\"primaryImageOfPage\":{\"@id\":\"https:\/\/www.abf.eu\/curno\/save-the-meccatronica-day\/#primaryimage\"},\"image\":{\"@id\":\"https:\/\/www.abf.eu\/curno\/save-the-meccatronica-day\/#primaryimage\"},\"thumbnailUrl\":\"https:\/\/www.abf.eu\/curno\/wp-content\/uploads\/sites\/5\/2020\/12\/ABF-Curno-meccatronica.jpg\",\"datePublished\":\"2020-12-03T14:14:40+00:00\",\"dateModified\":\"2020-12-03T20:29:49+00:00\",\"author\":{\"@id\":\"https:\/\/www.abf.eu\/curno\/#\/schema\/person\/80f5096f53d6372bff33bd37524f0d97\"},\"breadcrumb\":{\"@id\":\"https:\/\/www.abf.eu\/curno\/save-the-meccatronica-day\/#breadcrumb\"},\"inLanguage\":\"it-IT\",\"potentialAction\":[{\"@type\":\"ReadAction\",\"target\":[\"https:\/\/www.abf.eu\/curno\/save-the-meccatronica-day\/\"]}]},{\"@type\":\"ImageObject\",\"inLanguage\":\"it-IT\",\"@id\":\"https:\/\/www.abf.eu\/curno\/save-the-meccatronica-day\/#primaryimage\",\"url\":\"https:\/\/www.abf.eu\/curno\/wp-content\/uploads\/sites\/5\/2020\/12\/ABF-Curno-meccatronica.jpg\",\"contentUrl\":\"https:\/\/www.abf.eu\/curno\/wp-content\/uploads\/sites\/5\/2020\/12\/ABF-Curno-meccatronica.jpg\",\"width\":1440,\"height\":960},{\"@type\":\"BreadcrumbList\",\"@id\":\"https:\/\/www.abf.eu\/curno\/save-the-meccatronica-day\/#breadcrumb\",\"itemListElement\":[{\"@type\":\"ListItem\",\"position\":1,\"name\":\"Home\",\"item\":\"https:\/\/www.abf.eu\/curno\/\"},{\"@type\":\"ListItem\",\"position\":2,\"name\":\"Save the Meccatronica DAY\"}]},{\"@type\":\"WebSite\",\"@id\":\"https:\/\/www.abf.eu\/curno\/#website\",\"url\":\"https:\/\/www.abf.eu\/curno\/\",\"name\":\"Curno\",\"description\":\"Ecco un altro sito Abf siti\",\"potentialAction\":[{\"@type\":\"SearchAction\",\"target\":{\"@type\":\"EntryPoint\",\"urlTemplate\":\"https:\/\/www.abf.eu\/curno\/?s={search_term_string}\"},\"query-input\":{\"@type\":\"PropertyValueSpecification\",\"valueRequired\":true,\"valueName\":\"search_term_string\"}}],\"inLanguage\":\"it-IT\"},{\"@type\":\"Person\",\"@id\":\"https:\/\/www.abf.eu\/curno\/#\/schema\/person\/80f5096f53d6372bff33bd37524f0d97\",\"name\":\"valentinalamperti\",\"image\":{\"@type\":\"ImageObject\",\"inLanguage\":\"it-IT\",\"@id\":\"https:\/\/www.abf.eu\/curno\/#\/schema\/person\/image\/\",\"url\":\"https:\/\/secure.gravatar.com\/avatar\/d11c73440097a8b15885a92d8badf2db088be4f45591c073a5b9afd6e287e84f?s=96&d=mm&r=g\",\"contentUrl\":\"https:\/\/secure.gravatar.com\/avatar\/d11c73440097a8b15885a92d8badf2db088be4f45591c073a5b9afd6e287e84f?s=96&d=mm&r=g\",\"caption\":\"valentinalamperti\"},\"url\":\"https:\/\/www.abf.eu\/curno\/author\/valentinalamperti\/\"}]}<\/script>\n<!-- \/ Yoast SEO plugin. -->","yoast_head_json":{"title":"Save the Meccatronica DAY - Curno","robots":{"index":"index","follow":"follow","max-snippet":"max-snippet:-1","max-image-preview":"max-image-preview:large","max-video-preview":"max-video-preview:-1"},"canonical":"https:\/\/www.abf.eu\/curno\/save-the-meccatronica-day\/","og_locale":"it_IT","og_type":"article","og_title":"Save the Meccatronica DAY - Curno","og_description":"5 Dicembre 2020: OPEN DAY Operatore Meccatronico dove potrai scoprire","og_url":"https:\/\/www.abf.eu\/curno\/save-the-meccatronica-day\/","og_site_name":"Curno","article_published_time":"2020-12-03T14:14:40+00:00","article_modified_time":"2020-12-03T20:29:49+00:00","og_image":[{"width":1440,"height":960,"url":"https:\/\/www.abf.eu\/curno\/wp-content\/uploads\/sites\/5\/2020\/12\/ABF-Curno-meccatronica.jpg","type":"image\/jpeg"}],"author":"valentinalamperti","twitter_card":"summary_large_image","twitter_misc":{"Scritto da":"valentinalamperti","Tempo di lettura stimato":"2 minuti"},"schema":{"@context":"https:\/\/schema.org","@graph":[{"@type":"WebPage","@id":"https:\/\/www.abf.eu\/curno\/save-the-meccatronica-day\/","url":"https:\/\/www.abf.eu\/curno\/save-the-meccatronica-day\/","name":"Save the Meccatronica DAY - Curno","isPartOf":{"@id":"https:\/\/www.abf.eu\/curno\/#website"},"primaryImageOfPage":{"@id":"https:\/\/www.abf.eu\/curno\/save-the-meccatronica-day\/#primaryimage"},"image":{"@id":"https:\/\/www.abf.eu\/curno\/save-the-meccatronica-day\/#primaryimage"},"thumbnailUrl":"https:\/\/www.abf.eu\/curno\/wp-content\/uploads\/sites\/5\/2020\/12\/ABF-Curno-meccatronica.jpg","datePublished":"2020-12-03T14:14:40+00:00","dateModified":"2020-12-03T20:29:49+00:00","author":{"@id":"https:\/\/www.abf.eu\/curno\/#\/schema\/person\/80f5096f53d6372bff33bd37524f0d97"},"breadcrumb":{"@id":"https:\/\/www.abf.eu\/curno\/save-the-meccatronica-day\/#breadcrumb"},"inLanguage":"it-IT","potentialAction":[{"@type":"ReadAction","target":["https:\/\/www.abf.eu\/curno\/save-the-meccatronica-day\/"]}]},{"@type":"ImageObject","inLanguage":"it-IT","@id":"https:\/\/www.abf.eu\/curno\/save-the-meccatronica-day\/#primaryimage","url":"https:\/\/www.abf.eu\/curno\/wp-content\/uploads\/sites\/5\/2020\/12\/ABF-Curno-meccatronica.jpg","contentUrl":"https:\/\/www.abf.eu\/curno\/wp-content\/uploads\/sites\/5\/2020\/12\/ABF-Curno-meccatronica.jpg","width":1440,"height":960},{"@type":"BreadcrumbList","@id":"https:\/\/www.abf.eu\/curno\/save-the-meccatronica-day\/#breadcrumb","itemListElement":[{"@type":"ListItem","position":1,"name":"Home","item":"https:\/\/www.abf.eu\/curno\/"},{"@type":"ListItem","position":2,"name":"Save the Meccatronica DAY"}]},{"@type":"WebSite","@id":"https:\/\/www.abf.eu\/curno\/#website","url":"https:\/\/www.abf.eu\/curno\/","name":"Curno","description":"Ecco un altro sito Abf siti","potentialAction":[{"@type":"SearchAction","target":{"@type":"EntryPoint","urlTemplate":"https:\/\/www.abf.eu\/curno\/?s={search_term_string}"},"query-input":{"@type":"PropertyValueSpecification","valueRequired":true,"valueName":"search_term_string"}}],"inLanguage":"it-IT"},{"@type":"Person","@id":"https:\/\/www.abf.eu\/curno\/#\/schema\/person\/80f5096f53d6372bff33bd37524f0d97","name":"valentinalamperti","image":{"@type":"ImageObject","inLanguage":"it-IT","@id":"https:\/\/www.abf.eu\/curno\/#\/schema\/person\/image\/","url":"https:\/\/secure.gravatar.com\/avatar\/d11c73440097a8b15885a92d8badf2db088be4f45591c073a5b9afd6e287e84f?s=96&d=mm&r=g","contentUrl":"https:\/\/secure.gravatar.com\/avatar\/d11c73440097a8b15885a92d8badf2db088be4f45591c073a5b9afd6e287e84f?s=96&d=mm&r=g","caption":"valentinalamperti"},"url":"https:\/\/www.abf.eu\/curno\/author\/valentinalamperti\/"}]}},"_links":{"self":[{"href":"https:\/\/www.abf.eu\/curno\/wp-json\/wp\/v2\/posts\/14581","targetHints":{"allow":["GET"]}}],"collection":[{"href":"https:\/\/www.abf.eu\/curno\/wp-json\/wp\/v2\/posts"}],"about":[{"href":"https:\/\/www.abf.eu\/curno\/wp-json\/wp\/v2\/types\/post"}],"author":[{"embeddable":true,"href":"https:\/\/www.abf.eu\/curno\/wp-json\/wp\/v2\/users\/29"}],"replies":[{"embeddable":true,"href":"https:\/\/www.abf.eu\/curno\/wp-json\/wp\/v2\/comments?post=14581"}],"version-history":[{"count":14,"href":"https:\/\/www.abf.eu\/curno\/wp-json\/wp\/v2\/posts\/14581\/revisions"}],"predecessor-version":[{"id":14609,"href":"https:\/\/www.abf.eu\/curno\/wp-json\/wp\/v2\/posts\/14581\/revisions\/14609"}],"wp:featuredmedia":[{"embeddable":true,"href":"https:\/\/www.abf.eu\/curno\/wp-json\/wp\/v2\/media\/14587"}],"wp:attachment":[{"href":"https:\/\/www.abf.eu\/curno\/wp-json\/wp\/v2\/media?parent=14581"}],"wp:term":[{"taxonomy":"category","embeddable":true,"href":"https:\/\/www.abf.eu\/curno\/wp-json\/wp\/v2\/categories?post=14581"},{"taxonomy":"post_tag","embeddable":true,"href":"https:\/\/www.abf.eu\/curno\/wp-json\/wp\/v2\/tags?post=14581"}],"curies":[{"name":"wp","href":"https:\/\/api.w.org\/{rel}","templated":true}]}}