{"id":15031,"date":"2023-10-01T13:05:13","date_gmt":"2023-10-01T11:05:13","guid":{"rendered":"https:\/\/www.abf.eu\/curno\/?p=15031"},"modified":"2023-10-24T08:38:02","modified_gmt":"2023-10-24T06:38:02","slug":"innovacar-masterclass","status":"publish","type":"post","link":"https:\/\/www.abf.eu\/curno\/innovacar-masterclass\/","title":{"rendered":"Innovacar Masterclass"},"content":{"rendered":"\n<h3 class=\"wp-block-heading\">Nasce la prima collaborazione tra ABF &#8211; Rupes &#8211; Fra-Ber e Marcello Mereu<\/h3>\n\n\n\n<p id=\"block-fb18a489-49c1-4c8d-b0f8-91892ae14893\">Quando unisci l&#8217;esperienza nel mondo della formazione professionale e nel settore auto di ABF, la qualit\u00e0 dei prodotti per la lucidatura di Rupes, l&#8217;esperienza dei prodotti per la detersione e pulizia di Fra-Ber e l&#8217;eccellenza dell&#8217;haute detaling di Marcello Mereu, cosa pu\u00f2 succedere? Nascono i primi e unici corsi di car detailing riconosciuti a livello italiano ed europeo da Regione Lombardia!<\/p>\n\n\n\n<h5 class=\"wp-block-heading\">Cos&#8217;\u00e8 il Car Detailing?<\/h5>\n\n\n\n<p id=\"block-fb18a489-49c1-4c8d-b0f8-91892ae14893\">Il Car Detailing \u00e8 l&#8217;insieme di competenze nella cura e manutenzione dell&#8217;auto e di tecniche di lavaggio, decontaminazione e lucidatura eseguite fino al minimo particolare e dettaglio interno ed esterno dell&#8217;auto, con l&#8217;obiettivo di riportare, mantenere o esaltare le condizioni del veicolo. Il processo di detailing si compone di 5 fasi: lavaggio, decontaminazione, lucidatura, protezione, mantenimento. Il corso di Innovacar Masterclass permette di acquisire le competenze per eseguire il lavaggio del veicolo, realizzare la decontaminazione chimica e meccanica del veicolo, occuparsi della protezione e del veicolo ed eseguire la lucidatura con il giusto metodo, con professionalit\u00e0 e qualit\u00e0.  <\/p>\n\n\n\n<h5 class=\"wp-block-heading\">A chi \u00e8 rivolto?<\/h5>\n\n\n\n<ul class=\"wp-block-list\">\n<li>a professionisti del settore che vogliono un attestato che riconosca le competenze di car detailing;<\/li>\n\n\n\n<li>agli appassionati di car detailing<\/li>\n\n\n\n<li>a carrozzieri e carrozzerie<\/li>\n\n\n\n<li>a lavaggisti e autolavaggi<\/li>\n\n\n\n<li>a studenti in cerca di un percorso formativo<\/li>\n<\/ul>\n\n\n\n<figure class=\"wp-block-video\"><video controls src=\"https:\/\/www.abf.eu\/curno\/wp-content\/uploads\/sites\/5\/2021\/09\/post_LANCIO-MASTERCLASS-2-1.mp4\"><\/video><\/figure>\n\n\n\n<h5 class=\"wp-block-heading\">Il riconoscimento delle competenze di Regione Lombardia<\/h5>\n\n\n\n<p id=\"block-fb18a489-49c1-4c8d-b0f8-91892ae14893\">ABF \u00e8 stato chiamato a partecipare a questo progetto fortemente voluto da Fra-Ber srl come di Ente Formativo accreditato da Regione Lombardia. In particolare, la sede di Curno \u00e8 stata coinvolta per la specificit\u00e0 nel settore dell&#8217;automotive. il Centro di Formazione Professionale di Curno, infatti,&nbsp;sin dagli inizi della sua attivit\u00e0 ha avuto l&#8217;obiettivo di formare i giovani al mondo del&nbsp;lavoro e contribuire allo sviluppo tecnologico del sistema produttivo del territorio, orientandosi in particolare verso i&nbsp;settori della meccanica e dell\u2019automotive, con l&#8217;avvio dei percorsi di qualifica professionale di <a href=\"https:\/\/www.abf.eu\/curno\/corsi\/operatore-dei-veicoli-a-motore-meccanico-dauto\/\">riparazione di autoveicoli<\/a> e di <a href=\"https:\/\/www.abf.eu\/curno\/corsi\/1-operatore-alla-riparazione-di-veicoli-a-motore-manutenzione-e-riparazione-della-carrozzeria\/\">carrozzeria<\/a>. Questo ha fatto s\u00ec che negli anni si sviluppassero esperienza e professionalit\u00e0, oltre a creare un gruppo di docenti di qualit\u00e0, laboratori attrezzati e innovativi e una rete di contatti con le aziende del territorio. <\/p>\n\n\n\n<p>Non solo, l&#8217;esperienza e il ruolo che riveste ABF nella formazione professionale come Ente Speciale della Provincia di Bergamo, ha permesso un confronto e uno scambio con Regione Lombardia affinch\u00e9 fosse possibile il riconoscimento delle competenze di car detailing. ABF, infatti, in seguito alla partecipazione diretta alle sedute della sottocommissione del 21 novembre e 13 dicembre 2019, ha ottenuto l\u2019approvazione di competenze indipendenti all\u2019interno del Quadro Regionale degli Standard Professionali (QRSP) di Regione Lombardia, cos\u00ec come riportato sul Bollettino Ufficiale di Regione Lombardia del 30 dicembre 2019. <\/p>\n\n\n\n<p>Cosa significa? Innanzitutto che \u00e8 possibile la somministrazione del corso di 16 ore inerente il lavaggio, la decontaminazione e la protezione del veicolo e del corso di altrettante 16 ore, volto all\u2019apprendimento di conoscenze e abilit\u00e0 relative alla lucidatura del veicolo. In secondo luogo, che la frequenza al corso riconosce il raggiungimento delle competenze con un Attestato di Competenze che viene rilasciato a conclusione della formazione.<\/p>\n\n\n\n<h5 class=\"wp-block-heading\" id=\"block-8e036b64-d6f5-49bf-9656-d3445b628c8f\">Articolazione del corso<\/h5>\n\n\n\n<p>I <a href=\"https:\/\/masterclass.innovacar.it\/\">corsi di Car Detailing Innovacar Masterclass<\/a> si svolgono in quattro giornate:<\/p>\n\n\n\n<ul class=\"wp-block-list\">\n<li>Il primo giorno in ABF presso la nostra sede del <strong>Centro Professionale di Curno<\/strong> <\/li>\n\n\n\n<li>Il secondo giorno in <strong>Rupes S.p.A<\/strong>.<\/li>\n\n\n\n<li>Il terzo giorno in <strong>Fra-Ber srl<\/strong><\/li>\n\n\n\n<li>Il quarto giorno nel centro <strong>Haute Detailing di Marcello Mereu<\/strong>.  <\/li>\n<\/ul>\n\n\n\n<p>Ogni giornata sar\u00e0 composta sia da una parte teorica che da una sezione pratica e, alla fine del corso, i partecipanti riceveranno un attestato di competenze da Regione Lombardia. <\/p>\n","protected":false},"excerpt":{"rendered":"<p>Nasce la prima collaborazione tra ABF &#8211; Rupes &#8211; Fra-Ber<\/p>\n","protected":false},"author":29,"featured_media":15239,"comment_status":"closed","ping_status":"open","sticky":false,"template":"","format":"standard","meta":{"footnotes":""},"categories":[1],"tags":[],"class_list":["post-15031","post","type-post","status-publish","format-standard","has-post-thumbnail","hentry","category-senza-categoria"],"yoast_head":"<!-- This site is optimized with the Yoast SEO plugin v25.8 - https:\/\/yoast.com\/wordpress\/plugins\/seo\/ -->\n<title>Innovacar Masterclass - Curno<\/title>\n<meta name=\"description\" content=\"i primi e unici corsi di car detailing riconosciuti a livello italiano ed europeo da Regione Lombardia\" \/>\n<meta name=\"robots\" content=\"index, follow, max-snippet:-1, max-image-preview:large, max-video-preview:-1\" \/>\n<link rel=\"canonical\" href=\"https:\/\/www.abf.eu\/curno\/innovacar-masterclass\/\" \/>\n<meta property=\"og:locale\" content=\"it_IT\" \/>\n<meta property=\"og:type\" content=\"article\" \/>\n<meta property=\"og:title\" content=\"Innovacar Masterclass - Curno\" \/>\n<meta property=\"og:description\" content=\"i primi e unici corsi di car detailing riconosciuti a livello italiano ed europeo da Regione Lombardia\" \/>\n<meta property=\"og:url\" content=\"https:\/\/www.abf.eu\/curno\/innovacar-masterclass\/\" \/>\n<meta property=\"og:site_name\" content=\"Curno\" \/>\n<meta property=\"article:published_time\" content=\"2023-10-01T11:05:13+00:00\" \/>\n<meta property=\"article:modified_time\" content=\"2023-10-24T06:38:02+00:00\" \/>\n<meta property=\"og:image\" content=\"https:\/\/www.abf.eu\/curno\/wp-content\/uploads\/sites\/5\/2021\/10\/Innovacar-ABF.jpg\" \/>\n\t<meta property=\"og:image:width\" content=\"1000\" \/>\n\t<meta property=\"og:image:height\" content=\"667\" \/>\n\t<meta property=\"og:image:type\" content=\"image\/jpeg\" \/>\n<meta name=\"author\" content=\"valentinalamperti\" \/>\n<meta name=\"twitter:card\" content=\"summary_large_image\" \/>\n<meta name=\"twitter:label1\" content=\"Scritto da\" \/>\n\t<meta name=\"twitter:data1\" content=\"valentinalamperti\" \/>\n\t<meta name=\"twitter:label2\" content=\"Tempo di lettura stimato\" \/>\n\t<meta name=\"twitter:data2\" content=\"4 minuti\" \/>\n<script type=\"application\/ld+json\" class=\"yoast-schema-graph\">{\"@context\":\"https:\/\/schema.org\",\"@graph\":[{\"@type\":\"WebPage\",\"@id\":\"https:\/\/www.abf.eu\/curno\/innovacar-masterclass\/\",\"url\":\"https:\/\/www.abf.eu\/curno\/innovacar-masterclass\/\",\"name\":\"Innovacar Masterclass - Curno\",\"isPartOf\":{\"@id\":\"https:\/\/www.abf.eu\/curno\/#website\"},\"primaryImageOfPage\":{\"@id\":\"https:\/\/www.abf.eu\/curno\/innovacar-masterclass\/#primaryimage\"},\"image\":{\"@id\":\"https:\/\/www.abf.eu\/curno\/innovacar-masterclass\/#primaryimage\"},\"thumbnailUrl\":\"https:\/\/www.abf.eu\/curno\/wp-content\/uploads\/sites\/5\/2021\/10\/Innovacar-ABF.jpg\",\"datePublished\":\"2023-10-01T11:05:13+00:00\",\"dateModified\":\"2023-10-24T06:38:02+00:00\",\"author\":{\"@id\":\"https:\/\/www.abf.eu\/curno\/#\/schema\/person\/80f5096f53d6372bff33bd37524f0d97\"},\"description\":\"i primi e unici corsi di car detailing riconosciuti a livello italiano ed europeo da Regione Lombardia\",\"breadcrumb\":{\"@id\":\"https:\/\/www.abf.eu\/curno\/innovacar-masterclass\/#breadcrumb\"},\"inLanguage\":\"it-IT\",\"potentialAction\":[{\"@type\":\"ReadAction\",\"target\":[\"https:\/\/www.abf.eu\/curno\/innovacar-masterclass\/\"]}]},{\"@type\":\"ImageObject\",\"inLanguage\":\"it-IT\",\"@id\":\"https:\/\/www.abf.eu\/curno\/innovacar-masterclass\/#primaryimage\",\"url\":\"https:\/\/www.abf.eu\/curno\/wp-content\/uploads\/sites\/5\/2021\/10\/Innovacar-ABF.jpg\",\"contentUrl\":\"https:\/\/www.abf.eu\/curno\/wp-content\/uploads\/sites\/5\/2021\/10\/Innovacar-ABF.jpg\",\"width\":1000,\"height\":667,\"caption\":\"locandina innovacar masterclass\"},{\"@type\":\"BreadcrumbList\",\"@id\":\"https:\/\/www.abf.eu\/curno\/innovacar-masterclass\/#breadcrumb\",\"itemListElement\":[{\"@type\":\"ListItem\",\"position\":1,\"name\":\"Home\",\"item\":\"https:\/\/www.abf.eu\/curno\/\"},{\"@type\":\"ListItem\",\"position\":2,\"name\":\"Innovacar Masterclass\"}]},{\"@type\":\"WebSite\",\"@id\":\"https:\/\/www.abf.eu\/curno\/#website\",\"url\":\"https:\/\/www.abf.eu\/curno\/\",\"name\":\"Curno\",\"description\":\"Ecco un altro sito Abf siti\",\"potentialAction\":[{\"@type\":\"SearchAction\",\"target\":{\"@type\":\"EntryPoint\",\"urlTemplate\":\"https:\/\/www.abf.eu\/curno\/?s={search_term_string}\"},\"query-input\":{\"@type\":\"PropertyValueSpecification\",\"valueRequired\":true,\"valueName\":\"search_term_string\"}}],\"inLanguage\":\"it-IT\"},{\"@type\":\"Person\",\"@id\":\"https:\/\/www.abf.eu\/curno\/#\/schema\/person\/80f5096f53d6372bff33bd37524f0d97\",\"name\":\"valentinalamperti\",\"image\":{\"@type\":\"ImageObject\",\"inLanguage\":\"it-IT\",\"@id\":\"https:\/\/www.abf.eu\/curno\/#\/schema\/person\/image\/\",\"url\":\"https:\/\/secure.gravatar.com\/avatar\/d11c73440097a8b15885a92d8badf2db088be4f45591c073a5b9afd6e287e84f?s=96&d=mm&r=g\",\"contentUrl\":\"https:\/\/secure.gravatar.com\/avatar\/d11c73440097a8b15885a92d8badf2db088be4f45591c073a5b9afd6e287e84f?s=96&d=mm&r=g\",\"caption\":\"valentinalamperti\"},\"url\":\"https:\/\/www.abf.eu\/curno\/author\/valentinalamperti\/\"}]}<\/script>\n<!-- \/ Yoast SEO plugin. -->","yoast_head_json":{"title":"Innovacar Masterclass - Curno","description":"i primi e unici corsi di car detailing riconosciuti a livello italiano ed europeo da Regione Lombardia","robots":{"index":"index","follow":"follow","max-snippet":"max-snippet:-1","max-image-preview":"max-image-preview:large","max-video-preview":"max-video-preview:-1"},"canonical":"https:\/\/www.abf.eu\/curno\/innovacar-masterclass\/","og_locale":"it_IT","og_type":"article","og_title":"Innovacar Masterclass - Curno","og_description":"i primi e unici corsi di car detailing riconosciuti a livello italiano ed europeo da Regione Lombardia","og_url":"https:\/\/www.abf.eu\/curno\/innovacar-masterclass\/","og_site_name":"Curno","article_published_time":"2023-10-01T11:05:13+00:00","article_modified_time":"2023-10-24T06:38:02+00:00","og_image":[{"width":1000,"height":667,"url":"https:\/\/www.abf.eu\/curno\/wp-content\/uploads\/sites\/5\/2021\/10\/Innovacar-ABF.jpg","type":"image\/jpeg"}],"author":"valentinalamperti","twitter_card":"summary_large_image","twitter_misc":{"Scritto da":"valentinalamperti","Tempo di lettura stimato":"4 minuti"},"schema":{"@context":"https:\/\/schema.org","@graph":[{"@type":"WebPage","@id":"https:\/\/www.abf.eu\/curno\/innovacar-masterclass\/","url":"https:\/\/www.abf.eu\/curno\/innovacar-masterclass\/","name":"Innovacar Masterclass - Curno","isPartOf":{"@id":"https:\/\/www.abf.eu\/curno\/#website"},"primaryImageOfPage":{"@id":"https:\/\/www.abf.eu\/curno\/innovacar-masterclass\/#primaryimage"},"image":{"@id":"https:\/\/www.abf.eu\/curno\/innovacar-masterclass\/#primaryimage"},"thumbnailUrl":"https:\/\/www.abf.eu\/curno\/wp-content\/uploads\/sites\/5\/2021\/10\/Innovacar-ABF.jpg","datePublished":"2023-10-01T11:05:13+00:00","dateModified":"2023-10-24T06:38:02+00:00","author":{"@id":"https:\/\/www.abf.eu\/curno\/#\/schema\/person\/80f5096f53d6372bff33bd37524f0d97"},"description":"i primi e unici corsi di car detailing riconosciuti a livello italiano ed europeo da Regione Lombardia","breadcrumb":{"@id":"https:\/\/www.abf.eu\/curno\/innovacar-masterclass\/#breadcrumb"},"inLanguage":"it-IT","potentialAction":[{"@type":"ReadAction","target":["https:\/\/www.abf.eu\/curno\/innovacar-masterclass\/"]}]},{"@type":"ImageObject","inLanguage":"it-IT","@id":"https:\/\/www.abf.eu\/curno\/innovacar-masterclass\/#primaryimage","url":"https:\/\/www.abf.eu\/curno\/wp-content\/uploads\/sites\/5\/2021\/10\/Innovacar-ABF.jpg","contentUrl":"https:\/\/www.abf.eu\/curno\/wp-content\/uploads\/sites\/5\/2021\/10\/Innovacar-ABF.jpg","width":1000,"height":667,"caption":"locandina innovacar masterclass"},{"@type":"BreadcrumbList","@id":"https:\/\/www.abf.eu\/curno\/innovacar-masterclass\/#breadcrumb","itemListElement":[{"@type":"ListItem","position":1,"name":"Home","item":"https:\/\/www.abf.eu\/curno\/"},{"@type":"ListItem","position":2,"name":"Innovacar Masterclass"}]},{"@type":"WebSite","@id":"https:\/\/www.abf.eu\/curno\/#website","url":"https:\/\/www.abf.eu\/curno\/","name":"Curno","description":"Ecco un altro sito Abf siti","potentialAction":[{"@type":"SearchAction","target":{"@type":"EntryPoint","urlTemplate":"https:\/\/www.abf.eu\/curno\/?s={search_term_string}"},"query-input":{"@type":"PropertyValueSpecification","valueRequired":true,"valueName":"search_term_string"}}],"inLanguage":"it-IT"},{"@type":"Person","@id":"https:\/\/www.abf.eu\/curno\/#\/schema\/person\/80f5096f53d6372bff33bd37524f0d97","name":"valentinalamperti","image":{"@type":"ImageObject","inLanguage":"it-IT","@id":"https:\/\/www.abf.eu\/curno\/#\/schema\/person\/image\/","url":"https:\/\/secure.gravatar.com\/avatar\/d11c73440097a8b15885a92d8badf2db088be4f45591c073a5b9afd6e287e84f?s=96&d=mm&r=g","contentUrl":"https:\/\/secure.gravatar.com\/avatar\/d11c73440097a8b15885a92d8badf2db088be4f45591c073a5b9afd6e287e84f?s=96&d=mm&r=g","caption":"valentinalamperti"},"url":"https:\/\/www.abf.eu\/curno\/author\/valentinalamperti\/"}]}},"_links":{"self":[{"href":"https:\/\/www.abf.eu\/curno\/wp-json\/wp\/v2\/posts\/15031","targetHints":{"allow":["GET"]}}],"collection":[{"href":"https:\/\/www.abf.eu\/curno\/wp-json\/wp\/v2\/posts"}],"about":[{"href":"https:\/\/www.abf.eu\/curno\/wp-json\/wp\/v2\/types\/post"}],"author":[{"embeddable":true,"href":"https:\/\/www.abf.eu\/curno\/wp-json\/wp\/v2\/users\/29"}],"replies":[{"embeddable":true,"href":"https:\/\/www.abf.eu\/curno\/wp-json\/wp\/v2\/comments?post=15031"}],"version-history":[{"count":30,"href":"https:\/\/www.abf.eu\/curno\/wp-json\/wp\/v2\/posts\/15031\/revisions"}],"predecessor-version":[{"id":16375,"href":"https:\/\/www.abf.eu\/curno\/wp-json\/wp\/v2\/posts\/15031\/revisions\/16375"}],"wp:featuredmedia":[{"embeddable":true,"href":"https:\/\/www.abf.eu\/curno\/wp-json\/wp\/v2\/media\/15239"}],"wp:attachment":[{"href":"https:\/\/www.abf.eu\/curno\/wp-json\/wp\/v2\/media?parent=15031"}],"wp:term":[{"taxonomy":"category","embeddable":true,"href":"https:\/\/www.abf.eu\/curno\/wp-json\/wp\/v2\/categories?post=15031"},{"taxonomy":"post_tag","embeddable":true,"href":"https:\/\/www.abf.eu\/curno\/wp-json\/wp\/v2\/tags?post=15031"}],"curies":[{"name":"wp","href":"https:\/\/api.w.org\/{rel}","templated":true}]}}