{"id":15254,"date":"2023-05-10T15:25:00","date_gmt":"2023-05-10T13:25:00","guid":{"rendered":"https:\/\/www.abf.eu\/curno\/?p=15254"},"modified":"2023-06-27T12:15:36","modified_gmt":"2023-06-27T10:15:36","slug":"orientamento-abf-curno-cavalca-londa-giusta","status":"publish","type":"post","link":"https:\/\/www.abf.eu\/curno\/orientamento-abf-curno-cavalca-londa-giusta\/","title":{"rendered":"Orientamento ABF Curno: cavalca l&#8217;onda giusta!"},"content":{"rendered":"\n<h3 class=\"wp-block-heading\">ABF ripropone l\u2019iniziativa \u201cCavalca l\u2019onda\u201d! <\/h3>\n\n\n\n<p>Scegliere il percorso formativo adatto alle proprie attitudini \u00e8 un momento delicato e non facile per tutti gli studenti. Per cavalcare l&#8217;onda giusta come fanno i grandi surfisti delle spiagge di Malib\u00f9 \u00e8 necessaria pazienza e allenamento. Evitare di perdere l&#8217;equilibrio sulla tavola, scegliendo percorsi scolastici non affini alle proprie capacit\u00e0 e alla propria personalit\u00e0, \u00e8 l&#8217;obiettivo finale e noi siamo qui per aiutarti! Se non sei soddisfatto del percorso che hai intrapreso o se hai abbandonato gli studi ma vorresti ricominciare, se hai dubbi sul tuo futuro e cerchi una qualifica ma non riesci a trovare risposte, allora <strong>cavalca l\u2019onda \u00e8 ci\u00f2 che fa per te!<\/strong><\/p>\n\n\n\n<p>Se sei interessato ai settori:<\/p>\n\n\n\n<ul class=\"wp-block-list\">\n<li><a href=\"https:\/\/www.abf.eu\/curno\/corsi\/operatore-meccatronico\/\">Meccatronico<\/a><\/li>\n\n\n\n<li><a href=\"https:\/\/www.abf.eu\/curno\/corsi\/1-operatore-alla-riparazione-di-veicoli-a-motore-manutenzione-e-riparazione-della-carrozzeria\/\">Carrozziere<\/a><\/li>\n\n\n\n<li><a href=\"https:\/\/www.abf.eu\/curno\/corsi\/operatore-dei-veicoli-a-motore-meccanico-dauto\/\">Meccanico auto<\/a><\/li>\n<\/ul>\n\n\n\n<p>Abf Curno ti apre le porte per conoscere meglio la nostra scuola, i percorsi professionali e i nostri laboratori.<\/p>\n\n\n\n<p id=\"block-84028b3c-88c2-4d4d-837d-228df8bcba41\"><strong>Come?<\/strong><\/p>\n\n\n\n<p>Attraverso una semplice iscrizione potrete partecipare ad attivit\u00e0 didattiche e professionali, accompagnati dai nostri docenti e studenti, prendendo parte attivamente alle lezioni delle classi presenti all\u2019interno dei nostri laboratori.<\/p>\n\n\n\n<h5 class=\"wp-block-heading\">Scegli quale onda cavalcare!<\/h5>\n\n\n\n<h5 class=\"wp-block-heading\"><strong>Meccatronica<\/strong><\/h5>\n\n\n\n<p>Verrete coinvolti in esperienze laboratoriali di meccanica, pneumatica ed elettrotecnica. La prima parte sar\u00e0 svolta nel laboratorio di meccanica dove verranno utilizzati i nostri macchinari per produrre un piccolo particolare meccanico. La seconda parte dell&#8217;esperienza invece verr\u00e0 svolta nel laboratorio di informatica utilizzando il software per il disegno meccanico &#8220;AUTOCAD&#8221; con cui imparerete negli anni a disegnare particolari meccanici. Terzo ed ultimo step della giornata sar\u00e0 la partecipazione alla lezione di elettrotecnica e pneumatica qui svolgerete attivit\u00e0 di cablaggio elettrotecnico e pneumatico atti alla movimentazione di pistoni automatici per l&#8217;automazione industriale.<\/p>\n\n\n\n<p>L\u2019attivit\u00e0 verr\u00e0 svolta nella sede di Curno in Via Padre Finazzi 10<\/p>\n\n\n\n<ul class=\"wp-block-list\">\n<li>Mercoled\u00ec 17 Maggio dalle 8:30 alle 12:30<\/li>\n<\/ul>\n\n\n\n<ul class=\"wp-block-list\">\n<li>Marted\u00ec 20 Giugno e Mercoled\u00ec 21 Giugno dalle 8:30 alle 12:30 <\/li>\n<\/ul>\n\n\n\n<ul class=\"wp-block-list\">\n<li>Mercoled\u00ec 12 Luglio e Gioved\u00ec 13 Luglio dalle 8:30 alle 12:30 <\/li>\n<\/ul>\n\n\n\n<p><\/p>\n\n\n\n<figure class=\"wp-block-image size-full is-resized\"><img loading=\"lazy\" decoding=\"async\" src=\"https:\/\/www.abf.eu\/curno\/wp-content\/uploads\/sites\/5\/2022\/04\/3.jpg\" alt=\"\" class=\"wp-image-15284\" width=\"720\" height=\"407\" srcset=\"https:\/\/www.abf.eu\/curno\/wp-content\/uploads\/sites\/5\/2022\/04\/3.jpg 960w, https:\/\/www.abf.eu\/curno\/wp-content\/uploads\/sites\/5\/2022\/04\/3-300x170.jpg 300w, https:\/\/www.abf.eu\/curno\/wp-content\/uploads\/sites\/5\/2022\/04\/3-768x434.jpg 768w, https:\/\/www.abf.eu\/curno\/wp-content\/uploads\/sites\/5\/2022\/04\/3-600x339.jpg 600w\" sizes=\"auto, (max-width: 720px) 100vw, 720px\" \/><\/figure>\n\n\n\n<p><\/p>\n\n\n\n<p><strong>Carrozzeria<\/strong><\/p>\n\n\n\n<p>Nel laboratorio di carrozzeria potrete assistere a quelle che sono le due fasi del lavoro del carrozziere: lattoneria e verniciatura. Assisteranno alle fasi di lattoneria, ovvero l\u2019attivit\u00e0 di lavorazione artigianale delle lamiere applicato alle carrozzerie auto. Assisteranno da vicino all\u2019attivit\u00e0 di verniciatura, indossando i dispositivi di protezione individuale che verranno forniti dai nostri docenti.<\/p>\n\n\n\n<p>L\u2019attivit\u00e0 verr\u00e0 svolta nella sede di Curno in Via Padre Finazzi 10<\/p>\n\n\n\n<ul class=\"wp-block-list\">\n<li>Mercoled\u00ec 17 Maggio dalle 8:30 alle 12:30<\/li>\n<\/ul>\n\n\n\n<ul class=\"wp-block-list\">\n<li>Marted\u00ec 20 Giugno e Mercoled\u00ec 21 Giugno dalle 8:30 alle 12:30 <\/li>\n<\/ul>\n\n\n\n<ul class=\"wp-block-list\">\n<li>Mercoled\u00ec 12 Luglio e Gioved\u00ec 13 Luglio dalle 8:30 alle 12:30 <\/li>\n<\/ul>\n\n\n\n<p><\/p>\n\n\n\n<figure class=\"wp-block-image size-full is-resized\"><img loading=\"lazy\" decoding=\"async\" src=\"https:\/\/www.abf.eu\/curno\/wp-content\/uploads\/sites\/5\/2022\/04\/1-1.jpg\" alt=\"\" class=\"wp-image-15286\" width=\"720\" height=\"540\" srcset=\"https:\/\/www.abf.eu\/curno\/wp-content\/uploads\/sites\/5\/2022\/04\/1-1.jpg 960w, https:\/\/www.abf.eu\/curno\/wp-content\/uploads\/sites\/5\/2022\/04\/1-1-300x225.jpg 300w, https:\/\/www.abf.eu\/curno\/wp-content\/uploads\/sites\/5\/2022\/04\/1-1-768x576.jpg 768w, https:\/\/www.abf.eu\/curno\/wp-content\/uploads\/sites\/5\/2022\/04\/1-1-533x400.jpg 533w\" sizes=\"auto, (max-width: 720px) 100vw, 720px\" \/><\/figure>\n\n\n\n<p><\/p>\n\n\n\n<h5 class=\"wp-block-heading\">Meccanico Auto<\/h5>\n\n\n\n<p>Potrete vedere com\u2019\u00e8 strutturato un\u2019officina auto e assistere ad una lezione degli studenti mentre riparano o svolgono una diagnosi su un motore. I nostri docenti saranno pronti ad affiancarvi e dare spiegazioni sulle mansioni da svolgere, in modo da chiarirvi qualunque dubbio o perplessit\u00e0 riguardo il contenuto del percorso formativo imparando sul campo.<\/p>\n\n\n\n<p>L\u2019attivit\u00e0 verr\u00e0 svolta nella sede di Curno in Via Padre Finazzi 10<\/p>\n\n\n\n<ul class=\"wp-block-list\">\n<li>Mercoled\u00ec 17 Maggio dalle 8:30 alle 12:30<\/li>\n<\/ul>\n\n\n\n<ul class=\"wp-block-list\">\n<li>Marted\u00ec 20 Giugno e Mercoled\u00ec 21 Giugno dalle 8:30 alle 12:30 <\/li>\n<\/ul>\n\n\n\n<ul class=\"wp-block-list\">\n<li>Mercoled\u00ec 12 Luglio e Gioved\u00ec 13 Luglio dalle 8:30 alle 12:30 <\/li>\n<\/ul>\n\n\n\n<p><\/p>\n\n\n\n<figure class=\"wp-block-image size-full is-resized\"><img loading=\"lazy\" decoding=\"async\" src=\"https:\/\/www.abf.eu\/curno\/wp-content\/uploads\/sites\/5\/2022\/04\/4.jpg\" alt=\"\" class=\"wp-image-15287\" width=\"720\" height=\"540\" srcset=\"https:\/\/www.abf.eu\/curno\/wp-content\/uploads\/sites\/5\/2022\/04\/4.jpg 960w, https:\/\/www.abf.eu\/curno\/wp-content\/uploads\/sites\/5\/2022\/04\/4-300x225.jpg 300w, https:\/\/www.abf.eu\/curno\/wp-content\/uploads\/sites\/5\/2022\/04\/4-768x576.jpg 768w, https:\/\/www.abf.eu\/curno\/wp-content\/uploads\/sites\/5\/2022\/04\/4-533x400.jpg 533w\" sizes=\"auto, (max-width: 720px) 100vw, 720px\" \/><\/figure>\n\n\n\n<p>Se hai delle domande consulta prima le nostre <a href=\"https:\/\/docs.google.com\/document\/d\/1nD26Be45J4UG37xLYNjujtDFJYxndEoRkU2beCePguA\/edit\">FAQ<\/a><\/p>\n\n\n\n<p>Se sei interessato ma le attivit\u00e0 sono gi\u00e0 state svolte, non temere! siamo sempre pronti ad accogliere nuovi ragazzi volenterosi, quindi non esitare a contattarci per un colloquio conoscitivo! Avrai la possibilit\u00e0 di parlare con il coordinatore di settore e visitare la scuola.<\/p>\n\n\n\n<p><a href=\"https:\/\/www.abf.eu\/curno\/contatti-e-referenti\/\">Clicca qui<\/a> per i nostri contatti.<\/p>\n\n\n\n<p>Per iscriverti <strong><a href=\"https:\/\/docs.google.com\/forms\/d\/e\/1FAIpQLSdy0rPjtL0aOuuzl0wr7OuD5-OWHqujQTKlgRVCaS6oO0EDRA\/viewform\">clicca qui<\/a><\/strong> e compila il form <\/p>\n\n\n\n<p><\/p>\n","protected":false},"excerpt":{"rendered":"<p>ABF ripropone l\u2019iniziativa \u201cCavalca l\u2019onda\u201d! Scegliere il percorso formativo adatto<\/p>\n","protected":false},"author":29,"featured_media":16083,"comment_status":"closed","ping_status":"open","sticky":false,"template":"","format":"standard","meta":{"footnotes":""},"categories":[1],"tags":[],"class_list":["post-15254","post","type-post","status-publish","format-standard","has-post-thumbnail","hentry","category-senza-categoria"],"yoast_head":"<!-- This site is optimized with the Yoast SEO plugin v25.8 - https:\/\/yoast.com\/wordpress\/plugins\/seo\/ -->\n<title>Orientamento ABF Curno: cavalca l&#039;onda giusta! - Curno<\/title>\n<meta name=\"description\" content=\"Scopri i percorsi di ABF Curno grazie all&#039;iniziativa CAVALCA L&#039;ONDA: iscriviti e vieni a provare il tuo futuro.\" \/>\n<meta name=\"robots\" content=\"index, follow, max-snippet:-1, max-image-preview:large, max-video-preview:-1\" \/>\n<link rel=\"canonical\" href=\"https:\/\/www.abf.eu\/curno\/orientamento-abf-curno-cavalca-londa-giusta\/\" \/>\n<meta property=\"og:locale\" content=\"it_IT\" \/>\n<meta property=\"og:type\" content=\"article\" \/>\n<meta property=\"og:title\" content=\"Orientamento ABF Curno: cavalca l&#039;onda giusta! - Curno\" \/>\n<meta property=\"og:description\" content=\"Scopri i percorsi di ABF Curno grazie all&#039;iniziativa CAVALCA L&#039;ONDA: iscriviti e vieni a provare il tuo futuro.\" \/>\n<meta property=\"og:url\" content=\"https:\/\/www.abf.eu\/curno\/orientamento-abf-curno-cavalca-londa-giusta\/\" \/>\n<meta property=\"og:site_name\" content=\"Curno\" \/>\n<meta property=\"article:published_time\" content=\"2023-05-10T13:25:00+00:00\" \/>\n<meta property=\"article:modified_time\" content=\"2023-06-27T10:15:36+00:00\" \/>\n<meta property=\"og:image\" content=\"https:\/\/www.abf.eu\/curno\/wp-content\/uploads\/sites\/5\/2023\/05\/news-finale-surf.jpg\" \/>\n\t<meta property=\"og:image:width\" content=\"1000\" \/>\n\t<meta property=\"og:image:height\" content=\"667\" \/>\n\t<meta property=\"og:image:type\" content=\"image\/jpeg\" \/>\n<meta name=\"author\" content=\"valentinalamperti\" \/>\n<meta name=\"twitter:card\" content=\"summary_large_image\" \/>\n<meta name=\"twitter:label1\" content=\"Scritto da\" \/>\n\t<meta name=\"twitter:data1\" content=\"valentinalamperti\" \/>\n\t<meta name=\"twitter:label2\" content=\"Tempo di lettura stimato\" \/>\n\t<meta name=\"twitter:data2\" content=\"4 minuti\" \/>\n<script type=\"application\/ld+json\" class=\"yoast-schema-graph\">{\"@context\":\"https:\/\/schema.org\",\"@graph\":[{\"@type\":\"WebPage\",\"@id\":\"https:\/\/www.abf.eu\/curno\/orientamento-abf-curno-cavalca-londa-giusta\/\",\"url\":\"https:\/\/www.abf.eu\/curno\/orientamento-abf-curno-cavalca-londa-giusta\/\",\"name\":\"Orientamento ABF Curno: cavalca l'onda giusta! - Curno\",\"isPartOf\":{\"@id\":\"https:\/\/www.abf.eu\/curno\/#website\"},\"primaryImageOfPage\":{\"@id\":\"https:\/\/www.abf.eu\/curno\/orientamento-abf-curno-cavalca-londa-giusta\/#primaryimage\"},\"image\":{\"@id\":\"https:\/\/www.abf.eu\/curno\/orientamento-abf-curno-cavalca-londa-giusta\/#primaryimage\"},\"thumbnailUrl\":\"https:\/\/www.abf.eu\/curno\/wp-content\/uploads\/sites\/5\/2023\/05\/news-finale-surf.jpg\",\"datePublished\":\"2023-05-10T13:25:00+00:00\",\"dateModified\":\"2023-06-27T10:15:36+00:00\",\"author\":{\"@id\":\"https:\/\/www.abf.eu\/curno\/#\/schema\/person\/80f5096f53d6372bff33bd37524f0d97\"},\"description\":\"Scopri i percorsi di ABF Curno grazie all'iniziativa CAVALCA L'ONDA: iscriviti e vieni a provare il tuo futuro.\",\"breadcrumb\":{\"@id\":\"https:\/\/www.abf.eu\/curno\/orientamento-abf-curno-cavalca-londa-giusta\/#breadcrumb\"},\"inLanguage\":\"it-IT\",\"potentialAction\":[{\"@type\":\"ReadAction\",\"target\":[\"https:\/\/www.abf.eu\/curno\/orientamento-abf-curno-cavalca-londa-giusta\/\"]}]},{\"@type\":\"ImageObject\",\"inLanguage\":\"it-IT\",\"@id\":\"https:\/\/www.abf.eu\/curno\/orientamento-abf-curno-cavalca-londa-giusta\/#primaryimage\",\"url\":\"https:\/\/www.abf.eu\/curno\/wp-content\/uploads\/sites\/5\/2023\/05\/news-finale-surf.jpg\",\"contentUrl\":\"https:\/\/www.abf.eu\/curno\/wp-content\/uploads\/sites\/5\/2023\/05\/news-finale-surf.jpg\",\"width\":1000,\"height\":667},{\"@type\":\"BreadcrumbList\",\"@id\":\"https:\/\/www.abf.eu\/curno\/orientamento-abf-curno-cavalca-londa-giusta\/#breadcrumb\",\"itemListElement\":[{\"@type\":\"ListItem\",\"position\":1,\"name\":\"Home\",\"item\":\"https:\/\/www.abf.eu\/curno\/\"},{\"@type\":\"ListItem\",\"position\":2,\"name\":\"Orientamento ABF Curno: cavalca l&#8217;onda giusta!\"}]},{\"@type\":\"WebSite\",\"@id\":\"https:\/\/www.abf.eu\/curno\/#website\",\"url\":\"https:\/\/www.abf.eu\/curno\/\",\"name\":\"Curno\",\"description\":\"Ecco un altro sito Abf siti\",\"potentialAction\":[{\"@type\":\"SearchAction\",\"target\":{\"@type\":\"EntryPoint\",\"urlTemplate\":\"https:\/\/www.abf.eu\/curno\/?s={search_term_string}\"},\"query-input\":{\"@type\":\"PropertyValueSpecification\",\"valueRequired\":true,\"valueName\":\"search_term_string\"}}],\"inLanguage\":\"it-IT\"},{\"@type\":\"Person\",\"@id\":\"https:\/\/www.abf.eu\/curno\/#\/schema\/person\/80f5096f53d6372bff33bd37524f0d97\",\"name\":\"valentinalamperti\",\"image\":{\"@type\":\"ImageObject\",\"inLanguage\":\"it-IT\",\"@id\":\"https:\/\/www.abf.eu\/curno\/#\/schema\/person\/image\/\",\"url\":\"https:\/\/secure.gravatar.com\/avatar\/d11c73440097a8b15885a92d8badf2db088be4f45591c073a5b9afd6e287e84f?s=96&d=mm&r=g\",\"contentUrl\":\"https:\/\/secure.gravatar.com\/avatar\/d11c73440097a8b15885a92d8badf2db088be4f45591c073a5b9afd6e287e84f?s=96&d=mm&r=g\",\"caption\":\"valentinalamperti\"},\"url\":\"https:\/\/www.abf.eu\/curno\/author\/valentinalamperti\/\"}]}<\/script>\n<!-- \/ Yoast SEO plugin. -->","yoast_head_json":{"title":"Orientamento ABF Curno: cavalca l'onda giusta! - Curno","description":"Scopri i percorsi di ABF Curno grazie all'iniziativa CAVALCA L'ONDA: iscriviti e vieni a provare il tuo futuro.","robots":{"index":"index","follow":"follow","max-snippet":"max-snippet:-1","max-image-preview":"max-image-preview:large","max-video-preview":"max-video-preview:-1"},"canonical":"https:\/\/www.abf.eu\/curno\/orientamento-abf-curno-cavalca-londa-giusta\/","og_locale":"it_IT","og_type":"article","og_title":"Orientamento ABF Curno: cavalca l'onda giusta! - Curno","og_description":"Scopri i percorsi di ABF Curno grazie all'iniziativa CAVALCA L'ONDA: iscriviti e vieni a provare il tuo futuro.","og_url":"https:\/\/www.abf.eu\/curno\/orientamento-abf-curno-cavalca-londa-giusta\/","og_site_name":"Curno","article_published_time":"2023-05-10T13:25:00+00:00","article_modified_time":"2023-06-27T10:15:36+00:00","og_image":[{"width":1000,"height":667,"url":"https:\/\/www.abf.eu\/curno\/wp-content\/uploads\/sites\/5\/2023\/05\/news-finale-surf.jpg","type":"image\/jpeg"}],"author":"valentinalamperti","twitter_card":"summary_large_image","twitter_misc":{"Scritto da":"valentinalamperti","Tempo di lettura stimato":"4 minuti"},"schema":{"@context":"https:\/\/schema.org","@graph":[{"@type":"WebPage","@id":"https:\/\/www.abf.eu\/curno\/orientamento-abf-curno-cavalca-londa-giusta\/","url":"https:\/\/www.abf.eu\/curno\/orientamento-abf-curno-cavalca-londa-giusta\/","name":"Orientamento ABF Curno: cavalca l'onda giusta! - Curno","isPartOf":{"@id":"https:\/\/www.abf.eu\/curno\/#website"},"primaryImageOfPage":{"@id":"https:\/\/www.abf.eu\/curno\/orientamento-abf-curno-cavalca-londa-giusta\/#primaryimage"},"image":{"@id":"https:\/\/www.abf.eu\/curno\/orientamento-abf-curno-cavalca-londa-giusta\/#primaryimage"},"thumbnailUrl":"https:\/\/www.abf.eu\/curno\/wp-content\/uploads\/sites\/5\/2023\/05\/news-finale-surf.jpg","datePublished":"2023-05-10T13:25:00+00:00","dateModified":"2023-06-27T10:15:36+00:00","author":{"@id":"https:\/\/www.abf.eu\/curno\/#\/schema\/person\/80f5096f53d6372bff33bd37524f0d97"},"description":"Scopri i percorsi di ABF Curno grazie all'iniziativa CAVALCA L'ONDA: iscriviti e vieni a provare il tuo futuro.","breadcrumb":{"@id":"https:\/\/www.abf.eu\/curno\/orientamento-abf-curno-cavalca-londa-giusta\/#breadcrumb"},"inLanguage":"it-IT","potentialAction":[{"@type":"ReadAction","target":["https:\/\/www.abf.eu\/curno\/orientamento-abf-curno-cavalca-londa-giusta\/"]}]},{"@type":"ImageObject","inLanguage":"it-IT","@id":"https:\/\/www.abf.eu\/curno\/orientamento-abf-curno-cavalca-londa-giusta\/#primaryimage","url":"https:\/\/www.abf.eu\/curno\/wp-content\/uploads\/sites\/5\/2023\/05\/news-finale-surf.jpg","contentUrl":"https:\/\/www.abf.eu\/curno\/wp-content\/uploads\/sites\/5\/2023\/05\/news-finale-surf.jpg","width":1000,"height":667},{"@type":"BreadcrumbList","@id":"https:\/\/www.abf.eu\/curno\/orientamento-abf-curno-cavalca-londa-giusta\/#breadcrumb","itemListElement":[{"@type":"ListItem","position":1,"name":"Home","item":"https:\/\/www.abf.eu\/curno\/"},{"@type":"ListItem","position":2,"name":"Orientamento ABF Curno: cavalca l&#8217;onda giusta!"}]},{"@type":"WebSite","@id":"https:\/\/www.abf.eu\/curno\/#website","url":"https:\/\/www.abf.eu\/curno\/","name":"Curno","description":"Ecco un altro sito Abf siti","potentialAction":[{"@type":"SearchAction","target":{"@type":"EntryPoint","urlTemplate":"https:\/\/www.abf.eu\/curno\/?s={search_term_string}"},"query-input":{"@type":"PropertyValueSpecification","valueRequired":true,"valueName":"search_term_string"}}],"inLanguage":"it-IT"},{"@type":"Person","@id":"https:\/\/www.abf.eu\/curno\/#\/schema\/person\/80f5096f53d6372bff33bd37524f0d97","name":"valentinalamperti","image":{"@type":"ImageObject","inLanguage":"it-IT","@id":"https:\/\/www.abf.eu\/curno\/#\/schema\/person\/image\/","url":"https:\/\/secure.gravatar.com\/avatar\/d11c73440097a8b15885a92d8badf2db088be4f45591c073a5b9afd6e287e84f?s=96&d=mm&r=g","contentUrl":"https:\/\/secure.gravatar.com\/avatar\/d11c73440097a8b15885a92d8badf2db088be4f45591c073a5b9afd6e287e84f?s=96&d=mm&r=g","caption":"valentinalamperti"},"url":"https:\/\/www.abf.eu\/curno\/author\/valentinalamperti\/"}]}},"_links":{"self":[{"href":"https:\/\/www.abf.eu\/curno\/wp-json\/wp\/v2\/posts\/15254","targetHints":{"allow":["GET"]}}],"collection":[{"href":"https:\/\/www.abf.eu\/curno\/wp-json\/wp\/v2\/posts"}],"about":[{"href":"https:\/\/www.abf.eu\/curno\/wp-json\/wp\/v2\/types\/post"}],"author":[{"embeddable":true,"href":"https:\/\/www.abf.eu\/curno\/wp-json\/wp\/v2\/users\/29"}],"replies":[{"embeddable":true,"href":"https:\/\/www.abf.eu\/curno\/wp-json\/wp\/v2\/comments?post=15254"}],"version-history":[{"count":34,"href":"https:\/\/www.abf.eu\/curno\/wp-json\/wp\/v2\/posts\/15254\/revisions"}],"predecessor-version":[{"id":16187,"href":"https:\/\/www.abf.eu\/curno\/wp-json\/wp\/v2\/posts\/15254\/revisions\/16187"}],"wp:featuredmedia":[{"embeddable":true,"href":"https:\/\/www.abf.eu\/curno\/wp-json\/wp\/v2\/media\/16083"}],"wp:attachment":[{"href":"https:\/\/www.abf.eu\/curno\/wp-json\/wp\/v2\/media?parent=15254"}],"wp:term":[{"taxonomy":"category","embeddable":true,"href":"https:\/\/www.abf.eu\/curno\/wp-json\/wp\/v2\/categories?post=15254"},{"taxonomy":"post_tag","embeddable":true,"href":"https:\/\/www.abf.eu\/curno\/wp-json\/wp\/v2\/tags?post=15254"}],"curies":[{"name":"wp","href":"https:\/\/api.w.org\/{rel}","templated":true}]}}