{"id":15320,"date":"2022-05-25T12:40:22","date_gmt":"2022-05-25T10:40:22","guid":{"rendered":"https:\/\/www.abf.eu\/curno\/?p=15320"},"modified":"2022-10-06T10:10:44","modified_gmt":"2022-10-06T08:10:44","slug":"abf-con-lineapannelli-e-dupont-alla-scoperta-del-corian","status":"publish","type":"post","link":"https:\/\/www.abf.eu\/curno\/abf-con-lineapannelli-e-dupont-alla-scoperta-del-corian\/","title":{"rendered":"ABF con LineaPannelli e DuPont"},"content":{"rendered":"\n<h3 class=\"wp-block-heading\">Alla scoperta del Corian<\/h3>\n\n\n\n<p>Presso la nostra di sede Almenno S. Bartolomeo \u00e8 venuto a trovarci da Barcellona Paco Ledesma, tecnico della DuPont, azienda che ha inventato e produce Corian. la lezione si \u00e8 svolta il 10 maggio e ha coinvolto le classi 3\u00b0 e 4\u00b0 falegnameria; i nostri studenti hanno potuto usufruire di questa opportunit\u00e0 grazie all&#8217;importante mediazione della ditta LineaPannelli, con sede a Vo&#8217; (PD), principale distributore nel nord Italia di questo speciale materiale.<\/p>\n\n\n\n<h5 class=\"wp-block-heading\"><strong>Ma cos&#8217;\u00e8 il corian?<\/strong><\/h5>\n\n\n\n<p>il corian \u00e8 stato ideato 50 anni fa dall&#8217;azienda DuPont de Nemours. \u00e8&nbsp; un tipo di materiale molto utilizzato in diversi settori, tra cui quello medico ma anche edile e ingegneristico. Le caratteristiche uniche che lo rendono cos\u00ec utile e versatile sono la sua alta lavabilit\u00e0 e la sua facilit\u00e0 di lavorazione: si pu\u00f2 facilmente incidere, colorare a piacimento con vari effetti di traslucenza molto particolari e d&#8217;impatto, si pu\u00f2 modellare senza difficolt\u00e0 in numerose forme. E\u2019 inoltre atossico, facile da mantenere ed \u00e8 costituito da minerali e polimeri acrilici.<\/p>\n\n\n\n<p>In ambito progettuale il Corian \u00e8 utilizzatissimo e molto apprezzato perch\u00e9 rimane inalterato nel tempo e, come abbiamo gi\u00e0 accennato, la pulizia e la manutenzione sono semplicissime. Corian si presta ad essere modificato e rinnovato per garantirti funzionalit\u00e0 e bellezza a lungo termine.<\/p>\n\n\n\n<p>Infine \u00e8 da sottolineare la sua sostenibilit\u00e0, caratteristica che di questi tempi dovrebbe essere prioritaria. Corian presenta basse emissioni di composti organici volatili e non ha impatti ambientali.<\/p>\n\n\n\n<div class=\"wp-block-columns is-layout-flex wp-container-core-columns-is-layout-9d6595d7 wp-block-columns-is-layout-flex\">\n<div class=\"wp-block-column is-layout-flow wp-block-column-is-layout-flow\">\n<figure class=\"wp-block-image size-full is-resized\"><img loading=\"lazy\" decoding=\"async\" src=\"https:\/\/www.abf.eu\/curno\/wp-content\/uploads\/sites\/5\/2022\/05\/accessori-in-Corian\u00ae-269.jpg\" alt=\"\" class=\"wp-image-15349\" width=\"436\" height=\"296\" srcset=\"https:\/\/www.abf.eu\/curno\/wp-content\/uploads\/sites\/5\/2022\/05\/accessori-in-Corian\u00ae-269.jpg 1024w, https:\/\/www.abf.eu\/curno\/wp-content\/uploads\/sites\/5\/2022\/05\/accessori-in-Corian\u00ae-269-300x203.jpg 300w, https:\/\/www.abf.eu\/curno\/wp-content\/uploads\/sites\/5\/2022\/05\/accessori-in-Corian\u00ae-269-768x521.jpg 768w, https:\/\/www.abf.eu\/curno\/wp-content\/uploads\/sites\/5\/2022\/05\/accessori-in-Corian\u00ae-269-590x400.jpg 590w\" sizes=\"auto, (max-width: 436px) 100vw, 436px\" \/><\/figure>\n<\/div>\n\n\n\n<div class=\"wp-block-column is-layout-flow wp-block-column-is-layout-flow\">\n<figure class=\"wp-block-image size-full is-resized\"><img loading=\"lazy\" decoding=\"async\" src=\"https:\/\/www.abf.eu\/curno\/wp-content\/uploads\/sites\/5\/2022\/05\/Operating-Theater-1_001-5.jpg\" alt=\"\" class=\"wp-image-15346\" width=\"470\" height=\"295\" srcset=\"https:\/\/www.abf.eu\/curno\/wp-content\/uploads\/sites\/5\/2022\/05\/Operating-Theater-1_001-5.jpg 1000w, https:\/\/www.abf.eu\/curno\/wp-content\/uploads\/sites\/5\/2022\/05\/Operating-Theater-1_001-5-300x189.jpg 300w, https:\/\/www.abf.eu\/curno\/wp-content\/uploads\/sites\/5\/2022\/05\/Operating-Theater-1_001-5-768x484.jpg 768w, https:\/\/www.abf.eu\/curno\/wp-content\/uploads\/sites\/5\/2022\/05\/Operating-Theater-1_001-5-600x378.jpg 600w\" sizes=\"auto, (max-width: 470px) 100vw, 470px\" \/><\/figure>\n<\/div>\n\n\n\n<div class=\"wp-block-column is-layout-flow wp-block-column-is-layout-flow\">\n<figure class=\"wp-block-image size-large\"><img loading=\"lazy\" decoding=\"async\" width=\"1024\" height=\"677\" src=\"https:\/\/www.abf.eu\/curno\/wp-content\/uploads\/sites\/5\/2022\/05\/sistemi-di-facciata-Corian\u00ae-177-1030x681-7-1024x677.jpg\" alt=\"\" class=\"wp-image-15366\" srcset=\"https:\/\/www.abf.eu\/curno\/wp-content\/uploads\/sites\/5\/2022\/05\/sistemi-di-facciata-Corian\u00ae-177-1030x681-7-1024x677.jpg 1024w, https:\/\/www.abf.eu\/curno\/wp-content\/uploads\/sites\/5\/2022\/05\/sistemi-di-facciata-Corian\u00ae-177-1030x681-7-300x198.jpg 300w, https:\/\/www.abf.eu\/curno\/wp-content\/uploads\/sites\/5\/2022\/05\/sistemi-di-facciata-Corian\u00ae-177-1030x681-7-768x508.jpg 768w, https:\/\/www.abf.eu\/curno\/wp-content\/uploads\/sites\/5\/2022\/05\/sistemi-di-facciata-Corian\u00ae-177-1030x681-7-600x397.jpg 600w, https:\/\/www.abf.eu\/curno\/wp-content\/uploads\/sites\/5\/2022\/05\/sistemi-di-facciata-Corian\u00ae-177-1030x681-7-350x230.jpg 350w, https:\/\/www.abf.eu\/curno\/wp-content\/uploads\/sites\/5\/2022\/05\/sistemi-di-facciata-Corian\u00ae-177-1030x681-7.jpg 1030w\" sizes=\"auto, (max-width: 1024px) 100vw, 1024px\" \/><\/figure>\n<\/div>\n<\/div>\n\n\n\n<p class=\"has-text-align-center\"><em>Come potete vedere le applica<\/em>z<em>ioni sono molteplici e si pu\u00f2 dare sfogo a creativit\u00e0 e fantasia.<\/em><\/p>\n\n\n\n<h5 class=\"wp-block-heading\"><strong>Come si \u00e8 svolto l\u2019incontro?<\/strong><\/h5>\n\n\n\n<p>La lezione \u00e8 stata suddivisa in due parti: la prima teorica in aula e la seconda parte in laboratorio, dove i ragazzi hanno messo in pratica quanto appreso in precedenza.<\/p>\n\n\n\n<p>La parte teorica ha riguardato argomenti quali: il tipo di materiale, il suo utilizzo, la sua lavorabilit\u00e0 e la storia.<\/p>\n\n\n\n<p>Nella parte pratica invece \u00e8 stata affrontata la termoformatura: il corian viene scaldato a 140\u00b0 in un forno e poi lavorato dando la forma che si desidera. In seguito sono stati affrontati i passaggi successivi di assemblaggio, incollaggio e levigatura. Attraverso uno speciale estrusore \u00e8 stata iniettata la colla liquida mixata in modo da giuntare due elementi, essi sono stati poi stretti in accostamento con degli appositi tiranti. Dopo circa 40 minuti, la colla asciutta in eccesso \u00e8 stata esportata con una levigatrice rotorbitale con vari passaggi di carta abrasiva, fino a ottenere una superficie omogenea.<\/p>\n\n\n\n<div class=\"wp-block-columns is-layout-flex wp-container-core-columns-is-layout-9d6595d7 wp-block-columns-is-layout-flex\">\n<div class=\"wp-block-column is-layout-flow wp-block-column-is-layout-flow\">\n<figure class=\"wp-block-image size-large\"><img loading=\"lazy\" decoding=\"async\" width=\"1024\" height=\"768\" src=\"https:\/\/www.abf.eu\/curno\/wp-content\/uploads\/sites\/5\/2022\/05\/IMG_5436-1-1024x768.jpg\" alt=\"\" class=\"wp-image-15380\" srcset=\"https:\/\/www.abf.eu\/curno\/wp-content\/uploads\/sites\/5\/2022\/05\/IMG_5436-1-1024x768.jpg 1024w, https:\/\/www.abf.eu\/curno\/wp-content\/uploads\/sites\/5\/2022\/05\/IMG_5436-1-300x225.jpg 300w, https:\/\/www.abf.eu\/curno\/wp-content\/uploads\/sites\/5\/2022\/05\/IMG_5436-1-768x576.jpg 768w, https:\/\/www.abf.eu\/curno\/wp-content\/uploads\/sites\/5\/2022\/05\/IMG_5436-1-1536x1152.jpg 1536w, https:\/\/www.abf.eu\/curno\/wp-content\/uploads\/sites\/5\/2022\/05\/IMG_5436-1-2048x1536.jpg 2048w, https:\/\/www.abf.eu\/curno\/wp-content\/uploads\/sites\/5\/2022\/05\/IMG_5436-1-533x400.jpg 533w\" sizes=\"auto, (max-width: 1024px) 100vw, 1024px\" \/><\/figure>\n<\/div>\n\n\n\n<div class=\"wp-block-column is-layout-flow wp-block-column-is-layout-flow\">\n<figure class=\"wp-block-image size-large\"><img loading=\"lazy\" decoding=\"async\" width=\"1024\" height=\"768\" src=\"https:\/\/www.abf.eu\/curno\/wp-content\/uploads\/sites\/5\/2022\/05\/IMG_5472-1024x768.jpg\" alt=\"\" class=\"wp-image-15355\" srcset=\"https:\/\/www.abf.eu\/curno\/wp-content\/uploads\/sites\/5\/2022\/05\/IMG_5472-1024x768.jpg 1024w, https:\/\/www.abf.eu\/curno\/wp-content\/uploads\/sites\/5\/2022\/05\/IMG_5472-300x225.jpg 300w, https:\/\/www.abf.eu\/curno\/wp-content\/uploads\/sites\/5\/2022\/05\/IMG_5472-768x576.jpg 768w, https:\/\/www.abf.eu\/curno\/wp-content\/uploads\/sites\/5\/2022\/05\/IMG_5472-1536x1152.jpg 1536w, https:\/\/www.abf.eu\/curno\/wp-content\/uploads\/sites\/5\/2022\/05\/IMG_5472-2048x1536.jpg 2048w, https:\/\/www.abf.eu\/curno\/wp-content\/uploads\/sites\/5\/2022\/05\/IMG_5472-533x400.jpg 533w\" sizes=\"auto, (max-width: 1024px) 100vw, 1024px\" \/><\/figure>\n<\/div>\n<\/div>\n\n\n\n<p><em>Se vuoi saperne di pi\u00f9 sul nostro corso di falegnameria ti invito a <a href=\"https:\/\/www.abf.eu\/curno\/corsi\/operatore-del-legno\/\">cliccare qui<\/a> per maggiori informazioni!<\/em><\/p>\n","protected":false},"excerpt":{"rendered":"<p>Alla scoperta del Corian Presso la nostra di sede Almenno<\/p>\n","protected":false},"author":29,"featured_media":15360,"comment_status":"closed","ping_status":"open","sticky":false,"template":"","format":"standard","meta":{"footnotes":""},"categories":[1],"tags":[],"class_list":["post-15320","post","type-post","status-publish","format-standard","has-post-thumbnail","hentry","category-senza-categoria"],"yoast_head":"<!-- This site is optimized with the Yoast SEO plugin v25.8 - https:\/\/yoast.com\/wordpress\/plugins\/seo\/ -->\n<title>ABF con LineaPannelli e DuPont - Curno<\/title>\n<meta name=\"robots\" content=\"index, follow, max-snippet:-1, max-image-preview:large, max-video-preview:-1\" \/>\n<link rel=\"canonical\" href=\"https:\/\/www.abf.eu\/curno\/abf-con-lineapannelli-e-dupont-alla-scoperta-del-corian\/\" \/>\n<meta property=\"og:locale\" content=\"it_IT\" \/>\n<meta property=\"og:type\" content=\"article\" \/>\n<meta property=\"og:title\" content=\"ABF con LineaPannelli e DuPont - Curno\" \/>\n<meta property=\"og:description\" content=\"Alla scoperta del Corian Presso la nostra di sede Almenno\" \/>\n<meta property=\"og:url\" content=\"https:\/\/www.abf.eu\/curno\/abf-con-lineapannelli-e-dupont-alla-scoperta-del-corian\/\" \/>\n<meta property=\"og:site_name\" content=\"Curno\" \/>\n<meta property=\"article:published_time\" content=\"2022-05-25T10:40:22+00:00\" \/>\n<meta property=\"article:modified_time\" content=\"2022-10-06T08:10:44+00:00\" \/>\n<meta property=\"og:image\" content=\"https:\/\/www.abf.eu\/curno\/wp-content\/uploads\/sites\/5\/2022\/05\/IMG_5462.jpg\" \/>\n\t<meta property=\"og:image:width\" content=\"1000\" \/>\n\t<meta property=\"og:image:height\" content=\"667\" \/>\n\t<meta property=\"og:image:type\" content=\"image\/jpeg\" \/>\n<meta name=\"author\" content=\"valentinalamperti\" \/>\n<meta name=\"twitter:card\" content=\"summary_large_image\" \/>\n<meta name=\"twitter:label1\" content=\"Scritto da\" \/>\n\t<meta name=\"twitter:data1\" content=\"valentinalamperti\" \/>\n\t<meta name=\"twitter:label2\" content=\"Tempo di lettura stimato\" \/>\n\t<meta name=\"twitter:data2\" content=\"4 minuti\" \/>\n<script type=\"application\/ld+json\" class=\"yoast-schema-graph\">{\"@context\":\"https:\/\/schema.org\",\"@graph\":[{\"@type\":\"WebPage\",\"@id\":\"https:\/\/www.abf.eu\/curno\/abf-con-lineapannelli-e-dupont-alla-scoperta-del-corian\/\",\"url\":\"https:\/\/www.abf.eu\/curno\/abf-con-lineapannelli-e-dupont-alla-scoperta-del-corian\/\",\"name\":\"ABF con LineaPannelli e DuPont - Curno\",\"isPartOf\":{\"@id\":\"https:\/\/www.abf.eu\/curno\/#website\"},\"primaryImageOfPage\":{\"@id\":\"https:\/\/www.abf.eu\/curno\/abf-con-lineapannelli-e-dupont-alla-scoperta-del-corian\/#primaryimage\"},\"image\":{\"@id\":\"https:\/\/www.abf.eu\/curno\/abf-con-lineapannelli-e-dupont-alla-scoperta-del-corian\/#primaryimage\"},\"thumbnailUrl\":\"https:\/\/www.abf.eu\/curno\/wp-content\/uploads\/sites\/5\/2022\/05\/IMG_5462.jpg\",\"datePublished\":\"2022-05-25T10:40:22+00:00\",\"dateModified\":\"2022-10-06T08:10:44+00:00\",\"author\":{\"@id\":\"https:\/\/www.abf.eu\/curno\/#\/schema\/person\/80f5096f53d6372bff33bd37524f0d97\"},\"breadcrumb\":{\"@id\":\"https:\/\/www.abf.eu\/curno\/abf-con-lineapannelli-e-dupont-alla-scoperta-del-corian\/#breadcrumb\"},\"inLanguage\":\"it-IT\",\"potentialAction\":[{\"@type\":\"ReadAction\",\"target\":[\"https:\/\/www.abf.eu\/curno\/abf-con-lineapannelli-e-dupont-alla-scoperta-del-corian\/\"]}]},{\"@type\":\"ImageObject\",\"inLanguage\":\"it-IT\",\"@id\":\"https:\/\/www.abf.eu\/curno\/abf-con-lineapannelli-e-dupont-alla-scoperta-del-corian\/#primaryimage\",\"url\":\"https:\/\/www.abf.eu\/curno\/wp-content\/uploads\/sites\/5\/2022\/05\/IMG_5462.jpg\",\"contentUrl\":\"https:\/\/www.abf.eu\/curno\/wp-content\/uploads\/sites\/5\/2022\/05\/IMG_5462.jpg\",\"width\":1000,\"height\":667},{\"@type\":\"BreadcrumbList\",\"@id\":\"https:\/\/www.abf.eu\/curno\/abf-con-lineapannelli-e-dupont-alla-scoperta-del-corian\/#breadcrumb\",\"itemListElement\":[{\"@type\":\"ListItem\",\"position\":1,\"name\":\"Home\",\"item\":\"https:\/\/www.abf.eu\/curno\/\"},{\"@type\":\"ListItem\",\"position\":2,\"name\":\"ABF con LineaPannelli e DuPont\"}]},{\"@type\":\"WebSite\",\"@id\":\"https:\/\/www.abf.eu\/curno\/#website\",\"url\":\"https:\/\/www.abf.eu\/curno\/\",\"name\":\"Curno\",\"description\":\"Ecco un altro sito Abf siti\",\"potentialAction\":[{\"@type\":\"SearchAction\",\"target\":{\"@type\":\"EntryPoint\",\"urlTemplate\":\"https:\/\/www.abf.eu\/curno\/?s={search_term_string}\"},\"query-input\":{\"@type\":\"PropertyValueSpecification\",\"valueRequired\":true,\"valueName\":\"search_term_string\"}}],\"inLanguage\":\"it-IT\"},{\"@type\":\"Person\",\"@id\":\"https:\/\/www.abf.eu\/curno\/#\/schema\/person\/80f5096f53d6372bff33bd37524f0d97\",\"name\":\"valentinalamperti\",\"image\":{\"@type\":\"ImageObject\",\"inLanguage\":\"it-IT\",\"@id\":\"https:\/\/www.abf.eu\/curno\/#\/schema\/person\/image\/\",\"url\":\"https:\/\/secure.gravatar.com\/avatar\/d11c73440097a8b15885a92d8badf2db088be4f45591c073a5b9afd6e287e84f?s=96&d=mm&r=g\",\"contentUrl\":\"https:\/\/secure.gravatar.com\/avatar\/d11c73440097a8b15885a92d8badf2db088be4f45591c073a5b9afd6e287e84f?s=96&d=mm&r=g\",\"caption\":\"valentinalamperti\"},\"url\":\"https:\/\/www.abf.eu\/curno\/author\/valentinalamperti\/\"}]}<\/script>\n<!-- \/ Yoast SEO plugin. -->","yoast_head_json":{"title":"ABF con LineaPannelli e DuPont - Curno","robots":{"index":"index","follow":"follow","max-snippet":"max-snippet:-1","max-image-preview":"max-image-preview:large","max-video-preview":"max-video-preview:-1"},"canonical":"https:\/\/www.abf.eu\/curno\/abf-con-lineapannelli-e-dupont-alla-scoperta-del-corian\/","og_locale":"it_IT","og_type":"article","og_title":"ABF con LineaPannelli e DuPont - Curno","og_description":"Alla scoperta del Corian Presso la nostra di sede Almenno","og_url":"https:\/\/www.abf.eu\/curno\/abf-con-lineapannelli-e-dupont-alla-scoperta-del-corian\/","og_site_name":"Curno","article_published_time":"2022-05-25T10:40:22+00:00","article_modified_time":"2022-10-06T08:10:44+00:00","og_image":[{"width":1000,"height":667,"url":"https:\/\/www.abf.eu\/curno\/wp-content\/uploads\/sites\/5\/2022\/05\/IMG_5462.jpg","type":"image\/jpeg"}],"author":"valentinalamperti","twitter_card":"summary_large_image","twitter_misc":{"Scritto da":"valentinalamperti","Tempo di lettura stimato":"4 minuti"},"schema":{"@context":"https:\/\/schema.org","@graph":[{"@type":"WebPage","@id":"https:\/\/www.abf.eu\/curno\/abf-con-lineapannelli-e-dupont-alla-scoperta-del-corian\/","url":"https:\/\/www.abf.eu\/curno\/abf-con-lineapannelli-e-dupont-alla-scoperta-del-corian\/","name":"ABF con LineaPannelli e DuPont - Curno","isPartOf":{"@id":"https:\/\/www.abf.eu\/curno\/#website"},"primaryImageOfPage":{"@id":"https:\/\/www.abf.eu\/curno\/abf-con-lineapannelli-e-dupont-alla-scoperta-del-corian\/#primaryimage"},"image":{"@id":"https:\/\/www.abf.eu\/curno\/abf-con-lineapannelli-e-dupont-alla-scoperta-del-corian\/#primaryimage"},"thumbnailUrl":"https:\/\/www.abf.eu\/curno\/wp-content\/uploads\/sites\/5\/2022\/05\/IMG_5462.jpg","datePublished":"2022-05-25T10:40:22+00:00","dateModified":"2022-10-06T08:10:44+00:00","author":{"@id":"https:\/\/www.abf.eu\/curno\/#\/schema\/person\/80f5096f53d6372bff33bd37524f0d97"},"breadcrumb":{"@id":"https:\/\/www.abf.eu\/curno\/abf-con-lineapannelli-e-dupont-alla-scoperta-del-corian\/#breadcrumb"},"inLanguage":"it-IT","potentialAction":[{"@type":"ReadAction","target":["https:\/\/www.abf.eu\/curno\/abf-con-lineapannelli-e-dupont-alla-scoperta-del-corian\/"]}]},{"@type":"ImageObject","inLanguage":"it-IT","@id":"https:\/\/www.abf.eu\/curno\/abf-con-lineapannelli-e-dupont-alla-scoperta-del-corian\/#primaryimage","url":"https:\/\/www.abf.eu\/curno\/wp-content\/uploads\/sites\/5\/2022\/05\/IMG_5462.jpg","contentUrl":"https:\/\/www.abf.eu\/curno\/wp-content\/uploads\/sites\/5\/2022\/05\/IMG_5462.jpg","width":1000,"height":667},{"@type":"BreadcrumbList","@id":"https:\/\/www.abf.eu\/curno\/abf-con-lineapannelli-e-dupont-alla-scoperta-del-corian\/#breadcrumb","itemListElement":[{"@type":"ListItem","position":1,"name":"Home","item":"https:\/\/www.abf.eu\/curno\/"},{"@type":"ListItem","position":2,"name":"ABF con LineaPannelli e DuPont"}]},{"@type":"WebSite","@id":"https:\/\/www.abf.eu\/curno\/#website","url":"https:\/\/www.abf.eu\/curno\/","name":"Curno","description":"Ecco un altro sito Abf siti","potentialAction":[{"@type":"SearchAction","target":{"@type":"EntryPoint","urlTemplate":"https:\/\/www.abf.eu\/curno\/?s={search_term_string}"},"query-input":{"@type":"PropertyValueSpecification","valueRequired":true,"valueName":"search_term_string"}}],"inLanguage":"it-IT"},{"@type":"Person","@id":"https:\/\/www.abf.eu\/curno\/#\/schema\/person\/80f5096f53d6372bff33bd37524f0d97","name":"valentinalamperti","image":{"@type":"ImageObject","inLanguage":"it-IT","@id":"https:\/\/www.abf.eu\/curno\/#\/schema\/person\/image\/","url":"https:\/\/secure.gravatar.com\/avatar\/d11c73440097a8b15885a92d8badf2db088be4f45591c073a5b9afd6e287e84f?s=96&d=mm&r=g","contentUrl":"https:\/\/secure.gravatar.com\/avatar\/d11c73440097a8b15885a92d8badf2db088be4f45591c073a5b9afd6e287e84f?s=96&d=mm&r=g","caption":"valentinalamperti"},"url":"https:\/\/www.abf.eu\/curno\/author\/valentinalamperti\/"}]}},"_links":{"self":[{"href":"https:\/\/www.abf.eu\/curno\/wp-json\/wp\/v2\/posts\/15320","targetHints":{"allow":["GET"]}}],"collection":[{"href":"https:\/\/www.abf.eu\/curno\/wp-json\/wp\/v2\/posts"}],"about":[{"href":"https:\/\/www.abf.eu\/curno\/wp-json\/wp\/v2\/types\/post"}],"author":[{"embeddable":true,"href":"https:\/\/www.abf.eu\/curno\/wp-json\/wp\/v2\/users\/29"}],"replies":[{"embeddable":true,"href":"https:\/\/www.abf.eu\/curno\/wp-json\/wp\/v2\/comments?post=15320"}],"version-history":[{"count":16,"href":"https:\/\/www.abf.eu\/curno\/wp-json\/wp\/v2\/posts\/15320\/revisions"}],"predecessor-version":[{"id":15598,"href":"https:\/\/www.abf.eu\/curno\/wp-json\/wp\/v2\/posts\/15320\/revisions\/15598"}],"wp:featuredmedia":[{"embeddable":true,"href":"https:\/\/www.abf.eu\/curno\/wp-json\/wp\/v2\/media\/15360"}],"wp:attachment":[{"href":"https:\/\/www.abf.eu\/curno\/wp-json\/wp\/v2\/media?parent=15320"}],"wp:term":[{"taxonomy":"category","embeddable":true,"href":"https:\/\/www.abf.eu\/curno\/wp-json\/wp\/v2\/categories?post=15320"},{"taxonomy":"post_tag","embeddable":true,"href":"https:\/\/www.abf.eu\/curno\/wp-json\/wp\/v2\/tags?post=15320"}],"curies":[{"name":"wp","href":"https:\/\/api.w.org\/{rel}","templated":true}]}}