{"id":15536,"date":"2022-07-21T16:47:37","date_gmt":"2022-07-21T14:47:37","guid":{"rendered":"https:\/\/www.abf.eu\/curno\/?p=15536"},"modified":"2022-10-11T12:52:30","modified_gmt":"2022-10-11T10:52:30","slug":"abf-e-casa-serena","status":"publish","type":"post","link":"https:\/\/www.abf.eu\/curno\/abf-e-casa-serena\/","title":{"rendered":"ABF e Casa Serena"},"content":{"rendered":"\n<h3 class=\"wp-block-heading\">I nostri falegnami alle prese con i fiori<\/h3>\n\n\n\n<p>Come gi\u00e0 accennato in precedenza sui nostri canali social, ai nostri studenti di terza e quarta falegnameria \u00e8 stata commissionata la costruzione di fioriere su ruote per gli anziani residenti alla Casa Serena di Brembate. Questa iniziativa fantastica nasce dalla collaborazione tra Comune e associazioni locali.<\/p>\n\n\n\n<p>Lo scorso sabato c&#8217;\u00e8 stata la presentazione ufficiale, a coronamento del lavoro dei nostri ragazzi.<\/p>\n\n\n\n<p>Grazie alle nostre opere, tutti gli anziani, compresi quelli in carrozzella, potranno rendersi partecipi alle attivit\u00e0 di aggregazione previste dalla Fondazione Casa Serena. In particolare, nei laboratori creatisi potranno essere coinvolte 8 persone, 4 in piedi e 4 in carrozzina. <\/p>\n\n\n\n<p>Quando i fiori non ci saranno pi\u00f9, l&#8217;intenzione \u00e8 quella di sfruttare le nostre fioriere anche per la coltivazione di piccoli orti. In questo modo gli ospiti della struttura potranno tenersi impegnati in occupazioni utili e ricreative, importanti per la loro quotidianit\u00e0. L&#8217;obiettivo \u00e8 anche quello di rendere la casa di riposo parte integrante della comunit\u00e0 brembatese.<\/p>\n\n\n\n<p>Anche il neo-eletto sindaco si \u00e8 complimentato per l&#8217;iniziativa, promettendo la massima collaborazione.<\/p>\n\n\n\n<figure class=\"wp-block-image size-large\"><img loading=\"lazy\" decoding=\"async\" width=\"1024\" height=\"768\" src=\"https:\/\/www.abf.eu\/curno\/wp-content\/uploads\/sites\/5\/2022\/07\/285595550_1361141431071785_583660716166085634_n-1024x768.jpg\" alt=\"\" class=\"wp-image-15542\" srcset=\"https:\/\/www.abf.eu\/curno\/wp-content\/uploads\/sites\/5\/2022\/07\/285595550_1361141431071785_583660716166085634_n-1024x768.jpg 1024w, https:\/\/www.abf.eu\/curno\/wp-content\/uploads\/sites\/5\/2022\/07\/285595550_1361141431071785_583660716166085634_n-300x225.jpg 300w, https:\/\/www.abf.eu\/curno\/wp-content\/uploads\/sites\/5\/2022\/07\/285595550_1361141431071785_583660716166085634_n-768x576.jpg 768w, https:\/\/www.abf.eu\/curno\/wp-content\/uploads\/sites\/5\/2022\/07\/285595550_1361141431071785_583660716166085634_n-1536x1152.jpg 1536w, https:\/\/www.abf.eu\/curno\/wp-content\/uploads\/sites\/5\/2022\/07\/285595550_1361141431071785_583660716166085634_n-533x400.jpg 533w, https:\/\/www.abf.eu\/curno\/wp-content\/uploads\/sites\/5\/2022\/07\/285595550_1361141431071785_583660716166085634_n.jpg 1600w\" sizes=\"auto, (max-width: 1024px) 100vw, 1024px\" \/><\/figure>\n\n\n\n<p>Per noi di ABF \u00e9 un piacere ed un onore vedere i nostri studenti ingaggiati nella realizzazione di strumenti utili per la comunit\u00e0. I valori che vogliamo trasmettere sono quelli di unione e collaborazione, cerchiamo perci\u00f2 di rimanere a stretto contatto con associazioni ed enti territoriali sempre sul pezzo per costruire un senso comune di appartenenza e solidariet\u00e0.<\/p>\n\n\n\n<p><em>Se volete conoscere altre collaborazioni vi invitiamo a cliccare sui seguenti link (<\/em><a href=\"https:\/\/www.abf.eu\/curno\/abf-e-gm-edu\/\"><em>Gm-Edu<\/em><\/a>, <em><a href=\"https:\/\/www.abf.eu\/curno\/abf-con-lineapannelli-e-dupont-alla-scoperta-del-corian\/\">LineaPannelli<\/a><\/em>, <a href=\"https:\/\/www.abf.eu\/curno\/arredando-casa-vacanze\/\"><em>Casa parrocchiale Bratto<\/em><\/a>).<\/p>\n\n\n\n<p><\/p>\n\n\n\n<p><\/p>\n\n\n\n<p><\/p>\n\n\n\n<p><\/p>\n","protected":false},"excerpt":{"rendered":"<p>I nostri falegnami alle prese con i fiori Come gi\u00e0<\/p>\n","protected":false},"author":29,"featured_media":15537,"comment_status":"closed","ping_status":"open","sticky":false,"template":"","format":"standard","meta":{"footnotes":""},"categories":[1],"tags":[],"class_list":["post-15536","post","type-post","status-publish","format-standard","has-post-thumbnail","hentry","category-senza-categoria"],"yoast_head":"<!-- This site is optimized with the Yoast SEO plugin v25.8 - https:\/\/yoast.com\/wordpress\/plugins\/seo\/ -->\n<title>ABF e Casa Serena - Curno<\/title>\n<meta name=\"description\" content=\"Agli studenti di falegnameria \u00e8 stata commissionata la costruzione di fioriere su ruote per gli anziani residenti alla Casa Serena\" \/>\n<meta name=\"robots\" content=\"index, follow, max-snippet:-1, max-image-preview:large, max-video-preview:-1\" \/>\n<link rel=\"canonical\" href=\"https:\/\/www.abf.eu\/curno\/abf-e-casa-serena\/\" \/>\n<meta property=\"og:locale\" content=\"it_IT\" \/>\n<meta property=\"og:type\" content=\"article\" \/>\n<meta property=\"og:title\" content=\"ABF e Casa Serena - Curno\" \/>\n<meta property=\"og:description\" content=\"Agli studenti di falegnameria \u00e8 stata commissionata la costruzione di fioriere su ruote per gli anziani residenti alla Casa Serena\" \/>\n<meta property=\"og:url\" content=\"https:\/\/www.abf.eu\/curno\/abf-e-casa-serena\/\" \/>\n<meta property=\"og:site_name\" content=\"Curno\" \/>\n<meta property=\"article:published_time\" content=\"2022-07-21T14:47:37+00:00\" \/>\n<meta property=\"article:modified_time\" content=\"2022-10-11T10:52:30+00:00\" \/>\n<meta property=\"og:image\" content=\"https:\/\/www.abf.eu\/curno\/wp-content\/uploads\/sites\/5\/2022\/07\/download-1.png\" \/>\n\t<meta property=\"og:image:width\" content=\"385\" \/>\n\t<meta property=\"og:image:height\" content=\"264\" \/>\n\t<meta property=\"og:image:type\" content=\"image\/png\" \/>\n<meta name=\"author\" content=\"valentinalamperti\" \/>\n<meta name=\"twitter:card\" content=\"summary_large_image\" \/>\n<meta name=\"twitter:label1\" content=\"Scritto da\" \/>\n\t<meta name=\"twitter:data1\" content=\"valentinalamperti\" \/>\n\t<meta name=\"twitter:label2\" content=\"Tempo di lettura stimato\" \/>\n\t<meta name=\"twitter:data2\" content=\"2 minuti\" \/>\n<script type=\"application\/ld+json\" class=\"yoast-schema-graph\">{\"@context\":\"https:\/\/schema.org\",\"@graph\":[{\"@type\":\"WebPage\",\"@id\":\"https:\/\/www.abf.eu\/curno\/abf-e-casa-serena\/\",\"url\":\"https:\/\/www.abf.eu\/curno\/abf-e-casa-serena\/\",\"name\":\"ABF e Casa Serena - Curno\",\"isPartOf\":{\"@id\":\"https:\/\/www.abf.eu\/curno\/#website\"},\"primaryImageOfPage\":{\"@id\":\"https:\/\/www.abf.eu\/curno\/abf-e-casa-serena\/#primaryimage\"},\"image\":{\"@id\":\"https:\/\/www.abf.eu\/curno\/abf-e-casa-serena\/#primaryimage\"},\"thumbnailUrl\":\"https:\/\/www.abf.eu\/curno\/wp-content\/uploads\/sites\/5\/2022\/07\/download-1.png\",\"datePublished\":\"2022-07-21T14:47:37+00:00\",\"dateModified\":\"2022-10-11T10:52:30+00:00\",\"author\":{\"@id\":\"https:\/\/www.abf.eu\/curno\/#\/schema\/person\/80f5096f53d6372bff33bd37524f0d97\"},\"description\":\"Agli studenti di falegnameria \u00e8 stata commissionata la costruzione di fioriere su ruote per gli anziani residenti alla Casa Serena\",\"breadcrumb\":{\"@id\":\"https:\/\/www.abf.eu\/curno\/abf-e-casa-serena\/#breadcrumb\"},\"inLanguage\":\"it-IT\",\"potentialAction\":[{\"@type\":\"ReadAction\",\"target\":[\"https:\/\/www.abf.eu\/curno\/abf-e-casa-serena\/\"]}]},{\"@type\":\"ImageObject\",\"inLanguage\":\"it-IT\",\"@id\":\"https:\/\/www.abf.eu\/curno\/abf-e-casa-serena\/#primaryimage\",\"url\":\"https:\/\/www.abf.eu\/curno\/wp-content\/uploads\/sites\/5\/2022\/07\/download-1.png\",\"contentUrl\":\"https:\/\/www.abf.eu\/curno\/wp-content\/uploads\/sites\/5\/2022\/07\/download-1.png\",\"width\":385,\"height\":264},{\"@type\":\"BreadcrumbList\",\"@id\":\"https:\/\/www.abf.eu\/curno\/abf-e-casa-serena\/#breadcrumb\",\"itemListElement\":[{\"@type\":\"ListItem\",\"position\":1,\"name\":\"Home\",\"item\":\"https:\/\/www.abf.eu\/curno\/\"},{\"@type\":\"ListItem\",\"position\":2,\"name\":\"ABF e Casa Serena\"}]},{\"@type\":\"WebSite\",\"@id\":\"https:\/\/www.abf.eu\/curno\/#website\",\"url\":\"https:\/\/www.abf.eu\/curno\/\",\"name\":\"Curno\",\"description\":\"Ecco un altro sito Abf siti\",\"potentialAction\":[{\"@type\":\"SearchAction\",\"target\":{\"@type\":\"EntryPoint\",\"urlTemplate\":\"https:\/\/www.abf.eu\/curno\/?s={search_term_string}\"},\"query-input\":{\"@type\":\"PropertyValueSpecification\",\"valueRequired\":true,\"valueName\":\"search_term_string\"}}],\"inLanguage\":\"it-IT\"},{\"@type\":\"Person\",\"@id\":\"https:\/\/www.abf.eu\/curno\/#\/schema\/person\/80f5096f53d6372bff33bd37524f0d97\",\"name\":\"valentinalamperti\",\"image\":{\"@type\":\"ImageObject\",\"inLanguage\":\"it-IT\",\"@id\":\"https:\/\/www.abf.eu\/curno\/#\/schema\/person\/image\/\",\"url\":\"https:\/\/secure.gravatar.com\/avatar\/d11c73440097a8b15885a92d8badf2db088be4f45591c073a5b9afd6e287e84f?s=96&d=mm&r=g\",\"contentUrl\":\"https:\/\/secure.gravatar.com\/avatar\/d11c73440097a8b15885a92d8badf2db088be4f45591c073a5b9afd6e287e84f?s=96&d=mm&r=g\",\"caption\":\"valentinalamperti\"},\"url\":\"https:\/\/www.abf.eu\/curno\/author\/valentinalamperti\/\"}]}<\/script>\n<!-- \/ Yoast SEO plugin. -->","yoast_head_json":{"title":"ABF e Casa Serena - Curno","description":"Agli studenti di falegnameria \u00e8 stata commissionata la costruzione di fioriere su ruote per gli anziani residenti alla Casa Serena","robots":{"index":"index","follow":"follow","max-snippet":"max-snippet:-1","max-image-preview":"max-image-preview:large","max-video-preview":"max-video-preview:-1"},"canonical":"https:\/\/www.abf.eu\/curno\/abf-e-casa-serena\/","og_locale":"it_IT","og_type":"article","og_title":"ABF e Casa Serena - Curno","og_description":"Agli studenti di falegnameria \u00e8 stata commissionata la costruzione di fioriere su ruote per gli anziani residenti alla Casa Serena","og_url":"https:\/\/www.abf.eu\/curno\/abf-e-casa-serena\/","og_site_name":"Curno","article_published_time":"2022-07-21T14:47:37+00:00","article_modified_time":"2022-10-11T10:52:30+00:00","og_image":[{"width":385,"height":264,"url":"https:\/\/www.abf.eu\/curno\/wp-content\/uploads\/sites\/5\/2022\/07\/download-1.png","type":"image\/png"}],"author":"valentinalamperti","twitter_card":"summary_large_image","twitter_misc":{"Scritto da":"valentinalamperti","Tempo di lettura stimato":"2 minuti"},"schema":{"@context":"https:\/\/schema.org","@graph":[{"@type":"WebPage","@id":"https:\/\/www.abf.eu\/curno\/abf-e-casa-serena\/","url":"https:\/\/www.abf.eu\/curno\/abf-e-casa-serena\/","name":"ABF e Casa Serena - Curno","isPartOf":{"@id":"https:\/\/www.abf.eu\/curno\/#website"},"primaryImageOfPage":{"@id":"https:\/\/www.abf.eu\/curno\/abf-e-casa-serena\/#primaryimage"},"image":{"@id":"https:\/\/www.abf.eu\/curno\/abf-e-casa-serena\/#primaryimage"},"thumbnailUrl":"https:\/\/www.abf.eu\/curno\/wp-content\/uploads\/sites\/5\/2022\/07\/download-1.png","datePublished":"2022-07-21T14:47:37+00:00","dateModified":"2022-10-11T10:52:30+00:00","author":{"@id":"https:\/\/www.abf.eu\/curno\/#\/schema\/person\/80f5096f53d6372bff33bd37524f0d97"},"description":"Agli studenti di falegnameria \u00e8 stata commissionata la costruzione di fioriere su ruote per gli anziani residenti alla Casa Serena","breadcrumb":{"@id":"https:\/\/www.abf.eu\/curno\/abf-e-casa-serena\/#breadcrumb"},"inLanguage":"it-IT","potentialAction":[{"@type":"ReadAction","target":["https:\/\/www.abf.eu\/curno\/abf-e-casa-serena\/"]}]},{"@type":"ImageObject","inLanguage":"it-IT","@id":"https:\/\/www.abf.eu\/curno\/abf-e-casa-serena\/#primaryimage","url":"https:\/\/www.abf.eu\/curno\/wp-content\/uploads\/sites\/5\/2022\/07\/download-1.png","contentUrl":"https:\/\/www.abf.eu\/curno\/wp-content\/uploads\/sites\/5\/2022\/07\/download-1.png","width":385,"height":264},{"@type":"BreadcrumbList","@id":"https:\/\/www.abf.eu\/curno\/abf-e-casa-serena\/#breadcrumb","itemListElement":[{"@type":"ListItem","position":1,"name":"Home","item":"https:\/\/www.abf.eu\/curno\/"},{"@type":"ListItem","position":2,"name":"ABF e Casa Serena"}]},{"@type":"WebSite","@id":"https:\/\/www.abf.eu\/curno\/#website","url":"https:\/\/www.abf.eu\/curno\/","name":"Curno","description":"Ecco un altro sito Abf siti","potentialAction":[{"@type":"SearchAction","target":{"@type":"EntryPoint","urlTemplate":"https:\/\/www.abf.eu\/curno\/?s={search_term_string}"},"query-input":{"@type":"PropertyValueSpecification","valueRequired":true,"valueName":"search_term_string"}}],"inLanguage":"it-IT"},{"@type":"Person","@id":"https:\/\/www.abf.eu\/curno\/#\/schema\/person\/80f5096f53d6372bff33bd37524f0d97","name":"valentinalamperti","image":{"@type":"ImageObject","inLanguage":"it-IT","@id":"https:\/\/www.abf.eu\/curno\/#\/schema\/person\/image\/","url":"https:\/\/secure.gravatar.com\/avatar\/d11c73440097a8b15885a92d8badf2db088be4f45591c073a5b9afd6e287e84f?s=96&d=mm&r=g","contentUrl":"https:\/\/secure.gravatar.com\/avatar\/d11c73440097a8b15885a92d8badf2db088be4f45591c073a5b9afd6e287e84f?s=96&d=mm&r=g","caption":"valentinalamperti"},"url":"https:\/\/www.abf.eu\/curno\/author\/valentinalamperti\/"}]}},"_links":{"self":[{"href":"https:\/\/www.abf.eu\/curno\/wp-json\/wp\/v2\/posts\/15536","targetHints":{"allow":["GET"]}}],"collection":[{"href":"https:\/\/www.abf.eu\/curno\/wp-json\/wp\/v2\/posts"}],"about":[{"href":"https:\/\/www.abf.eu\/curno\/wp-json\/wp\/v2\/types\/post"}],"author":[{"embeddable":true,"href":"https:\/\/www.abf.eu\/curno\/wp-json\/wp\/v2\/users\/29"}],"replies":[{"embeddable":true,"href":"https:\/\/www.abf.eu\/curno\/wp-json\/wp\/v2\/comments?post=15536"}],"version-history":[{"count":9,"href":"https:\/\/www.abf.eu\/curno\/wp-json\/wp\/v2\/posts\/15536\/revisions"}],"predecessor-version":[{"id":15610,"href":"https:\/\/www.abf.eu\/curno\/wp-json\/wp\/v2\/posts\/15536\/revisions\/15610"}],"wp:featuredmedia":[{"embeddable":true,"href":"https:\/\/www.abf.eu\/curno\/wp-json\/wp\/v2\/media\/15537"}],"wp:attachment":[{"href":"https:\/\/www.abf.eu\/curno\/wp-json\/wp\/v2\/media?parent=15536"}],"wp:term":[{"taxonomy":"category","embeddable":true,"href":"https:\/\/www.abf.eu\/curno\/wp-json\/wp\/v2\/categories?post=15536"},{"taxonomy":"post_tag","embeddable":true,"href":"https:\/\/www.abf.eu\/curno\/wp-json\/wp\/v2\/tags?post=15536"}],"curies":[{"name":"wp","href":"https:\/\/api.w.org\/{rel}","templated":true}]}}