{"id":15752,"date":"2022-11-30T12:30:11","date_gmt":"2022-11-30T11:30:11","guid":{"rendered":"https:\/\/www.abf.eu\/curno\/?p=15752"},"modified":"2022-11-30T12:59:59","modified_gmt":"2022-11-30T11:59:59","slug":"presepe-in-legno","status":"publish","type":"post","link":"https:\/\/www.abf.eu\/curno\/presepe-in-legno\/","title":{"rendered":"Da Almenno il presepe in legno per Citt\u00e0 Alta"},"content":{"rendered":"\n<h3 class=\"wp-block-heading\">Nel cuore di Citt\u00e0 Alta prende vita il BergaBosco e ABF lascia il suo segno<\/h3>\n\n\n\n<!--more-->\n\n\n\n<h5 class=\"wp-block-heading\">ABF incontra gli architetti del territorio e d\u00e0 nuova vita al legno<\/h5>\n\n\n\n<p>Il BergaBosco \u00e8 arrivato a Bergamo. Salendo in Citt\u00e0 Alta ne potrete scoprire ogni dettaglio: una manifestazione stupenda, che vede coinvolte realt\u00e0 del territorio e che nasce dall\u2019incontro con la Fondazione Architetti Bergamo e con l\u2019Ordine degli Architetti di Bergamo. Da qui \u00e8 nata l\u2019idea di dar vita a un progetto unico e originale: \u201c<strong><em>Inediti in legno, uno scorcio tra architettura e design, dal Dopoguerra a Fine Secolo<\/em><\/strong>\u201d. <\/p>\n\n\n\n<p>Dall\u20198 dicembre 2022 fino all\u20198 gennaio 2023 la prestigiosa Sala Giuristi, in Citt\u00e0 Alta a Bergamo, ospiter\u00e0 la mostra. Un percorso storico affascinante attraverso gli architetti che hanno fatto la storia della citt\u00e0, ma anche un viaggio unico nel mondo del legno grazie alle tante aziende che quotidianamente tramandano il loro saper fare e che, per l\u2019occasione, riprodurranno oggetti d\u2019arredo.&nbsp;<\/p>\n\n\n\n<figure class=\"wp-block-image size-large is-resized\"><img decoding=\"async\" src=\"https:\/\/www.abf.eu\/curno\/wp-content\/uploads\/sites\/5\/2022\/11\/20221102_103803-1024x768.jpg\" alt=\"\" class=\"wp-image-15758\" width=\"1000\" \/><\/figure>\n\n\n\n<h5 class=\"wp-block-heading\">Il coinvolgimento di ABF, sede di Almenno<\/h5>\n\n\n\n<p>Molti l&#8217;hanno gi\u00e0 notato e, in realt\u00e0, \u00e8 difficile che passi inosservato: il grande presepe in legno realizzato da \u201c<strong><em><a href=\"https:\/\/illegno.org\/\">Il Legno dalla Natura alle Cose<\/a><\/em><\/strong>\u201d.<\/p>\n\n\n\n<p>Un lavoro di concerto, progettato dall\u2019<strong>architetto Cesare Rota Nodari<\/strong> e <strong>costruito dagli studenti della Scuola del Legno<\/strong> di <a href=\"https:\/\/www.abf.eu\/curno\/corsi\/operatore-del-legno\/\">Almenno<\/a> (classi seconda e quarta), in collaborazione con le <strong>Tecnologie Tino Sana<\/strong>. <\/p>\n\n\n\n<p>Nel progetto, personaggi, capanna e alberi in legno decorato sono ricreati in modo stilizzato e con la ragguardevole altezza di 4 metri. <\/p>\n\n\n\n<p>Il presepe \u00e8 allestito in Piazza Vecchia, con ingrandimenti in legno dell\u2019originale in miniatura, all\u2019interno di un singolare tracciato vegetale. <\/p>\n\n\n\n<figure class=\"wp-block-image size-large is-resized\"><img decoding=\"async\" src=\"https:\/\/www.abf.eu\/curno\/wp-content\/uploads\/sites\/5\/2022\/11\/20221102_103646-1-768x1024.jpg\" alt=\"\" class=\"wp-image-15763\" height=\"1000\" srcset=\"https:\/\/www.abf.eu\/curno\/wp-content\/uploads\/sites\/5\/2022\/11\/20221102_103646-1-768x1024.jpg 768w, https:\/\/www.abf.eu\/curno\/wp-content\/uploads\/sites\/5\/2022\/11\/20221102_103646-1-225x300.jpg 225w, https:\/\/www.abf.eu\/curno\/wp-content\/uploads\/sites\/5\/2022\/11\/20221102_103646-1-1152x1536.jpg 1152w, https:\/\/www.abf.eu\/curno\/wp-content\/uploads\/sites\/5\/2022\/11\/20221102_103646-1-1536x2048.jpg 1536w, https:\/\/www.abf.eu\/curno\/wp-content\/uploads\/sites\/5\/2022\/11\/20221102_103646-1-300x400.jpg 300w, https:\/\/www.abf.eu\/curno\/wp-content\/uploads\/sites\/5\/2022\/11\/20221102_103646-1-scaled.jpg 1920w\" sizes=\"(max-width: 768px) 100vw, 768px\" \/><\/figure>\n\n\n\n<h5 class=\"wp-block-heading\">La struttura del presepe<\/h5>\n\n\n\n<p>A seguito di uno studio sui materiali, si \u00e8 deciso di realizzare le statue in multistrato di compensato decorato dal disegno geometrico. Queste sono poi state ancorate dai nostri allievi ad una pedana in legno circolare e poi composte con un elemento rettangolare alto quattro metri. L\u2019elemento incornicia la Nativit\u00e0 diventando, di giorno e di notte, con opportuna illuminazione, il segno connotativo di riferimento dell\u2019intera composizione realizzata all\u2019interno della prestigiosa piazza, per proporre un\u2019atmosfera suggestiva e coinvolgente.<\/p>\n\n\n\n<p>E voi cosa aspettate? Venite ad apprezzarlo, vi aspettiamo!<\/p>\n\n\n\n<figure class=\"wp-block-image size-full\"><img loading=\"lazy\" decoding=\"async\" width=\"556\" height=\"370\" src=\"https:\/\/www.abf.eu\/curno\/wp-content\/uploads\/sites\/5\/2022\/11\/FB_IMG_1669808020917-1.jpg\" alt=\"Il presepe in legno in citt\u00e0 alta\" class=\"wp-image-15771\" srcset=\"https:\/\/www.abf.eu\/curno\/wp-content\/uploads\/sites\/5\/2022\/11\/FB_IMG_1669808020917-1.jpg 556w, https:\/\/www.abf.eu\/curno\/wp-content\/uploads\/sites\/5\/2022\/11\/FB_IMG_1669808020917-1-300x200.jpg 300w\" sizes=\"auto, (max-width: 556px) 100vw, 556px\" \/><\/figure>\n","protected":false},"excerpt":{"rendered":"<p>Nel cuore di Citt\u00e0 Alta prende vita il BergaBosco e<\/p>\n","protected":false},"author":31,"featured_media":15762,"comment_status":"closed","ping_status":"open","sticky":false,"template":"","format":"standard","meta":{"footnotes":""},"categories":[1],"tags":[],"class_list":["post-15752","post","type-post","status-publish","format-standard","has-post-thumbnail","hentry","category-senza-categoria"],"yoast_head":"<!-- This site is optimized with the Yoast SEO plugin v25.8 - https:\/\/yoast.com\/wordpress\/plugins\/seo\/ -->\n<title>Da Almenno il presepe in legno per Citt\u00e0 Alta - Curno<\/title>\n<meta name=\"description\" content=\"Da ABF Sede di Almenno, arriva il presepe in legno realizzato dagli allievi del corso di Falegnameria. Vieni a scoprirlo in Citt\u00e0 Alta.\" \/>\n<meta name=\"robots\" content=\"index, follow, max-snippet:-1, max-image-preview:large, max-video-preview:-1\" \/>\n<link rel=\"canonical\" href=\"https:\/\/www.abf.eu\/curno\/presepe-in-legno\/\" \/>\n<meta property=\"og:locale\" content=\"it_IT\" \/>\n<meta property=\"og:type\" content=\"article\" \/>\n<meta property=\"og:title\" content=\"Da Almenno il presepe in legno per Citt\u00e0 Alta - Curno\" \/>\n<meta property=\"og:description\" content=\"Da ABF Sede di Almenno, arriva il presepe in legno realizzato dagli allievi del corso di Falegnameria. Vieni a scoprirlo in Citt\u00e0 Alta.\" \/>\n<meta property=\"og:url\" content=\"https:\/\/www.abf.eu\/curno\/presepe-in-legno\/\" \/>\n<meta property=\"og:site_name\" content=\"Curno\" \/>\n<meta property=\"article:published_time\" content=\"2022-11-30T11:30:11+00:00\" \/>\n<meta property=\"article:modified_time\" content=\"2022-11-30T11:59:59+00:00\" \/>\n<meta property=\"og:image\" content=\"https:\/\/www.abf.eu\/curno\/wp-content\/uploads\/sites\/5\/2022\/11\/presepe-di-abf-scaled-e1669807514928.jpg\" \/>\n\t<meta property=\"og:image:width\" content=\"1000\" \/>\n\t<meta property=\"og:image:height\" content=\"666\" \/>\n\t<meta property=\"og:image:type\" content=\"image\/jpeg\" \/>\n<meta name=\"author\" content=\"danilocaccia\" \/>\n<meta name=\"twitter:card\" content=\"summary_large_image\" \/>\n<meta name=\"twitter:label1\" content=\"Scritto da\" \/>\n\t<meta name=\"twitter:data1\" content=\"danilocaccia\" \/>\n\t<meta name=\"twitter:label2\" content=\"Tempo di lettura stimato\" \/>\n\t<meta name=\"twitter:data2\" content=\"3 minuti\" \/>\n<script type=\"application\/ld+json\" class=\"yoast-schema-graph\">{\"@context\":\"https:\/\/schema.org\",\"@graph\":[{\"@type\":\"WebPage\",\"@id\":\"https:\/\/www.abf.eu\/curno\/presepe-in-legno\/\",\"url\":\"https:\/\/www.abf.eu\/curno\/presepe-in-legno\/\",\"name\":\"Da Almenno il presepe in legno per Citt\u00e0 Alta - Curno\",\"isPartOf\":{\"@id\":\"https:\/\/www.abf.eu\/curno\/#website\"},\"primaryImageOfPage\":{\"@id\":\"https:\/\/www.abf.eu\/curno\/presepe-in-legno\/#primaryimage\"},\"image\":{\"@id\":\"https:\/\/www.abf.eu\/curno\/presepe-in-legno\/#primaryimage\"},\"thumbnailUrl\":\"https:\/\/www.abf.eu\/curno\/wp-content\/uploads\/sites\/5\/2022\/11\/presepe-di-abf-scaled-e1669807514928.jpg\",\"datePublished\":\"2022-11-30T11:30:11+00:00\",\"dateModified\":\"2022-11-30T11:59:59+00:00\",\"author\":{\"@id\":\"https:\/\/www.abf.eu\/curno\/#\/schema\/person\/8a78d772811de95e251d66b4d5491f76\"},\"description\":\"Da ABF Sede di Almenno, arriva il presepe in legno realizzato dagli allievi del corso di Falegnameria. Vieni a scoprirlo in Citt\u00e0 Alta.\",\"breadcrumb\":{\"@id\":\"https:\/\/www.abf.eu\/curno\/presepe-in-legno\/#breadcrumb\"},\"inLanguage\":\"it-IT\",\"potentialAction\":[{\"@type\":\"ReadAction\",\"target\":[\"https:\/\/www.abf.eu\/curno\/presepe-in-legno\/\"]}]},{\"@type\":\"ImageObject\",\"inLanguage\":\"it-IT\",\"@id\":\"https:\/\/www.abf.eu\/curno\/presepe-in-legno\/#primaryimage\",\"url\":\"https:\/\/www.abf.eu\/curno\/wp-content\/uploads\/sites\/5\/2022\/11\/presepe-di-abf-scaled-e1669807514928.jpg\",\"contentUrl\":\"https:\/\/www.abf.eu\/curno\/wp-content\/uploads\/sites\/5\/2022\/11\/presepe-di-abf-scaled-e1669807514928.jpg\",\"width\":1000,\"height\":666},{\"@type\":\"BreadcrumbList\",\"@id\":\"https:\/\/www.abf.eu\/curno\/presepe-in-legno\/#breadcrumb\",\"itemListElement\":[{\"@type\":\"ListItem\",\"position\":1,\"name\":\"Home\",\"item\":\"https:\/\/www.abf.eu\/curno\/\"},{\"@type\":\"ListItem\",\"position\":2,\"name\":\"Da Almenno il presepe in legno per Citt\u00e0 Alta\"}]},{\"@type\":\"WebSite\",\"@id\":\"https:\/\/www.abf.eu\/curno\/#website\",\"url\":\"https:\/\/www.abf.eu\/curno\/\",\"name\":\"Curno\",\"description\":\"Ecco un altro sito Abf siti\",\"potentialAction\":[{\"@type\":\"SearchAction\",\"target\":{\"@type\":\"EntryPoint\",\"urlTemplate\":\"https:\/\/www.abf.eu\/curno\/?s={search_term_string}\"},\"query-input\":{\"@type\":\"PropertyValueSpecification\",\"valueRequired\":true,\"valueName\":\"search_term_string\"}}],\"inLanguage\":\"it-IT\"},{\"@type\":\"Person\",\"@id\":\"https:\/\/www.abf.eu\/curno\/#\/schema\/person\/8a78d772811de95e251d66b4d5491f76\",\"name\":\"danilocaccia\",\"image\":{\"@type\":\"ImageObject\",\"inLanguage\":\"it-IT\",\"@id\":\"https:\/\/www.abf.eu\/curno\/#\/schema\/person\/image\/\",\"url\":\"https:\/\/secure.gravatar.com\/avatar\/d87f496e2092d70f0bc729633c0c70a56c54c4f8ce3eefdacc36b91c04c2e1c0?s=96&d=mm&r=g\",\"contentUrl\":\"https:\/\/secure.gravatar.com\/avatar\/d87f496e2092d70f0bc729633c0c70a56c54c4f8ce3eefdacc36b91c04c2e1c0?s=96&d=mm&r=g\",\"caption\":\"danilocaccia\"},\"sameAs\":[\"https:\/\/www.linkedin.com\/in\/danilocaccia\/\"],\"url\":\"https:\/\/www.abf.eu\/curno\/author\/danilocaccia\/\"}]}<\/script>\n<!-- \/ Yoast SEO plugin. -->","yoast_head_json":{"title":"Da Almenno il presepe in legno per Citt\u00e0 Alta - Curno","description":"Da ABF Sede di Almenno, arriva il presepe in legno realizzato dagli allievi del corso di Falegnameria. Vieni a scoprirlo in Citt\u00e0 Alta.","robots":{"index":"index","follow":"follow","max-snippet":"max-snippet:-1","max-image-preview":"max-image-preview:large","max-video-preview":"max-video-preview:-1"},"canonical":"https:\/\/www.abf.eu\/curno\/presepe-in-legno\/","og_locale":"it_IT","og_type":"article","og_title":"Da Almenno il presepe in legno per Citt\u00e0 Alta - Curno","og_description":"Da ABF Sede di Almenno, arriva il presepe in legno realizzato dagli allievi del corso di Falegnameria. Vieni a scoprirlo in Citt\u00e0 Alta.","og_url":"https:\/\/www.abf.eu\/curno\/presepe-in-legno\/","og_site_name":"Curno","article_published_time":"2022-11-30T11:30:11+00:00","article_modified_time":"2022-11-30T11:59:59+00:00","og_image":[{"width":1000,"height":666,"url":"https:\/\/www.abf.eu\/curno\/wp-content\/uploads\/sites\/5\/2022\/11\/presepe-di-abf-scaled-e1669807514928.jpg","type":"image\/jpeg"}],"author":"danilocaccia","twitter_card":"summary_large_image","twitter_misc":{"Scritto da":"danilocaccia","Tempo di lettura stimato":"3 minuti"},"schema":{"@context":"https:\/\/schema.org","@graph":[{"@type":"WebPage","@id":"https:\/\/www.abf.eu\/curno\/presepe-in-legno\/","url":"https:\/\/www.abf.eu\/curno\/presepe-in-legno\/","name":"Da Almenno il presepe in legno per Citt\u00e0 Alta - Curno","isPartOf":{"@id":"https:\/\/www.abf.eu\/curno\/#website"},"primaryImageOfPage":{"@id":"https:\/\/www.abf.eu\/curno\/presepe-in-legno\/#primaryimage"},"image":{"@id":"https:\/\/www.abf.eu\/curno\/presepe-in-legno\/#primaryimage"},"thumbnailUrl":"https:\/\/www.abf.eu\/curno\/wp-content\/uploads\/sites\/5\/2022\/11\/presepe-di-abf-scaled-e1669807514928.jpg","datePublished":"2022-11-30T11:30:11+00:00","dateModified":"2022-11-30T11:59:59+00:00","author":{"@id":"https:\/\/www.abf.eu\/curno\/#\/schema\/person\/8a78d772811de95e251d66b4d5491f76"},"description":"Da ABF Sede di Almenno, arriva il presepe in legno realizzato dagli allievi del corso di Falegnameria. Vieni a scoprirlo in Citt\u00e0 Alta.","breadcrumb":{"@id":"https:\/\/www.abf.eu\/curno\/presepe-in-legno\/#breadcrumb"},"inLanguage":"it-IT","potentialAction":[{"@type":"ReadAction","target":["https:\/\/www.abf.eu\/curno\/presepe-in-legno\/"]}]},{"@type":"ImageObject","inLanguage":"it-IT","@id":"https:\/\/www.abf.eu\/curno\/presepe-in-legno\/#primaryimage","url":"https:\/\/www.abf.eu\/curno\/wp-content\/uploads\/sites\/5\/2022\/11\/presepe-di-abf-scaled-e1669807514928.jpg","contentUrl":"https:\/\/www.abf.eu\/curno\/wp-content\/uploads\/sites\/5\/2022\/11\/presepe-di-abf-scaled-e1669807514928.jpg","width":1000,"height":666},{"@type":"BreadcrumbList","@id":"https:\/\/www.abf.eu\/curno\/presepe-in-legno\/#breadcrumb","itemListElement":[{"@type":"ListItem","position":1,"name":"Home","item":"https:\/\/www.abf.eu\/curno\/"},{"@type":"ListItem","position":2,"name":"Da Almenno il presepe in legno per Citt\u00e0 Alta"}]},{"@type":"WebSite","@id":"https:\/\/www.abf.eu\/curno\/#website","url":"https:\/\/www.abf.eu\/curno\/","name":"Curno","description":"Ecco un altro sito Abf siti","potentialAction":[{"@type":"SearchAction","target":{"@type":"EntryPoint","urlTemplate":"https:\/\/www.abf.eu\/curno\/?s={search_term_string}"},"query-input":{"@type":"PropertyValueSpecification","valueRequired":true,"valueName":"search_term_string"}}],"inLanguage":"it-IT"},{"@type":"Person","@id":"https:\/\/www.abf.eu\/curno\/#\/schema\/person\/8a78d772811de95e251d66b4d5491f76","name":"danilocaccia","image":{"@type":"ImageObject","inLanguage":"it-IT","@id":"https:\/\/www.abf.eu\/curno\/#\/schema\/person\/image\/","url":"https:\/\/secure.gravatar.com\/avatar\/d87f496e2092d70f0bc729633c0c70a56c54c4f8ce3eefdacc36b91c04c2e1c0?s=96&d=mm&r=g","contentUrl":"https:\/\/secure.gravatar.com\/avatar\/d87f496e2092d70f0bc729633c0c70a56c54c4f8ce3eefdacc36b91c04c2e1c0?s=96&d=mm&r=g","caption":"danilocaccia"},"sameAs":["https:\/\/www.linkedin.com\/in\/danilocaccia\/"],"url":"https:\/\/www.abf.eu\/curno\/author\/danilocaccia\/"}]}},"_links":{"self":[{"href":"https:\/\/www.abf.eu\/curno\/wp-json\/wp\/v2\/posts\/15752","targetHints":{"allow":["GET"]}}],"collection":[{"href":"https:\/\/www.abf.eu\/curno\/wp-json\/wp\/v2\/posts"}],"about":[{"href":"https:\/\/www.abf.eu\/curno\/wp-json\/wp\/v2\/types\/post"}],"author":[{"embeddable":true,"href":"https:\/\/www.abf.eu\/curno\/wp-json\/wp\/v2\/users\/31"}],"replies":[{"embeddable":true,"href":"https:\/\/www.abf.eu\/curno\/wp-json\/wp\/v2\/comments?post=15752"}],"version-history":[{"count":9,"href":"https:\/\/www.abf.eu\/curno\/wp-json\/wp\/v2\/posts\/15752\/revisions"}],"predecessor-version":[{"id":15774,"href":"https:\/\/www.abf.eu\/curno\/wp-json\/wp\/v2\/posts\/15752\/revisions\/15774"}],"wp:featuredmedia":[{"embeddable":true,"href":"https:\/\/www.abf.eu\/curno\/wp-json\/wp\/v2\/media\/15762"}],"wp:attachment":[{"href":"https:\/\/www.abf.eu\/curno\/wp-json\/wp\/v2\/media?parent=15752"}],"wp:term":[{"taxonomy":"category","embeddable":true,"href":"https:\/\/www.abf.eu\/curno\/wp-json\/wp\/v2\/categories?post=15752"},{"taxonomy":"post_tag","embeddable":true,"href":"https:\/\/www.abf.eu\/curno\/wp-json\/wp\/v2\/tags?post=15752"}],"curies":[{"name":"wp","href":"https:\/\/api.w.org\/{rel}","templated":true}]}}