{"id":15837,"date":"2022-12-19T12:28:48","date_gmt":"2022-12-19T11:28:48","guid":{"rendered":"https:\/\/www.abf.eu\/curno\/?p=15837"},"modified":"2022-12-19T12:28:49","modified_gmt":"2022-12-19T11:28:49","slug":"ivan-giussani","status":"publish","type":"post","link":"https:\/\/www.abf.eu\/curno\/ivan-giussani\/","title":{"rendered":"ABF ospita&#8230; Ivan Giussani"},"content":{"rendered":"\n<h3 class=\"wp-block-heading\">Ivan Giussani a Curno, insieme agli ex studenti<\/h3>\n\n\n\n<h5 class=\"wp-block-heading\">Non solo Influencer<\/h5>\n\n\n\n<p><strong>Mercoled\u00ec 21 dicembre<\/strong> la sede di Curno ospiter\u00e0 <strong>Ivan Giussani<\/strong>, noto YouTuber appassionato di motori con un grande seguito sui social. La sua presenza rappresenta un&#8217;opportunit\u00e0 unica per gli studenti e per tutti gli appassionati di moto e auto di conoscere da vicino una figura di rilievo del mondo dei motori e di fare domande e chiarimenti su questo affascinante settore. <\/p>\n\n\n\n<p>Con i suoi 215000 follower su Instagram, Ivan Giussani \u00e8 un vero e proprio influencer del mondo dei motori.<\/p>\n\n\n\n<blockquote class=\"wp-block-quote is-layout-flow wp-block-quote-is-layout-flow\"><p>Ospitare Ivan \u00e8 sempre un piacere. \u00c8 la dimostrazione di come una passione pu\u00f2 diventare un lavoro e per i nostri ragazzi \u00e8 un esempio.<\/p><\/blockquote>\n\n\n\n<p>\u00c8 gi\u00e0 il secondo anno che Ivan viene ospitato tra i nostri banchi, e il successo \u00e8 garantito. L&#8217;evento \u00e8 aperto a studenti, futuri studenti, appassionati di motori giovani e adulti!<\/p>\n\n\n\n<h5 class=\"wp-block-heading\">Ospiti anche i nostri ex allievi<\/h5>\n\n\n\n<p>Ma l&#8217;evento del 21 dicembre non si limiter\u00e0 alla presenza di Ivan Giussani: anche alcuni ex allievi del nostro centro di formazione professionale avranno l&#8217;opportunit\u00e0 di raccontare le loro esperienze professionali di successo dopo essersi diplomati presso la nostra scuola. Sar\u00e0 un&#8217;occasione preziosa per i nostri attuali studenti di capire quali opportunit\u00e0 lavorative possono attendersi una volta conclusi gli studi e di farsi ispirare dalle storie di chi, come loro, ha intrapreso questa strada.<\/p>\n\n\n\n<p>Oltre al corso di Operatore alla riparazione dei veicoli a motore, la sede di Curno ospita anche i percorsi di Operatore Meccatronico, Operatore di Carrozzeria e il corso di Operatore del legno presso la sede distaccata di Almenno San Bartolomeo. Insomma, c&#8217;\u00e8 davvero l&#8217;imbarazzo della scelta per chiunque voglia intraprendere una carriera nel mondo dei motori o del legno.<\/p>\n\n\n\n<blockquote class=\"wp-block-quote is-layout-flow wp-block-quote-is-layout-flow\"><p>Per chi vuol conoscere di pi\u00f9 sui percorsi professionali di Curno, la scuola vi aspetta a porte aperte anche il 18 gennaio. Avrete modo di accedere ai laboratori, conoscere i docenti e vedere nel dettaglio tutte le attivit\u00e0 che proponiamo ai ragazzi che ci scelgono dopo la terza media.<\/p><\/blockquote>\n\n\n\n<h5 class=\"wp-block-heading\">Cosa vi aspetta il 21 dicembre?<\/h5>\n\n\n\n<p>L&#8217;evento del 21 dicembre \u00e8 aperto a tutti e rappresenta un&#8217;occasione unica per conoscere da vicino il mondo dei motori, per scoprire cosa succede una volta conclusi gli studi in un centro di formazione professionale come il nostro e per valutare se iscriversi da noi per il prossimo Anno Formativo. <\/p>\n\n\n\n<p>Non perdete l&#8217;occasione di partecipare e di fare domande a Ivan Giussani e agli ex allievi: vi aspettiamo mercoled\u00ec 21 dicembre presso la nostra sede di Curno: l&#8217;invito \u00e8 aperto a tutti!<\/p>\n","protected":false},"excerpt":{"rendered":"<p>Ivan Giussani a Curno, insieme agli ex studenti Non solo<\/p>\n","protected":false},"author":31,"featured_media":15841,"comment_status":"closed","ping_status":"open","sticky":false,"template":"","format":"standard","meta":{"footnotes":""},"categories":[1],"tags":[],"class_list":["post-15837","post","type-post","status-publish","format-standard","has-post-thumbnail","hentry","category-senza-categoria"],"yoast_head":"<!-- This site is optimized with the Yoast SEO plugin v25.8 - https:\/\/yoast.com\/wordpress\/plugins\/seo\/ -->\n<title>ABF ospita... Ivan Giussani - Curno<\/title>\n<meta name=\"description\" content=\"ABF ospita Ivan Giussani, influencer del mondo dei motori, con migliaia di follower sui social. Occasione unica per scoprire questo settore.\" \/>\n<meta name=\"robots\" content=\"index, follow, max-snippet:-1, max-image-preview:large, max-video-preview:-1\" \/>\n<link rel=\"canonical\" href=\"https:\/\/www.abf.eu\/curno\/ivan-giussani\/\" \/>\n<meta property=\"og:locale\" content=\"it_IT\" \/>\n<meta property=\"og:type\" content=\"article\" \/>\n<meta property=\"og:title\" content=\"ABF ospita... Ivan Giussani - Curno\" \/>\n<meta property=\"og:description\" content=\"ABF ospita Ivan Giussani, influencer del mondo dei motori, con migliaia di follower sui social. Occasione unica per scoprire questo settore.\" \/>\n<meta property=\"og:url\" content=\"https:\/\/www.abf.eu\/curno\/ivan-giussani\/\" \/>\n<meta property=\"og:site_name\" content=\"Curno\" \/>\n<meta property=\"article:published_time\" content=\"2022-12-19T11:28:48+00:00\" \/>\n<meta property=\"article:modified_time\" content=\"2022-12-19T11:28:49+00:00\" \/>\n<meta property=\"og:image\" content=\"https:\/\/www.abf.eu\/curno\/wp-content\/uploads\/sites\/5\/2022\/12\/ivan-giussani-1.jpg\" \/>\n\t<meta property=\"og:image:width\" content=\"1010\" \/>\n\t<meta property=\"og:image:height\" content=\"673\" \/>\n\t<meta property=\"og:image:type\" content=\"image\/jpeg\" \/>\n<meta name=\"author\" content=\"danilocaccia\" \/>\n<meta name=\"twitter:card\" content=\"summary_large_image\" \/>\n<meta name=\"twitter:label1\" content=\"Scritto da\" \/>\n\t<meta name=\"twitter:data1\" content=\"danilocaccia\" \/>\n\t<meta name=\"twitter:label2\" content=\"Tempo di lettura stimato\" \/>\n\t<meta name=\"twitter:data2\" content=\"3 minuti\" \/>\n<script type=\"application\/ld+json\" class=\"yoast-schema-graph\">{\"@context\":\"https:\/\/schema.org\",\"@graph\":[{\"@type\":\"WebPage\",\"@id\":\"https:\/\/www.abf.eu\/curno\/ivan-giussani\/\",\"url\":\"https:\/\/www.abf.eu\/curno\/ivan-giussani\/\",\"name\":\"ABF ospita... Ivan Giussani - Curno\",\"isPartOf\":{\"@id\":\"https:\/\/www.abf.eu\/curno\/#website\"},\"primaryImageOfPage\":{\"@id\":\"https:\/\/www.abf.eu\/curno\/ivan-giussani\/#primaryimage\"},\"image\":{\"@id\":\"https:\/\/www.abf.eu\/curno\/ivan-giussani\/#primaryimage\"},\"thumbnailUrl\":\"https:\/\/www.abf.eu\/curno\/wp-content\/uploads\/sites\/5\/2022\/12\/ivan-giussani-1.jpg\",\"datePublished\":\"2022-12-19T11:28:48+00:00\",\"dateModified\":\"2022-12-19T11:28:49+00:00\",\"author\":{\"@id\":\"https:\/\/www.abf.eu\/curno\/#\/schema\/person\/8a78d772811de95e251d66b4d5491f76\"},\"description\":\"ABF ospita Ivan Giussani, influencer del mondo dei motori, con migliaia di follower sui social. Occasione unica per scoprire questo settore.\",\"breadcrumb\":{\"@id\":\"https:\/\/www.abf.eu\/curno\/ivan-giussani\/#breadcrumb\"},\"inLanguage\":\"it-IT\",\"potentialAction\":[{\"@type\":\"ReadAction\",\"target\":[\"https:\/\/www.abf.eu\/curno\/ivan-giussani\/\"]}]},{\"@type\":\"ImageObject\",\"inLanguage\":\"it-IT\",\"@id\":\"https:\/\/www.abf.eu\/curno\/ivan-giussani\/#primaryimage\",\"url\":\"https:\/\/www.abf.eu\/curno\/wp-content\/uploads\/sites\/5\/2022\/12\/ivan-giussani-1.jpg\",\"contentUrl\":\"https:\/\/www.abf.eu\/curno\/wp-content\/uploads\/sites\/5\/2022\/12\/ivan-giussani-1.jpg\",\"width\":1010,\"height\":673,\"caption\":\"Ivan Giussani in ABF\"},{\"@type\":\"BreadcrumbList\",\"@id\":\"https:\/\/www.abf.eu\/curno\/ivan-giussani\/#breadcrumb\",\"itemListElement\":[{\"@type\":\"ListItem\",\"position\":1,\"name\":\"Home\",\"item\":\"https:\/\/www.abf.eu\/curno\/\"},{\"@type\":\"ListItem\",\"position\":2,\"name\":\"ABF ospita&#8230; Ivan Giussani\"}]},{\"@type\":\"WebSite\",\"@id\":\"https:\/\/www.abf.eu\/curno\/#website\",\"url\":\"https:\/\/www.abf.eu\/curno\/\",\"name\":\"Curno\",\"description\":\"Ecco un altro sito Abf siti\",\"potentialAction\":[{\"@type\":\"SearchAction\",\"target\":{\"@type\":\"EntryPoint\",\"urlTemplate\":\"https:\/\/www.abf.eu\/curno\/?s={search_term_string}\"},\"query-input\":{\"@type\":\"PropertyValueSpecification\",\"valueRequired\":true,\"valueName\":\"search_term_string\"}}],\"inLanguage\":\"it-IT\"},{\"@type\":\"Person\",\"@id\":\"https:\/\/www.abf.eu\/curno\/#\/schema\/person\/8a78d772811de95e251d66b4d5491f76\",\"name\":\"danilocaccia\",\"image\":{\"@type\":\"ImageObject\",\"inLanguage\":\"it-IT\",\"@id\":\"https:\/\/www.abf.eu\/curno\/#\/schema\/person\/image\/\",\"url\":\"https:\/\/secure.gravatar.com\/avatar\/d87f496e2092d70f0bc729633c0c70a56c54c4f8ce3eefdacc36b91c04c2e1c0?s=96&d=mm&r=g\",\"contentUrl\":\"https:\/\/secure.gravatar.com\/avatar\/d87f496e2092d70f0bc729633c0c70a56c54c4f8ce3eefdacc36b91c04c2e1c0?s=96&d=mm&r=g\",\"caption\":\"danilocaccia\"},\"sameAs\":[\"https:\/\/www.linkedin.com\/in\/danilocaccia\/\"],\"url\":\"https:\/\/www.abf.eu\/curno\/author\/danilocaccia\/\"}]}<\/script>\n<!-- \/ Yoast SEO plugin. -->","yoast_head_json":{"title":"ABF ospita... Ivan Giussani - Curno","description":"ABF ospita Ivan Giussani, influencer del mondo dei motori, con migliaia di follower sui social. Occasione unica per scoprire questo settore.","robots":{"index":"index","follow":"follow","max-snippet":"max-snippet:-1","max-image-preview":"max-image-preview:large","max-video-preview":"max-video-preview:-1"},"canonical":"https:\/\/www.abf.eu\/curno\/ivan-giussani\/","og_locale":"it_IT","og_type":"article","og_title":"ABF ospita... Ivan Giussani - Curno","og_description":"ABF ospita Ivan Giussani, influencer del mondo dei motori, con migliaia di follower sui social. Occasione unica per scoprire questo settore.","og_url":"https:\/\/www.abf.eu\/curno\/ivan-giussani\/","og_site_name":"Curno","article_published_time":"2022-12-19T11:28:48+00:00","article_modified_time":"2022-12-19T11:28:49+00:00","og_image":[{"width":1010,"height":673,"url":"https:\/\/www.abf.eu\/curno\/wp-content\/uploads\/sites\/5\/2022\/12\/ivan-giussani-1.jpg","type":"image\/jpeg"}],"author":"danilocaccia","twitter_card":"summary_large_image","twitter_misc":{"Scritto da":"danilocaccia","Tempo di lettura stimato":"3 minuti"},"schema":{"@context":"https:\/\/schema.org","@graph":[{"@type":"WebPage","@id":"https:\/\/www.abf.eu\/curno\/ivan-giussani\/","url":"https:\/\/www.abf.eu\/curno\/ivan-giussani\/","name":"ABF ospita... Ivan Giussani - Curno","isPartOf":{"@id":"https:\/\/www.abf.eu\/curno\/#website"},"primaryImageOfPage":{"@id":"https:\/\/www.abf.eu\/curno\/ivan-giussani\/#primaryimage"},"image":{"@id":"https:\/\/www.abf.eu\/curno\/ivan-giussani\/#primaryimage"},"thumbnailUrl":"https:\/\/www.abf.eu\/curno\/wp-content\/uploads\/sites\/5\/2022\/12\/ivan-giussani-1.jpg","datePublished":"2022-12-19T11:28:48+00:00","dateModified":"2022-12-19T11:28:49+00:00","author":{"@id":"https:\/\/www.abf.eu\/curno\/#\/schema\/person\/8a78d772811de95e251d66b4d5491f76"},"description":"ABF ospita Ivan Giussani, influencer del mondo dei motori, con migliaia di follower sui social. Occasione unica per scoprire questo settore.","breadcrumb":{"@id":"https:\/\/www.abf.eu\/curno\/ivan-giussani\/#breadcrumb"},"inLanguage":"it-IT","potentialAction":[{"@type":"ReadAction","target":["https:\/\/www.abf.eu\/curno\/ivan-giussani\/"]}]},{"@type":"ImageObject","inLanguage":"it-IT","@id":"https:\/\/www.abf.eu\/curno\/ivan-giussani\/#primaryimage","url":"https:\/\/www.abf.eu\/curno\/wp-content\/uploads\/sites\/5\/2022\/12\/ivan-giussani-1.jpg","contentUrl":"https:\/\/www.abf.eu\/curno\/wp-content\/uploads\/sites\/5\/2022\/12\/ivan-giussani-1.jpg","width":1010,"height":673,"caption":"Ivan Giussani in ABF"},{"@type":"BreadcrumbList","@id":"https:\/\/www.abf.eu\/curno\/ivan-giussani\/#breadcrumb","itemListElement":[{"@type":"ListItem","position":1,"name":"Home","item":"https:\/\/www.abf.eu\/curno\/"},{"@type":"ListItem","position":2,"name":"ABF ospita&#8230; Ivan Giussani"}]},{"@type":"WebSite","@id":"https:\/\/www.abf.eu\/curno\/#website","url":"https:\/\/www.abf.eu\/curno\/","name":"Curno","description":"Ecco un altro sito Abf siti","potentialAction":[{"@type":"SearchAction","target":{"@type":"EntryPoint","urlTemplate":"https:\/\/www.abf.eu\/curno\/?s={search_term_string}"},"query-input":{"@type":"PropertyValueSpecification","valueRequired":true,"valueName":"search_term_string"}}],"inLanguage":"it-IT"},{"@type":"Person","@id":"https:\/\/www.abf.eu\/curno\/#\/schema\/person\/8a78d772811de95e251d66b4d5491f76","name":"danilocaccia","image":{"@type":"ImageObject","inLanguage":"it-IT","@id":"https:\/\/www.abf.eu\/curno\/#\/schema\/person\/image\/","url":"https:\/\/secure.gravatar.com\/avatar\/d87f496e2092d70f0bc729633c0c70a56c54c4f8ce3eefdacc36b91c04c2e1c0?s=96&d=mm&r=g","contentUrl":"https:\/\/secure.gravatar.com\/avatar\/d87f496e2092d70f0bc729633c0c70a56c54c4f8ce3eefdacc36b91c04c2e1c0?s=96&d=mm&r=g","caption":"danilocaccia"},"sameAs":["https:\/\/www.linkedin.com\/in\/danilocaccia\/"],"url":"https:\/\/www.abf.eu\/curno\/author\/danilocaccia\/"}]}},"_links":{"self":[{"href":"https:\/\/www.abf.eu\/curno\/wp-json\/wp\/v2\/posts\/15837","targetHints":{"allow":["GET"]}}],"collection":[{"href":"https:\/\/www.abf.eu\/curno\/wp-json\/wp\/v2\/posts"}],"about":[{"href":"https:\/\/www.abf.eu\/curno\/wp-json\/wp\/v2\/types\/post"}],"author":[{"embeddable":true,"href":"https:\/\/www.abf.eu\/curno\/wp-json\/wp\/v2\/users\/31"}],"replies":[{"embeddable":true,"href":"https:\/\/www.abf.eu\/curno\/wp-json\/wp\/v2\/comments?post=15837"}],"version-history":[{"count":4,"href":"https:\/\/www.abf.eu\/curno\/wp-json\/wp\/v2\/posts\/15837\/revisions"}],"predecessor-version":[{"id":15918,"href":"https:\/\/www.abf.eu\/curno\/wp-json\/wp\/v2\/posts\/15837\/revisions\/15918"}],"wp:featuredmedia":[{"embeddable":true,"href":"https:\/\/www.abf.eu\/curno\/wp-json\/wp\/v2\/media\/15841"}],"wp:attachment":[{"href":"https:\/\/www.abf.eu\/curno\/wp-json\/wp\/v2\/media?parent=15837"}],"wp:term":[{"taxonomy":"category","embeddable":true,"href":"https:\/\/www.abf.eu\/curno\/wp-json\/wp\/v2\/categories?post=15837"},{"taxonomy":"post_tag","embeddable":true,"href":"https:\/\/www.abf.eu\/curno\/wp-json\/wp\/v2\/tags?post=15837"}],"curies":[{"name":"wp","href":"https:\/\/api.w.org\/{rel}","templated":true}]}}