{"id":15853,"date":"2023-01-17T10:52:22","date_gmt":"2023-01-17T09:52:22","guid":{"rendered":"https:\/\/www.abf.eu\/curno\/?p=15853"},"modified":"2023-01-26T10:13:18","modified_gmt":"2023-01-26T09:13:18","slug":"operatori-del-legno-in-visita-di-citta-alta","status":"publish","type":"post","link":"https:\/\/www.abf.eu\/curno\/operatori-del-legno-in-visita-di-citta-alta\/","title":{"rendered":"Operatori del Legno in visita di Citt\u00e0 Alta"},"content":{"rendered":"\n<p>Gli allievi del corso di falegnameria della sede di Almenno di Azienda Bergamasca Formazione hanno vissuto un&#8217;esperienza unica nella suggestiva cornice di Citt\u00e0 Alta. Durante le lezioni all&#8217;aperto, gli studenti hanno avuto la possibilit\u00e0 di conoscere da vicino i legni ed essenze del territorio bergamasco attraverso una passeggiata nell&#8217;orto botanico.<\/p>\n\n\n\n<p>Ma non solo, la giornata \u00e8 stata anche l&#8217;occasione per scoprire la storia e la cultura della citt\u00e0 attraverso la visita a stemmi, simboli e palazzi storici. Gli studenti hanno inoltre avuto l&#8217;opportunit\u00e0 di immergersi nella memoria e conoscere le storie di uomini e donne che hanno combattuto per la libert\u00e0. Nello specifico, gli studenti hanno visitato l&#8217;orto botanico, la <strong><a href=\"https:\/\/www.abf.eu\/curno\/presepe-in-legno\/\">mostra &#8220;Dalla natura alle cose&#8221;<\/a><\/strong> e il carcere di Sant&#8217;Agata.<\/p>\n\n\n\n<p><\/p>\n\n\n\n<p>Questa esperienza ha evidenziato l&#8217;importanza di scoprire e conoscere il proprio territorio, soprattutto per una scuola come la nostra, che \u00e8 strettamente legata al territorio e al km0 in tutti i settori. Conoscere le risorse e le potenzialit\u00e0 del proprio territorio \u00e8 fondamentale per sviluppare una formazione professionale completa e per creare opportunit\u00e0 di lavoro nel proprio territorio.<\/p>\n\n\n\n<figure class=\"wp-block-image size-large is-resized\"><img loading=\"lazy\" decoding=\"async\" src=\"https:\/\/www.abf.eu\/curno\/wp-content\/uploads\/sites\/5\/2023\/01\/20221220_123331-1024x768.jpg\" alt=\"\" class=\"wp-image-15855\" width=\"1000\" height=\"666\" \/><\/figure>\n\n\n\n<p>L&#8217;esperienza vissuta dagli studenti del corso di falegnameria della sede della Scuola del Legno di Almenno San Bartolomeo \u00e8 stata un&#8217;occasione unica per scoprire e conoscere il proprio territorio in modo approfondito e multidisciplinare. Durante la passeggiata nell&#8217;orto botanico, gli studenti hanno avuto la possibilit\u00e0 di osservare da vicino le essenze autoctone del nostro territorio, comprendere le loro caratteristiche e le loro potenzialit\u00e0, in modo da poterle utilizzare al meglio nella propria formazione professionale.<\/p>\n\n\n\n<p>La visita ai simboli, ai palazzi storici e alla mostra &#8220;dalla natura alle cose&#8221; ha invece permesso agli studenti di comprendere l&#8217;importanza della cultura e della storia del territorio, in modo da poterne apprezzare al meglio le radici e le tradizioni.<\/p>\n\n\n\n<p>Inoltre, la visita al carcere di Sant&#8217;Agata ha offerto un&#8217;occasione per riflettere sulla memoria e sull&#8217;importanza della lotta per la libert\u00e0, un tema che assume un valore ancora maggiore in una scuola come la nostra, che mira a formare cittadini consapevoli e impegnati nella societ\u00e0.<\/p>\n\n\n\n<p>In generale, questa esperienza ha dimostrato come la conoscenza del proprio territorio sia un elemento fondamentale per la formazione professionale e per la crescita personale degli studenti, in grado di arricchire la loro formazione e prepararli al meglio per il loro futuro professionale e sociale.<\/p>\n","protected":false},"excerpt":{"rendered":"<p>Gli allievi del corso di falegnameria della sede di Almenno<\/p>\n","protected":false},"author":31,"featured_media":15854,"comment_status":"closed","ping_status":"open","sticky":false,"template":"","format":"standard","meta":{"footnotes":""},"categories":[1],"tags":[],"class_list":["post-15853","post","type-post","status-publish","format-standard","has-post-thumbnail","hentry","category-senza-categoria"],"yoast_head":"<!-- This site is optimized with the Yoast SEO plugin v25.8 - https:\/\/yoast.com\/wordpress\/plugins\/seo\/ -->\n<title>Operatori del Legno in visita di Citt\u00e0 Alta - Curno<\/title>\n<meta name=\"description\" content=\"Gli allievi del corso di falegnameria della sede di Almenno di Azienda Bergamasca Formazione hanno vissuto un&#039;esperienza unica nella suggestiva cornice di Citt\u00e0 Alta\" \/>\n<meta name=\"robots\" content=\"index, follow, max-snippet:-1, max-image-preview:large, max-video-preview:-1\" \/>\n<link rel=\"canonical\" href=\"https:\/\/www.abf.eu\/curno\/operatori-del-legno-in-visita-di-citta-alta\/\" \/>\n<meta property=\"og:locale\" content=\"it_IT\" \/>\n<meta property=\"og:type\" content=\"article\" \/>\n<meta property=\"og:title\" content=\"Operatori del Legno in visita di Citt\u00e0 Alta - Curno\" \/>\n<meta property=\"og:description\" content=\"Gli allievi del corso di falegnameria della sede di Almenno di Azienda Bergamasca Formazione hanno vissuto un&#039;esperienza unica nella suggestiva cornice di Citt\u00e0 Alta\" \/>\n<meta property=\"og:url\" content=\"https:\/\/www.abf.eu\/curno\/operatori-del-legno-in-visita-di-citta-alta\/\" \/>\n<meta property=\"og:site_name\" content=\"Curno\" \/>\n<meta property=\"article:published_time\" content=\"2023-01-17T09:52:22+00:00\" \/>\n<meta property=\"article:modified_time\" content=\"2023-01-26T09:13:18+00:00\" \/>\n<meta property=\"og:image\" content=\"https:\/\/www.abf.eu\/curno\/wp-content\/uploads\/sites\/5\/2023\/01\/copertina-scaled.jpg\" \/>\n\t<meta property=\"og:image:width\" content=\"2560\" \/>\n\t<meta property=\"og:image:height\" content=\"1705\" \/>\n\t<meta property=\"og:image:type\" content=\"image\/jpeg\" \/>\n<meta name=\"author\" content=\"danilocaccia\" \/>\n<meta name=\"twitter:card\" content=\"summary_large_image\" \/>\n<meta name=\"twitter:label1\" content=\"Scritto da\" \/>\n\t<meta name=\"twitter:data1\" content=\"danilocaccia\" \/>\n\t<meta name=\"twitter:label2\" content=\"Tempo di lettura stimato\" \/>\n\t<meta name=\"twitter:data2\" content=\"3 minuti\" \/>\n<script type=\"application\/ld+json\" class=\"yoast-schema-graph\">{\"@context\":\"https:\/\/schema.org\",\"@graph\":[{\"@type\":\"WebPage\",\"@id\":\"https:\/\/www.abf.eu\/curno\/operatori-del-legno-in-visita-di-citta-alta\/\",\"url\":\"https:\/\/www.abf.eu\/curno\/operatori-del-legno-in-visita-di-citta-alta\/\",\"name\":\"Operatori del Legno in visita di Citt\u00e0 Alta - Curno\",\"isPartOf\":{\"@id\":\"https:\/\/www.abf.eu\/curno\/#website\"},\"primaryImageOfPage\":{\"@id\":\"https:\/\/www.abf.eu\/curno\/operatori-del-legno-in-visita-di-citta-alta\/#primaryimage\"},\"image\":{\"@id\":\"https:\/\/www.abf.eu\/curno\/operatori-del-legno-in-visita-di-citta-alta\/#primaryimage\"},\"thumbnailUrl\":\"https:\/\/www.abf.eu\/curno\/wp-content\/uploads\/sites\/5\/2023\/01\/copertina-scaled.jpg\",\"datePublished\":\"2023-01-17T09:52:22+00:00\",\"dateModified\":\"2023-01-26T09:13:18+00:00\",\"author\":{\"@id\":\"https:\/\/www.abf.eu\/curno\/#\/schema\/person\/8a78d772811de95e251d66b4d5491f76\"},\"description\":\"Gli allievi del corso di falegnameria della sede di Almenno di Azienda Bergamasca Formazione hanno vissuto un'esperienza unica nella suggestiva cornice di Citt\u00e0 Alta\",\"breadcrumb\":{\"@id\":\"https:\/\/www.abf.eu\/curno\/operatori-del-legno-in-visita-di-citta-alta\/#breadcrumb\"},\"inLanguage\":\"it-IT\",\"potentialAction\":[{\"@type\":\"ReadAction\",\"target\":[\"https:\/\/www.abf.eu\/curno\/operatori-del-legno-in-visita-di-citta-alta\/\"]}]},{\"@type\":\"ImageObject\",\"inLanguage\":\"it-IT\",\"@id\":\"https:\/\/www.abf.eu\/curno\/operatori-del-legno-in-visita-di-citta-alta\/#primaryimage\",\"url\":\"https:\/\/www.abf.eu\/curno\/wp-content\/uploads\/sites\/5\/2023\/01\/copertina-scaled.jpg\",\"contentUrl\":\"https:\/\/www.abf.eu\/curno\/wp-content\/uploads\/sites\/5\/2023\/01\/copertina-scaled.jpg\",\"width\":2560,\"height\":1705},{\"@type\":\"BreadcrumbList\",\"@id\":\"https:\/\/www.abf.eu\/curno\/operatori-del-legno-in-visita-di-citta-alta\/#breadcrumb\",\"itemListElement\":[{\"@type\":\"ListItem\",\"position\":1,\"name\":\"Home\",\"item\":\"https:\/\/www.abf.eu\/curno\/\"},{\"@type\":\"ListItem\",\"position\":2,\"name\":\"Operatori del Legno in visita di Citt\u00e0 Alta\"}]},{\"@type\":\"WebSite\",\"@id\":\"https:\/\/www.abf.eu\/curno\/#website\",\"url\":\"https:\/\/www.abf.eu\/curno\/\",\"name\":\"Curno\",\"description\":\"Ecco un altro sito Abf siti\",\"potentialAction\":[{\"@type\":\"SearchAction\",\"target\":{\"@type\":\"EntryPoint\",\"urlTemplate\":\"https:\/\/www.abf.eu\/curno\/?s={search_term_string}\"},\"query-input\":{\"@type\":\"PropertyValueSpecification\",\"valueRequired\":true,\"valueName\":\"search_term_string\"}}],\"inLanguage\":\"it-IT\"},{\"@type\":\"Person\",\"@id\":\"https:\/\/www.abf.eu\/curno\/#\/schema\/person\/8a78d772811de95e251d66b4d5491f76\",\"name\":\"danilocaccia\",\"image\":{\"@type\":\"ImageObject\",\"inLanguage\":\"it-IT\",\"@id\":\"https:\/\/www.abf.eu\/curno\/#\/schema\/person\/image\/\",\"url\":\"https:\/\/secure.gravatar.com\/avatar\/d87f496e2092d70f0bc729633c0c70a56c54c4f8ce3eefdacc36b91c04c2e1c0?s=96&d=mm&r=g\",\"contentUrl\":\"https:\/\/secure.gravatar.com\/avatar\/d87f496e2092d70f0bc729633c0c70a56c54c4f8ce3eefdacc36b91c04c2e1c0?s=96&d=mm&r=g\",\"caption\":\"danilocaccia\"},\"sameAs\":[\"https:\/\/www.linkedin.com\/in\/danilocaccia\/\"],\"url\":\"https:\/\/www.abf.eu\/curno\/author\/danilocaccia\/\"}]}<\/script>\n<!-- \/ Yoast SEO plugin. -->","yoast_head_json":{"title":"Operatori del Legno in visita di Citt\u00e0 Alta - Curno","description":"Gli allievi del corso di falegnameria della sede di Almenno di Azienda Bergamasca Formazione hanno vissuto un'esperienza unica nella suggestiva cornice di Citt\u00e0 Alta","robots":{"index":"index","follow":"follow","max-snippet":"max-snippet:-1","max-image-preview":"max-image-preview:large","max-video-preview":"max-video-preview:-1"},"canonical":"https:\/\/www.abf.eu\/curno\/operatori-del-legno-in-visita-di-citta-alta\/","og_locale":"it_IT","og_type":"article","og_title":"Operatori del Legno in visita di Citt\u00e0 Alta - Curno","og_description":"Gli allievi del corso di falegnameria della sede di Almenno di Azienda Bergamasca Formazione hanno vissuto un'esperienza unica nella suggestiva cornice di Citt\u00e0 Alta","og_url":"https:\/\/www.abf.eu\/curno\/operatori-del-legno-in-visita-di-citta-alta\/","og_site_name":"Curno","article_published_time":"2023-01-17T09:52:22+00:00","article_modified_time":"2023-01-26T09:13:18+00:00","og_image":[{"width":2560,"height":1705,"url":"https:\/\/www.abf.eu\/curno\/wp-content\/uploads\/sites\/5\/2023\/01\/copertina-scaled.jpg","type":"image\/jpeg"}],"author":"danilocaccia","twitter_card":"summary_large_image","twitter_misc":{"Scritto da":"danilocaccia","Tempo di lettura stimato":"3 minuti"},"schema":{"@context":"https:\/\/schema.org","@graph":[{"@type":"WebPage","@id":"https:\/\/www.abf.eu\/curno\/operatori-del-legno-in-visita-di-citta-alta\/","url":"https:\/\/www.abf.eu\/curno\/operatori-del-legno-in-visita-di-citta-alta\/","name":"Operatori del Legno in visita di Citt\u00e0 Alta - Curno","isPartOf":{"@id":"https:\/\/www.abf.eu\/curno\/#website"},"primaryImageOfPage":{"@id":"https:\/\/www.abf.eu\/curno\/operatori-del-legno-in-visita-di-citta-alta\/#primaryimage"},"image":{"@id":"https:\/\/www.abf.eu\/curno\/operatori-del-legno-in-visita-di-citta-alta\/#primaryimage"},"thumbnailUrl":"https:\/\/www.abf.eu\/curno\/wp-content\/uploads\/sites\/5\/2023\/01\/copertina-scaled.jpg","datePublished":"2023-01-17T09:52:22+00:00","dateModified":"2023-01-26T09:13:18+00:00","author":{"@id":"https:\/\/www.abf.eu\/curno\/#\/schema\/person\/8a78d772811de95e251d66b4d5491f76"},"description":"Gli allievi del corso di falegnameria della sede di Almenno di Azienda Bergamasca Formazione hanno vissuto un'esperienza unica nella suggestiva cornice di Citt\u00e0 Alta","breadcrumb":{"@id":"https:\/\/www.abf.eu\/curno\/operatori-del-legno-in-visita-di-citta-alta\/#breadcrumb"},"inLanguage":"it-IT","potentialAction":[{"@type":"ReadAction","target":["https:\/\/www.abf.eu\/curno\/operatori-del-legno-in-visita-di-citta-alta\/"]}]},{"@type":"ImageObject","inLanguage":"it-IT","@id":"https:\/\/www.abf.eu\/curno\/operatori-del-legno-in-visita-di-citta-alta\/#primaryimage","url":"https:\/\/www.abf.eu\/curno\/wp-content\/uploads\/sites\/5\/2023\/01\/copertina-scaled.jpg","contentUrl":"https:\/\/www.abf.eu\/curno\/wp-content\/uploads\/sites\/5\/2023\/01\/copertina-scaled.jpg","width":2560,"height":1705},{"@type":"BreadcrumbList","@id":"https:\/\/www.abf.eu\/curno\/operatori-del-legno-in-visita-di-citta-alta\/#breadcrumb","itemListElement":[{"@type":"ListItem","position":1,"name":"Home","item":"https:\/\/www.abf.eu\/curno\/"},{"@type":"ListItem","position":2,"name":"Operatori del Legno in visita di Citt\u00e0 Alta"}]},{"@type":"WebSite","@id":"https:\/\/www.abf.eu\/curno\/#website","url":"https:\/\/www.abf.eu\/curno\/","name":"Curno","description":"Ecco un altro sito Abf siti","potentialAction":[{"@type":"SearchAction","target":{"@type":"EntryPoint","urlTemplate":"https:\/\/www.abf.eu\/curno\/?s={search_term_string}"},"query-input":{"@type":"PropertyValueSpecification","valueRequired":true,"valueName":"search_term_string"}}],"inLanguage":"it-IT"},{"@type":"Person","@id":"https:\/\/www.abf.eu\/curno\/#\/schema\/person\/8a78d772811de95e251d66b4d5491f76","name":"danilocaccia","image":{"@type":"ImageObject","inLanguage":"it-IT","@id":"https:\/\/www.abf.eu\/curno\/#\/schema\/person\/image\/","url":"https:\/\/secure.gravatar.com\/avatar\/d87f496e2092d70f0bc729633c0c70a56c54c4f8ce3eefdacc36b91c04c2e1c0?s=96&d=mm&r=g","contentUrl":"https:\/\/secure.gravatar.com\/avatar\/d87f496e2092d70f0bc729633c0c70a56c54c4f8ce3eefdacc36b91c04c2e1c0?s=96&d=mm&r=g","caption":"danilocaccia"},"sameAs":["https:\/\/www.linkedin.com\/in\/danilocaccia\/"],"url":"https:\/\/www.abf.eu\/curno\/author\/danilocaccia\/"}]}},"_links":{"self":[{"href":"https:\/\/www.abf.eu\/curno\/wp-json\/wp\/v2\/posts\/15853","targetHints":{"allow":["GET"]}}],"collection":[{"href":"https:\/\/www.abf.eu\/curno\/wp-json\/wp\/v2\/posts"}],"about":[{"href":"https:\/\/www.abf.eu\/curno\/wp-json\/wp\/v2\/types\/post"}],"author":[{"embeddable":true,"href":"https:\/\/www.abf.eu\/curno\/wp-json\/wp\/v2\/users\/31"}],"replies":[{"embeddable":true,"href":"https:\/\/www.abf.eu\/curno\/wp-json\/wp\/v2\/comments?post=15853"}],"version-history":[{"count":8,"href":"https:\/\/www.abf.eu\/curno\/wp-json\/wp\/v2\/posts\/15853\/revisions"}],"predecessor-version":[{"id":15878,"href":"https:\/\/www.abf.eu\/curno\/wp-json\/wp\/v2\/posts\/15853\/revisions\/15878"}],"wp:featuredmedia":[{"embeddable":true,"href":"https:\/\/www.abf.eu\/curno\/wp-json\/wp\/v2\/media\/15854"}],"wp:attachment":[{"href":"https:\/\/www.abf.eu\/curno\/wp-json\/wp\/v2\/media?parent=15853"}],"wp:term":[{"taxonomy":"category","embeddable":true,"href":"https:\/\/www.abf.eu\/curno\/wp-json\/wp\/v2\/categories?post=15853"},{"taxonomy":"post_tag","embeddable":true,"href":"https:\/\/www.abf.eu\/curno\/wp-json\/wp\/v2\/tags?post=15853"}],"curies":[{"name":"wp","href":"https:\/\/api.w.org\/{rel}","templated":true}]}}